{"id":18302,"date":"2021-04-23T08:53:26","date_gmt":"2021-04-23T13:53:26","guid":{"rendered":"http:\/\/www.javeriana.edu.co\/pesquisa\/?p=18302"},"modified":"2022-06-21T17:27:45","modified_gmt":"2022-06-21T22:27:45","slug":"durante-la-pandemia-las-mujeres-quedaron-encerradas-con-sus-agresores-linda-cabrera","status":"publish","type":"post","link":"http:\/\/www.javeriana.edu.co\/pesquisa\/durante-la-pandemia-las-mujeres-quedaron-encerradas-con-sus-agresores-linda-cabrera\/","title":{"rendered":"\u201cDurante la pandemia las mujeres quedaron encerradas con sus agresores\u201d, Linda Cabrera"},"content":{"rendered":"<p class=\"p1\"><span class=\"s1\">La emergencia sanitaria generada por la Covid-19 ha impactado a diferentes sectores de la sociedad de manera indiscriminada, pero no al mismo nivel. La Oficina del Alto Comisionado de las Naciones Unidas para los Derechos Humanos (<a href=\"https:\/\/www.hchr.org.co\/documentoseinformes\/informes\/altocomisionado\/HRC46-Informe-anual-2020_traduccion-no-oficial.pdf\" target=\"_blank\" rel=\"noopener\"><span class=\"s2\">ACNUDH<\/span><\/a>) revela que ciertos grupos sociales que ya se encontraban en condiciones de vulnerabilidad, como el de las mujeres, se han afectado m\u00e1s, agudizando las desigualdades sociales y de g\u00e9nero.<\/span><\/p>\n<p class=\"p1\"><span class=\"s1\">Con la intenci\u00f3n de comprender esta problem\u00e1tica, en el marco del conversatorio <i>Violencia contra las mujeres en Colombia, emergencia nacional, <\/i>el<a href=\"https:\/\/www.javeriana.edu.co\/ins-salud-publica\" target=\"_blank\" rel=\"noopener\"><span class=\"s2\"> Instituto de Salud P\u00fablica de la Pontificia Universidad Javeriana<\/span><\/a><i> <\/i>habl\u00f3 con Linda Cabrera, directora de la Corporaci\u00f3n Sisma Mujer, Adriana Benjumea R\u00faa, directora de la Corporaci\u00f3n Humanas Colombia; y Alejandra Coll, integrante del grupo de trabajo en g\u00e9nero de la Comisi\u00f3n de esclarecimiento de la verdad. Las tres son abogadas, feministas, promotoras y defensoras de los derechos humanos de las mujeres.<\/span><\/p>\n<h2 class=\"p1\"><span class=\"s1\"><b>La Covid-19 pone la lupa a la dif\u00edcil situaci\u00f3n de las mujeres en Colombia<\/b><\/span><\/h2>\n<p class=\"p1\"><span class=\"s1\">En t\u00e9rminos de g\u00e9nero, las desigualdades han quedado en evidencia durante la pandemia, por ejemplo, con el incremento de la tasa de desempleo del pa\u00eds, especialmente en mujeres.<\/span><\/p>\n<p class=\"p1\"><span class=\"s1\">Seg\u00fan cifras del Departamento Administrativo Nacional de Estad\u00edstica (<a href=\"https:\/\/www.dane.gov.co\/files\/investigaciones\/boletines\/ech\/ech\/bol_empleo_nov_20.pdf\" target=\"_blank\" rel=\"noopener\"><span class=\"s2\">DANE<\/span><\/a>), el desempleo de los hombres para el periodo de septiembre a noviembre del 2020 fue de 10,9 % frente a 19,6 % para las mujeres. Durante este mismo trimestre del 2019 las tasas hab\u00edan sido de 7,6 % y 12,6 %, respectivamente. No solo creci\u00f3 el desempleo en general, sino que el mayor impacto ocurri\u00f3 en la poblaci\u00f3n femenina.<\/span><\/p>\n<p class=\"p1\"><span class=\"s1\">Sin embargo, esto no significa que las mujeres est\u00e9n desocupadas; la realidad es que ellas siguen trabajando, es decir, \u201cest\u00e1n sin trabajo en t\u00e9rminos de que no son remuneradas, pero se encuentran d\u00eda a d\u00eda ejerciendo labores de cuidado (acompa\u00f1amiento a los ni\u00f1os en el aprendizaje desde casa; cuidado de los ni\u00f1os, adultos mayores; tareas dom\u00e9sticas; entre otras). Entonces, la llamada econom\u00eda del cuidado es una explosi\u00f3n, estamos produciendo y trabajando m\u00e1s, pero sin recibir un reconocimiento econ\u00f3mico por esto\u201d, asegur\u00f3 Linda Cabrera, de la Corporaci\u00f3n Sisma Mujer, durante el di\u00e1logo.<\/span><\/p>\n<p class=\"p1\"><span class=\"s1\">Ahora bien, los sectores generalmente feminizados han sido los m\u00e1s golpeados, explica Cabrera, trabajos como los hoteleros, dom\u00e9sticos y restaurantes, son algunos de los m\u00e1s f\u00e1ciles de suspender debido a las restricciones, lo que adem\u00e1s implica que m\u00e1s mujeres no puedan pagar y acceder a los servicios de salud. A esto se adhiere otro efecto secundario de quedarse sin trabajo: la falta de independencia econ\u00f3mica. <\/span><\/p>\n<p class=\"p1\"><span class=\"s1\">\u201cPerder el empleo, para nosotras y a diferencia de los hombres, no solo significa pasarla mal, sino que para una mujer es un riesgo inminente de violencia contra ella y sus hijos e hijas, porque pasa a depender econ\u00f3micamente de alguien y es aqu\u00ed cuando se activan relaciones de poder que terminan escalando a escenarios de agresi\u00f3n, maltrato y las diferentes formas de violencia\u201d, describi\u00f3 Cabrera.<\/span><\/p>\n<h3 class=\"p1\"><span class=\"s1\"><b>Un problema de cifras<\/b><\/span><\/h3>\n<p class=\"p1\"><span class=\"s1\">En el informe de la Situaci\u00f3n de los derechos humanos en Colombia, la <a href=\"https:\/\/www.hchr.org.co\/documentoseinformes\/informes\/altocomisionado\/HRC46-Informe-anual-2020_traduccion-no-oficial.pdf\" target=\"_blank\" rel=\"noopener\"><span class=\"s2\">ACNUDH<\/span><\/a> explica que aunque los registros de los hechos violentos hacia la mujer demuestran un considerable descenso, esto no se debe precisamente a la disminuci\u00f3n de dichas pr\u00e1cticas, sino a las limitaciones para acceder a servicios de denuncia durante la crisis sanitaria.<\/span><\/p>\n<p class=\"p1\"><span class=\"s1\">El sistema para denunciar presenta falta de recursos tecnol\u00f3gicos para la atenci\u00f3n virtual en Comisar\u00edas de Familia, colapsan las l\u00edneas telef\u00f3nicas de atenci\u00f3n y no hay facilidades de acceso a las valoraciones m\u00e9dico legales. Tambi\u00e9n hay ausencia de cupos en las casas de refugio e insuficiente n\u00famero de estas casas especializadas para acoger a las mujeres v\u00edctimas.<\/span><\/p>\n<p class=\"p1\"><span class=\"s1\">Lo anterior podr\u00eda explicar la discordancia que hay entre unas cifras y otras, pues durante la pandemia no hay un consolidado certero de la totalidad de casos reportados. Linda Cabrera explic\u00f3 que la institucionalidad ordinaria, encargada de notificar la denuncia de estos casos de forma oficial, como la Fiscal\u00eda o Medicina Legal, reporta una disminuci\u00f3n de los casos.<\/span><\/p>\n<p class=\"p1\"><span class=\"s1\">Pero para otras instituciones dedicadas a cubrir g\u00e9nero como Sisma Mujer, estos n\u00fameros no coinciden con la realidad. En sus reportes indican que l\u00edneas de atenci\u00f3n y orientaci\u00f3n para <a href=\"http:\/\/www.javeriana.edu.co\/pesquisa\/tag\/violencia-intrafamiliar\/\"><span class=\"s3\">mujeres v\u00edctimas de violencia<\/span><\/a> como la P\u00farpura y la 155, entre otras, registran un<span class=\"Apple-converted-space\">\u00a0 <\/span>incremento del 96,74 % de las llamadas por violencia intrafamiliar en comparaci\u00f3n al 2019,<span class=\"Apple-converted-space\">\u00a0 <\/span>pasando de 12.543 casos (marzo del 2019 al 18 de febrero del 2020), a 24.677 en los mismos once meses del 2020 al 2021.<\/span><\/p>\n<p class=\"p1\"><span class=\"s1\">Por su parte, Alejandra Coll, de la Comisi\u00f3n de esclarecimiento de la verdad, coment\u00f3 en el evento que, por ejemplo, seg\u00fan disposiciones estatales, todos los municipios deber\u00edan tener una casa refugio para atender y acompa\u00f1ar estos casos; sin embargo, de los 1.103 municipios que hacen parte del territorio nacional, son cerca de ocho los que cuentan con estas casas y otros diez tienen convenios con hoteles. Con eso se infringe uno de los preceptos de la<a href=\"https:\/\/www.oas.org\/dil\/esp\/LEY_1257_DE_2008_Colombia.pdf\" target=\"_blank\" rel=\"noopener\"><span class=\"s2\"> Ley 1257 del 2008<\/span><\/a>, por la cual se dictan normas de sensibilizaci\u00f3n, prevenci\u00f3n y sanci\u00f3n de formas de violencia y discriminaci\u00f3n contra las mujeres.<\/span><\/p>\n<p class=\"p1\"><span class=\"s1\">Las abogadas coincidieron en que en el marco de la pandemia uno de los grandes errores fue no prever medidas diferenciales: \u201clas mujeres se quedaron encerradas con sus agresores sin poder denunciar, llamar, sin saber cu\u00e1les eran los n\u00fameros a los que pod\u00edan recurrir, o sin tener acceso a una de estas casas a pedir ayuda. Sin embargo, las instituciones dedicadas a apoyar a las mujeres y las entidades feministas hicieron lo posible por acompa\u00f1ar\u201d, dice la directora de Sisma Mujer.<\/span><\/p>\n<p class=\"p1\"><span class=\"s1\">Ante las distintas problem\u00e1ticas aqu\u00ed mencionadas, para las expertas lo que hizo la pandemia fue visibilizar y poner la lupa a aquello que por a\u00f1os permaneci\u00f3 oculto. <\/span><\/p>\n<h3 class=\"p1\"><span class=\"s1\"><b>Qu\u00e9 acciones implementar para combatir la pandemia que ataca a las mujeres<\/b><\/span><\/h3>\n<p class=\"p2\"><span class=\"s1\">La invitaci\u00f3n de Adriana Benjumea R\u00faa, directora de la Corporaci\u00f3n Humanas Colombia, fue a cuestionar la estructura de la sociedad, sus relaciones de poder y la participaci\u00f3n pol\u00edtica de la mujer. <\/span><\/p>\n<p class=\"p2\"><span class=\"s1\">En esto coincidi\u00f3 la abogada Cabrera, quien dice que \u201clas respuestas no funcionan porque las normas las siguen dictando los hombres, porque los puestos del poder p\u00fablico los siguen ocupando ellos, la distribuci\u00f3n del poder est\u00e1 mal y mientras esto siga as\u00ed ser\u00e1 dif\u00edcil alcanzar un gran cambio\u201d, y a\u00f1adi\u00f3 que no se trata de excluir a los hombres sino de tener una igualdad de condiciones y de participaci\u00f3n pol\u00edtica para construir una mejor sociedad.<\/span><\/p>\n<p class=\"p2\"><span class=\"s1\">Durante el conversatorio las expertas llegaron a la conclusi\u00f3n de que parte de la soluci\u00f3n implica un gran cambio social. Este no es un problema solo de las feministas, dijo Benjumea: \u201cpara avanzar en la erradicaci\u00f3n de las violencias contra las mujeres, el pa\u00eds y el mundo deben participar en la transformaci\u00f3n\u201d. <\/span><\/p>\n<p class=\"p2\"><span class=\"s1\">Al respecto, la directora de Sisma Mujer enfatiz\u00f3: \u201ces necesario que el Estado empiece a trabajar de manera decidida en el tema de la cultura ciudadana, por ejemplo, desde la primera infancia en los sistemas educativos, en los cuales se pueda abordar el tema de la no violencia hacia las mujeres. Hay que generar cambios sociales que implican redise\u00f1os en el sistema educativo, en las pol\u00edticas ciudadanas, de vigilancia, castigos efectivos y no impunidad, entre otros; mientras esto siga siendo as\u00ed no habr\u00e1 motivaci\u00f3n para que los agresores dejen de cometer pr\u00e1cticas de violencia contra la mujer\u201d.<\/span><\/p>\n","protected":false},"excerpt":{"rendered":"<p>El incremento de las tasas de violencia de g\u00e9nero en tiempos de pandemia es una enfermedad que se suma a la Covid-19. Abogadas feministas hacen un llamado para combatirla de forma inminente.<\/p>\n","protected":false},"author":27,"featured_media":18303,"comment_status":"open","ping_status":"open","sticky":false,"template":"","format":"standard","meta":{"footnotes":""},"categories":[2491,3690,3692,374,373],"tags":[789,2224,1191,1065,2207,1232,605,2495,2676,2311],"class_list":{"0":"post-18302","1":"post","2":"type-post","3":"status-publish","4":"format-standard","5":"has-post-thumbnail","7":"category-covid-19","8":"category-genero","9":"category-paz-y-conflicto","10":"category-salud","11":"category-sociedad","12":"tag-agresion","13":"tag-covid-19","14":"tag-feminismo","15":"tag-mujer","16":"tag-pandemia","17":"tag-pareja","18":"tag-violencia","19":"tag-violencia-de-genero","20":"tag-violencia-de-pareja","21":"tag-violencia-intrafamiliar"},"_links":{"self":[{"href":"http:\/\/www.javeriana.edu.co\/pesquisa\/wp-json\/wp\/v2\/posts\/18302","targetHints":{"allow":["GET"]}}],"collection":[{"href":"http:\/\/www.javeriana.edu.co\/pesquisa\/wp-json\/wp\/v2\/posts"}],"about":[{"href":"http:\/\/www.javeriana.edu.co\/pesquisa\/wp-json\/wp\/v2\/types\/post"}],"author":[{"embeddable":true,"href":"http:\/\/www.javeriana.edu.co\/pesquisa\/wp-json\/wp\/v2\/users\/27"}],"replies":[{"embeddable":true,"href":"http:\/\/www.javeriana.edu.co\/pesquisa\/wp-json\/wp\/v2\/comments?post=18302"}],"version-history":[{"count":2,"href":"http:\/\/www.javeriana.edu.co\/pesquisa\/wp-json\/wp\/v2\/posts\/18302\/revisions"}],"predecessor-version":[{"id":18305,"href":"http:\/\/www.javeriana.edu.co\/pesquisa\/wp-json\/wp\/v2\/posts\/18302\/revisions\/18305"}],"wp:featuredmedia":[{"embeddable":true,"href":"http:\/\/www.javeriana.edu.co\/pesquisa\/wp-json\/wp\/v2\/media\/18303"}],"wp:attachment":[{"href":"http:\/\/www.javeriana.edu.co\/pesquisa\/wp-json\/wp\/v2\/media?parent=18302"}],"wp:term":[{"taxonomy":"category","embeddable":true,"href":"http:\/\/www.javeriana.edu.co\/pesquisa\/wp-json\/wp\/v2\/categories?post=18302"},{"taxonomy":"post_tag","embeddable":true,"href":"http:\/\/www.javeriana.edu.co\/pesquisa\/wp-json\/wp\/v2\/tags?post=18302"}],"curies":[{"name":"wp","href":"https:\/\/api.w.org\/{rel}","templated":true}]}}