{"id":18615,"date":"2021-05-06T16:02:29","date_gmt":"2021-05-06T21:02:29","guid":{"rendered":"http:\/\/www.javeriana.edu.co\/pesquisa\/?p=18615"},"modified":"2022-06-21T14:18:23","modified_gmt":"2022-06-21T19:18:23","slug":"mano-dura-equivocacion-grande-los-excesos-de-la-policia-y-por-que-ocurren","status":"publish","type":"post","link":"http:\/\/www.javeriana.edu.co\/pesquisa\/mano-dura-equivocacion-grande-los-excesos-de-la-policia-y-por-que-ocurren\/","title":{"rendered":"Mano dura, \u00bfequivocaci\u00f3n grande? Los excesos de la polic\u00eda y por qu\u00e9 ocurren"},"content":{"rendered":"<p>La propuesta del gobierno de Iv\u00e1n Duque que buscaba hacer una reforma tributaria en medio de la pandemia gener\u00f3 una respuesta social que hace mucho no se ve\u00eda en el pa\u00eds. Miles de personas se volcaron a las calles de ciudades y pueblos a manifestarse en contra de la propuesta que pretend\u00eda generar una carga impositiva adicional a los colombianos. En algunas capitales se presentaron desmanes que llevaron a enfrentamientos con la fuerza p\u00fablica.<\/p>\n<p>A partir de all\u00ed y durante varios d\u00edas, la violencia en las confrontaciones ha ido escalando. No fue suficiente que el gobierno retirara del Congreso el proyecto de reforma tributaria, pues las manifestaciones continuaron exponiendo inconformidades sociales por la nueva reforma a la salud, la pobreza y desigualdad que crecieron seg\u00fan el \u00faltimo informe del <a href=\"https:\/\/www.dane.gov.co\/index.php\/estadisticas-por-tema\/pobreza-y-condiciones-de-vida\/pobreza-y-desigualdad\" target=\"_blank\" rel=\"noopener\">DANE<\/a>, entre otros.<\/p>\n<p>Seg\u00fan la Defensor\u00eda del Pueblo, hasta el 4 de mayo se registraban 24 muertos, once por presunta responsabilidad de la Polic\u00eda Nacional, once con responsable desconocido y dos m\u00e1s que relacionan en su informe como \u201cdesconocido\u201d o \u201cno aplica\u201d. La mayor\u00eda de los casos fueron registrados en el departamento del Valle del Cauca.<\/p>\n<blockquote class=\"twitter-tweet\">\n<p dir=\"ltr\" lang=\"es\">Seguimos registrando con much\u00edsima preocupaci\u00f3n el incremento de la violencia por parte de la fuerza p\u00fablica en el marco de las movilizaciones sociales en Colombia. <a href=\"https:\/\/t.co\/RWgr4cNdFt\">pic.twitter.com\/RWgr4cNdFt<\/a><\/p>\n<p>\u2014 Temblores ONG ? (@TembloresOng) <a href=\"https:\/\/twitter.com\/TembloresOng\/status\/1390051178491355137?ref_src=twsrc%5Etfw\" target=\"_blank\" rel=\"noopener\">May 5, 2021<\/a><\/p><\/blockquote>\n<p><script src=\"https:\/\/platform.twitter.com\/widgets.js\" async=\"\" charset=\"utf-8\"><\/script><\/p>\n<p>Por su parte, la ONG Temblores registra 1181 casos de violencia policial, 92 v\u00edctimas de abuso de fuerza, cuatro v\u00edctimas de agresi\u00f3n sexual, 672 detenciones arbitrarias y 12 v\u00edctimas de lesiones en los ojos. Todo esto, durante los primeros cinco d\u00edas de protestas.<\/p>\n<p>Estas agresiones por parte de la fuerza p\u00fablica han sido rechazadas por la ciudadan\u00eda colombiana y tambi\u00e9n por la comunidad internacional. \u201cRecordamos a las autoridades del Estado su responsabilidad de proteger los derechos humanos, incluido el derecho a la vida y a la seguridad personal\u201d, manifest\u00f3 Juliette de Rivero, alta comisionada de la ONU para los derechos humanos en Colombia, quien adem\u00e1s denunci\u00f3 que su comisi\u00f3n fue atacada por la Polic\u00eda mientras investigaban las protestas en Cali.<\/p>\n<blockquote class=\"twitter-tweet\"><p><a href=\"https:\/\/twitter.com\/hashtag\/Hilp?src=hash&amp;ref_src=twsrc%5Etfw\" target=\"_blank\" rel=\"noopener\">#Hilp<\/a> Mientras d\u00e1bamos seguimiento a situaci\u00f3n de <a href=\"https:\/\/twitter.com\/hashtag\/DDHH?src=hash&amp;ref_src=twsrc%5Etfw\" target=\"_blank\" rel=\"noopener\">#DDHH<\/a> <a href=\"https:\/\/twitter.com\/hashtag\/Cali?src=hash&amp;ref_src=twsrc%5Etfw\" target=\"_blank\" rel=\"noopener\">#Cali<\/a> no hubo disparos directos contra equipo ONU Derechos Humanos. Sin embargo, otros miembros de la comisi\u00f3n recibieron amenazas y agresiones, as\u00ed como disparos por parte de la polic\u00eda, sin que nadie resultara impactado<\/p>\n<p>\u2014 ONU Derechos Humanos Colombia (@ONUHumanRights) <a href=\"https:\/\/twitter.com\/ONUHumanRights\/status\/1389442909020332032?ref_src=twsrc%5Etfw\" target=\"_blank\" rel=\"noopener\">May 4, 2021<\/a><\/p><\/blockquote>\n<p><script src=\"https:\/\/platform.twitter.com\/widgets.js\" async=\"\" charset=\"utf-8\"><\/script><br \/>\nAdem\u00e1s, la Uni\u00f3n Europea conden\u00f3 la violencia y pidi\u00f3 a las fuerzas de seguridad evitar la mano dura a trav\u00e9s de su portavoz del Servicio Europeo de Acci\u00f3n Exterior, Peter Stano. Desde el Departamento de Estado y la C\u00e1mara de Representantes de los Estados Unidos, tambi\u00e9n rechazaron la violencia contra los manifestantes.<br \/>\n<iframe id=\"videoplayer\" title=\" Midday press briefing from 04\/05\/2021\" src=\"https:\/\/audiovisual.ec.europa.eu\/embed\/index.html?ref=I-205302&amp;lg=INT\" width=\"640\" height=\"360\" frameborder=\"0\" scrolling=\"no\" allowfullscreen=\"allowfullscreen\"><\/iframe><\/p>\n<p>Por otro lado, se han prendido las alarmas por la decisi\u00f3n presidencial de enviar al Ej\u00e9rcito Nacional a acompa\u00f1ar a la Polic\u00eda en la atenci\u00f3n de las protestas, pues se intensificar\u00edan las tensiones. Pero, \u00bfc\u00f3mo se podr\u00eda explicar este accionar estatal frente a las manifestaciones?<\/p>\n<p>Para Luis Felipe Vega, profesor del Departamento de Ciencia Pol\u00edtica de la Pontificia Universidad Javeriana y experto en temas de defensa, \u201cse acaba de demostrar que es una Polic\u00eda que le falta capacitaci\u00f3n, mando, organizaci\u00f3n y estructuraci\u00f3n institucional interna\u201d. Explica tambi\u00e9n que dentro de la instituci\u00f3n no hay una profesionalizaci\u00f3n del manejo de los conflictos internos, por lo que luego de varios d\u00edas se pierde el control unificado.<\/p>\n<p>Vega asegura que la instituci\u00f3n tiene poca capacidad de aprendizaje de experiencias previas porque \u201cno ten\u00edan ni siquiera los planes alternativos de contingencia en casos como el incendio de Cais, situaci\u00f3n que ya hab\u00edan enfrentado el a\u00f1o anterior\u201d.<\/p>\n<p>Adem\u00e1s, se\u00f1ala que es evidente la improvisaci\u00f3n, como en el caso del aterrizaje de un helic\u00f3ptero en el colegio Claretiano de Bosa para poder mover y sacar polic\u00edas y munici\u00f3n, por lo que insiste en que es necesaria una reforma para profesionalizar a la Polic\u00eda.<\/p>\n<p>Argumenta tambi\u00e9n que la falta de experiencia y experticia del ministro Diego Molano en temas de defensa desempe\u00f1an un papel importante en estos hechos, pues repercute la falta de reconocimiento dentro del mando de la fuerza p\u00fablica. \u201cEl ministro tiene seis generales en Cali y no ha podido resolver la situaci\u00f3n de seguridad y convivencia interna\u201d, manifiesta.<\/p>\n<figure id=\"attachment_18622\" aria-describedby=\"caption-attachment-18622\" style=\"width: 1280px\" class=\"wp-caption aligncenter\"><img fetchpriority=\"high\" decoding=\"async\" class=\"wp-image-18622 size-full\" src=\"http:\/\/www.javeriana.edu.co\/pesquisa\/wp-content\/uploads\/2021\/05\/brutalidad_policial.jpg\" alt=\"Brutalidad policial en Colombia\" width=\"1280\" height=\"671\" srcset=\"http:\/\/www.javeriana.edu.co\/pesquisa\/wp-content\/uploads\/2021\/05\/brutalidad_policial.jpg 1280w, http:\/\/www.javeriana.edu.co\/pesquisa\/wp-content\/uploads\/2021\/05\/brutalidad_policial-300x157.jpg 300w, http:\/\/www.javeriana.edu.co\/pesquisa\/wp-content\/uploads\/2021\/05\/brutalidad_policial-1024x537.jpg 1024w, http:\/\/www.javeriana.edu.co\/pesquisa\/wp-content\/uploads\/2021\/05\/brutalidad_policial-150x79.jpg 150w, http:\/\/www.javeriana.edu.co\/pesquisa\/wp-content\/uploads\/2021\/05\/brutalidad_policial-450x236.jpg 450w, http:\/\/www.javeriana.edu.co\/pesquisa\/wp-content\/uploads\/2021\/05\/brutalidad_policial-1200x629.jpg 1200w, http:\/\/www.javeriana.edu.co\/pesquisa\/wp-content\/uploads\/2021\/05\/brutalidad_policial-768x403.jpg 768w\" sizes=\"(max-width: 1280px) 100vw, 1280px\" \/><figcaption id=\"caption-attachment-18622\" class=\"wp-caption-text\">Fotograf\u00eda: Juancho Torres &#8211; Agencia Anadolu<\/figcaption><\/figure>\n<h3>\u00bfEstrategias del siglo pasado?<\/h3>\n<p>Vega cuestiona la decisi\u00f3n presidencial de habilitar al Ej\u00e9rcito como acompa\u00f1ante para enfrentar las protestas, pues para \u00e9l \u201ces apagar el incendio ech\u00e1ndole gasolina. Es el escenario que siguen visualizando desde un gobierno muy t\u00e9cnico, pero poco pol\u00edtico. Contin\u00faan subestimando la capacidad que tienen los grupos organizados de campesinos ind\u00edgenas, afrodescendientes, mujeres y estudiantes para movilizar personas\u201d.<\/p>\n<p>Para el profesor, se siguen inculcando en la formaci\u00f3n de la fuerza p\u00fablica los modelos de la guerra fr\u00eda. \u201cTienen una estructura en la cual esas movilizaciones son, para ellos, el enemigo interno, y est\u00e1n buscando qui\u00e9n est\u00e1 detr\u00e1s, qui\u00e9nes son los determinadores de que la gente salga a marchar, desconociendo las capacidades organizativas de los movimientos sociales\u201d.<\/p>\n<p>Expone que dichos modelos funcionaron en pol\u00edticas como el estatuto de seguridad del expresidente Julio C\u00e9sar Turbay (1978-1982) porque se hac\u00eda oculto. Hoy en d\u00eda, con las redes sociales es mucho m\u00e1s f\u00e1cil visibilizar estas situaciones, por lo cual, mucha m\u00e1s gente est\u00e1 pendiente y haciendo seguimiento al actuar de la fuerza p\u00fablica.<\/p>\n<p>En esto coincide tambi\u00e9n Christian Fajardo, profesor del Departamento de Ciencia Pol\u00edtica de la PUJ y coordinador del semillero Teor\u00edas Pol\u00edticas Cr\u00edticas, quien hace su an\u00e1lisis desde lo discursivo. Para \u00e9l, la ideolog\u00eda dominante se est\u00e1 desmoronando y esto es visible en la ruptura de dos discursos: uno que naturalizaba la desigualdad; y el otro que cohesiona a la sociedad en torno a un enemigo interno.<\/p>\n<p>As\u00ed entonces, las personas que sufren la aprensi\u00f3n social ya no se resignan a vivir as\u00ed y buscan mejorar su calidad de vida. Y por otra parte la doctrina del enemigo, ya no funciona igual que hace unos a\u00f1os. \u201cEsos discursos han perdido eficacia y lo demuestran los hechos. Hace unos 15 a\u00f1os decir que hay infiltrados en las manifestaciones y grupos armados de izquierda luchando contra el status quo ten\u00edan cierta eficacia, pero hoy no tienen efecto en la opini\u00f3n p\u00fablica\u201d, dice.<\/p>\n<figure id=\"attachment_18623\" aria-describedby=\"caption-attachment-18623\" style=\"width: 1280px\" class=\"wp-caption aligncenter\"><img decoding=\"async\" class=\"wp-image-18623 size-full\" src=\"http:\/\/www.javeriana.edu.co\/pesquisa\/wp-content\/uploads\/2021\/05\/brutalidad_policial_colombia.jpg\" alt=\"Brutalidad policial en Colombia\" width=\"1280\" height=\"853\" srcset=\"http:\/\/www.javeriana.edu.co\/pesquisa\/wp-content\/uploads\/2021\/05\/brutalidad_policial_colombia.jpg 1280w, http:\/\/www.javeriana.edu.co\/pesquisa\/wp-content\/uploads\/2021\/05\/brutalidad_policial_colombia-300x200.jpg 300w, http:\/\/www.javeriana.edu.co\/pesquisa\/wp-content\/uploads\/2021\/05\/brutalidad_policial_colombia-1024x682.jpg 1024w, http:\/\/www.javeriana.edu.co\/pesquisa\/wp-content\/uploads\/2021\/05\/brutalidad_policial_colombia-150x100.jpg 150w, http:\/\/www.javeriana.edu.co\/pesquisa\/wp-content\/uploads\/2021\/05\/brutalidad_policial_colombia-450x300.jpg 450w, http:\/\/www.javeriana.edu.co\/pesquisa\/wp-content\/uploads\/2021\/05\/brutalidad_policial_colombia-1200x800.jpg 1200w, http:\/\/www.javeriana.edu.co\/pesquisa\/wp-content\/uploads\/2021\/05\/brutalidad_policial_colombia-768x512.jpg 768w, http:\/\/www.javeriana.edu.co\/pesquisa\/wp-content\/uploads\/2021\/05\/brutalidad_policial_colombia-600x400.jpg 600w, http:\/\/www.javeriana.edu.co\/pesquisa\/wp-content\/uploads\/2021\/05\/brutalidad_policial_colombia-272x182.jpg 272w\" sizes=\"(max-width: 1280px) 100vw, 1280px\" \/><figcaption id=\"caption-attachment-18623\" class=\"wp-caption-text\">Fotograf\u00eda: Juancho Torres &#8211; Agencia Anadolu<\/figcaption><\/figure>\n<p>Este hecho le resulta definitivo para entender la coyuntura actual, pues cuando se caen los discursos dominantes, como los dos ya mencionados, al Estado no le queda otra cosa sino reprimir con el uso de la fuerza.<\/p>\n<p>\u201cEs una decisi\u00f3n totalmente equivocada porque entre m\u00e1s se reprima una protesta social que tiene argumentos s\u00f3lidos, se acrecentar\u00e1 la indignaci\u00f3n popular y esto a su vez provocar\u00e1 una reacci\u00f3n cada vez m\u00e1s violenta de las fuerzas del orden\u201d, opina.<\/p>\n<p>Otro punto que le resulta problem\u00e1tico es que la Polic\u00eda est\u00e9 adscrita al Ministerio de Defensa, igual que el Ej\u00e9rcito. \u201cDeber\u00eda ser un organismo c\u00edvico que en gran medida est\u00e9 desarmada o con armas de letalidad reducida: y como en otros pa\u00edses democr\u00e1ticos, deber\u00eda estar inscrito en otros ministerios, por ejemplo el del Interior\u201d. Tambi\u00e9n explica que, ante un exceso de un polic\u00eda, por su fuero militar, es juzgado como si fuera un militar en guerra.<\/p>\n<h3>\u00bfY ahora?<\/h3>\n<p>Luego de todo lo sucedido, surgen interrogantes sobre hacia d\u00f3nde deber\u00eda dirigir el gobierno el manejo de las protestas. Ambos docentes coinciden en que la mejor salida ser\u00e1 un di\u00e1logo social que permita encontrar propuestas que representen a la mayor cantidad de personas posible.<\/p>\n<p>\u201cCreo que la \u00fanica soluci\u00f3n es que el gobierno desista de su af\u00e1n de decir que es quien tiene la autoridad y caer en la cuenta de que la soberan\u00eda, en \u00faltimas, recae sobre los ciudadanos reales\u201d, afirma Christian Fajardo.<\/p>\n<p>Sin embargo, para Vega, dicho di\u00e1logo cambiar\u00e1 en sus condiciones. \u201cUn escenario de concertaci\u00f3n nacional que ya no va a ser con los l\u00edderes de los partidos. Los l\u00edderes sociales van a replantear la agenda pol\u00edtica del gobierno porque ya saben que pueden gobernar desde las calles\u201d, asegura.<\/p>\n<p>Para ambos expertos, la opci\u00f3n de declarar un estado de conmoci\u00f3n interior-una iniciativa que ha surgido desde las filas del uribismo- es el peor de los escenarios, pues cerrar\u00eda cualquier opci\u00f3n de conversar con los diferentes sectores sociales y acelerar\u00eda los procesos de violencia urbana. Por lo que finalizan haciendo un llamado al gobierno para que permita un di\u00e1logo intersectorial para buscar alternativas negociadas.<\/p>\n","protected":false},"excerpt":{"rendered":"<p>La violenta arremetida de la Polic\u00eda contra los manifestantes en los \u00faltimos d\u00edas ha puesto los ojos del mundo sobre Colombia. Dos profesores javerianos analizan por qu\u00e9 ocurre esto y c\u00f3mo evitarlo en el marco del paro nacional.<\/p>\n","protected":false},"author":26,"featured_media":21410,"comment_status":"open","ping_status":"open","sticky":false,"template":"","format":"standard","meta":{"footnotes":""},"categories":[373,127,3692],"tags":[2748,501,2730,2724,2723,2725,2718,2729,2749,2728],"class_list":{"0":"post-18615","1":"post","2":"type-post","3":"status-publish","4":"format-standard","5":"has-post-thumbnail","7":"category-sociedad","8":"category-innovacion","9":"category-paz-y-conflicto","10":"tag-brutalidad-policial","11":"tag-derechos-humanos","12":"tag-ejercito","13":"tag-esmad","14":"tag-paro-nacional","15":"tag-policia","16":"tag-protestas-en-colombia","17":"tag-reformar-la-policia","18":"tag-soscolombia","19":"tag-temblores"},"_links":{"self":[{"href":"http:\/\/www.javeriana.edu.co\/pesquisa\/wp-json\/wp\/v2\/posts\/18615","targetHints":{"allow":["GET"]}}],"collection":[{"href":"http:\/\/www.javeriana.edu.co\/pesquisa\/wp-json\/wp\/v2\/posts"}],"about":[{"href":"http:\/\/www.javeriana.edu.co\/pesquisa\/wp-json\/wp\/v2\/types\/post"}],"author":[{"embeddable":true,"href":"http:\/\/www.javeriana.edu.co\/pesquisa\/wp-json\/wp\/v2\/users\/26"}],"replies":[{"embeddable":true,"href":"http:\/\/www.javeriana.edu.co\/pesquisa\/wp-json\/wp\/v2\/comments?post=18615"}],"version-history":[{"count":7,"href":"http:\/\/www.javeriana.edu.co\/pesquisa\/wp-json\/wp\/v2\/posts\/18615\/revisions"}],"predecessor-version":[{"id":25977,"href":"http:\/\/www.javeriana.edu.co\/pesquisa\/wp-json\/wp\/v2\/posts\/18615\/revisions\/25977"}],"wp:featuredmedia":[{"embeddable":true,"href":"http:\/\/www.javeriana.edu.co\/pesquisa\/wp-json\/wp\/v2\/media\/21410"}],"wp:attachment":[{"href":"http:\/\/www.javeriana.edu.co\/pesquisa\/wp-json\/wp\/v2\/media?parent=18615"}],"wp:term":[{"taxonomy":"category","embeddable":true,"href":"http:\/\/www.javeriana.edu.co\/pesquisa\/wp-json\/wp\/v2\/categories?post=18615"},{"taxonomy":"post_tag","embeddable":true,"href":"http:\/\/www.javeriana.edu.co\/pesquisa\/wp-json\/wp\/v2\/tags?post=18615"}],"curies":[{"name":"wp","href":"https:\/\/api.w.org\/{rel}","templated":true}]}}