{"id":18709,"date":"2021-05-19T08:50:23","date_gmt":"2021-05-19T13:50:23","guid":{"rendered":"http:\/\/www.javeriana.edu.co\/pesquisa\/?p=18709"},"modified":"2022-05-12T19:11:23","modified_gmt":"2022-05-13T00:11:23","slug":"se-necesita-robustecer-el-personal-medico-para-mejorar-la-vacunacion","status":"publish","type":"post","link":"http:\/\/www.javeriana.edu.co\/pesquisa\/se-necesita-robustecer-el-personal-medico-para-mejorar-la-vacunacion\/","title":{"rendered":"Se necesita robustecer el personal m\u00e9dico para mejorar la vacunaci\u00f3n"},"content":{"rendered":"<p>Una falla en la manipulaci\u00f3n de la cadena de fr\u00edo, es decir, un error humano, gener\u00f3 la p\u00e9rdida de 7020 dosis de la vacuna de Pfizer en Cundinamarca el pasado 6 de mayo. Dos d\u00edas antes, durante el panel titulado Log\u00edstica para una adecuada vacunaci\u00f3n, organizado por la Pontificia Universidad Javeriana, expertos concluyeron que la falta de personal y su respectiva capacitaci\u00f3n es un factor que podr\u00eda demorar el proceso de vacunaci\u00f3n.<\/p>\n<p>En la \u00faltima conversaci\u00f3n del foro <a href=\"https:\/\/www.youtube.com\/watch?v=PqCIcJnPSKc\" target=\"_blank\" rel=\"noopener\">La vacunaci\u00f3n, un asunto de todos<\/a>, se analizaron los desaf\u00edos para convertir el Plan <a href=\"https:\/\/www.minsalud.gov.co\/salud\/publica\/Vacunacion\/Paginas\/MiVacuna.aspx\" target=\"_blank\" rel=\"noopener\">Nacional de Vacunaci\u00f3n <\/a>en un proceso masivo, seguro y sencillo en el que se tengan en cuenta los retos en la capacitaci\u00f3n del talento humano para hacer m\u00e1s eficiente el proceso que conlleve a la <a href=\"http:\/\/www.javeriana.edu.co\/pesquisa\/que-se-necesita-para-lograr-la-inmunidad-de-rebano-expertos-responden\/\">inmunidad de reba\u00f1o<\/a>.<\/p>\n<p>\u201cEl proceso de vacunaci\u00f3n es el pilar de la reactivaci\u00f3n econ\u00f3mica y por eso debemos entenderlo como el proyecto de pa\u00eds que tenemos a corto plazo\u201d, asegur\u00f3 Mauricio Serra, gerente ejecutivo de Compensar y uno de los panelistas invitados.<\/p>\n<h3>Log\u00edstica para las nuevas vacunas<\/h3>\n<p>La implementaci\u00f3n de la fase 1 de vacunaci\u00f3n estuvo dirigida a personas mayores de 80 a\u00f1os y al personal m\u00e9dico de primera l\u00ednea. Esta apuesta tuvo como objetivos reducir la mortalidad, disminuir la incidencia de casos graves y proteger el talento humano. Julio Castellanos, director del Hospital Universitario San Ignacio y panelista del foro, analiz\u00f3 los requerimientos en la log\u00edstica de esta primera fase.<\/p>\n<p>Primero se\u00f1al\u00f3 que el proceso estuvo determinado por el laboratorio que produce la vacuna. \u201cEn esta pandemia hubo un nuevo requerimiento para la vacunaci\u00f3n y fue la ultracongelaci\u00f3n del biol\u00f3gico a -70\u00b0, diferente a la refrigeraci\u00f3n normal de -20\u00b0\u201d. Esto implic\u00f3 la modificaci\u00f3n y ampliaci\u00f3n de la infraestructura para manejar los dos tipos de almacenamiento.<\/p>\n<p>De igual forma, el m\u00e9dico Castellanos resalt\u00f3 que fue necesario capacitar al talento humanopersonal para la manipulaci\u00f3n de estas nuevas vacunas durante los d\u00edas siguientes a su descongelaci\u00f3n, adem\u00e1s de su aplicaci\u00f3n en dosis \u00fanicas (monodosis) y en dos dosis (multidosis).<\/p>\n<p>Seg\u00fan el experto, debido a la velocidad en el desarrollo de las vacunas, se introdujo una \u00faltima etapa de seguimiento y control a efectos secundarios de las personas vacunadas. Esta exigencia involucr\u00f3 por primera vez realizar agendamientos en un plan de vacunaci\u00f3n masivo para evitar aglomeraciones.<\/p>\n<p><iframe title=\"YouTube video player\" src=\"https:\/\/www.youtube.com\/embed\/PqCIcJnPSKc\" width=\"560\" height=\"315\" frameborder=\"0\" allowfullscreen=\"allowfullscreen\"><\/iframe><\/p>\n<h3>Dificultades en la distribuci\u00f3n de las vacunas<\/h3>\n<p>De manera paralela a la log\u00edstica t\u00e9cnica condicionada por las casas farmac\u00e9uticas, Castellanos analiz\u00f3 otros elementos que tambi\u00e9n determinaron la lentitud en la velocidad de vacunaci\u00f3n.<\/p>\n<p>Los sistemas de vacunaci\u00f3n deben tener un sistema de registro. Para el caso colombiano, el Ministerio de Salud y Protecci\u00f3n Social dispuso el Programa Ampliado de Inmunizaci\u00f3n (PAI Web 2), un software de uso exclusivo de las entidades de salud. Sin embargo, \u201ctenemos un l\u00edo con la articulaci\u00f3n de la cantidad de la informaci\u00f3n donde se est\u00e1 almacenando. Se ralentiza y se vuelve inestable la plataforma. A eso hay que sumarle el consentimiento informado extra que tiene la aplicaci\u00f3n de esta vacuna\u201d, asegur\u00f3 el director del HUSI.<\/p>\n<p>Tambi\u00e9n se adicionaron una serie de requisitos de opini\u00f3n. Estos incluyen la posibilidad de filmar el proceso y la obligaci\u00f3n de preparar la vacuna bajo la supervisi\u00f3n del paciente y su acompa\u00f1ante.<\/p>\n<p>Al respecto, el doctor Mauricio Serra, quien ha tenido a su cargo la log\u00edstica de los puestos de vacunaci\u00f3n Compensar, indic\u00f3 que los puntos a resolver de manera inmediata tienen que ver con la puesta en l\u00ednea para la gesti\u00f3n de la inestable plataforma Pai Web 2, con la nivelaci\u00f3n de la cobertura fuera de las ciudades y el fortalecimiento en la articulaci\u00f3n p\u00fablico-privada.<\/p>\n<h3>\u00bfY la capacitaci\u00f3n del personal de salud?<\/h3>\n<p>Los errores en el proceso de vacunaci\u00f3n, como la p\u00e9rdida de las 7.020 dosis de Pfizer puede generar desconfianza, adem\u00e1s de preguntas sobre qui\u00e9nes administran la vacuna, o qui\u00e9nes coordinan los equipos de vacunaci\u00f3n y qu\u00e9 tan capacitados se encuentran.<\/p>\n<p>Otra de las panelistas, Pilar Garc\u00eda, directora de la carrera de Enfermer\u00eda de la Javeriana, asegur\u00f3 que el talento humano tiene que apropiarse del Plan Nacional de Vacunaci\u00f3n. \u201cDebe haber un conocimiento espec\u00edfico y en permanente actualizaci\u00f3n de cada vacuna, adem\u00e1s de un conocimiento de la cadena de fr\u00edo\u201d.<\/p>\n<p>Resalt\u00f3 que es necesario preparar al personal de salud y los diferentes actores en la cadena de distribuci\u00f3n de las vacunas para identificar y atender los eventos adversos que puedan presentarse durante el seguimiento y vigilancia posvacunaci\u00f3n.<\/p>\n<p>\u201cHan sido capacitados profesionales y auxiliares de enfermer\u00eda. Se han unido otros profesionales que hacen parte del equipo de salud. Pero hay que robustecer el personal\u201d, afirm\u00f3 Garc\u00eda.<\/p>\n<p>Ya comenz\u00f3 la etapa tres de vacunaci\u00f3n y para los expertos participantes del panel es necesario capacitar otros profesionales de la salud, especializados o no, estudiantes de las carreras de salud y hasta personas con conocimientos en primeros auxilios.<\/p>\n<p>\u201cEl d\u00e9ficit de personal de enfermer\u00eda en Colombia es grave y ocurre desde hace varios a\u00f1os. Nos puede llegar a pasar lo que sucedi\u00f3 con las unidades de cuidados intensivos (en donde se ha alertado por la insuficiencia de profesionales capacitados para asistirlas). El factor cr\u00edtico no es la disponibilidad de cama, el ventilador o los medicamentos sino es el personal. El factor cr\u00edtico es el talento humano\u201d, concluy\u00f3 Castellanos.<\/p>\n","protected":false},"excerpt":{"rendered":"<p>El talento humano para la manipulaci\u00f3n y aplicaci\u00f3n de las diferentes vacunas contra Covid-19 es un limitante para tener en cuenta en las etapas masivas de vacunaci\u00f3n.<\/p>\n","protected":false},"author":18,"featured_media":21433,"comment_status":"open","ping_status":"open","sticky":false,"template":"","format":"standard","meta":{"footnotes":""},"categories":[374,2491,127],"tags":[2745,371,2224,2746,2731,2744,1846,2537,2343,1630,2503],"class_list":{"0":"post-18709","1":"post","2":"type-post","3":"status-publish","4":"format-standard","5":"has-post-thumbnail","7":"category-salud","8":"category-covid-19","9":"category-innovacion","10":"tag-capacitacion","11":"tag-colombia","12":"tag-covid-19","13":"tag-falta-de-personal-medico","14":"tag-foro-vacunacion","15":"tag-personal-de-salud","16":"tag-personal-medico","17":"tag-sinmitos","18":"tag-uci","19":"tag-vacunacion","20":"tag-vacunacion-en-colombia"},"_links":{"self":[{"href":"http:\/\/www.javeriana.edu.co\/pesquisa\/wp-json\/wp\/v2\/posts\/18709","targetHints":{"allow":["GET"]}}],"collection":[{"href":"http:\/\/www.javeriana.edu.co\/pesquisa\/wp-json\/wp\/v2\/posts"}],"about":[{"href":"http:\/\/www.javeriana.edu.co\/pesquisa\/wp-json\/wp\/v2\/types\/post"}],"author":[{"embeddable":true,"href":"http:\/\/www.javeriana.edu.co\/pesquisa\/wp-json\/wp\/v2\/users\/18"}],"replies":[{"embeddable":true,"href":"http:\/\/www.javeriana.edu.co\/pesquisa\/wp-json\/wp\/v2\/comments?post=18709"}],"version-history":[{"count":3,"href":"http:\/\/www.javeriana.edu.co\/pesquisa\/wp-json\/wp\/v2\/posts\/18709\/revisions"}],"predecessor-version":[{"id":18720,"href":"http:\/\/www.javeriana.edu.co\/pesquisa\/wp-json\/wp\/v2\/posts\/18709\/revisions\/18720"}],"wp:featuredmedia":[{"embeddable":true,"href":"http:\/\/www.javeriana.edu.co\/pesquisa\/wp-json\/wp\/v2\/media\/21433"}],"wp:attachment":[{"href":"http:\/\/www.javeriana.edu.co\/pesquisa\/wp-json\/wp\/v2\/media?parent=18709"}],"wp:term":[{"taxonomy":"category","embeddable":true,"href":"http:\/\/www.javeriana.edu.co\/pesquisa\/wp-json\/wp\/v2\/categories?post=18709"},{"taxonomy":"post_tag","embeddable":true,"href":"http:\/\/www.javeriana.edu.co\/pesquisa\/wp-json\/wp\/v2\/tags?post=18709"}],"curies":[{"name":"wp","href":"https:\/\/api.w.org\/{rel}","templated":true}]}}