{"id":19747,"date":"2021-08-04T07:00:59","date_gmt":"2021-08-04T12:00:59","guid":{"rendered":"http:\/\/www.javeriana.edu.co\/pesquisa\/?p=19747"},"modified":"2025-03-20T14:20:46","modified_gmt":"2025-03-20T19:20:46","slug":"sos-para-el-condor-andino-en-colombia","status":"publish","type":"post","link":"http:\/\/www.javeriana.edu.co\/pesquisa\/sos-para-el-condor-andino-en-colombia\/","title":{"rendered":"SOS para el c\u00f3ndor andino en Colombia"},"content":{"rendered":"<p>La \u00faltima vez que se observ\u00f3 un c\u00f3ndor silvestre en el Parque Nacional Los Nevados fue en 1967. Tres d\u00e9cadas despu\u00e9s, entre 1997 y 1999, en el marco de un programa de reintroducci\u00f3n de estas aves criadas en cautiverio, se liberaron catorce ejemplares en este parque, de los cuales, hay informaci\u00f3n de seis de ellos a la fecha. \u00bfQu\u00e9 pas\u00f3 con los restantes ocho?<\/p>\n<p>Actualmente este territorio alberga el \u00fanico nido reintroducido de esta ave carro\u00f1era y el investigador de la Pontificia Universidad Javeriana, Juan Sebasti\u00e1n Restrepo-Cardona, lo monitorea desde el 2013, cuando la pareja de c\u00f3ndores tuvo su \u00faltimo polluelo.<\/p>\n<p>La situaci\u00f3n en cada pa\u00eds donde habita esta ave gregaria es diferente. Argentina y Chile albergan poblaciones que superan los 3.000 individuos cada uno, por lo que a\u00fan es posible observar grandes bandadas de c\u00f3ndores surcando los cielos o reunidos en los riscos, que sirven como dormideros comunales.<\/p>\n<blockquote><p>\u201cEl c\u00f3ndor de los Andes es un ave carro\u00f1era que rara vez puede atacar animales dom\u00e9sticos; no es un depredador\u201d, Juan Restrepo<\/p><\/blockquote>\n<p>Sin embargo, seg\u00fan Restrepo-Cardona, mag\u00edster en Conservaci\u00f3n y Uso de Biodiversidad de la Javeriana, la poblaci\u00f3n de esta ave carro\u00f1era en el norte de Suram\u00e9rica se estima en alrededor de 300 individuos.<\/p>\n<p>Luis Miguel Renjifo, doctor en <a href=\"https:\/\/www.javeriana.edu.co\/carrera-ecologia?utm_source=Digital&amp;utm_subsource=Organico&amp;utm_medium=articulo_pesquisa&amp;utm_campaign=ECOLG\">Ecolog\u00eda<\/a>, Evoluci\u00f3n y Sistem\u00e1tica y coautor del Libro Rojo de Aves en Colombia, explica que a pesar de los esfuerzos en favor de su conservaci\u00f3n, desde el a\u00f1o 2016 est\u00e1 catalogada como una especie en peligro cr\u00edtico de extinci\u00f3n en Colombia<\/p>\n<p>El envenenamiento de carro\u00f1as, la cacer\u00eda, la captura ilegal, la electrocuci\u00f3n, la disminuci\u00f3n de presas silvestres y la competencia con perros por alimento, son las principales amenazas que enfrenta el c\u00f3ndor de los Andes. \u201cEn Colombia, en las \u00faltimas tres d\u00e9cadas, 23 c\u00f3ndores evidenciaron distintas causas de mortalidad. De estos, trece\u00a0individuos fueron envenenados, dos recibieron disparos, dos murieron por causas naturales y uno se electrocut\u00f3 en una l\u00ednea el\u00e9ctrica de alta tensi\u00f3n; para cinco individuos no fue posible determinar la causa de muerte\u201d, afirma Restrepo-Cardona.<\/p>\n<figure id=\"attachment_21583\" aria-describedby=\"caption-attachment-21583\" style=\"width: 1024px\" class=\"wp-caption aligncenter\"><img fetchpriority=\"high\" decoding=\"async\" class=\"wp-image-21583 size-large\" src=\"http:\/\/www.javeriana.edu.co\/pesquisa\/wp-content\/uploads\/2021\/08\/condor-andino-sobrevuela-los-andes-1024x683.jpg\" alt=\"\" width=\"1024\" height=\"683\" srcset=\"http:\/\/www.javeriana.edu.co\/pesquisa\/wp-content\/uploads\/2021\/08\/condor-andino-sobrevuela-los-andes.jpg 1024w, http:\/\/www.javeriana.edu.co\/pesquisa\/wp-content\/uploads\/2021\/08\/condor-andino-sobrevuela-los-andes-300x200.jpg 300w, http:\/\/www.javeriana.edu.co\/pesquisa\/wp-content\/uploads\/2021\/08\/condor-andino-sobrevuela-los-andes-150x100.jpg 150w, http:\/\/www.javeriana.edu.co\/pesquisa\/wp-content\/uploads\/2021\/08\/condor-andino-sobrevuela-los-andes-450x300.jpg 450w, http:\/\/www.javeriana.edu.co\/pesquisa\/wp-content\/uploads\/2021\/08\/condor-andino-sobrevuela-los-andes-768x512.jpg 768w, http:\/\/www.javeriana.edu.co\/pesquisa\/wp-content\/uploads\/2021\/08\/condor-andino-sobrevuela-los-andes-600x400.jpg 600w, http:\/\/www.javeriana.edu.co\/pesquisa\/wp-content\/uploads\/2021\/08\/condor-andino-sobrevuela-los-andes-272x182.jpg 272w\" sizes=\"(max-width: 1024px) 100vw, 1024px\" \/><figcaption id=\"caption-attachment-21583\" class=\"wp-caption-text\">Fotograf\u00eda: Pixabay<\/figcaption><\/figure>\n<h3>\u00bfC\u00f3mo identificar un c\u00f3ndor de los Andes?<\/h3>\n<p>Es una de las aves de mayor envergadura en el planeta, habita desde las nieves perpetuas de la cordillera hasta la l\u00ednea de costa en el oc\u00e9ano Pac\u00edfico. Es el \u00fanico buitre en el mundo con dimorfismo sexual, es decir, que las hembras y los machos difieren en caracter\u00edsticas morfol\u00f3gicas: los ojos de la hembra son rojos y no tienen una cresta como la de los machos, que son de mayor tama\u00f1o.<\/p>\n<figure id=\"attachment_21584\" aria-describedby=\"caption-attachment-21584\" style=\"width: 1024px\" class=\"wp-caption aligncenter\"><img decoding=\"async\" class=\"wp-image-21584 size-full\" src=\"http:\/\/www.javeriana.edu.co\/pesquisa\/wp-content\/uploads\/2021\/08\/pareja-de-condores-andinos.jpg\" alt=\"\" width=\"1024\" height=\"683\" srcset=\"http:\/\/www.javeriana.edu.co\/pesquisa\/wp-content\/uploads\/2021\/08\/pareja-de-condores-andinos.jpg 1024w, http:\/\/www.javeriana.edu.co\/pesquisa\/wp-content\/uploads\/2021\/08\/pareja-de-condores-andinos-300x200.jpg 300w, http:\/\/www.javeriana.edu.co\/pesquisa\/wp-content\/uploads\/2021\/08\/pareja-de-condores-andinos-150x100.jpg 150w, http:\/\/www.javeriana.edu.co\/pesquisa\/wp-content\/uploads\/2021\/08\/pareja-de-condores-andinos-450x300.jpg 450w, http:\/\/www.javeriana.edu.co\/pesquisa\/wp-content\/uploads\/2021\/08\/pareja-de-condores-andinos-768x512.jpg 768w, http:\/\/www.javeriana.edu.co\/pesquisa\/wp-content\/uploads\/2021\/08\/pareja-de-condores-andinos-600x400.jpg 600w, http:\/\/www.javeriana.edu.co\/pesquisa\/wp-content\/uploads\/2021\/08\/pareja-de-condores-andinos-272x182.jpg 272w\" sizes=\"(max-width: 1024px) 100vw, 1024px\" \/><figcaption id=\"caption-attachment-21584\" class=\"wp-caption-text\">Fotograf\u00eda: Pixabay<\/figcaption><\/figure>\n<h3>El c\u00f3ndor de los Andes en Colombia<\/h3>\n<p>Desde finales de la d\u00e9cada de los a\u00f1os ochenta, las poblaciones de esta especie disminuyeron dr\u00e1sticamente en nuestro pa\u00eds. Con el objetivo de recuperar la poblaci\u00f3n del c\u00f3ndor andino, Colombia desarroll\u00f3 un proceso de reintroducci\u00f3n de individuos criados en cautiverio entre 1989 y 2013.<\/p>\n<p>\u201cEn este periodo fueron liberados 71 c\u00f3ndores. De estos, en los \u00faltimos 12 a\u00f1os se han obtenido registros de 39 individuos, se ha confirmado la muerte de otros once y se desconoce la situaci\u00f3n actual de los restantes. En ausencia de programas de monitoreo de individuos liberados es dif\u00edcil determinar el papel de la reintroducci\u00f3n de c\u00f3ndores en el mantenimiento de la poblaci\u00f3n en el pa\u00eds\u201d, afirma Restrepo-Cardona.<\/p>\n<p>Hist\u00f3ricamente, los esfuerzos para la conservaci\u00f3n del c\u00f3ndor en nuestro pa\u00eds se han enfocado principalmente en los programas de reintroducci\u00f3n, reproducci\u00f3n y cr\u00eda en cautiverio de individuos. Estos programas han permitido volver a ver c\u00f3ndores en lugares donde se encontraba extinto, como en el caso del Parque Natural los Nevados.<\/p>\n<p>Pese a esto, para el investigador Restrepo-Cardona, estas iniciativas no son suficientes para garantizar la recuperaci\u00f3n poblacional de la especie. \u201cMientras no se determinen y enfrenten los factores que limitan la viabilidad de las poblaciones del c\u00f3ndor en estado silvestre, esos esfuerzos de conservaci\u00f3n ex situ (programas de reintroducci\u00f3n) no dan soluciones a largo plazo\u201d, asegura.<\/p>\n<h3>La actualidad del c\u00f3ndor en nuestro pa\u00eds<\/h3>\n<p>El c\u00f3ndor habita en la regi\u00f3n Andina y en la Sierra Nevada de Santa Marta. Seg\u00fan el <a href=\"https:\/\/www.wwf.org.co\/?366931\/Primer-Censo-Nacional-de-condor-indicaria-reduccion-de-esta-especie-en-el-pais\" target=\"_blank\" rel=\"noopener\">primer Censo Nacional del C\u00f3ndor Andino<\/a>, realizado entre el 15 y el 17 de febrero del 2021 &#8212; y liderado por la Fundaci\u00f3n Neotropical, que enfoca sus esfuerzos en conservaci\u00f3n de especies amenazadas&#8211;, se observaron al menos 63 c\u00f3ndores en todo el territorio nacional.<\/p>\n<p>Para realizar este conteo, Neotropical emple\u00f3 la metodolog\u00eda de censo simult\u00e1neo, es decir, con la participaci\u00f3n de 207 voluntarios, distribuidos en 84 puntos de observaci\u00f3n, se mir\u00f3 al cielo de forma sistem\u00e1tica durante dos d\u00edas en busca de c\u00f3ndores.<\/p>\n<p>\u201cEl trabajo interdisciplinario con comunidades locales es clave para mitigar y prevenir el conflicto humano-c\u00f3ndor y lograr la conservaci\u00f3n efectiva de la especie en el pa\u00eds\u201d, explica el bi\u00f3logo y ec\u00f3logo Renjifo, pues la muerte de tres c\u00f3ndores en el departamento de Santander a principios de junio encendi\u00f3 nuevamente las alarmas respecto al estado de conservaci\u00f3n de esta ave.<\/p>\n<blockquote><p>Solo hay registro de tres nidos de c\u00f3ndor en el pa\u00eds, uno de ellos est\u00e1 activo en el Parque Natural los Nevados.<\/p><\/blockquote>\n<p>El c\u00f3ndor cumple un papel clave en el equilibrio de los ecosistemas al reducir la propagaci\u00f3n de enfermedades, pues se alimenta de animales muertos y, adem\u00e1s, es parte importante en el ciclaje de nutrientes que permite la producci\u00f3n de materia viva a trav\u00e9s del intercambio de materia org\u00e1nica e inorg\u00e1nica. Al mismo tiempo, es un elemento clave en la cosmovisi\u00f3n de distintas culturas ind\u00edgenas en los Andes y la Sierra Nevada de Santa Marta.<\/p>\n<p>\u201cHay que replicar el esfuerzo del censo en los siguientes a\u00f1os para obtener estimaciones poblacionales m\u00e1s precisas de la especie, realizar valoraciones ecol\u00f3gicas y sociales, implementar programas de educaci\u00f3n ambiental y promover acciones para su conservaci\u00f3n basadas en evidencia cient\u00edfica\u201d, concluye Restrepo-Cardona.<\/p>\n","protected":false},"excerpt":{"rendered":"<p>M\u00e1s de tres d\u00e9cadas de esfuerzos en programas de reintroducci\u00f3n de c\u00f3ndores han sido insuficientes para la recuperaci\u00f3n poblacional de la especie en nuestro pa\u00eds.<\/p>\n","protected":false},"author":18,"featured_media":21582,"comment_status":"open","ping_status":"open","sticky":false,"template":"","format":"standard","meta":{"footnotes":""},"categories":[376],"tags":[2793,2865,2864,445,2333],"class_list":{"0":"post-19747","1":"post","2":"type-post","3":"status-publish","4":"format-standard","5":"has-post-thumbnail","7":"category-ambiente","8":"tag-amenazas","9":"tag-censo-nacional-condor-andino","10":"tag-condor-de-los-andes","11":"tag-conservacion","12":"tag-extincion"},"_links":{"self":[{"href":"http:\/\/www.javeriana.edu.co\/pesquisa\/wp-json\/wp\/v2\/posts\/19747","targetHints":{"allow":["GET"]}}],"collection":[{"href":"http:\/\/www.javeriana.edu.co\/pesquisa\/wp-json\/wp\/v2\/posts"}],"about":[{"href":"http:\/\/www.javeriana.edu.co\/pesquisa\/wp-json\/wp\/v2\/types\/post"}],"author":[{"embeddable":true,"href":"http:\/\/www.javeriana.edu.co\/pesquisa\/wp-json\/wp\/v2\/users\/18"}],"replies":[{"embeddable":true,"href":"http:\/\/www.javeriana.edu.co\/pesquisa\/wp-json\/wp\/v2\/comments?post=19747"}],"version-history":[{"count":9,"href":"http:\/\/www.javeriana.edu.co\/pesquisa\/wp-json\/wp\/v2\/posts\/19747\/revisions"}],"predecessor-version":[{"id":42515,"href":"http:\/\/www.javeriana.edu.co\/pesquisa\/wp-json\/wp\/v2\/posts\/19747\/revisions\/42515"}],"wp:featuredmedia":[{"embeddable":true,"href":"http:\/\/www.javeriana.edu.co\/pesquisa\/wp-json\/wp\/v2\/media\/21582"}],"wp:attachment":[{"href":"http:\/\/www.javeriana.edu.co\/pesquisa\/wp-json\/wp\/v2\/media?parent=19747"}],"wp:term":[{"taxonomy":"category","embeddable":true,"href":"http:\/\/www.javeriana.edu.co\/pesquisa\/wp-json\/wp\/v2\/categories?post=19747"},{"taxonomy":"post_tag","embeddable":true,"href":"http:\/\/www.javeriana.edu.co\/pesquisa\/wp-json\/wp\/v2\/tags?post=19747"}],"curies":[{"name":"wp","href":"https:\/\/api.w.org\/{rel}","templated":true}]}}