{"id":19892,"date":"2021-08-11T09:20:42","date_gmt":"2021-08-11T14:20:42","guid":{"rendered":"http:\/\/www.javeriana.edu.co\/pesquisa\/?p=19892"},"modified":"2022-05-10T18:05:28","modified_gmt":"2022-05-10T23:05:28","slug":"barrismo-nacional-santafe-campin-colombia","status":"publish","type":"post","link":"http:\/\/www.javeriana.edu.co\/pesquisa\/barrismo-nacional-santafe-campin-colombia\/","title":{"rendered":"Barrismo, un asalto a una tribuna y sentido del deporte"},"content":{"rendered":"<p>El martes 3 de agosto, luego de m\u00e1s de un a\u00f1o de estar cerrado al p\u00fablico a causa de la pandemia, se abri\u00f3 con pompa el estadio El Camp\u00edn, o como lo llaman muchos: \u201cel Nemesio\u201d. El partido: un cl\u00e1sico entre Santa Fe y Nacional, muy esperado y con optimismo por parte de ambas hinchadas.<\/p>\n<p>Asistieron m\u00e1s de seis mil aficionados a todas las tribunas, pero de repente, en el entretiempo y ante el registro de las c\u00e1maras, algunos hinchas de Nacional treparon la tribuna familiar y agredieron a seguidores de Santa Fe. En respuesta, la barra de Santa Fe (llamada La Guardia), salt\u00f3 a la cancha desde el otro extremo del estadio y corri\u00f3 hacia norte a confrontar al rival.\u00a0Se esperaba tremenda gresca entre barras, pero intervino la polic\u00eda y el ambiente se calm\u00f3.<\/p>\n<p>Hac\u00eda mucho tiempo no se ve\u00eda algo as\u00ed dentro del estadio, todo fue grabado y los hechos se convirtieron en un acontecimiento medi\u00e1tico. Seis heridos, varios detenidos, reuniones de urgencia, culpables aqu\u00ed y all\u00e1. Reaccionaron todos, la alcaldesa, el presidente, el general, el ministro, y se\u00f1alaron como si se hubieran puesto de acuerdo, nuevamente \u201ca los desadaptados\u201d del deporte como responsables.<\/p>\n<figure id=\"attachment_20010\" aria-describedby=\"caption-attachment-20010\" style=\"width: 2560px\" class=\"wp-caption aligncenter\"><img fetchpriority=\"high\" decoding=\"async\" class=\"wp-image-20010 size-full\" src=\"http:\/\/www.javeriana.edu.co\/pesquisa\/wp-content\/uploads\/2021\/08\/foto1_perfil_de_un_barrista-scaled.jpg\" alt=\"\" width=\"2560\" height=\"1707\" srcset=\"http:\/\/www.javeriana.edu.co\/pesquisa\/wp-content\/uploads\/2021\/08\/foto1_perfil_de_un_barrista-scaled.jpg 2560w, http:\/\/www.javeriana.edu.co\/pesquisa\/wp-content\/uploads\/2021\/08\/foto1_perfil_de_un_barrista-300x200.jpg 300w, http:\/\/www.javeriana.edu.co\/pesquisa\/wp-content\/uploads\/2021\/08\/foto1_perfil_de_un_barrista-1024x683.jpg 1024w, http:\/\/www.javeriana.edu.co\/pesquisa\/wp-content\/uploads\/2021\/08\/foto1_perfil_de_un_barrista-1536x1024.jpg 1536w, http:\/\/www.javeriana.edu.co\/pesquisa\/wp-content\/uploads\/2021\/08\/foto1_perfil_de_un_barrista-2048x1365.jpg 2048w, http:\/\/www.javeriana.edu.co\/pesquisa\/wp-content\/uploads\/2021\/08\/foto1_perfil_de_un_barrista-150x100.jpg 150w, http:\/\/www.javeriana.edu.co\/pesquisa\/wp-content\/uploads\/2021\/08\/foto1_perfil_de_un_barrista-450x300.jpg 450w, http:\/\/www.javeriana.edu.co\/pesquisa\/wp-content\/uploads\/2021\/08\/foto1_perfil_de_un_barrista-1200x800.jpg 1200w, http:\/\/www.javeriana.edu.co\/pesquisa\/wp-content\/uploads\/2021\/08\/foto1_perfil_de_un_barrista-768x512.jpg 768w, http:\/\/www.javeriana.edu.co\/pesquisa\/wp-content\/uploads\/2021\/08\/foto1_perfil_de_un_barrista-600x400.jpg 600w, http:\/\/www.javeriana.edu.co\/pesquisa\/wp-content\/uploads\/2021\/08\/foto1_perfil_de_un_barrista-272x182.jpg 272w\" sizes=\"(max-width: 2560px) 100vw, 2560px\" \/><figcaption id=\"caption-attachment-20010\" class=\"wp-caption-text\">Fotograf\u00eda: Mauricio Alvarado \/ El Espectador<\/figcaption><\/figure>\n<p>Los medios llevaron las agresiones vueltas espect\u00e1culo a las primeras planas, todo el mundo opin\u00f3 como si fuera algo sorprendente. Y se tomaron medidas: los hinchas de Nacional no podr\u00e1n volver al Camp\u00edn en un a\u00f1o, no se deben juntar barras rivales en los cl\u00e1sicos y otras ciudades piensan en f\u00f3rmulas semejantes.<\/p>\n<p>No s\u00e9 cu\u00e1ntas veces he escuchado que esto no se puede repetir, pero la explicaci\u00f3n \u201cdel inadaptado\u201d hizo agua, no dice nada, es un tic de lenguaje period\u00edstico. Lo interesante es que en los a\u00f1os que llevamos estudiando el barrismo en el f\u00fatbol, estos hechos se repiten incansablemente en diferentes escenarios y momentos.<\/p>\n<p>El barrismo ya se ha consolidado, no es un fen\u00f3meno, sino que hace parte del escenario del f\u00fatbol. Muchos aprendizajes y estudios se conocen, y en este contexto surge la primera pregunta: \u00bfA qui\u00e9n se le ocurre meter en un estadio barras rivales, y m\u00e1s despu\u00e9s de 14 meses de confinamientos por la pandemia y en un contexto de protestas sociales?<\/p>\n<p>Las barras se mueven con unos principios de acci\u00f3n semejantes. El primero es la territorialidad que se origina en las tribunas, pero que se extiende metaf\u00f3ricamente a barrios y ciudades. Bogot\u00e1 es el territorio leg\u00edtimo de las barras de los equipos locales y la presencia de otras barras ponen en juego una constante disputa territorial. Lo mismo ocurre en Medell\u00edn frente a Nacional y el DIM (Deportivo Independiente Medell\u00edn). Entonces, \u00bfc\u00f3mo se minimizan las agresiones? Respetando los territorios; de lo contario viene la gresca.<\/p>\n<p>Segundo, las barras no se componen de sujetos aislados, sus acciones son grupales. Tercero, el cuerpo del barrista es otro territorio que marca sobre s\u00ed mismo una identidad, es el medio leg\u00edtimo\u00a0de tener \u201caguante\u201d y dar la pelea con \u00e9l y sobre \u00e9l, como el f\u00fatbol mismo, que es un deporte de contacto.<\/p>\n<p>Las acciones parecen producto del caos, pero no, hay reglas que todo barrista aprende. Su l\u00f3gica de justicia reposa sobre una fr\u00e1gil balanza sostenida por una reciprocidad del \u201cojo por ojo\u201d, la entrada en batalla es producto de una b\u00fasqueda de equilibrio en el universo de las barras.<\/p>\n<p>A pesar de esto, los medios focalizaron sus preguntas en si el partido deb\u00eda haberse suspendido, contrario a lo que pas\u00f3, ya que luego de una hora de espera se jug\u00f3 el segundo tiempo. Muchos hinchas hab\u00edan salido del estadio por miedo, no a lo que pasara en las tribunas, la gente sabe c\u00f3mo \u201ces la cosa\u201d, sino por temor a la pelea que se ve\u00eda venir afuera y en algunos barrios. En efecto, lo mejor fue mantener contenidas las barras dentro del estadio y vigilar los alrededores mientras llegaban refuerzos policiales.<\/p>\n<p>Hay un hecho que llama la atenci\u00f3n y es la imagen de los hinchas trepando desde la tribuna oriental a la familiar. En un marco de desigualdad social, quiz\u00e1s si podamos entenderlo como un ataque de clase, por ello es pertinente preguntarse por qu\u00e9 se dirigi\u00f3 el ataque contra la tribuna familiar y no contra sus rivales naturales los barristas en sur.<\/p>\n<p>No creemos que se trate del ataque de un enemigo de la sociedad llamado \u201cel inadaptado\u201d a la instituci\u00f3n de la familia como algunos han sugerido, y tampoco podemos olvidar el estado emocional de rabia que hay en el pa\u00eds en este a\u00f1o de pandemia, de paro y estallido social. Todo se junt\u00f3 y explot\u00f3. No se puede perder de vista que la mayor\u00eda de los miembros de las barras habitan barrios perif\u00e9ricos, son j\u00f3venes sin oportunidades, muchos desempleados y con las puertas cerradas al estudio.<\/p>\n<p>Ojal\u00e1 sigamos aprendiendo y que las autoridades entiendan que el barrismo est\u00e1 anclado en una realidad social compleja, por eso se proyecta en la vida de las ciudades y no se circunscribe solo a los estadios.<\/p>\n<p>Finalmente, cabe preguntarse por qu\u00e9 se ha naturalizado el arregl\u00e1rselas por mano propia, \u00bfser\u00e1 una marca de la colombianidad o una expresi\u00f3n m\u00e1s de los vac\u00edos de Estado frente a la sociedad?<\/p>\n","protected":false},"excerpt":{"rendered":"<p>\u00bfC\u00f3mo analizar la violencia entre barras m\u00e1s all\u00e1 de un caso puntual? En esta columna, el profesor Jairo Clavijo, autor de Cantar Bajo la anaconda, hace un an\u00e1lisis sociocultural del barrismo en el f\u00fatbol.<\/p>\n","protected":false},"author":53,"featured_media":21601,"comment_status":"open","ping_status":"open","sticky":false,"template":"","format":"standard","meta":{"footnotes":""},"categories":[48],"tags":[1360,1332,1330,2127],"class_list":{"0":"post-19892","1":"post","2":"type-post","3":"status-publish","4":"format-standard","5":"has-post-thumbnail","7":"category-entrevistas","8":"tag-barrista","9":"tag-deporte","10":"tag-hinchada","11":"tag-protestas"},"_links":{"self":[{"href":"http:\/\/www.javeriana.edu.co\/pesquisa\/wp-json\/wp\/v2\/posts\/19892","targetHints":{"allow":["GET"]}}],"collection":[{"href":"http:\/\/www.javeriana.edu.co\/pesquisa\/wp-json\/wp\/v2\/posts"}],"about":[{"href":"http:\/\/www.javeriana.edu.co\/pesquisa\/wp-json\/wp\/v2\/types\/post"}],"author":[{"embeddable":true,"href":"http:\/\/www.javeriana.edu.co\/pesquisa\/wp-json\/wp\/v2\/users\/53"}],"replies":[{"embeddable":true,"href":"http:\/\/www.javeriana.edu.co\/pesquisa\/wp-json\/wp\/v2\/comments?post=19892"}],"version-history":[{"count":4,"href":"http:\/\/www.javeriana.edu.co\/pesquisa\/wp-json\/wp\/v2\/posts\/19892\/revisions"}],"predecessor-version":[{"id":27801,"href":"http:\/\/www.javeriana.edu.co\/pesquisa\/wp-json\/wp\/v2\/posts\/19892\/revisions\/27801"}],"wp:featuredmedia":[{"embeddable":true,"href":"http:\/\/www.javeriana.edu.co\/pesquisa\/wp-json\/wp\/v2\/media\/21601"}],"wp:attachment":[{"href":"http:\/\/www.javeriana.edu.co\/pesquisa\/wp-json\/wp\/v2\/media?parent=19892"}],"wp:term":[{"taxonomy":"category","embeddable":true,"href":"http:\/\/www.javeriana.edu.co\/pesquisa\/wp-json\/wp\/v2\/categories?post=19892"},{"taxonomy":"post_tag","embeddable":true,"href":"http:\/\/www.javeriana.edu.co\/pesquisa\/wp-json\/wp\/v2\/tags?post=19892"}],"curies":[{"name":"wp","href":"https:\/\/api.w.org\/{rel}","templated":true}]}}