{"id":19987,"date":"2021-08-24T14:40:34","date_gmt":"2021-08-24T19:40:34","guid":{"rendered":"http:\/\/www.javeriana.edu.co\/pesquisa\/?p=19987"},"modified":"2022-05-10T11:12:56","modified_gmt":"2022-05-10T16:12:56","slug":"12-preguntas-para-entender-que-esta-pasando-que-pasa-en-afganistan-2","status":"publish","type":"post","link":"http:\/\/www.javeriana.edu.co\/pesquisa\/12-preguntas-para-entender-que-esta-pasando-que-pasa-en-afganistan-2\/","title":{"rendered":"12 preguntas para entender qu\u00e9 est\u00e1 pasando en Afganist\u00e1n"},"content":{"rendered":"<p><strong>Esta nota titulada 12 preguntas para entender qu\u00e9 est\u00e1 pasando en Afganist\u00e1n, fue publicada originalmente el 24 de agosto de 2021.<\/strong><\/p>\n<p>Despu\u00e9s de 20 a\u00f1os, Estados Unidos retir\u00f3 todas sus tropas de Afganist\u00e1n. El talib\u00e1n retom\u00f3 el poder. Miles de ciudadanos afganos huyen de su pa\u00eds como pueden. En la prensa y las redes sociales hay sobreinformaci\u00f3n que puede llegar a confundir a quienes no le han seguido la pista a lo que ocurre en esa parte de Oriente Medio.<\/p>\n<p>Por eso Felipe Medina Guti\u00e9rrez, mag\u00edster en Estudios de Asia y \u00c1frica, con especialidad en Medio Oriente por El Colegio de M\u00e9xico y profesor de Estudios de Medio Oriente en la Facultad de Relaciones Internacionales de la Pontificia Universidad Javeriana, responde doce preguntas claves para acercarse al tema.<\/p>\n<figure id=\"attachment_21617\" aria-describedby=\"caption-attachment-21617\" style=\"width: 1024px\" class=\"wp-caption aligncenter\"><img fetchpriority=\"high\" decoding=\"async\" class=\"wp-image-21617 size-full\" src=\"http:\/\/www.javeriana.edu.co\/pesquisa\/wp-content\/uploads\/2021\/08\/que-pasa-en-afganistan.jpg\" alt=\"\" width=\"1024\" height=\"683\" srcset=\"http:\/\/www.javeriana.edu.co\/pesquisa\/wp-content\/uploads\/2021\/08\/que-pasa-en-afganistan.jpg 1024w, http:\/\/www.javeriana.edu.co\/pesquisa\/wp-content\/uploads\/2021\/08\/que-pasa-en-afganistan-300x200.jpg 300w, http:\/\/www.javeriana.edu.co\/pesquisa\/wp-content\/uploads\/2021\/08\/que-pasa-en-afganistan-150x100.jpg 150w, http:\/\/www.javeriana.edu.co\/pesquisa\/wp-content\/uploads\/2021\/08\/que-pasa-en-afganistan-450x300.jpg 450w, http:\/\/www.javeriana.edu.co\/pesquisa\/wp-content\/uploads\/2021\/08\/que-pasa-en-afganistan-768x512.jpg 768w, http:\/\/www.javeriana.edu.co\/pesquisa\/wp-content\/uploads\/2021\/08\/que-pasa-en-afganistan-600x400.jpg 600w, http:\/\/www.javeriana.edu.co\/pesquisa\/wp-content\/uploads\/2021\/08\/que-pasa-en-afganistan-272x182.jpg 272w\" sizes=\"(max-width: 1024px) 100vw, 1024px\" \/><figcaption id=\"caption-attachment-21617\" class=\"wp-caption-text\">(Aykut Karada\u011f \u2013 Agencia Anadolu)<\/figcaption><\/figure>\n<h3>\u00bfQu\u00e9 es el talib\u00e1n?<\/h3>\n<p>El grupo o movimiento talib\u00e1n es una organizaci\u00f3n que tiene presencia en Afganist\u00e1n y Pakist\u00e1n, se fund\u00f3 en 1994 (aunque tiene antecedentes en a\u00f1os anteriores, particularmente desde el impacto de la invasi\u00f3n de la Uni\u00f3n Sovi\u00e9tica a Afganist\u00e1n en 1979 para salvar al gobierno del PDPA -Partido Democr\u00e1tico Popular de Afganist\u00e1n que ocupaba el poder un a\u00f1o antes-). Ello provoc\u00f3 el surgimiento de los famosos muyahid\u00edn (singular muyahid), quienes conformaron una amalgama de grupos. De all\u00ed saldr\u00eda el futuro liderazgo talib\u00e1n, participante de la guerra civil afgana hasta el 2001.<\/p>\n<p>Para entender el credo del talib\u00e1n a nivel religioso, es necesario considerar diversas fuentes. Su visi\u00f3n ultraconservadora es producto de la influencia del pensamiento wahab\u00ed (ideolog\u00eda sectaria con un discurso violento y fundacional del Reino de Arabia Saud\u00ed, vigente a pesar de las recientes reformas), de una interpretaci\u00f3n de la escuela Deobandi (fundada en India en 1867) y de elaboraciones propias interpretativas de las fuentes del islam que a menudo contradicen los textos sagrados. Para entender al talib\u00e1n tambi\u00e9n es necesario considerar elementos del pashtunwali, c\u00f3digo de conducta de la comunidad pasht\u00fan (aunque haya pasht\u00fanes en contra del talib\u00e1n).<\/p>\n<p>Como observamos, el reto en entender a este grupo que tiene una elaboraci\u00f3n precaria a nivel ideol\u00f3gico, no es solo a partir del islam (que es supremamente diverso) sino de considerar otras variables, incluso el entorno de guerra afgano.<\/p>\n<h3>\u00bfPor qu\u00e9 el talib\u00e1n est\u00e1 ahora en el poder?<\/h3>\n<p>Son muchas las razones. Algunas de ellas son, por ejemplo, que el grupo, contrario a lo com\u00fanmente establecido, no fue eliminado ni erradicado en 2001 cuando Estados Unidos invadi\u00f3 el pa\u00eds. Si bien fue desplazado de los principales centros urbanos, como Kabul, permaneci\u00f3 en zonas rurales restructur\u00e1ndose y aguardando un momento propicio para iniciar ofensivas militares.<\/p>\n<p>As\u00ed, por ejemplo, en el 2006 el talib\u00e1n retom\u00f3 actividades militares. En 2014, con el plan de retiro de tropas anunciado por Barack Obama, el grupo sigui\u00f3 creciendo y consolidando una guerra de desgaste que altern\u00f3 con di\u00e1logos tendientes a un proceso de negociaci\u00f3n.<\/p>\n<p>Para explicar la toma del poder en el 2021 hay que tener en cuenta este periodo de 20 a\u00f1os, pero tambi\u00e9n que en realidad no hab\u00eda fuerzas armadas afganas fuertes y consolidadas. Muchos soldados decidieron simplemente evitar el combate (no ve\u00edan el prop\u00f3sito), algunos se aliaron con el talib\u00e1n y otros, simplemente con la salida de EE. UU., no cre\u00edan en el gobierno afgano de Ashraf Ghani.<\/p>\n<p>El gobierno de Ghani y el del anterior presidente, Hamid Karzai, son importantes aqu\u00ed porque el talib\u00e1n se benefici\u00f3 del fracaso de estas administraciones, de sus m\u00faltiples se\u00f1alamientos de corrupci\u00f3n (incluso de v\u00ednculos con el mercado ilegal del opio), ineficacia y de no crear un ambiente econ\u00f3mico pr\u00f3spero y favorable para todos los habitantes del pa\u00eds.<\/p>\n<h3>\u00bfYa hab\u00edan tenido el poder antes?<\/h3>\n<p>As\u00ed es. De esa experiencia derivan los grandes miedos de los afganos y habitantes de otros pa\u00edses del mundo. Se trat\u00f3, en el contexto de la guerra civil, de poder territorial de 1996 a 2001. Ese periodo fue el escenario de grandes sucesos de cr\u00edmenes y opresi\u00f3n a distintas comunidades.<\/p>\n<h3>\u00bfPor qu\u00e9 numerosos ciudadanos afganos huyen de su pa\u00eds?<\/h3>\n<p>Por miedo, precisamente, al retorno de un talib\u00e1n agresivo y opresor y porque no comparten o no desean vivir bajo este grupo.<\/p>\n<figure id=\"attachment_21618\" aria-describedby=\"caption-attachment-21618\" style=\"width: 1024px\" class=\"wp-caption aligncenter\"><img decoding=\"async\" class=\"wp-image-21618 size-full\" src=\"http:\/\/www.javeriana.edu.co\/pesquisa\/wp-content\/uploads\/2021\/08\/desplazados-huyen-de-afganistan.jpg\" alt=\"\" width=\"1024\" height=\"683\" srcset=\"http:\/\/www.javeriana.edu.co\/pesquisa\/wp-content\/uploads\/2021\/08\/desplazados-huyen-de-afganistan.jpg 1024w, http:\/\/www.javeriana.edu.co\/pesquisa\/wp-content\/uploads\/2021\/08\/desplazados-huyen-de-afganistan-300x200.jpg 300w, http:\/\/www.javeriana.edu.co\/pesquisa\/wp-content\/uploads\/2021\/08\/desplazados-huyen-de-afganistan-150x100.jpg 150w, http:\/\/www.javeriana.edu.co\/pesquisa\/wp-content\/uploads\/2021\/08\/desplazados-huyen-de-afganistan-450x300.jpg 450w, http:\/\/www.javeriana.edu.co\/pesquisa\/wp-content\/uploads\/2021\/08\/desplazados-huyen-de-afganistan-768x512.jpg 768w, http:\/\/www.javeriana.edu.co\/pesquisa\/wp-content\/uploads\/2021\/08\/desplazados-huyen-de-afganistan-600x400.jpg 600w, http:\/\/www.javeriana.edu.co\/pesquisa\/wp-content\/uploads\/2021\/08\/desplazados-huyen-de-afganistan-272x182.jpg 272w\" sizes=\"(max-width: 1024px) 100vw, 1024px\" \/><figcaption id=\"caption-attachment-21618\" class=\"wp-caption-text\">(Aykut Karada\u011f \u2013 Agencia Anadolu)<\/figcaption><\/figure>\n<h3>\u00bfQu\u00e9 sistema de gobierno rige en Afganist\u00e1n?, \u00bfqui\u00e9n queda a la cabeza?<\/h3>\n<p>Luego de la consolidaci\u00f3n en el poder del grupo talib\u00e1n, por lo que es prematuro afirmar qu\u00e9 tipo de sistema rige. Lo que s\u00ed se ha escuchado estos d\u00edas, directamente de sus portavoces, es que sin duda la forma de gobierno ser\u00e1 la de un Emirato Isl\u00e1mico, en cuya c\u00faspide del poder muy seguramente estar\u00e1 el emir Haibatul\u00e1 Ajundzada. Inferimos que tendr\u00e1 importante presencia en la toma de decisiones.<\/p>\n<p>El sistema de shuras (o consejos) tambi\u00e9n ser\u00e1 interesante, a la par de probablemente las yirga o asambleas tribales afganas. Est\u00e1 por verse qu\u00e9 tipo de sistema establecer\u00e1n. En el fondo, tambi\u00e9n considero que s\u00ed han entendido y sabido leer el Afganist\u00e1n de hoy, no podr\u00e1n gobernar solos, as\u00ed que la inclusi\u00f3n de otros sectores sociales y pol\u00edticos ser\u00e1 crucial para su estabilidad y permanencia.<\/p>\n<h3>\u00bfQu\u00e9 tiene que ver Estados Unidos en Afganist\u00e1n?<\/h3>\n<p>Como lo mencion\u00e9 anteriormente, Estados Unidos intervino en los asuntos afganos en m\u00faltiples ocasiones. Las m\u00e1s representativas sin duda fueron su apoyo log\u00edstico, financiero y militar a los muyahid\u00edn por intermedio de Arabia Saud\u00ed y Pakist\u00e1n (servicio de Inteligencia) para combatir a la<\/p>\n<p>Uni\u00f3n Sovi\u00e9tica. Entre estos grupos hab\u00eda sectores integristas isl\u00e1micos que Washington cobij\u00f3 sin importarles su ideolog\u00eda sectaria y violenta, pero que fueron llamados \u201cluchadores de la libertad\u201d en diferentes posters publicitarios, lo que se puede reflejar en la participaci\u00f3n del personaje Rambo en su tercera entrega f\u00edlmica.<\/p>\n<p>Posteriormente, hacia el 2001, el pa\u00eds intervino para eliminar la presencia de al-Qaeda en Afganist\u00e1n, que hab\u00eda sido permitida por el entonces mul\u00e1 Omar, pero todo bajo la bandera de la venganza (parad\u00f3jicamente ning\u00fan afgano particip\u00f3 del ataque a\u00e9reo a las Torres Gemelas del 11 de septiembre), de salvar a la mujer afgana y de la democracia. Todo esto fue una gran farsa, lastimosamente.<\/p>\n<h3>\u00bfEn qu\u00e9 consisti\u00f3 el Acuerdo para traer la Paz a Afganist\u00e1n o Acuerdo de Doha?<\/h3>\n<p>En los di\u00e1logos de Doha, llevados a cabo en a\u00f1os recientes, desde la era de Barack Obama, Estados Unidos acept\u00f3 que no pod\u00eda derrotar al talib\u00e1n, que sumado a su deseo de retirarse de Afganist\u00e1n, propuso un di\u00e1logo con este grupo que ser\u00eda materializado por la administraci\u00f3n de Donald Trump y apoyado luego por Joe Biden.<\/p>\n<p>En general, supuso que EE. UU. se retirar\u00eda del pa\u00eds pero que el talib\u00e1n se comprometer\u00eda a no atacar a Washington ni permitir que en territorio afgano se estableciera un grupo que atente contra Estados Unidos o sus intereses. Como vemos, es una aceptaci\u00f3n expresa y de \u201cluz verde\u201d para que el talib\u00e1n tomara el poder mientras tambi\u00e9n argumentaban la necesidad de un di\u00e1logo con el gobierno afgano de turno (al que no invitaron).<\/p>\n<figure id=\"attachment_21619\" aria-describedby=\"caption-attachment-21619\" style=\"width: 960px\" class=\"wp-caption aligncenter\"><img decoding=\"async\" class=\"wp-image-21619 size-full\" src=\"http:\/\/www.javeriana.edu.co\/pesquisa\/wp-content\/uploads\/2021\/08\/la-mujer-en-afganistan.jpg\" alt=\"\" width=\"960\" height=\"600\" srcset=\"http:\/\/www.javeriana.edu.co\/pesquisa\/wp-content\/uploads\/2021\/08\/la-mujer-en-afganistan.jpg 960w, http:\/\/www.javeriana.edu.co\/pesquisa\/wp-content\/uploads\/2021\/08\/la-mujer-en-afganistan-300x188.jpg 300w, http:\/\/www.javeriana.edu.co\/pesquisa\/wp-content\/uploads\/2021\/08\/la-mujer-en-afganistan-150x94.jpg 150w, http:\/\/www.javeriana.edu.co\/pesquisa\/wp-content\/uploads\/2021\/08\/la-mujer-en-afganistan-450x281.jpg 450w, http:\/\/www.javeriana.edu.co\/pesquisa\/wp-content\/uploads\/2021\/08\/la-mujer-en-afganistan-768x480.jpg 768w, http:\/\/www.javeriana.edu.co\/pesquisa\/wp-content\/uploads\/2021\/08\/la-mujer-en-afganistan-480x300.jpg 480w\" sizes=\"(max-width: 960px) 100vw, 960px\" \/><figcaption id=\"caption-attachment-21619\" class=\"wp-caption-text\">( Haroon Sabawoon \u2013 Agencia Anadolu )<\/figcaption><\/figure>\n<p><center><span style=\"font-size: 12px; color: #999999;\"><span style=\"font-size: 12px;\">KABUL, Afganist\u00e1n, agosto 11. Miles de familias desplazadas llegan a Kabul, Afganist\u00e1n. A pocos d\u00edas de que Estados Unidos complete el retiro total de sus tropas, anunciado para el 31 de agosto, el terror de los talibanes se vuelve a tomar el pa\u00eds asi\u00e1tico. De acuerdo con reportes oficiales, hoy controlan seis ciudades y se disputan otras cinco. Aproximadamente 30.000 familias han sido desplazadas debido a los enfrentamientos entre el Gobierno afgano y los talibanes en las provincias del norte. ( Haroon Sabawoon &#8211; Agencia Anadolu )<\/span><\/span><\/center><\/p>\n<h3>El talib\u00e1n ha hablado de una transici\u00f3n pac\u00edfica al poder, \u00bfesto ha sido as\u00ed?<\/h3>\n<p>Si realizamos una comparaci\u00f3n con la experiencia del a\u00f1o de 1996, cuando el talib\u00e1n captur\u00f3 Kabul, ejecut\u00f3 al exgobernador Muhammad Nayibul\u00e1 (exhibiendo su cuerpo en las calles), adem\u00e1s de apedrear mujeres, practicar ejecuciones en estadios, reprimir a minor\u00edas y cortar extremidades de ciudadanos acusados de hurto, lo que vemos (por el momento) es una transici\u00f3n de tensa calma sin derramamiento de sangre. Esto al margen de las im\u00e1genes de caos en el aeropuerto de Kabul, que son estremecedoras, algunas protestas espor\u00e1dicas y el reporte de una mujer asesinada. Muchas mujeres afganas est\u00e1n viviendo un infierno.<\/p>\n<h3>\u00bfQu\u00e9 opina la comunidad internacional de esta transici\u00f3n del poder?<\/h3>\n<p>Soy un cr\u00edtico del concepto \u201ccomunidad internacional\u201d, pues no s\u00e9 si incluye a todas las naciones y pueblos del mundo o m\u00e1s bien a Estados Unidos y Europa occidental. Lo que hemos observado es una aceptaci\u00f3n t\u00e1cita de poderes como Rusia, China y el mismo Estados Unidos desde los di\u00e1logos de Doha. A nivel regional, vecinos como Ir\u00e1n, Pakist\u00e1n e India no han manifestado su oposici\u00f3n a la llegada del poder del talib\u00e1n.<\/p>\n<h3>\u00bfUn gobierno talib\u00e1n limita las libertades de las mujeres?<\/h3>\n<p>Si nos basamos en el talib\u00e1n de 1996 sin duda no solo limita sino elimina libertades de las mujeres, que de hecho est\u00e1n consagradas por la religi\u00f3n del islam (de all\u00ed una de sus m\u00e1s grandes contradicciones).<\/p>\n<p>Considero que el o la lectora de esta entrevista se proponga pensar: \u00bfSer\u00e1 el mismo talib\u00e1n de hace m\u00e1s de 20 a\u00f1os? \u00bfAlgo pudo haber cambiado? Si nos basamos en sus pronunciamientos de estos d\u00edas, que nadie cree, incluy\u00e9ndome, al parecer hay una nueva lectura de la realidad. Prometieron libertad de actuar de las mujeres pero bajo la difusa consigna de \u201clos l\u00edmites de Shar\u00eda\u201d (que no traduce ley como se asegura en algunos medios de comunicaci\u00f3n, sino como camino o sendero trazado por Dios para sus fieles).<\/p>\n<p>Contrario a lo que podr\u00edamos encontrar en redes sociales, Afganist\u00e1n antes del talib\u00e1n (en este mes de agosto), tampoco era el pa\u00eds liberal del que todos elocuentemente hablan. Hab\u00eda restricciones a la mujer, especialmente en los \u00e1mbitos rurales, pues estamos ante una sociedad conservadora, que claro, tuvo alg\u00fan avance en estos 20 a\u00f1os, (algunas mujeres pudieron ejercer el periodismo, ir a las escuelas, hubo una embajadora de Afganist\u00e1n en Estados Unidos) pero est\u00e1 lejos de ser significativo. Desde el seno de las familias ya comienzan las restricciones.<\/p>\n<p>La gente solo analiza Kabul, pero las zonas rurales, (entre 75 % y 80 % del pa\u00eds) est\u00e1 habitado por gente muy conservadora.<\/p>\n<figure id=\"attachment_21620\" aria-describedby=\"caption-attachment-21620\" style=\"width: 1024px\" class=\"wp-caption aligncenter\"><img loading=\"lazy\" decoding=\"async\" class=\"wp-image-21620 size-full\" src=\"http:\/\/www.javeriana.edu.co\/pesquisa\/wp-content\/uploads\/2021\/08\/mujeres-y-ninos-en-afganistan.jpg\" alt=\"\" width=\"1024\" height=\"673\" srcset=\"http:\/\/www.javeriana.edu.co\/pesquisa\/wp-content\/uploads\/2021\/08\/mujeres-y-ninos-en-afganistan.jpg 1024w, http:\/\/www.javeriana.edu.co\/pesquisa\/wp-content\/uploads\/2021\/08\/mujeres-y-ninos-en-afganistan-300x197.jpg 300w, http:\/\/www.javeriana.edu.co\/pesquisa\/wp-content\/uploads\/2021\/08\/mujeres-y-ninos-en-afganistan-150x99.jpg 150w, http:\/\/www.javeriana.edu.co\/pesquisa\/wp-content\/uploads\/2021\/08\/mujeres-y-ninos-en-afganistan-450x296.jpg 450w, http:\/\/www.javeriana.edu.co\/pesquisa\/wp-content\/uploads\/2021\/08\/mujeres-y-ninos-en-afganistan-768x505.jpg 768w\" sizes=\"(max-width: 1024px) 100vw, 1024px\" \/><figcaption id=\"caption-attachment-21620\" class=\"wp-caption-text\">( Haroon Sabawoon \u2013 Agencia Anadolu)<\/figcaption><\/figure>\n<h3>\u00bfQu\u00e9 cambios se esperan en el corto plazo en la sociedad afgana?<\/h3>\n<p>Una mayor implementaci\u00f3n de medidas ultraconservadoras en espacios urbanos, donde se sentir\u00e1 m\u00e1s el cambio y lastimosamente el declive de la libertad de expresi\u00f3n, que incluso durante la \u00e9poca de la ocupaci\u00f3n estadounidense, Afganist\u00e1n era uno de los pa\u00edses m\u00e1s peligrosos para ejercer el periodismo.<\/p>\n<h3>En contexto de desinformaci\u00f3n y opinadores que no han estudiado el tema, \u00bfa qui\u00e9nes se puede acudir por informaci\u00f3n ver\u00eddica de lo que est\u00e1 sucediendo?<\/h3>\n<p>Afganist\u00e1n es un pa\u00eds complejo pero no por ello imposible de entender. Hasta la persona m\u00e1s conocedora de los aspectos de Afganist\u00e1n debe regresar de nuevo a los apuntes y la historia, pues adem\u00e1s de ser tremendamente extensa (y por eso nos sirve para leer el presente), el pa\u00eds es multi\u00e9tnico con tradiciones religiosas diversas a considerar.<\/p>\n<p>No creo en el monopolio del saber de los denominados \u201cexpertos\u201d, pues desconf\u00edo de ellos, pero si el o la lectora tiene una comprensi\u00f3n b\u00e1sica del pa\u00eds, puede acudir por ejemplo, al menos, a publicaciones cient\u00edficas que logran un filtro en las ideas plasmadas. Estamos en una \u00e9poca donde cualquiera puede difundir una idea en las redes y el p\u00fablico termina replicando. Hay que profundizar, complejizar y debatir siempre. Invito al o la lectora de esta entrevista, siempre a contrastar todas las opiniones expresadas.<\/p>\n<p>Sin embargo, quisiera recomendar el trabajo de Clarissa Ward, corresponsal de CNN en Afganist\u00e1n que est\u00e1 reporteando todos los d\u00edas, con informaci\u00f3n sobre el terreno y en un idioma accesible (ingl\u00e9s). Seguramente ella seguir\u00e1 reporteando hasta cuando se lo permitan. Tambi\u00e9n sugiero visitar la p\u00e1gina de <a href=\"https:\/\/www.aljazeera.com\/\" target=\"_blank\" rel=\"noopener\">Al Jazeera<\/a> en ingl\u00e9s o ver sus transmisiones en Facebook y en Youtube.<\/p>\n","protected":false},"excerpt":{"rendered":"<p>\u00bfQu\u00e9 pas\u00f3 con la ocupaci\u00f3n estadounidense en Afganist\u00e1n? \u00bfQu\u00e9 sistema de gobierno rige en este pa\u00eds? Estas y otras dudas las resuelve Felipe Medina Guti\u00e9rrez, profesor de Estudios de Medio Oriente en la Pontificia Universidad Javeriana.<\/p>\n","protected":false},"author":3,"featured_media":21616,"comment_status":"open","ping_status":"open","sticky":false,"template":"","format":"standard","meta":{"footnotes":""},"categories":[373],"tags":[2884,2878,2890,2881,367,1324,2883,783,2880,2882,605],"class_list":{"0":"post-19987","1":"post","2":"type-post","3":"status-publish","4":"format-standard","5":"has-post-thumbnail","7":"category-sociedad","8":"tag-acuerdos-de-doha","9":"tag-afganistan","10":"tag-al-qaeda","11":"tag-biden","12":"tag-conflicto-armado","13":"tag-estados-unidos","14":"tag-obama","15":"tag-sociedad","16":"tag-taliban","17":"tag-trump","18":"tag-violencia"},"_links":{"self":[{"href":"http:\/\/www.javeriana.edu.co\/pesquisa\/wp-json\/wp\/v2\/posts\/19987","targetHints":{"allow":["GET"]}}],"collection":[{"href":"http:\/\/www.javeriana.edu.co\/pesquisa\/wp-json\/wp\/v2\/posts"}],"about":[{"href":"http:\/\/www.javeriana.edu.co\/pesquisa\/wp-json\/wp\/v2\/types\/post"}],"author":[{"embeddable":true,"href":"http:\/\/www.javeriana.edu.co\/pesquisa\/wp-json\/wp\/v2\/users\/3"}],"replies":[{"embeddable":true,"href":"http:\/\/www.javeriana.edu.co\/pesquisa\/wp-json\/wp\/v2\/comments?post=19987"}],"version-history":[{"count":14,"href":"http:\/\/www.javeriana.edu.co\/pesquisa\/wp-json\/wp\/v2\/posts\/19987\/revisions"}],"predecessor-version":[{"id":30454,"href":"http:\/\/www.javeriana.edu.co\/pesquisa\/wp-json\/wp\/v2\/posts\/19987\/revisions\/30454"}],"wp:featuredmedia":[{"embeddable":true,"href":"http:\/\/www.javeriana.edu.co\/pesquisa\/wp-json\/wp\/v2\/media\/21616"}],"wp:attachment":[{"href":"http:\/\/www.javeriana.edu.co\/pesquisa\/wp-json\/wp\/v2\/media?parent=19987"}],"wp:term":[{"taxonomy":"category","embeddable":true,"href":"http:\/\/www.javeriana.edu.co\/pesquisa\/wp-json\/wp\/v2\/categories?post=19987"},{"taxonomy":"post_tag","embeddable":true,"href":"http:\/\/www.javeriana.edu.co\/pesquisa\/wp-json\/wp\/v2\/tags?post=19987"}],"curies":[{"name":"wp","href":"https:\/\/api.w.org\/{rel}","templated":true}]}}