{"id":20573,"date":"2021-09-07T07:00:59","date_gmt":"2021-09-07T12:00:59","guid":{"rendered":"http:\/\/www.javeriana.edu.co\/pesquisa\/?p=20573"},"modified":"2022-03-17T10:42:40","modified_gmt":"2022-03-17T15:42:40","slug":"abuso-sexual-contra-menores-mas-alla-de-la-cadena-perpetua","status":"publish","type":"post","link":"http:\/\/www.javeriana.edu.co\/pesquisa\/abuso-sexual-contra-menores-mas-alla-de-la-cadena-perpetua\/","title":{"rendered":"Abuso sexual contra menores: m\u00e1s all\u00e1 de la cadena perpetua"},"content":{"rendered":"<p>\u201c\u00bfQu\u00e9 mejor castigo que la cadena perpetua para violadores de ni\u00f1os?, \u00a1S\u00ed, eso es lo que merecen!, \u00a1Que se pudran en la c\u00e1rcel, es m\u00e1s, que les sumen la castraci\u00f3n!\u201d. Estos son algunos de los comentarios que empezaron a resonar cuando el 6 de julio el presidente Iv\u00e1n Duque sancion\u00f3 la cadena perpetua para castigar a los abusadores de menores de edad en Colombia.<\/p>\n<p><a href=\"https:\/\/dapre.presidencia.gov.co\/normativa\/normativa\/ACTO%20LEGISLATIVO%2001%20DEL%2022%20DE%20JULIO%20DE%202020.pdf\" target=\"_blank\" rel=\"noopener\">Este acto legislativo<\/a> implementaba la cadena perpetua como pena para violadores y asesinos de ni\u00f1os, ni\u00f1as y adolescentes y recibi\u00f3 por nombre Ley Gilma Jim\u00e9nez, en honor a la exsenadora que desde el 2010 promovi\u00f3 el referendo para imponer esta norma. En ese entonces el proyecto se hundi\u00f3 en la C\u00e1mara de Representantes, Gilma Jim\u00e9nez muri\u00f3 en el 2013 y su iniciativa volvi\u00f3 a llevarse a la agenda legislativa con el <a href=\"https:\/\/leyes.senado.gov.co\/proyectos\/index.php\/textos-radicados-senado\/p-acto-2019-2020\/1723-proyecto-de-acto-legislativo-21-de-2019\" target=\"_blank\" rel=\"noopener\">proyecto de Acto Legislativo 21 de 2019<\/a>, aprobado en julio del 2021.<\/p>\n<p>No obstante, <a href=\"http:\/\/www.javeriana.edu.co\/pesquisa\/abuso-sexual-contra-menores-mas-alla-de-la-cadena-perpetua\/\">investigadores javerianos<\/a> ya hab\u00edan advertido que este no era el camino y la Corte Constitucional lo confirm\u00f3. El pasado 2 de septiembre esta instituci\u00f3n notific\u00f3 la ca\u00edda de la propuesta de ley, pues encontr\u00f3 que \u201cacoger ahora una sanci\u00f3n como la prisi\u00f3n perpetua configura un retroceso en materia de humanizaci\u00f3n de las penas, en la pol\u00edtica criminal y en la garant\u00eda de resocializaci\u00f3n de las personas condenadas\u201d, como lo expres\u00f3 en el Comunicado 33.<\/p>\n<blockquote class=\"twitter-tweet\">\n<p dir=\"ltr\" lang=\"es\"><a href=\"https:\/\/twitter.com\/hashtag\/LaCorteInforma?src=hash&amp;ref_src=twsrc%5Etfw\" target=\"_blank\" rel=\"noopener\">#LaCorteInforma<\/a> ? | La Corte encontr\u00f3 que acoger ahora una sanci\u00f3n como la prisi\u00f3n perpetua configura un retroceso en materia de humanizaci\u00f3n de las penas, en la pol\u00edtica criminal y en la garant\u00eda de resocializaci\u00f3n de las personas condenadas.<br \/>\n(1\/4) <a href=\"https:\/\/t.co\/iIdeKJv7Rv\">pic.twitter.com\/iIdeKJv7Rv<\/a><\/p>\n<p>\u2014 Corte Constitucional (@CConstitucional) <a href=\"https:\/\/twitter.com\/CConstitucional\/status\/1433767228789428226?ref_src=twsrc%5Etfw\" target=\"_blank\" rel=\"noopener\">September 3, 2021<\/a><\/p><\/blockquote>\n<p><script src=\"https:\/\/platform.twitter.com\/widgets.js\" async=\"\" charset=\"utf-8\"><\/script><\/p>\n<p>Seg\u00fan algunos acad\u00e9micos, esta medida no atacaba el problema y tampoco daba soluci\u00f3n al mismo, e incluso podr\u00eda ser precursora de falsas denuncias que, seg\u00fan explican, suceden a modo de venganza.<\/p>\n<h3>M\u00e1s all\u00e1 de la cadena perpetua<\/h3>\n<p>La situaci\u00f3n es alarmante, pues a pesar de las medidas tomadas, la violencia sexual infantil no desaparece; es m\u00e1s, se incrementa. Seg\u00fan el \u00faltimo <a href=\"https:\/\/www.medicinalegal.gov.co\/documents\/20143\/628335\/boletin+julio+2021_+1.pdf\/a9465610-59e0-9dba-cb1d-9fac8a4cbe8b\" target=\"_blank\" rel=\"noopener\">informe<\/a> estad\u00edstico de Medicina Legal, en lo corrido del 2021 y hasta el mes de julio se registraron m\u00e1s de 9 mil casos de presunto abuso sexual a menores de edad entre los 0 a los 17 a\u00f1os, 320 denuncias m\u00e1s que el a\u00f1o anterior.<\/p>\n<p>\u201cLos casos de abuso sexual van en aumento a\u00f1o tras a\u00f1o y en su mayor\u00eda las v\u00edctimas son menores de 18 a\u00f1os, lo que nos hace preguntarnos por qu\u00e9 a pesar de los \u2018avances\u2019 que se han intentado lograr (incluida la cadena perpetua) no hay una disminuci\u00f3n del suceso\u201d, plantea la psic\u00f3loga javeriana Camila Arbel\u00e1ez.<\/p>\n<figure id=\"attachment_20575\" aria-describedby=\"caption-attachment-20575\" style=\"width: 606px\" class=\"wp-caption aligncenter\"><img fetchpriority=\"high\" decoding=\"async\" class=\"wp-image-20575 size-full\" src=\"http:\/\/www.javeriana.edu.co\/pesquisa\/wp-content\/uploads\/2021\/09\/imagen-1.png\" alt=\"\" width=\"606\" height=\"436\" srcset=\"http:\/\/www.javeriana.edu.co\/pesquisa\/wp-content\/uploads\/2021\/09\/imagen-1.png 606w, http:\/\/www.javeriana.edu.co\/pesquisa\/wp-content\/uploads\/2021\/09\/imagen-1-300x216.png 300w, http:\/\/www.javeriana.edu.co\/pesquisa\/wp-content\/uploads\/2021\/09\/imagen-1-150x108.png 150w, http:\/\/www.javeriana.edu.co\/pesquisa\/wp-content\/uploads\/2021\/09\/imagen-1-450x324.png 450w\" sizes=\"(max-width: 606px) 100vw, 606px\" \/><figcaption id=\"caption-attachment-20575\" class=\"wp-caption-text\">Fuente: Medicina Legal<\/figcaption><\/figure>\n<h3>Soluciones m\u00e1s atinadas y efectivas<\/h3>\n<p>Para investigadores como Leonardo Rodr\u00edguez Cely, psic\u00f3logo forense y doctor en Criminolog\u00eda, sanciones como la cadena perpetua parecieran representar un avance que en un primer momento genera tranquilidad en la ciudadan\u00eda, \u201cpues est\u00e1 la idea de que este tipo de condenas van a persuadir a los agresores y homicidas de ni\u00f1as, ni\u00f1os y adolescentes para que no cometan el delito. Pero no es del todo as\u00ed, detr\u00e1s de esto hay aspectos importantes que no son considerados\u201d.<\/p>\n<p>\u201cEs ingenuo pensar que solamente aumentando las penas se solucione esta problem\u00e1tica\u201d, dice el psic\u00f3logo forense y a\u00f1ade que \u201ces una falsa creencia pensar que solo por la \u2018amenaza\u2019 de obtener una pena m\u00e1s fuerte se evite completamente el actuar criminal\u201d.<\/p>\n<p>En su lugar, Rodr\u00edguez resalta la necesidad de un aparato judicial fortalecido que aborde estas situaciones de forma interinstitucional e interprofesional, con el que Colombia por ahora no cuenta; asimismo, el experto se\u00f1ala que otra de las falencias en la administraci\u00f3n de justicia es la resocializaci\u00f3n, pues parece no tener cabida dentro del sistema, m\u00e1s a\u00fan cuando culturalmente en Colombia se ha privilegiado la venganza por encima de la justicia que restaura, reintegra y resocializa.<\/p>\n<p>A pesar de que la cadena perpetua era una pena revisable, es decir, que 25 a\u00f1os despu\u00e9s de haber cumplido la condena el caso del acusado ser\u00eda revisado y evaluado por el juez de instancia que dict\u00f3 el fallo, para el doctor en Criminolog\u00eda el inicio de la soluci\u00f3n se gesta en escenarios preventivos en los que el trabajo de regulaci\u00f3n emocional y control de impulsos sexuales desde la infancia juega un papel esencial para evitar este tipo de delitos, por lo que tambi\u00e9n advierte la falta de programas para identificar se\u00f1ales que predispongan a una persona a convertirse en agresor sexual.<\/p>\n<p>\u201cHaber sido v\u00edctima de maltrato f\u00edsico, psicol\u00f3gico, negligencia, desvinculaci\u00f3n emocional de los progenitores o de los cuidadores, incongruencia en las pautas de crianza y ser v\u00edctima de delitos sexuales (aunque no es generalizable porque no todas las v\u00edctimas se convierten en victimarios), s\u00ed aumentar\u00eda el factor de riesgo para cometer estos delitos\u201d, complementa Camila Arbel\u00e1ez, quien adem\u00e1s est\u00e1 culminando su maestr\u00eda en Ni\u00f1ez, Familia y Desarrollo en Contextos.<\/p>\n<p>Por eso es importante leer la violencia sexual infantil desde un panorama multicausal, ya que, seg\u00fan la psic\u00f3loga, el comportamiento del agresor puede ser la consecuencia de factores familiares, sociales, institucionales y psicol\u00f3gicos como tambi\u00e9n de su desarrollo en la infancia y adolescencia; en otras palabras, estudiar lo que los expertos denominan como criminolog\u00eda del desarrollo.<\/p>\n<p>Adem\u00e1s, dice la psic\u00f3loga Arbel\u00e1ez, otro reto pasa por generar oportunidades de acceso a la resocializaci\u00f3n por medio de un an\u00e1lisis de casos individuales y un tratamiento personalizado. Por poner un ejemplo a partir de su experiencia, Arbel\u00e1ez comenta que \u201csi bien puede que entre cada 10 casos haya 8 o 9 que han sido v\u00edctimas de abuso, hay una o dos personas que pueden estar denunciadas falsamente como abusador(a) sexual\u201d.<\/p>\n<h3>El agresor puede vivir en la misma casa<\/h3>\n<p>Rodr\u00edguez Cely se\u00f1ala la importancia de identificar qui\u00e9nes son las v\u00edctimas y qui\u00e9nes son los victimarios, pues bien es sabido que los abusadores est\u00e1n m\u00e1s cerca de lo imaginado y resultan siendo, en su mayor\u00eda, los padres, padrastros, hermanos y familiares quienes arremeten contra los ni\u00f1os, mientras que los casos disminuyen cuando se habla de psicopatolog\u00edas como la pedofilia.<\/p>\n<p>\u201cDenunciar al padre o familiar, que en muchas ocasiones es proveedor de los recursos del hogar, puede presionar a los ni\u00f1os, ni\u00f1as y adolescentes a desistir o retractarse de contar lo que pas\u00f3\u201d, explica Arbel\u00e1ez. Lo anterior limita las denuncias y hace que los niveles de impunidad en este delito sobrepasen el 90 %.<\/p>\n<blockquote><p>\u201cEl principal lugar en donde ocurre la violencia sexual a ni\u00f1as, ni\u00f1os y adolescentes es en su propia casa, en donde tambi\u00e9n habita el agresor\u201d, <a href=\"https:\/\/www.unicef.org\/nicaragua\/comunicados-prensa\/agresores-sexuales-de-ni%C3%B1as-y-adolescentes-son-familiares-o-personas-cercanas\" target=\"_blank\" rel=\"noopener\">UNICEF<\/a>.<\/p><\/blockquote>\n<p>A pesar de que en el c\u00f3digo penal colombiano no hay posibilidad de retractaci\u00f3n o desistimiento, en la pr\u00e1ctica los ni\u00f1os, ni\u00f1as y adolescentes son persuadidos por la familia o los mismos agresores para que no atiendan su obligaci\u00f3n ante la fiscal\u00eda como medios probatorios, dice Rodr\u00edguez Cely.<\/p>\n<p>Adem\u00e1s, a\u00f1ade Arbel\u00e1ez, una raz\u00f3n que muchas veces hace que los ni\u00f1os no denuncien o se retracten es el sentimiento ambiguo que se genera porque el agresor es un familiar: \u201cquien me hace da\u00f1o es quien me ama\u201d.<\/p>\n<h3>La administraci\u00f3n de justicia es poco eficaz<\/h3>\n<p>\u201cEn muchas oportunidades, cuando recibimos un caso de abuso sexual infantil, lleva sucediendo cuatro o cinco a\u00f1os, pero tambi\u00e9n hemos tenido casos que tardan diez a\u00f1os o m\u00e1s esperando su resoluci\u00f3n y las v\u00edctimas est\u00e1n cansadas de esperar\u201d, dice Rodr\u00edguez Cely.<\/p>\n<p>Ante un sistema de justicia que abandona y desprotege se acrecienta la desconfianza hacia las instituciones y, por otro lado, aparece la revictimizaci\u00f3n o victimizaci\u00f3n secundaria, pues \u201cen el proceso vemos que hay ni\u00f1os que son llamados varias veces a declarar frente a lo sucedido, reviviendo su historia una y otra vez\u201d.<\/p>\n<blockquote><p>\u201cEl ni\u00f1o, ni\u00f1a o adolescente que est\u00e1 informado y sabe c\u00f3mo responder disminuye la posibilidad de que se convierta en v\u00edctima de abuso sexual\u201d, Camila Arbel\u00e1ez.<\/p><\/blockquote>\n<p>Lo dice el <a href=\"https:\/\/www.icbf.gov.co\/cargues\/avance\/docs\/decreto_0860_2010.htm\" target=\"_blank\" rel=\"noopener\">decreto 860 de 2010 <\/a>: la garant\u00eda de los derechos de los menores de edad corresponde a la familia, al Estado y la sociedad. El Estado colombiano reconoce el rol fundamental de la familia como medio para garantizar su protecci\u00f3n integral, y a su vez, su propia responsabilidad como instituci\u00f3n en la protecci\u00f3n de los menores contra el abandono f\u00edsico, emocional y psicol\u00f3gico de sus padres o representantes legales.<\/p>\n<p>\u201cA veces los ni\u00f1os tienen sus primeras experiencias asociadas a la sexualidad a trav\u00e9s de plataformas virtuales en una cultura actual de hipersexualizaci\u00f3n\u201d, comenta el psic\u00f3logo forense Rodr\u00edguez Cely, lo que hace vital que en entornos familiares se tengan charlas abiertas sobre sexualidad y cuidado.<\/p>\n<p>Por eso es esencial, para prevenir el abuso, el trabajo con cuidadores de la primera infancia en los \u00e1mbitos escolares, familiares y sociales. \u201cTodos somos corresponsables del cuidado de la infancia y de la adolescencia y tambi\u00e9n hay una tarea pendiente a nivel de crear una pol\u00edtica p\u00fablica que se enfoque en la prevenci\u00f3n y la detecci\u00f3n temprana de v\u00edctimas y posibles victimarios, a fin de generar cerebros capaces de identificar el peligro, resolver problemas y controlar sus impulsos sexuales a futuro\u201d, finaliza Arbel\u00e1ez.<\/p>\n","protected":false},"excerpt":{"rendered":"<p>La Corte Constitucional colombiana tumb\u00f3 la cadena perpetua para violadores de menores de edad. \u00bfC\u00f3mo lograr medidas realmente efectivas?<\/p>\n","protected":false},"author":27,"featured_media":21639,"comment_status":"open","ping_status":"open","sticky":false,"template":"","format":"standard","meta":{"footnotes":""},"categories":[373],"tags":[3062,1534,3063,371,400],"class_list":{"0":"post-20573","1":"post","2":"type-post","3":"status-publish","4":"format-standard","5":"has-post-thumbnail","7":"category-sociedad","8":"tag-abuso","9":"tag-abuso-sexual","10":"tag-cadena-perpetua","11":"tag-colombia","12":"tag-menores"},"_links":{"self":[{"href":"http:\/\/www.javeriana.edu.co\/pesquisa\/wp-json\/wp\/v2\/posts\/20573","targetHints":{"allow":["GET"]}}],"collection":[{"href":"http:\/\/www.javeriana.edu.co\/pesquisa\/wp-json\/wp\/v2\/posts"}],"about":[{"href":"http:\/\/www.javeriana.edu.co\/pesquisa\/wp-json\/wp\/v2\/types\/post"}],"author":[{"embeddable":true,"href":"http:\/\/www.javeriana.edu.co\/pesquisa\/wp-json\/wp\/v2\/users\/27"}],"replies":[{"embeddable":true,"href":"http:\/\/www.javeriana.edu.co\/pesquisa\/wp-json\/wp\/v2\/comments?post=20573"}],"version-history":[{"count":4,"href":"http:\/\/www.javeriana.edu.co\/pesquisa\/wp-json\/wp\/v2\/posts\/20573\/revisions"}],"predecessor-version":[{"id":26189,"href":"http:\/\/www.javeriana.edu.co\/pesquisa\/wp-json\/wp\/v2\/posts\/20573\/revisions\/26189"}],"wp:featuredmedia":[{"embeddable":true,"href":"http:\/\/www.javeriana.edu.co\/pesquisa\/wp-json\/wp\/v2\/media\/21639"}],"wp:attachment":[{"href":"http:\/\/www.javeriana.edu.co\/pesquisa\/wp-json\/wp\/v2\/media?parent=20573"}],"wp:term":[{"taxonomy":"category","embeddable":true,"href":"http:\/\/www.javeriana.edu.co\/pesquisa\/wp-json\/wp\/v2\/categories?post=20573"},{"taxonomy":"post_tag","embeddable":true,"href":"http:\/\/www.javeriana.edu.co\/pesquisa\/wp-json\/wp\/v2\/tags?post=20573"}],"curies":[{"name":"wp","href":"https:\/\/api.w.org\/{rel}","templated":true}]}}