{"id":2244,"date":"2011-09-11T01:06:08","date_gmt":"2011-09-11T06:06:08","guid":{"rendered":"http:\/\/www.javeriana.edu.co\/pesquisa\/?p=2244"},"modified":"2022-06-21T17:57:19","modified_gmt":"2022-06-21T22:57:19","slug":"editorial-congreso-la-investigacion-xvii","status":"publish","type":"post","link":"http:\/\/www.javeriana.edu.co\/pesquisa\/editorial-congreso-la-investigacion-xvii\/","title":{"rendered":"Editorial: XI Congreso de Investigaci\u00f3n Javeriano"},"content":{"rendered":"<p>La lucidez para innovar a tiempo no es propiedad exclusiva de ning\u00fan tipo de actividad, de ning\u00fan gremio, de ninguna instituci\u00f3n. Tambi\u00e9n la investigaci\u00f3n, su gesti\u00f3n y su comunicaci\u00f3n est\u00e1n llamadas a renovarse e innovar en muchos aspectos. Son parte de la sociedad y nunca es bueno que se desvinculen del conjunto social del que forman parte. Es por eso que entre el 20 y el 23 de septiembre de este a\u00f1o la Pontificia Universidad Javeriana realizar\u00e1 su XI Congreso de Investigaci\u00f3n de una manera diferente e innovadora. En lugar de invitar, como lo hab\u00eda hecho hasta ahora, a los grupos de investigaci\u00f3n de la Universidad a exponer sus m\u00e1s recientes investigaciones, hemos optado por analizar primero su producci\u00f3n m\u00e1s reciente para determinar, con base en lo ya publicado, cu\u00e1les son en realidad nuestras fortalezas como universidad que investiga.<\/p>\n<p>As\u00ed, hemos identificado hasta ahora 12 fortalezas tem\u00e1ticas alrededor de las cuales girar\u00e1 el Congreso de este a\u00f1o y donde confluyen nuestros grupos de investigaci\u00f3n. Estas son: 1) aprovechamiento de los recursos naturales con fines biotecnol\u00f3gicos; 2) comunicaci\u00f3n, sociedad y cultura; 3) conflicto y migraciones forzadas; 4) democracia, ciudadan\u00eda y derechos; 5) desarrollo sostenible y biodiversidad; 6) educaci\u00f3n y pedagog\u00eda; 7) inclusi\u00f3n social; 8) infraestructura y territorio; 9) innovaci\u00f3n para la competitividad; 10) investigaci\u00f3n biom\u00e9dica; 11) manejo y gesti\u00f3n del recurso h\u00eddrico y energ\u00e9tico; y 12) pol\u00edticas, sistemas y servicios de salud.<\/p>\n<p>Quien es consciente de sus propias fortalezas y debilidades sabe a qu\u00e9 atenerse. Como puede verse, se trata de un cubrimiento muy amplio de temas, problemas, m\u00e9todos y perspectivas. Esta amplitud es una de nuestras principales riquezas; no solo pone de relieve el significativo avance de la investigaci\u00f3n en la Javeriana en los \u00faltimos a\u00f1os, sino que nos desaf\u00eda y nos exige nuevas formas de di\u00e1logo interdisciplinario. Este Congreso ser\u00e1, entonces, una oportunidad privilegiada para el di\u00e1logo abierto, profundamente acad\u00e9mico, pero no por ello menos comprometido con los problemas actuales de Colombia.<\/p>\n<p>Abierto porque estamos convencidos de que no podemos aislarnos de otros que, al igual que nosotros, tambi\u00e9n han venido trabajando esos mismos asuntos y problemas, quiz\u00e1s desde otras perspectivas, pero con el mismo rigor acad\u00e9mico. En las mesas de trabajo tendremos invitados externos. Con ellos queremos compartir nuestros avances y tambi\u00e9n nuestras muchas perplejidades para continuar construyendo el conocimiento que Colombia necesita para su desarrollo arm\u00f3nico, esto es, que incluya lo tecnol\u00f3gico y lo cient\u00edfico, pero tambi\u00e9n lo social, econ\u00f3mico y pol\u00edtico, as\u00ed como lo ambiental y cultural, lo human\u00edstico y lo art\u00edstico.<\/p>\n<p>Por eso mismo este di\u00e1logo no podr\u00e1 ser ajeno ni indiferente ante los m\u00e1s graves y delicados problemas del pa\u00eds. Los temas en los que somos fuertes en investigaci\u00f3n son tambi\u00e9n los temas cruciales y decisivos para el presente y el futuro de Colombia. En ellos se puede entrever que en el centro de nuestra actividad investigativa institucional est\u00e1 el ser humano \u2014las personas individuales y los grupos sociales\u2014 con todo el complejo mundo de herencias \u2014heridas y cicatrices\u2014 que van tejiendo sus identidades y sus posibilidades de futuro. Investigamos microorganismos en circunstancias extremas de vida con el mismo rigor con el que intentamos comprender a los grupos de desplazados por la violencia pol\u00edtica; y todo eso lo hacemos porque nos interesan los seres humanos con rostros definidos y precisos, con sus condicionamientos biol\u00f3gicos, sus conflictividades sociales y ambientales, sus m\u00faltiples inteligencias e identidades, y su llamado a la trascendencia. La investigaci\u00f3n, as\u00ed entendida, a la vez que nos conecta con el pa\u00eds que tenemos, nos invita a conectarnos con el pa\u00eds que so\u00f1amos.<\/p>\n<h5>Vicente Dur\u00e1n Casas, S.J.<br \/>\n<em>Vicerrector Acad\u00e9mico<\/em><br \/>\n<em>Pontificia Universidad Javeriana<\/em><\/h5>\n<hr \/>\n<h5 style=\"text-align: left;\"><\/h5>\n","protected":false},"excerpt":{"rendered":"<p>La lucidez para innovar a tiempo no es propiedad exclusiva de ning\u00fan tipo de actividad, de ning\u00fan gremio, de ninguna instituci\u00f3n.<\/p>\n","protected":false},"author":95,"featured_media":22913,"comment_status":"open","ping_status":"open","sticky":false,"template":"","format":"standard","meta":{"footnotes":""},"categories":[372,3697],"tags":[2905,499],"class_list":{"0":"post-2244","1":"post","2":"type-post","3":"status-publish","4":"format-standard","5":"has-post-thumbnail","7":"category-opinion","8":"category-editorial","9":"tag-congreso-la-investigacion","10":"tag-javeriana"},"_links":{"self":[{"href":"http:\/\/www.javeriana.edu.co\/pesquisa\/wp-json\/wp\/v2\/posts\/2244","targetHints":{"allow":["GET"]}}],"collection":[{"href":"http:\/\/www.javeriana.edu.co\/pesquisa\/wp-json\/wp\/v2\/posts"}],"about":[{"href":"http:\/\/www.javeriana.edu.co\/pesquisa\/wp-json\/wp\/v2\/types\/post"}],"author":[{"embeddable":true,"href":"http:\/\/www.javeriana.edu.co\/pesquisa\/wp-json\/wp\/v2\/users\/95"}],"replies":[{"embeddable":true,"href":"http:\/\/www.javeriana.edu.co\/pesquisa\/wp-json\/wp\/v2\/comments?post=2244"}],"version-history":[{"count":11,"href":"http:\/\/www.javeriana.edu.co\/pesquisa\/wp-json\/wp\/v2\/posts\/2244\/revisions"}],"predecessor-version":[{"id":29473,"href":"http:\/\/www.javeriana.edu.co\/pesquisa\/wp-json\/wp\/v2\/posts\/2244\/revisions\/29473"}],"wp:featuredmedia":[{"embeddable":true,"href":"http:\/\/www.javeriana.edu.co\/pesquisa\/wp-json\/wp\/v2\/media\/22913"}],"wp:attachment":[{"href":"http:\/\/www.javeriana.edu.co\/pesquisa\/wp-json\/wp\/v2\/media?parent=2244"}],"wp:term":[{"taxonomy":"category","embeddable":true,"href":"http:\/\/www.javeriana.edu.co\/pesquisa\/wp-json\/wp\/v2\/categories?post=2244"},{"taxonomy":"post_tag","embeddable":true,"href":"http:\/\/www.javeriana.edu.co\/pesquisa\/wp-json\/wp\/v2\/tags?post=2244"}],"curies":[{"name":"wp","href":"https:\/\/api.w.org\/{rel}","templated":true}]}}