{"id":2289,"date":"2011-09-11T01:00:29","date_gmt":"2011-09-11T06:00:29","guid":{"rendered":"http:\/\/www.javeriana.edu.co\/pesquisa\/?p=2289"},"modified":"2022-05-03T13:42:38","modified_gmt":"2022-05-03T18:42:38","slug":"un-congreso-que-valora-la-interdisciplinariedad","status":"publish","type":"post","link":"http:\/\/www.javeriana.edu.co\/pesquisa\/un-congreso-que-valora-la-interdisciplinariedad\/","title":{"rendered":"Un congreso que valora la interdisciplinariedad"},"content":{"rendered":"<p>Con una nueva metodolog\u00eda que pretende facilitar la divulgaci\u00f3n de proyectos y el di\u00e1logo interdisciplinario, los organizadores han identificado 12 \u00e1reas tem\u00e1ticas (ver editorial de la presente edici\u00f3n de Pesquisa) en torno a las que se reunir\u00e1n m\u00e1s de 190 grupos de investigaci\u00f3n de todas las facultades e institutos (incluida la sede Cali). Lo novedoso es que estos foros, que tendr\u00e1n lugar de manera simult\u00e1nea entre el 20 y el 23 de septiembre, son incluyentes en el sentido en que acogen trabajos de todas las \u00e1reas y permiten una mayor participaci\u00f3n del p\u00fablico asistente.<\/p>\n<p>La interdisciplinariedad se hace evidente en cada uno de los foros. Ejemplo de ello es el denominado \u201cConflicto, desplazamiento y paz\u201d, que abarca grupos de ciencias jur\u00eddicas, comunicaci\u00f3n y lenguaje, ciencias pol\u00edticas y relaciones internacionales, ciencias sociales, filosof\u00eda, psicolog\u00eda, etc., lo que demuestra que s\u00ed es posible el trabajo conjunto entre los diferentes campos de conocimiento.<\/p>\n<p>Seg\u00fan el investigador especializado en fitoqu\u00edmica Jorge Robles Camargo, con el evento se \u201cpuede encontrar que grupos de investigaci\u00f3n de diferentes facultades tienen intereses comunes; de la misma manera, se divulgan las investigaciones, lo que indica que la universidad est\u00e1 proyectada a la soluci\u00f3n de problem\u00e1ticas del pa\u00eds\u201d. Desde su tercera etapa, iniciada en 2009, la participaci\u00f3n de actores externos ha sido mucho m\u00e1s activa.<\/p>\n<p>Por su parte, el arquitecto y tambi\u00e9n investigador Felipe Gonz\u00e1lez Mora sostiene que \u201cse trata de un nuevo reto, que promete, con la apropiada identificaci\u00f3n de los grupos afines y temas adecuados, el desarrollo de una investigaci\u00f3n m\u00e1s madura y objetiva, gracias al concurso interdisciplinar\u201d. Las tem\u00e1ticas escogidas para esta versi\u00f3n son diversas y van desde la educaci\u00f3n y la pedagog\u00eda, o la gesti\u00f3n del recurso h\u00eddrico y energ\u00e9tico, hasta el aprovechamiento de los recursos naturales con fines biotecnol\u00f3gicos, o la infraestructura y el territorio.<\/p>\n<p>Como prueba de su liderazgo en el tema entre las instituciones privadas nacionales,\u00a0el congreso javeriano mostrar\u00e1 las fortalezas en investigaci\u00f3n obtenidas en el periodo 2004-2011, durante el cual, de acuerdo con las estad\u00edsticas del Sistema de Administraci\u00f3n de Proyectos (SIAP) de la Vicerrector\u00eda Acad\u00e9mica, se han realizado m\u00e1s de ochocientos proyectos. Proyectos que, para el arquitecto Gonz\u00e1lez, buscan \u201caportar el m\u00e1ximo esfuerzo para la creaci\u00f3n de soluciones b\u00e1sicas para la sociedad colombiana\u201d.<\/p>\n<p>El congreso no solo es un espacio que contribuye a construir una memoria institucional sobre el fortalecimiento de las capacidades investigativas. Entre sus principales fines est\u00e1, sin duda alguna, continuar siendo el espacio en el que profesores y estudiantes pueden reflexionar sobre los retos y desaf\u00edos de la investigaci\u00f3n en la universidad y en el pa\u00eds.<\/p>\n<hr \/>\n<h5><\/h5>\n","protected":false},"excerpt":{"rendered":"<p>Lejos de ese evento que surgi\u00f3 en 1990 para impulsar proyectos de investigaci\u00f3n, en ese entonces escasos, la decimoprimera versi\u00f3n del congreso \u201cLa investigaci\u00f3n en la Pontificia Universidad Javeriana\u201d llega como un espacio que evidencia la maduraci\u00f3n y el desarrollo que ha tenido la actividad investigativa, no solo en la instituci\u00f3n sino en todo el pa\u00eds.<\/p>\n","protected":false},"author":40,"featured_media":22895,"comment_status":"open","ping_status":"open","sticky":false,"template":"","format":"standard","meta":{"footnotes":""},"categories":[127],"tags":[],"class_list":{"0":"post-2289","1":"post","2":"type-post","3":"status-publish","4":"format-standard","5":"has-post-thumbnail","7":"category-innovacion"},"_links":{"self":[{"href":"http:\/\/www.javeriana.edu.co\/pesquisa\/wp-json\/wp\/v2\/posts\/2289","targetHints":{"allow":["GET"]}}],"collection":[{"href":"http:\/\/www.javeriana.edu.co\/pesquisa\/wp-json\/wp\/v2\/posts"}],"about":[{"href":"http:\/\/www.javeriana.edu.co\/pesquisa\/wp-json\/wp\/v2\/types\/post"}],"author":[{"embeddable":true,"href":"http:\/\/www.javeriana.edu.co\/pesquisa\/wp-json\/wp\/v2\/users\/40"}],"replies":[{"embeddable":true,"href":"http:\/\/www.javeriana.edu.co\/pesquisa\/wp-json\/wp\/v2\/comments?post=2289"}],"version-history":[{"count":8,"href":"http:\/\/www.javeriana.edu.co\/pesquisa\/wp-json\/wp\/v2\/posts\/2289\/revisions"}],"predecessor-version":[{"id":29463,"href":"http:\/\/www.javeriana.edu.co\/pesquisa\/wp-json\/wp\/v2\/posts\/2289\/revisions\/29463"}],"wp:featuredmedia":[{"embeddable":true,"href":"http:\/\/www.javeriana.edu.co\/pesquisa\/wp-json\/wp\/v2\/media\/22895"}],"wp:attachment":[{"href":"http:\/\/www.javeriana.edu.co\/pesquisa\/wp-json\/wp\/v2\/media?parent=2289"}],"wp:term":[{"taxonomy":"category","embeddable":true,"href":"http:\/\/www.javeriana.edu.co\/pesquisa\/wp-json\/wp\/v2\/categories?post=2289"},{"taxonomy":"post_tag","embeddable":true,"href":"http:\/\/www.javeriana.edu.co\/pesquisa\/wp-json\/wp\/v2\/tags?post=2289"}],"curies":[{"name":"wp","href":"https:\/\/api.w.org\/{rel}","templated":true}]}}