{"id":24939,"date":"2022-02-21T07:28:00","date_gmt":"2022-02-21T12:28:00","guid":{"rendered":"http:\/\/www.javeriana.edu.co\/pesquisa\/?p=24939"},"modified":"2022-06-21T18:19:39","modified_gmt":"2022-06-21T23:19:39","slug":"el-periodismo-ambiental-en-colombia-una-historia-de-lucha-resistencia-y-supervivencia","status":"publish","type":"post","link":"http:\/\/www.javeriana.edu.co\/pesquisa\/el-periodismo-ambiental-en-colombia-una-historia-de-lucha-resistencia-y-supervivencia\/","title":{"rendered":"El periodismo ambiental en Colombia: una historia de lucha, resistencia y supervivencia"},"content":{"rendered":"<p>Mantener la temperatura global por debajo de los 2 \u00baC y hacer lo posible para que no supere los 1,5 \u00baC. Estos par\u00e1metros, propuestos en los Acuerdos de Par\u00eds de 2015, se han convertido en verdaderos mantras contempor\u00e1neos para los pol\u00edticos, los ambientalistas y las organizaciones civiles de todo el mundo. No obstante, la realidad parece no coincidir con las promesas y los compromisos a los que se llega en las asambleas internacionales. De hecho, el Programa de las Naciones Unidas para el Medio Ambiente estima que, a este paso, la temperatura de la Tierra aumentar\u00e1 en un 2,7 \u00baC para el fin del siglo.<\/p>\n<p>Esta cr\u00edtica situaci\u00f3n se ve reforzada por la falta de pol\u00edticas efectivas, la desinformaci\u00f3n de los ciudadanos y la falsa concepci\u00f3n de que esta es una problem\u00e1tica reciente. La lucha por la conservaci\u00f3n y la recuperaci\u00f3n del medio ambiente tiene una historia rica y extensa, y en ella han puesto su esfuerzo y su vida un gran n\u00famero de personas que se han encargado de denunciar los abusos y los excesos que se cometen contra el clima, la fauna y los recursos naturales en todo mundo.<\/p>\n<p>El caso colombiano no es la excepci\u00f3n, y esto queda demostrado en el reciente libro de Maryluz Vallejo Mej\u00eda, Una historia todav\u00eda verde, publicado por la Editorial Pontificia Universidad Javeriana. Esta obra recoge la singladura de los periodistas, naturalistas, l\u00edderes sociales, ecologistas, religiosos y publicaciones peri\u00f3dicas que han marcado la historia ambiental del pa\u00eds y que han influido en la implementaci\u00f3n de pol\u00edticas ambientales, el seguimiento de su cumplimiento y la denuncia de aquellas actividades y proyectos que han intentado explotar y lucrarse de la enorme diversidad nacional.<\/p>\n<figure id=\"attachment_24942\" aria-describedby=\"caption-attachment-24942\" style=\"width: 814px\" class=\"wp-caption aligncenter\"><img fetchpriority=\"high\" decoding=\"async\" class=\"wp-image-24942 size-large\" src=\"http:\/\/www.javeriana.edu.co\/pesquisa\/wp-content\/uploads\/2022\/02\/periodismo-ambiental-colombia-1-1024x696.jpg\" alt=\"\" width=\"814\" height=\"553\" srcset=\"http:\/\/www.javeriana.edu.co\/pesquisa\/wp-content\/uploads\/2022\/02\/periodismo-ambiental-colombia-1-1024x696.jpg 1024w, http:\/\/www.javeriana.edu.co\/pesquisa\/wp-content\/uploads\/2022\/02\/periodismo-ambiental-colombia-1-300x204.jpg 300w, http:\/\/www.javeriana.edu.co\/pesquisa\/wp-content\/uploads\/2022\/02\/periodismo-ambiental-colombia-1-150x102.jpg 150w, http:\/\/www.javeriana.edu.co\/pesquisa\/wp-content\/uploads\/2022\/02\/periodismo-ambiental-colombia-1-450x306.jpg 450w, http:\/\/www.javeriana.edu.co\/pesquisa\/wp-content\/uploads\/2022\/02\/periodismo-ambiental-colombia-1-1200x816.jpg 1200w, http:\/\/www.javeriana.edu.co\/pesquisa\/wp-content\/uploads\/2022\/02\/periodismo-ambiental-colombia-1-768x522.jpg 768w, http:\/\/www.javeriana.edu.co\/pesquisa\/wp-content\/uploads\/2022\/02\/periodismo-ambiental-colombia-1.jpg 1280w\" sizes=\"(max-width: 814px) 100vw, 814px\" \/><figcaption id=\"caption-attachment-24942\" class=\"wp-caption-text\">Fotograf\u00eda: Padre Enrique P\u00e9rez Arbel\u00e1ez \/ Archivo General de la Naci\u00f3n \/ Fondo Enrique P\u00e9rez Arbel\u00e1ez<\/figcaption><\/figure>\n<p>Luego, se centra en la labor incansable del padre Enrique P\u00e9rez Arbel\u00e1ez, uno de los exponentes m\u00e1s destacados del periodismo ambiental en Colombia, a quien la autora considera su padre fundador. Por medio de sus denuncias en su columna de El Tiempo, su trabajo como bot\u00e1nico y sus m\u00faltiples viajes y proyectos en defensa del medio ambiente, el padre P\u00e9rez Arbel\u00e1ez marc\u00f3 toda una generaci\u00f3n de periodistas y cient\u00edficos que se encargar\u00edan de velar por la conservaci\u00f3n de los recursos naturales en Colombia.<\/p>\n<p>La segunda mitad del siglo XX se caracteriza por la consolidaci\u00f3n del periodismo investigativo ambiental, gracias al trabajo de Daniel Samper Pizano y Alberto Donadio en la Unidad Investigativa de El Tiempo; a la tribuna y los diversos escritos de \u00c1lvaro Torres Barrero; a varios art\u00edculos de la revista Alternativa; a las campa\u00f1as conjuntas en defensa de los r\u00edos Magdalena y Amazonas, de la sierra de la Macarena y del Parque Natural de Salamanca; y a un creciente n\u00famero de denuncias p\u00fablicas en contra del tr\u00e1fico de fauna, la contaminaci\u00f3n ambiental y el uso de pesticidas venenosos.<\/p>\n<p>Al terminar el siglo XX y empezar el XXI, esta historia de Maryluz Vallejo rescata las nuevas voces del periodismo ambiental en el pa\u00eds, trasladando su investigaci\u00f3n del discurso hist\u00f3rico a un escenario contempor\u00e1neo en el que entrevista a los periodistas Olga Cecilia Guerrero Rodr\u00edguez, Ruby Marcela P\u00e9rez Jim\u00e9nez, Pablo Correa Torres y Tatiana Pardo Ibarra.<\/p>\n<p>Este libro termina con una advertencia, pues la lucha contra el cambio clim\u00e1tico y por la conservaci\u00f3n de los recursos naturales no solo no ha terminado, sino que se est\u00e1 perdiendo. En uno de los pa\u00edses m\u00e1s biodiversos del mundo, las pol\u00edticas de doble filo, los \u2018micos\u2019 legales y los contratos multimillonarios parecen a veces tomar la ventaja, por lo que el trabajo de los periodistas ambientales y de las asociaciones civiles y la presi\u00f3n popular son vitales. Tal vez as\u00ed podremos admirar las maravillosas fotograf\u00edas tomadas por el padre P\u00e9rez Arbel\u00e1ez que se encuentran al final del libro y sentir orgullo frente a lo que se ha conservado y no nostalgia por aquello que ya no se podr\u00e1 recuperar.<\/p>\n","protected":false},"excerpt":{"rendered":"<p>&#8220;Una historia todav\u00eda verde&#8221;, una obra que recoge la singladura de los periodistas, naturalistas, l\u00edderes sociales, ecologistas, religiosos y publicaciones peri\u00f3dicas que han marcado la historia ambiental del pa\u00eds.<\/p>\n","protected":false},"author":33,"featured_media":24941,"comment_status":"open","ping_status":"open","sticky":false,"template":"","format":"standard","meta":{"footnotes":""},"categories":[376,3687,127,3695,380],"tags":[3510,777,371,3550,562,1949,307,3000,500,3549,450,3551],"class_list":{"0":"post-24939","1":"post","2":"type-post","3":"status-publish","4":"format-standard","5":"has-post-thumbnail","7":"category-ambiente","8":"category-cambio-climatico","9":"category-innovacion","10":"category-literatura","11":"category-pesquisa-impresa","12":"tag-calentamiento-global","13":"tag-cambio-climatico","14":"tag-colombia","15":"tag-jose-celestino-mutis","16":"tag-libros","17":"tag-maryluz-vallejo","18":"tag-medio-ambiente","19":"tag-novedades-editoriales","20":"tag-periodismo","21":"tag-periodismo-ambiental","22":"tag-resistencia","23":"tag-resistencia-ambiental"},"_links":{"self":[{"href":"http:\/\/www.javeriana.edu.co\/pesquisa\/wp-json\/wp\/v2\/posts\/24939","targetHints":{"allow":["GET"]}}],"collection":[{"href":"http:\/\/www.javeriana.edu.co\/pesquisa\/wp-json\/wp\/v2\/posts"}],"about":[{"href":"http:\/\/www.javeriana.edu.co\/pesquisa\/wp-json\/wp\/v2\/types\/post"}],"author":[{"embeddable":true,"href":"http:\/\/www.javeriana.edu.co\/pesquisa\/wp-json\/wp\/v2\/users\/33"}],"replies":[{"embeddable":true,"href":"http:\/\/www.javeriana.edu.co\/pesquisa\/wp-json\/wp\/v2\/comments?post=24939"}],"version-history":[{"count":7,"href":"http:\/\/www.javeriana.edu.co\/pesquisa\/wp-json\/wp\/v2\/posts\/24939\/revisions"}],"predecessor-version":[{"id":26605,"href":"http:\/\/www.javeriana.edu.co\/pesquisa\/wp-json\/wp\/v2\/posts\/24939\/revisions\/26605"}],"wp:featuredmedia":[{"embeddable":true,"href":"http:\/\/www.javeriana.edu.co\/pesquisa\/wp-json\/wp\/v2\/media\/24941"}],"wp:attachment":[{"href":"http:\/\/www.javeriana.edu.co\/pesquisa\/wp-json\/wp\/v2\/media?parent=24939"}],"wp:term":[{"taxonomy":"category","embeddable":true,"href":"http:\/\/www.javeriana.edu.co\/pesquisa\/wp-json\/wp\/v2\/categories?post=24939"},{"taxonomy":"post_tag","embeddable":true,"href":"http:\/\/www.javeriana.edu.co\/pesquisa\/wp-json\/wp\/v2\/tags?post=24939"}],"curies":[{"name":"wp","href":"https:\/\/api.w.org\/{rel}","templated":true}]}}