{"id":24949,"date":"2021-12-15T07:00:00","date_gmt":"2021-12-15T12:00:00","guid":{"rendered":"http:\/\/www.javeriana.edu.co\/pesquisa\/?p=24949"},"modified":"2022-06-21T15:34:59","modified_gmt":"2022-06-21T20:34:59","slug":"ya-van-26-conferencias-de-las-naciones-unidas-sobre-el-cambio-climatico-y","status":"publish","type":"post","link":"http:\/\/www.javeriana.edu.co\/pesquisa\/ya-van-26-conferencias-de-las-naciones-unidas-sobre-el-cambio-climatico-y\/","title":{"rendered":"Ya van 26 conferencias de las Naciones Unidas sobre el cambio clim\u00e1tico\u2026 \u00bfY?"},"content":{"rendered":"<p>Uno quisiera ver en acciones las metas, objetivos y compromisos que han firmado y ratificado los pa\u00edses frente a la crisis clim\u00e1tica reportada por la comunidad cient\u00edfica con suficiente evidencia desde hace d\u00e9cadas.<\/p>\n<p>Pero son muchos los intereses que est\u00e1n en juego y quienes tienen la \u00faltima palabra son los representantes de los gobiernos de los 193 estados miembros de las Naciones Unidas, el organismo internacional que promueve las Conferencias de las Partes (COP) sobre cambio clim\u00e1tico. Pero no todos han firmado, y eso pesa.<\/p>\n<p>Las alertas sobre las consecuencias de continuar generando gases de efecto invernadero a la atm\u00f3sfera son pan de cada d\u00eda; se manifiestan de diferentes formas y de manera extrema, incluso en Colombia, donde pueden verse en forma de inundaciones y crecientes s\u00fabitas en Antioquia, huracanes en Providencia, sequ\u00edas y consecuentes incendios en diferentes regiones de los Andes, que afectan a las poblaciones, generalmente a las m\u00e1s necesitadas.<\/p>\n<p>Los gobiernos anuncian ayudas -que son bienvenidas-, <strong>pero si adem\u00e1s pusieran en pr\u00e1ctica r\u00e1pidamente a lo que se comprometen, la historia ser\u00eda diferente<\/strong>. \u00bfPara qu\u00e9 sirven los Memorandos de Entendimiento? (acuerdos bilaterales o multilaterales) \u00bfO los Conpes? El primero, un saludo a la bandera; y el segundo, un ejercicio para demostrar el estado del arte de un tema, interesante, s\u00ed, pero ninguno de los dos documentos es vinculante, o sea, quienes firman, no se comprometen\u2026 O se comprometen a ritmo de las burocracias que en lugar de agilizar, dilatan.<\/p>\n<figure id=\"attachment_24951\" aria-describedby=\"caption-attachment-24951\" style=\"width: 814px\" class=\"wp-caption aligncenter\"><img fetchpriority=\"high\" decoding=\"async\" class=\"wp-image-24951 size-large\" src=\"http:\/\/www.javeriana.edu.co\/pesquisa\/wp-content\/uploads\/2022\/02\/cop-2021-1024x683.jpg\" alt=\"\" width=\"814\" height=\"543\" srcset=\"http:\/\/www.javeriana.edu.co\/pesquisa\/wp-content\/uploads\/2022\/02\/cop-2021-1024x683.jpg 1024w, http:\/\/www.javeriana.edu.co\/pesquisa\/wp-content\/uploads\/2022\/02\/cop-2021-300x200.jpg 300w, http:\/\/www.javeriana.edu.co\/pesquisa\/wp-content\/uploads\/2022\/02\/cop-2021-150x100.jpg 150w, http:\/\/www.javeriana.edu.co\/pesquisa\/wp-content\/uploads\/2022\/02\/cop-2021-450x300.jpg 450w, http:\/\/www.javeriana.edu.co\/pesquisa\/wp-content\/uploads\/2022\/02\/cop-2021-1200x801.jpg 1200w, http:\/\/www.javeriana.edu.co\/pesquisa\/wp-content\/uploads\/2022\/02\/cop-2021-768x512.jpg 768w, http:\/\/www.javeriana.edu.co\/pesquisa\/wp-content\/uploads\/2022\/02\/cop-2021.jpg 1280w\" sizes=\"(max-width: 814px) 100vw, 814px\" \/><figcaption id=\"caption-attachment-24951\" class=\"wp-caption-text\">Fotograf\u00eda: Shutterstock<\/figcaption><\/figure>\n<p>Estos son algunos de los compromisos que asumi\u00f3 Colombia en la pasada&nbsp;Conferencia sobre el Cambio Clim\u00e1tico (COP26), llevada a cabo del 31 de octubre al 12 de noviembre en Glasgow, Escocia.<\/p>\n<ul>\n<li>Para 2022: <a href=\"https:\/\/minciencias.gov.co\/la-ciencia-en-cifras\/grupos\" target=\"_blank\" rel=\"noopener\">sembrar 180 millones de \u00e1rboles <\/a>y lograr que un 30 % de los oc\u00e9anos y del territorio colombiano sean reserva ambiental. En una columna de opini\u00f3n publicada en el diario <em>El Tiempo<\/em>, el ministro de Ambiente y Desarrollo Sostenible, Carlos E. Correa, asegur\u00f3 que es \u201cuna excelente noticia para la conservaci\u00f3n de la biodiversidad\u201d. M\u00e1s all\u00e1 de la noticia, en sus manos est\u00e1 cumplirla.<\/li>\n<\/ul>\n<ul>\n<li>Para 2030: reducir en un 51 % las emisiones de gases efecto invernadero y lograr carbono neutro, disminuir en un 30 % las emisiones de metano y lograr que el calentamiento no supere 1.5\u2070C; adem\u00e1s, \u201cdetener\u201d la deforestaci\u00f3n gracias a acuerdo firmado por 137 pa\u00edses.<\/li>\n<\/ul>\n<p>Los pa\u00edses ricos demandan y los que estamos en otra condici\u00f3n intentamos responder. Por ejemplo, despu\u00e9s de la COP26, la Uni\u00f3n Europea anunci\u00f3 la iniciativa de <a href=\"https:\/\/www.france24.com\/es\/programas\/econom%C3%ADa\/20211117-europa-frena-importaci%C3%B3n-productos-deforestaci%C3%B3n\" target=\"_blank\" rel=\"noopener\">prohibir importaciones de carne, aceite de palma, cacao, soja, caf\u00e9 y madera si su cultivo est\u00e1 ligado a la deforestaci\u00f3n<\/a>.<\/p>\n<p>Sobre lo anterior, Colombia se comprometi\u00f3, junto con Brasil, Per\u00fa y Uruguay a incentivar la pr\u00e1ctica sostenible de la agricultura y su respectivo comercio con medidas propias para la trazabilidad, la transparencia <a href=\"https:\/\/ukcop26.org\/forests-agriculture-and-commodity-trade-a-roadmap-for-action\/\" target=\"_blank\" rel=\"noopener\">y a apoyar la investigaci\u00f3n y la innovaci\u00f3n con apoyo a peque\u00f1os agricultores<\/a>. Seguramente se har\u00e1 con dineros que vienen de los pa\u00edses ricos y que se ejecutan a trav\u00e9s de organizaciones no gubernamentales y del mismo gobierno.<\/p>\n<p>Quiz\u00e1, de los <a href=\"https:\/\/minciencias.gov.co\/la-ciencia-en-cifras\/grupos\" target=\"_blank\" rel=\"noopener\">sembrar 180 millones de \u00e1rboles <\/a>, algunos trabajen temas de cambio clim\u00e1tico, no solo desde el enfoque ambiental, sino social y econ\u00f3mico. Con seguridad tendr\u00e1n mayor capacidad para desarrollar estas iniciativas, en tanto se trata de cient\u00edficos que demuestran tener l\u00edneas de investigaci\u00f3n a las que dedican su vida. Eso al menos da confianza de que sus esfuerzos se prolonguen en el tiempo y no terminen cuando los recursos se agotan, como pasa con otro tipo de instituciones.<\/p>\n<p>\u00bfDe qu\u00e9 han servido entonces los 26 a\u00f1os de reuniones de la COP de cambio clim\u00e1tico? Lo positivo, puede ser una mayor conciencia ciudadana. Lo demuestran las declaraciones por los pasillos de las COP, las manifestaciones por las calles de las ciudades y poblaciones, las iniciativas ciudadanas, aquellas golondrinas que anuncian el verano.<\/p>\n<p>Lo que falta: m\u00e1s informaci\u00f3n sobre lo que representan esos compromisos en la vida del ciudadano com\u00fan y corriente. Por ejemplo, reducir la emisi\u00f3n de metano significar\u00eda una ganader\u00eda sostenible para poder abastecer el mercado. Mientras se logra, \u00bfc\u00f3mo ser\u00e1 la oferta para el consumidor? Cero deforestaci\u00f3n significa dejar de tumbar unos bosques claves para la biodiversidad, pero \u00bfpermitir la motosierra en otros? De no ser as\u00ed, \u00bfc\u00f3mo abastecer industrias que dependen de la madera?<\/p>\n<p>Esos son dos ejemplos, pero ser\u00edan muchos m\u00e1s, y en ese ejercicio de cuestionar es importante que los medios de comunicaci\u00f3n vayan m\u00e1s all\u00e1 de los anuncios oficiales. El llamado a quienes tenemos la responsabilidad de informar es a formular preguntas de fondo y hacer seguimiento e investigaci\u00f3n period\u00edstica. Una reporter\u00eda responsable e informativa permitir\u00eda darle relevancia a los compromisos ambientales pactados y as\u00ed contribuir a que estos acuerdos dejen de ser solo anuncios y se vuelvan realidad.<\/p>\n<p>* Estudiante universitaria<\/p>\n","protected":false},"excerpt":{"rendered":"<p>A un mes del cierre de la COP26: bastantes compromisos que necesitan eludir los tiempos burocr\u00e1ticos y ponerse en pr\u00e1ctica r\u00e1pidamente para combatir el cambio clim\u00e1tico. \u00bfCu\u00e1les son los objetivos de Colombia?<\/p>\n","protected":false},"author":45,"featured_media":24952,"comment_status":"open","ping_status":"open","sticky":false,"template":"","format":"standard","meta":{"footnotes":""},"categories":[376,3687,471,372],"tags":[3560,1663,777,371,3561,3511],"class_list":{"0":"post-24949","1":"post","2":"type-post","3":"status-publish","4":"format-standard","5":"has-post-thumbnail","7":"category-ambiente","8":"category-cambio-climatico","9":"category-columnistas","10":"category-opinion","11":"tag-acuerdos-de-colombia","12":"tag-ambiente","13":"tag-cambio-climatico","14":"tag-colombia","15":"tag-conferencia-de-las-naciones-unidas-sobre-el-cambio-climatico","16":"tag-cop26"},"_links":{"self":[{"href":"http:\/\/www.javeriana.edu.co\/pesquisa\/wp-json\/wp\/v2\/posts\/24949","targetHints":{"allow":["GET"]}}],"collection":[{"href":"http:\/\/www.javeriana.edu.co\/pesquisa\/wp-json\/wp\/v2\/posts"}],"about":[{"href":"http:\/\/www.javeriana.edu.co\/pesquisa\/wp-json\/wp\/v2\/types\/post"}],"author":[{"embeddable":true,"href":"http:\/\/www.javeriana.edu.co\/pesquisa\/wp-json\/wp\/v2\/users\/45"}],"replies":[{"embeddable":true,"href":"http:\/\/www.javeriana.edu.co\/pesquisa\/wp-json\/wp\/v2\/comments?post=24949"}],"version-history":[{"count":8,"href":"http:\/\/www.javeriana.edu.co\/pesquisa\/wp-json\/wp\/v2\/posts\/24949\/revisions"}],"predecessor-version":[{"id":26910,"href":"http:\/\/www.javeriana.edu.co\/pesquisa\/wp-json\/wp\/v2\/posts\/24949\/revisions\/26910"}],"wp:featuredmedia":[{"embeddable":true,"href":"http:\/\/www.javeriana.edu.co\/pesquisa\/wp-json\/wp\/v2\/media\/24952"}],"wp:attachment":[{"href":"http:\/\/www.javeriana.edu.co\/pesquisa\/wp-json\/wp\/v2\/media?parent=24949"}],"wp:term":[{"taxonomy":"category","embeddable":true,"href":"http:\/\/www.javeriana.edu.co\/pesquisa\/wp-json\/wp\/v2\/categories?post=24949"},{"taxonomy":"post_tag","embeddable":true,"href":"http:\/\/www.javeriana.edu.co\/pesquisa\/wp-json\/wp\/v2\/tags?post=24949"}],"curies":[{"name":"wp","href":"https:\/\/api.w.org\/{rel}","templated":true}]}}