{"id":28796,"date":"2022-04-29T15:00:34","date_gmt":"2022-04-29T20:00:34","guid":{"rendered":"http:\/\/www.javeriana.edu.co\/pesquisa\/?p=28796"},"modified":"2022-06-14T10:38:29","modified_gmt":"2022-06-14T15:38:29","slug":"como-explicar-la-guerra-a-los-ninos","status":"publish","type":"post","link":"http:\/\/www.javeriana.edu.co\/pesquisa\/como-explicar-la-guerra-a-los-ninos\/","title":{"rendered":"\u00bfC\u00f3mo explicar la guerra a los ni\u00f1os?"},"content":{"rendered":"\n<p>\u201cPapi, \u00bfqu\u00e9 es un bombardeo?\u201d. La pregunta dej\u00f3 pasmado a Javier por un instante. \u00bfC\u00f3mo explicarle a Sof\u00eda, su hija de seis a\u00f1os, la noticia que oy\u00f3 minutos antes en el noticiero mientras recortaba letras de una revista para su tarea? Las im\u00e1genes de edificios destrozados, los tanques cruzando las calles a toda velocidad y el reporte de cifras de muertos y heridos en un nuevo ataque ruso en una ciudad ucraniana, no eran f\u00e1ciles de explicarle a una ni\u00f1a que apenas est\u00e1 aprendiendo a leer.<\/p>\n\n\n\n<p>Aclarar las dudas de los ni\u00f1os en un lenguaje sencillo y que les sea cercano no resulta simple para los padres cuando se trata de fen\u00f3menos tan complejos como la guerra o los conflictos armados. M\u00e1s a\u00fan, cuando constantemente est\u00e1n recibiendo este tipo de noticias en todos los medios de comunicaci\u00f3n y las redes sociales.<\/p>\n\n\n\n<figure class=\"wp-block-image size-large\"><img fetchpriority=\"high\" decoding=\"async\" width=\"1024\" height=\"536\" src=\"http:\/\/www.javeriana.edu.co\/pesquisa\/wp-content\/uploads\/2022\/03\/imagen-referencia-tropas-1-guerra-ucrania-1024x536.jpg\" alt=\"\" class=\"wp-image-25789\" srcset=\"http:\/\/www.javeriana.edu.co\/pesquisa\/wp-content\/uploads\/2022\/03\/imagen-referencia-tropas-1-guerra-ucrania-1024x536.jpg 1024w, http:\/\/www.javeriana.edu.co\/pesquisa\/wp-content\/uploads\/2022\/03\/imagen-referencia-tropas-1-guerra-ucrania-300x157.jpg 300w, http:\/\/www.javeriana.edu.co\/pesquisa\/wp-content\/uploads\/2022\/03\/imagen-referencia-tropas-1-guerra-ucrania-150x79.jpg 150w, http:\/\/www.javeriana.edu.co\/pesquisa\/wp-content\/uploads\/2022\/03\/imagen-referencia-tropas-1-guerra-ucrania-450x236.jpg 450w, http:\/\/www.javeriana.edu.co\/pesquisa\/wp-content\/uploads\/2022\/03\/imagen-referencia-tropas-1-guerra-ucrania-1200x628.jpg 1200w, http:\/\/www.javeriana.edu.co\/pesquisa\/wp-content\/uploads\/2022\/03\/imagen-referencia-tropas-1-guerra-ucrania-768x402.jpg 768w, http:\/\/www.javeriana.edu.co\/pesquisa\/wp-content\/uploads\/2022\/03\/imagen-referencia-tropas-1-guerra-ucrania.jpg 1280w\" sizes=\"(max-width: 1024px) 100vw, 1024px\" \/><figcaption>Imagen de referencia \/ Shutterstock<\/figcaption><\/figure>\n\n\n\n<p>Para Carolina Morales, profesora e investigadora del Departamento de Psicolog\u00eda de la Pontificia Universidad Javeriana, no es recomendable evitar este tipo de conversaciones: \u201cNo hablar de ello tambi\u00e9n es una manera de validar un mundo injusto. Asumir que el mundo es as\u00ed o que las cosas pasan porque s\u00ed, es una forma de decir que no se puede hacer nada por cambiarlo\u201d, afirma.<\/p>\n\n\n\n<p>As\u00ed que este tipo de preguntas pueden ser una oportunidad para construir referentes \u00e9ticos que les permita formar, desde esas edades, su criterio y sus capacidades ciudadanas.<\/p>\n\n\n\n<figure class=\"wp-block-image size-large\"><img decoding=\"async\" width=\"1024\" height=\"682\" src=\"http:\/\/www.javeriana.edu.co\/pesquisa\/wp-content\/uploads\/2022\/04\/explicar-guerra-ninos-colombia-1024x682.jpg\" alt=\"\" class=\"wp-image-28804\" srcset=\"http:\/\/www.javeriana.edu.co\/pesquisa\/wp-content\/uploads\/2022\/04\/explicar-guerra-ninos-colombia-1024x682.jpg 1024w, http:\/\/www.javeriana.edu.co\/pesquisa\/wp-content\/uploads\/2022\/04\/explicar-guerra-ninos-colombia-300x200.jpg 300w, http:\/\/www.javeriana.edu.co\/pesquisa\/wp-content\/uploads\/2022\/04\/explicar-guerra-ninos-colombia-150x100.jpg 150w, http:\/\/www.javeriana.edu.co\/pesquisa\/wp-content\/uploads\/2022\/04\/explicar-guerra-ninos-colombia-450x300.jpg 450w, http:\/\/www.javeriana.edu.co\/pesquisa\/wp-content\/uploads\/2022\/04\/explicar-guerra-ninos-colombia-1200x800.jpg 1200w, http:\/\/www.javeriana.edu.co\/pesquisa\/wp-content\/uploads\/2022\/04\/explicar-guerra-ninos-colombia-768x512.jpg 768w, http:\/\/www.javeriana.edu.co\/pesquisa\/wp-content\/uploads\/2022\/04\/explicar-guerra-ninos-colombia.jpg 1280w\" sizes=\"(max-width: 1024px) 100vw, 1024px\" \/><figcaption>Foto: Shutterstock<\/figcaption><\/figure>\n\n\n\n<h4 class=\"wp-block-heading\"><strong>\u00bfC\u00f3mo abordar un tema de estos?<\/strong><\/h4>\n\n\n\n<p>Un punto fundamental es que el adulto debe transmitir tranquilidad al ni\u00f1o. Para una conversaci\u00f3n as\u00ed se necesita haber construido una relaci\u00f3n de cercan\u00eda, confianza y afecto. Explicarle que estos hechos suceden en un lugar espec\u00edfico y que no necesariamente le puede pasar algo similar, si es que est\u00e1 en un entorno seguro y protegido.<\/p>\n\n\n\n<p>Morales, quien es experta en acompa\u00f1amiento psicosocial en contextos del conflicto armado, enfatiza que en caso de que la amenaza sea verdadera y la guerra est\u00e9 cerca, o sea el d\u00eda a d\u00eda, como sucede en muchos territorios colombianos, los padres deben hacerle sentir al ni\u00f1o que est\u00e1 acompa\u00f1ado y le deben informar las estrategias o acciones que se tomar\u00e1n para la protecci\u00f3n del n\u00facleo familiar en caso de acciones violentas.<\/p>\n\n\n\n<p>Otra recomendaci\u00f3n es mencionar las cosas por su nombre y hacerlo hablando de los derechos humanos para explicarle al ni\u00f1o o ni\u00f1a las acciones que suceden en un contexto as\u00ed.<\/p>\n\n\n\n<p>La especialista se\u00f1ala que es com\u00fan que este tipo de informaci\u00f3n cause miedo, angustia, rabia, frustraci\u00f3n, impotencia o sensaci\u00f3n de desprotecci\u00f3n en los menores. \u201cSe trata de acompa\u00f1ar ese proceso emocional, validarlo, reconocerlo como normal. Decirles: &#8216;si eres capaz de sentir esto, es porque eres emp\u00e1tico con la experiencia de otros y yo te acompa\u00f1o en ese proceso&#8217;\u201d, manifiesta.<\/p>\n\n\n\n<p>El abordaje que se le da a este tipo de di\u00e1logos depender\u00e1 de la manera en que los padres y familias interpretan estos hechos, sus causas y efectos. En ese sentido, una posibilidad es responder hasta donde sea posible en el momento, pero buscar m\u00e1s informaci\u00f3n posteriormente para dar una respuesta m\u00e1s a fondo.<\/p>\n\n\n\n<p>\u201cYo creo que desde una apuesta \u00e9tica es importante que las familias se pregunten acerca de c\u00f3mo ven el mundo y cu\u00e1l es la idea de mundo que quieren mostrar a sus hijos e hijas\u201d, dice Morales.<\/p>\n\n\n\n<p>Otro punto que menciona es generar conciencia en los ni\u00f1os y ni\u00f1as sobre el sufrimiento que produce la guerra. \u201cMe parece que este puede ser un escenario para la prevenci\u00f3n de la violencia, mostrar c\u00f3mo sufre la gente y las familias, c\u00f3mo genera da\u00f1os y afectaciones. Esto debe estar dirigido a que entiendan que la violencia no est\u00e1 bien y que puedan condenar este tipo de actos\u201d, sostiene.<\/p>\n\n\n\n<p>En la conversaci\u00f3n se debe prestar mucha atenci\u00f3n para entender cu\u00e1les son sus interrogantes, no minimizarlos e intentar responder a lo que les interesa. \u201cUna pregunta puede ser por qu\u00e9 hay un ni\u00f1o llorando por perder su casa o al despedirse de su pap\u00e1. Tal vez no necesito darle toda la informaci\u00f3n sobre el conflicto, sino lo que requiere resolver es qu\u00e9 le genera tristeza. Puede estar hablando desde la angustia de que le pase lo mismo\u201d, asegura.<\/p>\n\n\n\n<h4 class=\"wp-block-heading\"><strong>Complejizar el an\u00e1lisis de la guerra<\/strong><\/h4>\n\n\n\n<p>Con el paso del tiempo, y en un contexto como el colombiano en el que por d\u00e9cadas se ha vivido en medio del conflicto armado es com\u00fan que se naturalicen situaciones que atentan contra la vida y dignidad de las personas.<\/p>\n\n\n\n<p>\u201cAqu\u00ed ya nos parece normal que ocurra una masacre. Si un d\u00eda matan a dos personas en Guain\u00eda y no tenemos a nadie cercano all\u00e1, pareciera que no nos importa y yo creo que ese es un elemento que las familias deben empezar a trabajar. Esto sirve no solo para contar lo que est\u00e1 pasando, sino para generar un referente \u00e9tico que diga: existe esta situaci\u00f3n, pero no deber\u00eda suceder\u201d, opina Morales.<\/p>\n\n\n\n<figure class=\"wp-block-image size-full\"><img decoding=\"async\" width=\"900\" height=\"592\" src=\"http:\/\/www.javeriana.edu.co\/pesquisa\/wp-content\/uploads\/2022\/02\/arauca-conflicto-.jpg\" alt=\"\" class=\"wp-image-25368\" srcset=\"http:\/\/www.javeriana.edu.co\/pesquisa\/wp-content\/uploads\/2022\/02\/arauca-conflicto-.jpg 900w, http:\/\/www.javeriana.edu.co\/pesquisa\/wp-content\/uploads\/2022\/02\/arauca-conflicto--300x197.jpg 300w, http:\/\/www.javeriana.edu.co\/pesquisa\/wp-content\/uploads\/2022\/02\/arauca-conflicto--150x99.jpg 150w, http:\/\/www.javeriana.edu.co\/pesquisa\/wp-content\/uploads\/2022\/02\/arauca-conflicto--450x296.jpg 450w, http:\/\/www.javeriana.edu.co\/pesquisa\/wp-content\/uploads\/2022\/02\/arauca-conflicto--768x505.jpg 768w\" sizes=\"(max-width: 900px) 100vw, 900px\" \/><figcaption>Fotograf\u00eda: Cortes\u00eda El Espectador<\/figcaption><\/figure>\n\n\n\n<p>Desde su experiencia, tambi\u00e9n se deber\u00eda cuestionar los juegos que hacen con otros ni\u00f1os y los videojuegos. Le parece que una sociedad que tiene una tendencia tan marcada por los juegos b\u00e9licos da cuenta de una cultura que normaliza y justifica la acci\u00f3n armada.<\/p>\n\n\n\n<p>\u201cNo se trata de satanizar estos juegos. Es preguntarles qu\u00e9 implica que para ganar, tenga que matar a todo el mundo o sobre c\u00f3mo se disfruta el acto de matar al rival, o que tenga que ganar el m\u00e1s fuerte y violento.&nbsp; M\u00e1s all\u00e1 de prohibir, se trata de generar conversaciones y discusiones sobre lo \u00e9tico en la vida real. La sola prohibici\u00f3n no genera nada transformador\u201d, expone.<\/p>\n\n\n\n<p>La docente es cr\u00edtica con discursos que justifiquen la acci\u00f3n violenta porque estos recaen en se\u00f1alar a h\u00e9roes y villanos. En su opini\u00f3n, estas visiones borran los l\u00edmites \u00e9ticos y llevan a que ciertas acciones y muertes sean consideradas como necesarias mientras que otras s\u00ed deben ser condenadas.<\/p>\n\n\n\n<p>Morales es consciente de que a\u00fan estas discusiones no son f\u00e1ciles al interior de las familias. Un pa\u00eds polarizado por el conflicto armado y por asuntos pol\u00edticos prefiere en muchos casos no hablar sobre este tipo de temas, pero considera que, sobre todo para los menores, es beneficioso aprender que el silencio no sea la forma de evitar pol\u00e9micas.<\/p>\n\n\n\n<p>\u201cHay que procurar hablar de los disensos de manera tranquila y cuestionarnos la l\u00f3gica polarizada en temas pol\u00edticos. Habr\u00eda que tratar de encontrar maneras de decir que la vida en sociedad tiene conflictos y tenemos que poder hablar de eso\u201d, dice.<\/p>\n\n\n\n<p>Para la investigadora, todas las instituciones sociales, incluidas la familia, deber\u00edan ser capaces de comprender que hay distintas maneras de entender lo que est\u00e1 pasando y deber\u00eda hacerse un ejercicio ciudadano y \u00e9tico para preguntar como sociedad, qu\u00e9 versiones de las guerras permitir\u00edan transitar hacia otro lugar.<\/p>\n\n\n\n<p>Si quiere saber m\u00e1s puede leer <a href=\"https:\/\/www.javeriana.edu.co\/pesquisa\/conflicto-colombiano-una-materia-que-se-raja-en-los-libros-escolares\/\">Conflicto colombiano, una materia que se raja en los libros escolares<\/a>.<\/p>\n","protected":false},"excerpt":{"rendered":"<p>En los \u00faltimos meses los medios se han saturado con noticias de guerra. Recomendaciones de una investigadora javeriana para que los padres puedan explicar estos fen\u00f3menos a los m\u00e1s peque\u00f1os.<\/p>\n","protected":false},"author":26,"featured_media":28806,"comment_status":"open","ping_status":"open","sticky":false,"template":"","format":"standard","meta":{"footnotes":""},"categories":[373,3692],"tags":[3768,3766,3767],"class_list":{"0":"post-28796","1":"post","2":"type-post","3":"status-publish","4":"format-standard","5":"has-post-thumbnail","7":"category-sociedad","8":"category-paz-y-conflicto","9":"tag-comunicar-la-guerra-a-ninos","10":"tag-guerra-y-ninos-en-colombia","11":"tag-hablar-de-la-guerra"},"_links":{"self":[{"href":"http:\/\/www.javeriana.edu.co\/pesquisa\/wp-json\/wp\/v2\/posts\/28796","targetHints":{"allow":["GET"]}}],"collection":[{"href":"http:\/\/www.javeriana.edu.co\/pesquisa\/wp-json\/wp\/v2\/posts"}],"about":[{"href":"http:\/\/www.javeriana.edu.co\/pesquisa\/wp-json\/wp\/v2\/types\/post"}],"author":[{"embeddable":true,"href":"http:\/\/www.javeriana.edu.co\/pesquisa\/wp-json\/wp\/v2\/users\/26"}],"replies":[{"embeddable":true,"href":"http:\/\/www.javeriana.edu.co\/pesquisa\/wp-json\/wp\/v2\/comments?post=28796"}],"version-history":[{"count":4,"href":"http:\/\/www.javeriana.edu.co\/pesquisa\/wp-json\/wp\/v2\/posts\/28796\/revisions"}],"predecessor-version":[{"id":33562,"href":"http:\/\/www.javeriana.edu.co\/pesquisa\/wp-json\/wp\/v2\/posts\/28796\/revisions\/33562"}],"wp:featuredmedia":[{"embeddable":true,"href":"http:\/\/www.javeriana.edu.co\/pesquisa\/wp-json\/wp\/v2\/media\/28806"}],"wp:attachment":[{"href":"http:\/\/www.javeriana.edu.co\/pesquisa\/wp-json\/wp\/v2\/media?parent=28796"}],"wp:term":[{"taxonomy":"category","embeddable":true,"href":"http:\/\/www.javeriana.edu.co\/pesquisa\/wp-json\/wp\/v2\/categories?post=28796"},{"taxonomy":"post_tag","embeddable":true,"href":"http:\/\/www.javeriana.edu.co\/pesquisa\/wp-json\/wp\/v2\/tags?post=28796"}],"curies":[{"name":"wp","href":"https:\/\/api.w.org\/{rel}","templated":true}]}}