{"id":307,"date":"2008-12-08T12:00:54","date_gmt":"2008-12-08T17:00:54","guid":{"rendered":"http:\/\/www.javeriana.edu.co\/pesquisa\/?p=307"},"modified":"2022-05-02T14:39:19","modified_gmt":"2022-05-02T19:39:19","slug":"la-vicerrectoria-academica-de-la-javeriana-abre-sus-puertas-a-la-innovacion-y-el-desarrollo","status":"publish","type":"post","link":"http:\/\/www.javeriana.edu.co\/pesquisa\/la-vicerrectoria-academica-de-la-javeriana-abre-sus-puertas-a-la-innovacion-y-el-desarrollo\/","title":{"rendered":"La Vicerrector\u00eda Acad\u00e9mica de la Javeriana abre sus puertas a la innovaci\u00f3n y el desarrollo"},"content":{"rendered":"<p>La Oficina para el Fomento de la Investigaci\u00f3n, adscrita a esta dependencia, ser\u00e1 la encargada de gestionar el Programa de Innovaci\u00f3n y Desarrollo para apoyar a los docentes investigadores en las actividades y estrategias propias de los procesos de transferencia de conocimiento.<\/p>\n<p style=\"text-align: left;\">La Javeriana cuenta con grupos de investigaci\u00f3n con amplia trayectoria en diversos temas, con una base cient\u00edfica y tecnol\u00f3gica s\u00f3lida que les da la posibilidad de ofrecer soluciones y aplicaciones concretas a problemas de la sociedad. Raz\u00f3n por la cual ha considerado fundamental apoyar los procesos de innovaci\u00f3n y desarrollo para ofrecer paquetes tecnol\u00f3gicos en los que participen diferentes \u00e1reas del conocimiento, haciendo m\u00e1s competitiva la oferta cient\u00edfica y tecnol\u00f3gica de la instituci\u00f3n.<\/p>\n<p style=\"text-align: left;\">Se espera que esta nueva labor contribuya a potenciar los procesos de colaboraci\u00f3n cient\u00edfica y t\u00e9cnica para la generaci\u00f3n, transferencia, apropiaci\u00f3n y uso de los resultados de la investigaci\u00f3n a la sociedad, estrechando las relaciones de la universidad con el sector productivo, el Gobierno y dem\u00e1s potenciales usuarios del conocimiento.<\/p>\n<p style=\"text-align: left;\">Las din\u00e1micas propias de estos procesos tambi\u00e9n servir\u00e1n de puntal para promover y apoyar el esp\u00edritu emprendedor en la comunidad acad\u00e9mica que le permita proponer oportunidades de negocio novedosas, que conlleven la creaci\u00f3n de empresas derivadas de la universidad.<\/p>\n<p style=\"text-align: left;\">Entre las actividades estrat\u00e9gicas que se vienen desarrollando en el marco de este programa est\u00e1n los cursos de capacitaci\u00f3n en propiedad intelectual y transferencia de tecnolog\u00eda, dirigidos a la comunidad acad\u00e9mica javeriana. Asimismo, la universidad est\u00e1 participando con dos proyectos en Davinci, un programa piloto que pretende que los proyectos de investigaci\u00f3n con potencial empresarial de las universidades cuenten con todas las herramientas para transformarse en oportunidades de negocio o empresas de base tecnol\u00f3gica. Este programa es promovido por la Secretaria de Desarrollo Econ\u00f3mico de la Alcald\u00eda Mayor de Bogot\u00e1, las once universidades pertenecientes a la Alianza Comit\u00e9 Universidad \u2013 Empresa \u2013 Estado \u2013 Bogot\u00e1 Regi\u00f3n, Tecnoparque del SENA y Crea-me, Centro Integral de Servicios Empresariales.<\/p>\n<hr \/>\n<h5 style=\"text-align: left;\"><\/h5>\n","protected":false},"excerpt":{"rendered":"<p>La Vicerrector\u00eda Acad\u00e9mica de la Universidad Javeriana abre una nueva l\u00ednea de apoyo para dinamizar la transferencia de la oferta cient\u00edfico-t\u00e9cnica universitaria a diferentes sectores de la sociedad.<\/p>\n","protected":false},"author":40,"featured_media":22659,"comment_status":"open","ping_status":"open","sticky":false,"template":"","format":"standard","meta":{"footnotes":""},"categories":[127],"tags":[499,3251,623,366],"class_list":{"0":"post-307","1":"post","2":"type-post","3":"status-publish","4":"format-standard","5":"has-post-thumbnail","7":"category-innovacion","8":"tag-javeriana","9":"tag-sena","10":"tag-universidades","11":"tag-vicerrectoria-de-investigacion"},"_links":{"self":[{"href":"http:\/\/www.javeriana.edu.co\/pesquisa\/wp-json\/wp\/v2\/posts\/307","targetHints":{"allow":["GET"]}}],"collection":[{"href":"http:\/\/www.javeriana.edu.co\/pesquisa\/wp-json\/wp\/v2\/posts"}],"about":[{"href":"http:\/\/www.javeriana.edu.co\/pesquisa\/wp-json\/wp\/v2\/types\/post"}],"author":[{"embeddable":true,"href":"http:\/\/www.javeriana.edu.co\/pesquisa\/wp-json\/wp\/v2\/users\/40"}],"replies":[{"embeddable":true,"href":"http:\/\/www.javeriana.edu.co\/pesquisa\/wp-json\/wp\/v2\/comments?post=307"}],"version-history":[{"count":6,"href":"http:\/\/www.javeriana.edu.co\/pesquisa\/wp-json\/wp\/v2\/posts\/307\/revisions"}],"predecessor-version":[{"id":29180,"href":"http:\/\/www.javeriana.edu.co\/pesquisa\/wp-json\/wp\/v2\/posts\/307\/revisions\/29180"}],"wp:featuredmedia":[{"embeddable":true,"href":"http:\/\/www.javeriana.edu.co\/pesquisa\/wp-json\/wp\/v2\/media\/22659"}],"wp:attachment":[{"href":"http:\/\/www.javeriana.edu.co\/pesquisa\/wp-json\/wp\/v2\/media?parent=307"}],"wp:term":[{"taxonomy":"category","embeddable":true,"href":"http:\/\/www.javeriana.edu.co\/pesquisa\/wp-json\/wp\/v2\/categories?post=307"},{"taxonomy":"post_tag","embeddable":true,"href":"http:\/\/www.javeriana.edu.co\/pesquisa\/wp-json\/wp\/v2\/tags?post=307"}],"curies":[{"name":"wp","href":"https:\/\/api.w.org\/{rel}","templated":true}]}}