{"id":3255,"date":"2013-12-09T14:10:29","date_gmt":"2013-12-09T19:10:29","guid":{"rendered":"http:\/\/www.javeriana.edu.co\/pesquisa\/?p=3255"},"modified":"2022-05-09T12:55:09","modified_gmt":"2022-05-09T17:55:09","slug":"artesanos-que-tocan-la-fibra-con-su-enriquecido-canastear","status":"publish","type":"post","link":"http:\/\/www.javeriana.edu.co\/pesquisa\/artesanos-que-tocan-la-fibra-con-su-enriquecido-canastear\/","title":{"rendered":"Artesanos que tocan la fibra con su enriquecido canastear"},"content":{"rendered":"<p>Cuentan en el Valle de Tenza que para identificar a un poblador de la regi\u00f3n existe una se\u00f1al de identidad inequ\u00edvoca: la persona sabr\u00e1 canastear.<\/p>\n<p>El verbo ha sido acu\u00f1ado y validado en este, al que tambi\u00e9n se conoce como el \u201cvalle del rey de los vientos\u201d; una regi\u00f3n que ha visto dar origen a miles de soles constituidos en el armante de su tradicional cester\u00eda de chin.<\/p>\n<p>Entre sol y sol, sus artesanos han vivido tambi\u00e9n los arados, las siembras, las cosechas, la educaci\u00f3n de los hijos, el orde\u00f1o de las vacas, la preparaci\u00f3n de las comidas, el cuidado de las gallinas, las fiestas populares, las tertulias campesinas y las cantas que recuerdan c\u00f3mo la \u201cchicha de Sutatenza tiene un saborcito a piste, qui hace llorar al m\u00e1s guapo y cantar al que \u2019t\u00e9 triste\u201d.<\/p>\n<p>Rafa, Paulina, Rosa, Adelina, Oliva, Salom\u00f3n, Ilvania, Mar\u00eda Clara y Rosalba son solo algunos de los maestros del arte del canastear que durante casi dos a\u00f1os compartieron con acad\u00e9micos y estudiantes de la Universidad Javeriana el enriquecedor proceso que se gest\u00f3 con la investigaci\u00f3n \u201cDise\u00f1o participativo como estrategia de competitividad en la cester\u00eda de la comunidad artesanal del Valle de Tenza\u201d, liderada por la dise\u00f1adora Cielo Qui\u00f1ones y financiada por la Uni\u00f3n Europea, el Ministerio de Comercio, Industria y Turismo, la Gobernaci\u00f3n de Boyac\u00e1 y la propia universidad.<\/p>\n<p>Lo que se esperaba con ella era incrementar la competitividad de los productos artesanales de cester\u00eda a trav\u00e9s de la incorporaci\u00f3n del dise\u00f1o participativo, el fortalecimiento de la capacidad productiva sostenible, el mejoramiento de la calidad y la implementaci\u00f3n de estrategias de comercializaci\u00f3n y autogesti\u00f3n, todo ello en el marco de los requerimientos de los mercados verdes.<\/p>\n<h4>Participar y valorar<\/h4>\n<p>Pensar y hacer en torno a la creaci\u00f3n artesanal son las acciones que marcan el esp\u00edritu del trabajo y que encuentran en la investigaci\u00f3n-acci\u00f3n participativa y el m\u00e9todo axiol\u00f3gico-semiol\u00f3gico los caminos m\u00e1s apropiados para alcanzar los objetivos propuestos. Se trataba de estar con los artesanos; de trabajar con ellos; de valorar sus tradiciones; de explorar, reconocer y resaltar el significado del oficio de la cester\u00eda para esta comunidad, buscando identificar segmentos demercado cuyas formas de vida y estilos de pensamiento tuvieran el potencial de ser articulados en un claro proceso de reconocimiento intercultural.<\/p>\n<p>Se hab\u00eda observado que la problem\u00e1tica del sector artesanal del Valle de Tenza ten\u00eda que ver con la baja competitividad, una sentida necesidad de diversificaci\u00f3n de productos, la falta de incorporaci\u00f3n de par\u00e1metros y sistemas para el aseguramiento de la calidad, las debilidades de una producci\u00f3n limpiay sostenible, el aislamiento comercial y la poca solidez en la gesti\u00f3n de las asociaciones de artesanos.<\/p>\n<p>Talleres como \u201cHomenaje al oficio\u201d o \u201cSemillero de ideas de productos\u201d convocan entonces a investigadores, dise\u00f1adores, estudiantes y artesanos de la Corporaci\u00f3n Arte y Cultura Sutatenzana, del municipio de Sutatenza, y de la Organizaci\u00f3n Cooperativa Revivir, del municipio de Tenza. Los saberes mutuos y diversos emergen para, en un primer momento, acercarse a la valoraci\u00f3n de la comunidad sobre su oficio artesanal. \u201cEsto fue hermoso\u201d, dice Cielo Qui\u00f1ones, \u201cya que algo muy significativo en la labor de los artesanos es que mientras se trabaja, se conversa, se cuentan historias, aparecen los refranes, las historias de vida, la simbolog\u00eda del campo\u2026 Son espacios en los que secomparte la vida y la experiencia de lo que es hacer un canasto, de lo que ello significa como dimensi\u00f3n simb\u00f3lica de representaci\u00f3n de identidad, de pertenencia a un territorio y como actividad econ\u00f3mica relevante\u201d.<\/p>\n<p>Con la riqueza de unos valores reconocidos se avanza a los procesos de diversificaci\u00f3n, siempre pensando en alcanzar una producci\u00f3n m\u00e1s limpia y en mejorar la calidad de las artesan\u00edas, aspectos que aportan, sin duda, a la comercializaci\u00f3n.<\/p>\n<p>La dise\u00f1adora Cielo Qui\u00f1ones, quien tiene una amplia experiencia en el tema con trabajos como Conspirando con los artesanos y El impacto del dise\u00f1o en la artesan\u00eda, destaca que al reconocimiento de los valores, del paisaje natural y cultural, se suma el reconocimiento de los mercados potenciales, proceso en el que juega un papel muy activo la comunidad artesanal.<\/p>\n<p>Se trataba tambi\u00e9n, explica, de \u201cidentificar qui\u00e9nes eran esas personas para las que los productos que se diversificaran tendr\u00edan sentido por la impronta del trabajo manual y de acercar a esos potenciales compradores a las comunidades\u201d.<\/p>\n<p>Para dicho fin se utiliz\u00f3 la t\u00e9cnica del collage art\u00edstico y los investigadores se apoyaron en los estudios del soci\u00f3logo italiano Francesco Morace, sobre estilos de pensamiento emergente en el mundo. En los talleres, los artesanos ve\u00edan a sus potenciales compradores, los sent\u00edan, de alguna manera, al identificar en revistas y peri\u00f3dicos los perfiles, los espacios, los productos de la vida cotidiana. Recortaban y dialogaban.<\/p>\n<p>Recortaban e iban considerando posibles nuevos productos para llevar al proceso de diversificaci\u00f3n. No se pensaba en hacer una ruptura al innovar, sino de plantear un tipo de creaci\u00f3n en el que no se perdiera la tradici\u00f3n, y fueran posibles tanto la continuidad simb\u00f3lica como la apertura de nuevos mercados y la consecuci\u00f3n de mayores ingresos.<\/p>\n<h4>Desarrollo local y multisectorial<\/h4>\n<p>La investigaci\u00f3n hizo parte de una serie amplia de acciones inscritas en el proyecto Desarrollo Local y Comercio en Colombia (Delco), impulsado por el Gobierno colombiano y la Uni\u00f3n Europea, con el fin de promover un desarrollo econ\u00f3mico local equitativo y sostenible y el empleo digno en los departamentos de Bol\u00edvar, Santander, Boyac\u00e1, Meta, Valle del Cauca y Cesar, utilizando la metodolog\u00eda Leader, propia delas iniciativas de desarrollo rural de la Uni\u00f3n Europea.<\/p>\n<p>Es un enfoque que privilegia el trabajo multisectorial, de ah\u00ed que este proyecto de dise\u00f1o participativo se articulara con otros desarrollados en el Valle de Tenza en caf\u00e9s especiales, caf\u00e9 org\u00e1nico, ecoturismo y acci\u00f3n local.<\/p>\n<p>Cielo Qui\u00f1ones valora la din\u00e1mica que esto supuso en la construcci\u00f3n de una dimensi\u00f3n de territorio, que para ella fue el plus del proyecto: \u201cLa solidaridad, la vinculaci\u00f3n entre instituciones y el trabajo de pensar la vocaci\u00f3n del territorio desde la base se potencian en procesos como este\u201d.<\/p>\n<p>Como en el cesto de los tesoros, esta investigaci\u00f3n deja un cat\u00e1logo rico en productos de bisuter\u00eda, cester\u00eda o iluminaci\u00f3n; el sello de calidad \u201cHecho a mano\u201d de Icontec; dos asociaciones fortalecidas en su gesti\u00f3n organizacional; la experiencia de participaci\u00f3n en ferias como Expoartesan\u00edas; un incremento del 30\u2009% en la ventas; un plan estrat\u00e9gico de desarrollo artesanal a partir de la construcci\u00f3n del \u00e1rbol de los deseos; planes de mercadeo; una p\u00e1gina web y un tejido de afectos que se expande en nuevos proyectos del Departamento de Dise\u00f1o de la Facultad de Arquitectura y Dise\u00f1o de la Universidad Javeriana.<\/p>\n<hr \/>\n<h5>Para saber m\u00e1s:<\/h5>\n<address><span style=\"color: #808080;\">\u00bbBarrera, G. &amp; Qui\u00f1ones, C. (2006). Conspirando con los artesanos: cr\u00edtica y propuesta al dise\u00f1o en la artesan\u00eda. Bogot\u00e1: Editorial Pontificia Universidad Javeriana. <\/span><\/address>\n<address><span style=\"color: #808080;\">\u00bbDepartamento de Dise\u00f1o, Facultad de Arquitectura y Dise\u00f1o, Pontificia Universidad Javeriana. \u201cDise\u00f1o participativo como estrategia de competitividad en la cester\u00eda de la comunidad artesanal del Valle de Tenza\u201d. Disponible en: https:\/\/pujportal.javeriana.edu.co\/portal\/page\/portal\/Facultad%20de%20Arquitectura%20y%20Diseno\/dpto_dis_presentacion\/dpto_dis_socio_cultural. <\/span><\/address>\n<address><span style=\"color: #808080;\">Recuperado en: 08\/11\/2013.<\/span><\/address>\n<address><span style=\"color: #808080;\">\u00bbVV. AA. (2011). Entre soles y armantes. Dise\u00f1o participativo y artesan\u00eda en el Valle de Tenza. Bogot\u00e1: Pontificia Universidad Javeriana, Uni\u00f3n Europea, Gobernaci\u00f3n de Boyac\u00e1, Ministerio de Comercio, Industria y Turismo.<\/span><\/address>\n<address><span style=\"color: #808080;\">\u00a0<\/span><\/address>\n<hr \/>\n<h5><\/h5>\n","protected":false},"excerpt":{"rendered":"<p>Dar protagonismo a la participaci\u00f3n y a la valoraci\u00f3n de la dimensi\u00f3n simb\u00f3lica de un oficio ancestral, como el de la cester\u00eda del Valle de Tenza, desencadena un proceso de creaci\u00f3n que logra mejorar los ingresos, la calidad, el cuidado del medio ambiente, el empoderamiento organizacional, la visibilidad y la comercializaci\u00f3n de los productos artesanales de este territorio boyacense.<\/p>\n","protected":false},"author":98,"featured_media":23154,"comment_status":"open","ping_status":"open","sticky":false,"template":"","format":"standard","meta":{"footnotes":""},"categories":[199,113,380],"tags":[79,117],"class_list":{"0":"post-3255","1":"post","2":"type-post","3":"status-publish","4":"format-standard","5":"has-post-thumbnail","7":"category-cultura","8":"category-pesquisa-26","9":"category-pesquisa-impresa","10":"tag-artesania","11":"tag-valle-de-tenza"},"_links":{"self":[{"href":"http:\/\/www.javeriana.edu.co\/pesquisa\/wp-json\/wp\/v2\/posts\/3255","targetHints":{"allow":["GET"]}}],"collection":[{"href":"http:\/\/www.javeriana.edu.co\/pesquisa\/wp-json\/wp\/v2\/posts"}],"about":[{"href":"http:\/\/www.javeriana.edu.co\/pesquisa\/wp-json\/wp\/v2\/types\/post"}],"author":[{"embeddable":true,"href":"http:\/\/www.javeriana.edu.co\/pesquisa\/wp-json\/wp\/v2\/users\/98"}],"replies":[{"embeddable":true,"href":"http:\/\/www.javeriana.edu.co\/pesquisa\/wp-json\/wp\/v2\/comments?post=3255"}],"version-history":[{"count":5,"href":"http:\/\/www.javeriana.edu.co\/pesquisa\/wp-json\/wp\/v2\/posts\/3255\/revisions"}],"predecessor-version":[{"id":30394,"href":"http:\/\/www.javeriana.edu.co\/pesquisa\/wp-json\/wp\/v2\/posts\/3255\/revisions\/30394"}],"wp:featuredmedia":[{"embeddable":true,"href":"http:\/\/www.javeriana.edu.co\/pesquisa\/wp-json\/wp\/v2\/media\/23154"}],"wp:attachment":[{"href":"http:\/\/www.javeriana.edu.co\/pesquisa\/wp-json\/wp\/v2\/media?parent=3255"}],"wp:term":[{"taxonomy":"category","embeddable":true,"href":"http:\/\/www.javeriana.edu.co\/pesquisa\/wp-json\/wp\/v2\/categories?post=3255"},{"taxonomy":"post_tag","embeddable":true,"href":"http:\/\/www.javeriana.edu.co\/pesquisa\/wp-json\/wp\/v2\/tags?post=3255"}],"curies":[{"name":"wp","href":"https:\/\/api.w.org\/{rel}","templated":true}]}}