{"id":33327,"date":"2021-07-01T09:29:20","date_gmt":"2021-07-01T14:29:20","guid":{"rendered":"http:\/\/www.javeriana.edu.co\/pesquisa\/?p=33327"},"modified":"2022-06-13T09:08:33","modified_gmt":"2022-06-13T14:08:33","slug":"propuestas-para-la-transformacion-social-de-colombia","status":"publish","type":"post","link":"http:\/\/www.javeriana.edu.co\/pesquisa\/propuestas-para-la-transformacion-social-de-colombia\/","title":{"rendered":"Propuestas para la transformaci\u00f3n social de Colombia"},"content":{"rendered":"\t\t<div data-elementor-type=\"wp-post\" data-elementor-id=\"33327\" class=\"elementor elementor-33327\" data-elementor-post-type=\"post\">\n\t\t\t\t\t\t<section class=\"has-el-gap el-gap-default elementor-section elementor-top-section elementor-element elementor-element-6ebe290d elementor-section-boxed elementor-section-height-default elementor-section-height-default\" data-id=\"6ebe290d\" data-element_type=\"section\" data-e-type=\"section\">\n\t\t\t\t\t\t<div class=\"elementor-container elementor-column-gap-no\">\n\t\t\t\t\t<div class=\"elementor-column elementor-col-100 elementor-top-column elementor-element elementor-element-20ed261e\" data-id=\"20ed261e\" data-element_type=\"column\" data-e-type=\"column\">\n\t\t\t<div class=\"elementor-widget-wrap elementor-element-populated\">\n\t\t\t\t\t\t<section class=\"has-el-gap el-gap-default elementor-section elementor-inner-section elementor-element elementor-element-6ff69108 elementor-section-boxed elementor-section-height-default elementor-section-height-default\" data-id=\"6ff69108\" data-element_type=\"section\" data-e-type=\"section\">\n\t\t\t\t\t\t<div class=\"elementor-container elementor-column-gap-no\">\n\t\t\t\t\t\t<\/div>\n\t\t<\/section>\n\t\t\t\t<section class=\"has-el-gap el-gap-default elementor-section elementor-inner-section elementor-element elementor-element-5ff2f11b elementor-section-boxed elementor-section-height-default elementor-section-height-default\" data-id=\"5ff2f11b\" data-element_type=\"section\" data-e-type=\"section\">\n\t\t\t\t\t\t<div class=\"elementor-container elementor-column-gap-no\">\n\t\t\t\t\t\t<\/div>\n\t\t<\/section>\n\t\t\t\t<section class=\"has-el-gap el-gap-default elementor-section elementor-inner-section elementor-element elementor-element-c1a4da0 elementor-section-boxed elementor-section-height-default elementor-section-height-default\" data-id=\"c1a4da0\" data-element_type=\"section\" data-e-type=\"section\">\n\t\t\t\t\t\t<div class=\"elementor-container elementor-column-gap-no\">\n\t\t\t\t\t\t<\/div>\n\t\t<\/section>\n\t\t\t\t<section class=\"has-el-gap el-gap-default elementor-section elementor-inner-section elementor-element elementor-element-7a8b0fc5 elementor-section-boxed elementor-section-height-default elementor-section-height-default\" data-id=\"7a8b0fc5\" data-element_type=\"section\" data-e-type=\"section\">\n\t\t\t\t\t\t<div class=\"elementor-container elementor-column-gap-no\">\n\t\t\t\t\t\t<\/div>\n\t\t<\/section>\n\t\t\t\t<section class=\"has-el-gap el-gap-default elementor-section elementor-inner-section elementor-element elementor-element-7c68995e elementor-section-boxed elementor-section-height-default elementor-section-height-default\" data-id=\"7c68995e\" data-element_type=\"section\" data-e-type=\"section\">\n\t\t\t\t\t\t<div class=\"elementor-container elementor-column-gap-no\">\n\t\t\t\t\t\t<\/div>\n\t\t<\/section>\n\t\t\t\t<section class=\"has-el-gap el-gap-default elementor-section elementor-inner-section elementor-element elementor-element-3157a607 elementor-section-boxed elementor-section-height-default elementor-section-height-default\" data-id=\"3157a607\" data-element_type=\"section\" data-e-type=\"section\">\n\t\t\t\t\t\t<div class=\"elementor-container elementor-column-gap-no\">\n\t\t\t\t\t\t<\/div>\n\t\t<\/section>\n\t\t\t\t<section class=\"has-el-gap el-gap-default elementor-section elementor-inner-section elementor-element elementor-element-756d00dd elementor-section-boxed elementor-section-height-default elementor-section-height-default\" data-id=\"756d00dd\" data-element_type=\"section\" data-e-type=\"section\">\n\t\t\t\t\t\t<div class=\"elementor-container elementor-column-gap-no\">\n\t\t\t\t\t\t<\/div>\n\t\t<\/section>\n\t\t\t\t<section class=\"has-el-gap el-gap-default elementor-section elementor-inner-section elementor-element elementor-element-24d9abbd elementor-section-boxed elementor-section-height-default elementor-section-height-default\" data-id=\"24d9abbd\" data-element_type=\"section\" data-e-type=\"section\">\n\t\t\t\t\t\t<div class=\"elementor-container elementor-column-gap-no\">\n\t\t\t\t\t\t<\/div>\n\t\t<\/section>\n\t\t\t\t<section class=\"has-el-gap el-gap-default elementor-section elementor-inner-section elementor-element elementor-element-78565401 elementor-section-boxed elementor-section-height-default elementor-section-height-default\" data-id=\"78565401\" data-element_type=\"section\" data-e-type=\"section\">\n\t\t\t\t\t\t<div class=\"elementor-container elementor-column-gap-no\">\n\t\t\t\t\t\t<\/div>\n\t\t<\/section>\n\t\t\t\t\t<\/div>\n\t\t<\/div>\n\t\t\t\t\t<\/div>\n\t\t<\/section>\n\t\t\t\t<section class=\"has-el-gap el-gap-default elementor-section elementor-top-section elementor-element elementor-element-45b6b6bc contenedor_principal elementor-section-boxed elementor-section-height-default elementor-section-height-default\" data-id=\"45b6b6bc\" data-element_type=\"section\" data-e-type=\"section\" data-settings=\"{&quot;background_background&quot;:&quot;classic&quot;}\">\n\t\t\t\t\t\t\t<div class=\"elementor-background-overlay\"><\/div>\n\t\t\t\t\t\t\t<div class=\"elementor-container elementor-column-gap-no\">\n\t\t\t\t\t<div class=\"elementor-column elementor-col-100 elementor-top-column elementor-element elementor-element-72bb2e53\" data-id=\"72bb2e53\" data-element_type=\"column\" data-e-type=\"column\">\n\t\t\t<div class=\"elementor-widget-wrap elementor-element-populated\">\n\t\t\t\t\t\t<div class=\"elementor-element elementor-element-1a210867 elementor-invisible elementor-widget elementor-widget-heading\" data-id=\"1a210867\" data-element_type=\"widget\" data-e-type=\"widget\" data-settings=\"{&quot;_animation&quot;:&quot;fadeInLeft&quot;}\" data-widget_type=\"heading.default\">\n\t\t\t\t<div class=\"elementor-widget-container\">\n\t\t\t\t\t<h1 class=\"elementor-heading-title elementor-size-xxl\">Propuestas para la transformaci\u00f3n <br \/>social de Colombia<\/h1>\t\t\t\t<\/div>\n\t\t\t\t<\/div>\n\t\t\t\t<div class=\"elementor-element elementor-element-6b4e5880 elementor-invisible elementor-widget elementor-widget-heading\" data-id=\"6b4e5880\" data-element_type=\"widget\" data-e-type=\"widget\" data-settings=\"{&quot;_animation&quot;:&quot;fadeInUp&quot;,&quot;_animation_delay&quot;:400}\" data-widget_type=\"heading.default\">\n\t\t\t\t<div class=\"elementor-widget-container\">\n\t\t\t\t\t<h2 class=\"elementor-heading-title elementor-size-large\">Carta a la Naci\u00f3n<\/h2>\t\t\t\t<\/div>\n\t\t\t\t<\/div>\n\t\t\t\t\t<\/div>\n\t\t<\/div>\n\t\t\t\t\t<\/div>\n\t\t<\/section>\n\t\t\t\t<section class=\"has-el-gap el-gap-default elementor-section elementor-top-section elementor-element elementor-element-b0c0f9e contenedor_principal elementor-section-boxed elementor-section-height-default elementor-section-height-default\" data-id=\"b0c0f9e\" data-element_type=\"section\" data-e-type=\"section\">\n\t\t\t\t\t\t\t<div class=\"elementor-background-overlay\"><\/div>\n\t\t\t\t\t\t\t<div class=\"elementor-container elementor-column-gap-no\">\n\t\t\t\t\t<div class=\"elementor-column elementor-col-100 elementor-top-column elementor-element elementor-element-46c25b3d\" data-id=\"46c25b3d\" data-element_type=\"column\" data-e-type=\"column\">\n\t\t\t<div class=\"elementor-widget-wrap elementor-element-populated\">\n\t\t\t\t\t\t<section class=\"has-el-gap el-gap-default elementor-section elementor-inner-section elementor-element elementor-element-5cad55e6 elementor-section-boxed elementor-section-height-default elementor-section-height-default\" data-id=\"5cad55e6\" data-element_type=\"section\" data-e-type=\"section\">\n\t\t\t\t\t\t<div class=\"elementor-container elementor-column-gap-no\">\n\t\t\t\t\t<div class=\"elementor-column elementor-col-100 elementor-inner-column elementor-element elementor-element-e18a37d\" data-id=\"e18a37d\" data-element_type=\"column\" data-e-type=\"column\">\n\t\t\t<div class=\"elementor-widget-wrap elementor-element-populated\">\n\t\t\t\t\t\t<div class=\"elementor-element elementor-element-19458387 elementor-invisible elementor-widget elementor-widget-heading\" data-id=\"19458387\" data-element_type=\"widget\" data-e-type=\"widget\" data-settings=\"{&quot;_animation&quot;:&quot;fadeInUp&quot;,&quot;_animation_delay&quot;:400}\" data-widget_type=\"heading.default\">\n\t\t\t\t<div class=\"elementor-widget-container\">\n\t\t\t\t\t<h2 class=\"elementor-heading-title elementor-size-large\">Carta universitaria <span class=\"textos_amarillos\">a la Naci\u00f3n<\/span><\/h2>\t\t\t\t<\/div>\n\t\t\t\t<\/div>\n\t\t\t\t\t<\/div>\n\t\t<\/div>\n\t\t\t\t\t<\/div>\n\t\t<\/section>\n\t\t\t\t<section class=\"has-el-gap el-gap-default elementor-section elementor-inner-section elementor-element elementor-element-5fc82566 elementor-section-boxed elementor-section-height-default elementor-section-height-default\" data-id=\"5fc82566\" data-element_type=\"section\" data-e-type=\"section\">\n\t\t\t\t\t\t<div class=\"elementor-container elementor-column-gap-no\">\n\t\t\t\t\t<div class=\"elementor-column elementor-col-50 elementor-inner-column elementor-element elementor-element-7e8b1210\" data-id=\"7e8b1210\" data-element_type=\"column\" data-e-type=\"column\">\n\t\t\t<div class=\"elementor-widget-wrap elementor-element-populated\">\n\t\t\t\t\t\t<div class=\"elementor-element elementor-element-49d955ff elementor-invisible elementor-widget elementor-widget-text-editor\" data-id=\"49d955ff\" data-element_type=\"widget\" data-e-type=\"widget\" data-settings=\"{&quot;_animation&quot;:&quot;fadeInUp&quot;}\" data-widget_type=\"text-editor.default\">\n\t\t\t\t<div class=\"elementor-widget-container\">\n\t\t\t\t\t\t\t\t\t<p>A partir de las protestas ciudadanas que comenzaron en noviembre de 2019 la Universidad Javeriana se puso a la tarea de abrir canales de di\u00e1logo y producir aportes que ayuden a afrontar esta dif\u00edcil coyuntura del pa\u00eds, con una visi\u00f3n prospectiva y propositiva. La columna vertebral de esta discusi\u00f3n han sido los\u00a0<a href=\"https:\/\/www.javeriana.edu.co\/recursosdb\/1575693\/2063804\/foros-javerianos_25may-2.pdf\/535cc86e-740c-ef54-1323-f7f6351c7eb2?t=1622130534714\"><strong>Foros Javerianos sobre la coyuntura y el futuro de Colombia<\/strong><\/a>, una serie de espacios en los que hemos buscado construir propuestas desde nuestra naturaleza universitaria, es decir, como comunidad educativa dedicada al an\u00e1lisis cient\u00edfico, a la reflexi\u00f3n acad\u00e9mica y al di\u00e1logo plural y respetuoso.<\/p><p>Hasta el mes de junio de 2021 se han realizado seis foros javerianos distribuidos en 22 sesiones con una asistencia total aproximada superior a las dos mil personas. Los t\u00edtulos de los foros son:<\/p><ul style=\"list-style-type: square; padding: 10px;\"><li>\u00bfEs necesario un modelo econ\u00f3mico alternativo?<\/li><li>Salud, problemas estructurales y efectos multiplicadores de la crisis<\/li><li>Aportes para la construcci\u00f3n de una justicia para todos y todas<\/li><li>Avances, enfoques y aportes para la paz<\/li><li>Activismos y movimientos sociales: una visi\u00f3n javeriana<\/li><li>\u00bfEducar para qu\u00e9? De cara a las inequidades educativas en Colombia<\/li><\/ul><p>Por otro lado, como respuesta al movimiento social que se ha manifestado entre abril y junio de 2021, un grupo de siete rectores de universidades colombianas, firmaron una carta en la que se propuso centrar el di\u00e1logo en seis temas estructurales: 1) Pacto fiscal y desarrollo econ\u00f3mico y social incluyente, 2) Derecho a la salud y sistema de salud, 3) Fortalecimiento de la democracia e implementaci\u00f3n plena de la Constituci\u00f3n de 1991 como conquista democr\u00e1tica, 4) Implementaci\u00f3n plena de los acuerdos de paz como condici\u00f3n de convivencia democr\u00e1tica, 5) Estado de Derecho, protesta social y Fuerza P\u00fablica y 6) Derecho a la educaci\u00f3n y acceso equitativo al conocimiento. A estos seis puntos se ha a\u00f1adido tambi\u00e9n el de Juventud y ciudadan\u00eda ampliada.<\/p>\t\t\t\t\t\t\t\t<\/div>\n\t\t\t\t<\/div>\n\t\t\t\t\t<\/div>\n\t\t<\/div>\n\t\t\t\t<div class=\"elementor-column elementor-col-50 elementor-inner-column elementor-element elementor-element-2c063f45\" data-id=\"2c063f45\" data-element_type=\"column\" data-e-type=\"column\">\n\t\t\t<div class=\"elementor-widget-wrap elementor-element-populated\">\n\t\t\t\t\t\t<div class=\"elementor-element elementor-element-4fb2bce8 elementor-invisible elementor-widget elementor-widget-text-editor\" data-id=\"4fb2bce8\" data-element_type=\"widget\" data-e-type=\"widget\" data-settings=\"{&quot;_animation&quot;:&quot;fadeInUp&quot;}\" data-widget_type=\"text-editor.default\">\n\t\t\t\t<div class=\"elementor-widget-container\">\n\t\t\t\t\t\t\t\t\t<p>Como se puede ver, los temas propuestos en la carta guardan una estrecha relaci\u00f3n con los seis Foros Javerianos realizados desde junio de 2020. La cercan\u00eda tem\u00e1tica entre estas dos iniciativas no es una coincidencia, sino una muestra de que las comunidades acad\u00e9micas han venido identificando y diagnosticando problemas estructurales del pa\u00eds que deben ser abordados de manera prioritaria.<\/p><p>Esto se manifiesta en los documentos que algunos grupos de profesores han realizado entre los meses de mayo y junio con el fin de profundizar en cada uno de los puntos de la carta, tomando como insumo las\u00a0<a href=\"https:\/\/www.javeriana.edu.co\/recursosdb\/1575693\/2063804\/foros-javerianos_25may-2.pdf\/535cc86e-740c-ef54-1323-f7f6351c7eb2?t=1622130534714\"><strong>propuestas y recomendaciones de los foros<\/strong><\/a>, as\u00ed como su propia experiencia investigativa y docente. Durante todo el mes de julio se estar\u00e1n dando a conocer los resultados de este trabajo, que esperamos se convierta en un aporte significativo a la dif\u00edcil situaci\u00f3n que atraviesa el pa\u00eds en diferentes frentes.<\/p><p>Con este conjunto de documentos queremos contribuir a la b\u00fasqueda de soluciones que permitan, como dice la carta, \u201cconstruir una Colombia en paz, democr\u00e1tica, equitativa, incluyente y comprometida con el desarrollo sostenible\u201d, en un momento en que la sociedad reclama urgentemente la voz de la academia.<\/p><p style=\"text-align: left;\"><strong>P. Jorge Humberto Pel\u00e1ez P., S.J.<\/strong><br \/>Rector de la Pontificia Universidad Javeriana<\/p>\t\t\t\t\t\t\t\t<\/div>\n\t\t\t\t<\/div>\n\t\t\t\t<div class=\"elementor-element elementor-element-51be2068 elementor-align-center elementor-widget elementor-widget-button\" data-id=\"51be2068\" data-element_type=\"widget\" data-e-type=\"widget\" data-widget_type=\"button.default\">\n\t\t\t\t<div class=\"elementor-widget-container\">\n\t\t\t\t\t\t\t\t\t<div class=\"elementor-button-wrapper\">\n\t\t\t\t\t<a class=\"elementor-button elementor-button-link elementor-size-md\" href=\"https:\/\/www.javeriana.edu.co\/pesquisa\/wp-content\/uploads\/2021\/07\/Carta-Universitaria-a-la-Nacio%CC%81n-Colombiana.pdf\">\n\t\t\t\t\t\t<span class=\"elementor-button-content-wrapper\">\n\t\t\t\t\t\t\t\t\t<span class=\"elementor-button-text\">Lea la carta de los rectores a la naci\u00f3n<\/span>\n\t\t\t\t\t<\/span>\n\t\t\t\t\t<\/a>\n\t\t\t\t<\/div>\n\t\t\t\t\t\t\t\t<\/div>\n\t\t\t\t<\/div>\n\t\t\t\t\t<\/div>\n\t\t<\/div>\n\t\t\t\t\t<\/div>\n\t\t<\/section>\n\t\t\t\t<div class=\"elementor-element elementor-element-26dcf40e elementor-widget-divider--view-line_icon elementor-view-default elementor-widget-divider--element-align-center elementor-widget elementor-widget-divider\" data-id=\"26dcf40e\" data-element_type=\"widget\" data-e-type=\"widget\" data-widget_type=\"divider.default\">\n\t\t\t\t<div class=\"elementor-widget-container\">\n\t\t\t\t\t\t\t<div class=\"elementor-divider\">\n\t\t\t<span class=\"elementor-divider-separator\">\n\t\t\t\t\t\t\t<div class=\"elementor-icon elementor-divider__element\">\n\t\t\t\t\t<i aria-hidden=\"true\" class=\"fas fa-book\"><\/i><\/div>\n\t\t\t\t\t\t<\/span>\n\t\t<\/div>\n\t\t\t\t\t\t<\/div>\n\t\t\t\t<\/div>\n\t\t\t\t<div class=\"elementor-element elementor-element-6e367dec elementor-invisible elementor-widget elementor-widget-heading\" data-id=\"6e367dec\" data-element_type=\"widget\" data-e-type=\"widget\" data-settings=\"{&quot;_animation&quot;:&quot;fadeInUp&quot;,&quot;_animation_delay&quot;:400}\" data-widget_type=\"heading.default\">\n\t\t\t\t<div class=\"elementor-widget-container\">\n\t\t\t\t\t<h2 class=\"elementor-heading-title elementor-size-large\">Derecho a la educaci\u00f3n y <\/br><span class=\"textos_amarillos\">acceso equitativo al conocimiento<\/span><\/h2>\t\t\t\t<\/div>\n\t\t\t\t<\/div>\n\t\t\t\t<section class=\"has-el-gap el-gap-default elementor-section elementor-inner-section elementor-element elementor-element-d66b42a elementor-section-boxed elementor-section-height-default elementor-section-height-default\" data-id=\"d66b42a\" data-element_type=\"section\" data-e-type=\"section\">\n\t\t\t\t\t\t<div class=\"elementor-container elementor-column-gap-no\">\n\t\t\t\t\t<div class=\"elementor-column elementor-col-33 elementor-inner-column elementor-element elementor-element-2a962e1e\" data-id=\"2a962e1e\" data-element_type=\"column\" data-e-type=\"column\">\n\t\t\t<div class=\"elementor-widget-wrap\">\n\t\t\t\t\t\t\t<\/div>\n\t\t<\/div>\n\t\t\t\t<div class=\"elementor-column elementor-col-33 elementor-inner-column elementor-element elementor-element-480560c2\" data-id=\"480560c2\" data-element_type=\"column\" data-e-type=\"column\">\n\t\t\t<div class=\"elementor-widget-wrap elementor-element-populated\">\n\t\t\t\t\t\t<div class=\"elementor-element elementor-element-60b0f19d elementor-invisible elementor-widget elementor-widget-text-editor\" data-id=\"60b0f19d\" data-element_type=\"widget\" data-e-type=\"widget\" data-settings=\"{&quot;_animation&quot;:&quot;fadeInUp&quot;}\" data-widget_type=\"text-editor.default\">\n\t\t\t\t<div class=\"elementor-widget-container\">\n\t\t\t\t\t\t\t\t\t<p>\u00bfC\u00f3mo solucionar la inequidad de la educaci\u00f3n? Las brechas entre educaci\u00f3n p\u00fablica y privada y rural y urbana han sido hist\u00f3ricamente amplias. Adem\u00e1s, la pandemia plante\u00f3 nuevos retos mientras agrav\u00f3 otras falencias del sistema educativo. Estas son algunas ideas para superar los rezagos a trav\u00e9s de la formaci\u00f3n \u00e9tica, pol\u00edtica, ciudadana, con \u00e9nfasis en el fortalecimiento de la educaci\u00f3n rural, el acceso equitativo al conocimiento, entre otros.<\/p><p><strong><a href=\"https:\/\/scienti.minciencias.gov.co\/cvlac\/visualizador\/generarCurriculoCv.do?cod_rh=0000673536\" target=\"_blank\" rel=\"noopener\">Luz Karime Abad\u00eda, Ph. D.<\/a><\/strong>\u00a0Profesora de la Facultad de Ciencias Econ\u00f3micas y Administrativas<br \/><strong><a href=\"https:\/\/scienti.colciencias.gov.co:8081\/cvlac\/visualizador\/generarCurriculoCv.do?cod_rh=0001364003\" target=\"_blank\" rel=\"noopener\">Alba Lucy Guerrero, Ph. D.<\/a>\u00a0<\/strong>Profesora de la Facultad de Educaci\u00f3n<br \/><strong><a href=\"https:\/\/scienti.colciencias.gov.co:8081\/cvlac\/visualizador\/generarCurriculoCv.do?cod_rh=0000234222\" target=\"_blank\" rel=\"noopener\">Lisbeth Fog, M.Sc.<\/a><\/strong>\u00a0Editora General de Pesquisa Javeriana<\/p><p><strong><a href=\"https:\/\/www.javeriana.edu.co\/foros-javerianos\/-\/educacion\" target=\"_blank\" rel=\"noopener\">Foro Javeriano | De cara a las inequidades educativas en Colombia.\u00a0<\/a><\/strong><\/p>\t\t\t\t\t\t\t\t<\/div>\n\t\t\t\t<\/div>\n\t\t\t\t<div class=\"elementor-element elementor-element-179441b5 elementor-align-center elementor-widget elementor-widget-button\" data-id=\"179441b5\" data-element_type=\"widget\" data-e-type=\"widget\" data-widget_type=\"button.default\">\n\t\t\t\t<div class=\"elementor-widget-container\">\n\t\t\t\t\t\t\t\t\t<div class=\"elementor-button-wrapper\">\n\t\t\t\t\t<a class=\"elementor-button elementor-button-link elementor-size-md\" href=\"https:\/\/www.javeriana.edu.co\/pesquisa\/wp-content\/uploads\/2021\/07\/2.-Educacion-y-apropiacion.pdf\">\n\t\t\t\t\t\t<span class=\"elementor-button-content-wrapper\">\n\t\t\t\t\t\t\t\t\t<span class=\"elementor-button-text\">Lea la propuesta aqu\u00ed<\/span>\n\t\t\t\t\t<\/span>\n\t\t\t\t\t<\/a>\n\t\t\t\t<\/div>\n\t\t\t\t\t\t\t\t<\/div>\n\t\t\t\t<\/div>\n\t\t\t\t\t<\/div>\n\t\t<\/div>\n\t\t\t\t<div class=\"elementor-column elementor-col-33 elementor-inner-column elementor-element elementor-element-8e5a9e8\" data-id=\"8e5a9e8\" data-element_type=\"column\" data-e-type=\"column\">\n\t\t\t<div class=\"elementor-widget-wrap\">\n\t\t\t\t\t\t\t<\/div>\n\t\t<\/div>\n\t\t\t\t\t<\/div>\n\t\t<\/section>\n\t\t\t\t<div class=\"elementor-element elementor-element-2fe1779c elementor-widget-divider--view-line_icon elementor-view-default elementor-widget-divider--element-align-center elementor-widget elementor-widget-divider\" data-id=\"2fe1779c\" data-element_type=\"widget\" data-e-type=\"widget\" data-widget_type=\"divider.default\">\n\t\t\t\t<div class=\"elementor-widget-container\">\n\t\t\t\t\t\t\t<div class=\"elementor-divider\">\n\t\t\t<span class=\"elementor-divider-separator\">\n\t\t\t\t\t\t\t<div class=\"elementor-icon elementor-divider__element\">\n\t\t\t\t\t<i aria-hidden=\"true\" class=\"fas fa-book\"><\/i><\/div>\n\t\t\t\t\t\t<\/span>\n\t\t<\/div>\n\t\t\t\t\t\t<\/div>\n\t\t\t\t<\/div>\n\t\t\t\t<div class=\"elementor-element elementor-element-2abf4c65 elementor-invisible elementor-widget elementor-widget-heading\" data-id=\"2abf4c65\" data-element_type=\"widget\" data-e-type=\"widget\" data-settings=\"{&quot;_animation&quot;:&quot;fadeInUp&quot;,&quot;_animation_delay&quot;:400}\" data-widget_type=\"heading.default\">\n\t\t\t\t<div class=\"elementor-widget-container\">\n\t\t\t\t\t<h2 class=\"elementor-heading-title elementor-size-large\">Fortalecimiento de la democracia e implementaci\u00f3n <\/br>plena de la Constituci\u00f3n de 1991 como  <\/br><span class=\"textos_amarillos\">conquista democr\u00e1tica<\/span><\/h2>\t\t\t\t<\/div>\n\t\t\t\t<\/div>\n\t\t\t\t<section class=\"has-el-gap el-gap-default elementor-section elementor-inner-section elementor-element elementor-element-686649b3 elementor-section-boxed elementor-section-height-default elementor-section-height-default\" data-id=\"686649b3\" data-element_type=\"section\" data-e-type=\"section\">\n\t\t\t\t\t\t<div class=\"elementor-container elementor-column-gap-no\">\n\t\t\t\t\t<div class=\"elementor-column elementor-col-33 elementor-inner-column elementor-element elementor-element-7d4330f6\" data-id=\"7d4330f6\" data-element_type=\"column\" data-e-type=\"column\">\n\t\t\t<div class=\"elementor-widget-wrap\">\n\t\t\t\t\t\t\t<\/div>\n\t\t<\/div>\n\t\t\t\t<div class=\"elementor-column elementor-col-33 elementor-inner-column elementor-element elementor-element-3c0dbd73\" data-id=\"3c0dbd73\" data-element_type=\"column\" data-e-type=\"column\">\n\t\t\t<div class=\"elementor-widget-wrap elementor-element-populated\">\n\t\t\t\t\t\t<div class=\"elementor-element elementor-element-25a92aa4 elementor-invisible elementor-widget elementor-widget-text-editor\" data-id=\"25a92aa4\" data-element_type=\"widget\" data-e-type=\"widget\" data-settings=\"{&quot;_animation&quot;:&quot;fadeInUp&quot;}\" data-widget_type=\"text-editor.default\">\n\t\t\t\t<div class=\"elementor-widget-container\">\n\t\t\t\t\t\t\t\t\t<p>Colombia no necesita una nueva constituci\u00f3n. Tres profesores javerianos proponen algunas iniciativas centradas en el mejoramiento de la confianza en las instituciones, mayor participaci\u00f3n y descentralizaci\u00f3n para garantizar el cumplimiento del documento que cumpli\u00f3 30 a\u00f1os el pasado 4 de julio.<\/p><p><strong><a href=\"https:\/\/scienti.minciencias.gov.co\/cvlac\/visualizador\/generarCurriculoCv.do?cod_rh=0000311650\" target=\"_blank\" rel=\"noopener\">Juan Felipe Garc\u00eda, Ph. D.<\/a><\/strong>\u00a0Profesor de la Facultad de Ciencias Jur\u00eddicas<br \/><strong><a href=\"https:\/\/scienti.minciencias.gov.co\/cvlac\/visualizador\/generarCurriculoCv.do?cod_rh=0001350932\" target=\"_blank\" rel=\"noopener\">Tania Luna Blanco, Ph. D.<\/a>\u00a0<\/strong>Profesora de la Facultad de Ciencias Jur\u00eddicas<br \/><strong>Bibiana Ortega, Ph. D.<\/strong>\u00a0Profesora de la Facultad de Ciencias Jur\u00eddicas<\/p><p><strong><a href=\"https:\/\/www.javeriana.edu.co\/foros-javerianos\/-\/justicia\" target=\"_blank\" rel=\"noopener\">Foro Javeriano | Aportes para la construcci\u00f3n de una justicia para todos y todas.<\/a><\/strong><\/p>\t\t\t\t\t\t\t\t<\/div>\n\t\t\t\t<\/div>\n\t\t\t\t<div class=\"elementor-element elementor-element-231fa050 elementor-align-center elementor-widget elementor-widget-button\" data-id=\"231fa050\" data-element_type=\"widget\" data-e-type=\"widget\" data-widget_type=\"button.default\">\n\t\t\t\t<div class=\"elementor-widget-container\">\n\t\t\t\t\t\t\t\t\t<div class=\"elementor-button-wrapper\">\n\t\t\t\t\t<a class=\"elementor-button elementor-button-link elementor-size-md\" href=\"https:\/\/www.javeriana.edu.co\/pesquisa\/wp-content\/uploads\/2021\/07\/1.-Fortalecimiento-de-la-democracia-Constitucion-91-1.pdf\">\n\t\t\t\t\t\t<span class=\"elementor-button-content-wrapper\">\n\t\t\t\t\t\t\t\t\t<span class=\"elementor-button-text\">Lea la propuesta aqu\u00ed<\/span>\n\t\t\t\t\t<\/span>\n\t\t\t\t\t<\/a>\n\t\t\t\t<\/div>\n\t\t\t\t\t\t\t\t<\/div>\n\t\t\t\t<\/div>\n\t\t\t\t\t<\/div>\n\t\t<\/div>\n\t\t\t\t<div class=\"elementor-column elementor-col-33 elementor-inner-column elementor-element elementor-element-6320c979\" data-id=\"6320c979\" data-element_type=\"column\" data-e-type=\"column\">\n\t\t\t<div class=\"elementor-widget-wrap\">\n\t\t\t\t\t\t\t<\/div>\n\t\t<\/div>\n\t\t\t\t\t<\/div>\n\t\t<\/section>\n\t\t\t\t<div class=\"elementor-element elementor-element-554d6b46 elementor-widget-divider--view-line_icon elementor-view-default elementor-widget-divider--element-align-center elementor-widget elementor-widget-divider\" data-id=\"554d6b46\" data-element_type=\"widget\" data-e-type=\"widget\" data-widget_type=\"divider.default\">\n\t\t\t\t<div class=\"elementor-widget-container\">\n\t\t\t\t\t\t\t<div class=\"elementor-divider\">\n\t\t\t<span class=\"elementor-divider-separator\">\n\t\t\t\t\t\t\t<div class=\"elementor-icon elementor-divider__element\">\n\t\t\t\t\t<i aria-hidden=\"true\" class=\"fas fa-book\"><\/i><\/div>\n\t\t\t\t\t\t<\/span>\n\t\t<\/div>\n\t\t\t\t\t\t<\/div>\n\t\t\t\t<\/div>\n\t\t\t\t<div class=\"elementor-element elementor-element-4c62dfe1 elementor-invisible elementor-widget elementor-widget-heading\" data-id=\"4c62dfe1\" data-element_type=\"widget\" data-e-type=\"widget\" data-settings=\"{&quot;_animation&quot;:&quot;fadeInUp&quot;,&quot;_animation_delay&quot;:400}\" data-widget_type=\"heading.default\">\n\t\t\t\t<div class=\"elementor-widget-container\">\n\t\t\t\t\t<h2 class=\"elementor-heading-title elementor-size-large\">Estado de Derecho, <\/br><span class=\"textos_amarillos\">protesta social y Fuerza P\u00fablica<\/span><\/h2>\t\t\t\t<\/div>\n\t\t\t\t<\/div>\n\t\t\t\t<section class=\"has-el-gap el-gap-default elementor-section elementor-inner-section elementor-element elementor-element-2fa4035a elementor-section-boxed elementor-section-height-default elementor-section-height-default\" data-id=\"2fa4035a\" data-element_type=\"section\" data-e-type=\"section\">\n\t\t\t\t\t\t<div class=\"elementor-container elementor-column-gap-no\">\n\t\t\t\t\t<div class=\"elementor-column elementor-col-33 elementor-inner-column elementor-element elementor-element-618924f4\" data-id=\"618924f4\" data-element_type=\"column\" data-e-type=\"column\">\n\t\t\t<div class=\"elementor-widget-wrap\">\n\t\t\t\t\t\t\t<\/div>\n\t\t<\/div>\n\t\t\t\t<div class=\"elementor-column elementor-col-33 elementor-inner-column elementor-element elementor-element-75f2d8f8\" data-id=\"75f2d8f8\" data-element_type=\"column\" data-e-type=\"column\">\n\t\t\t<div class=\"elementor-widget-wrap elementor-element-populated\">\n\t\t\t\t\t\t<div class=\"elementor-element elementor-element-2d553342 elementor-invisible elementor-widget elementor-widget-text-editor\" data-id=\"2d553342\" data-element_type=\"widget\" data-e-type=\"widget\" data-settings=\"{&quot;_animation&quot;:&quot;fadeInUp&quot;}\" data-widget_type=\"text-editor.default\">\n\t\t\t\t<div class=\"elementor-widget-container\">\n\t\t\t\t\t\t\t\t\t<p>La movilizaci\u00f3n social es una forma leg\u00edtima de participaci\u00f3n pol\u00edtica que no debe ser vista como una amenaza al orden p\u00fablico y el Estado se encuentra en la obligaci\u00f3n de garantizarla. Para lograr este fin se plantea iniciar una reforma de la Polic\u00eda Nacional en donde se resalte su car\u00e1cter civil y se abran canales de di\u00e1logo con diversos sectores que eventualmente se movilicen, todo con el fin de ampliar el reconocimiento de la capacidad de agencia de otros manifestantes que no siempre est\u00e1n representados en un comit\u00e9 del paro.<\/p><p><strong><a href=\"https:\/\/scienti.minciencias.gov.co\/cvlac\/visualizador\/generarCurriculoCv.do?cod_rh=0000035831\" target=\"_blank\" rel=\"noopener\">Andr\u00e9s D\u00e1vila Ladr\u00f3n de Guevara, Ph. D.<\/a><\/strong>\u00a0Profesor de la Facultad de Ciencias Pol\u00edticas y Relaciones Internacionales<br \/><strong><a href=\"https:\/\/scienti.colciencias.gov.co:8081\/cvlac\/visualizador\/generarCurriculoCv.do?cod_rh=0000739693\" target=\"_blank\" rel=\"noopener\">Marcela Ceballos, Ph. D.<\/a><\/strong>\u00a0Profesora del Instituto Pensar<br \/><strong><a href=\"https:\/\/scienti.minciencias.gov.co\/cvlac\/visualizador\/generarCurriculoCv.do?cod_rh=0001471444\" target=\"_blank\" rel=\"noopener\">Norberto Hern\u00e1ndez, Ph. D.<\/a>\u00a0<\/strong>Profesor de la Facultad de Ciencias Jur\u00eddicas<\/p><p><strong><a href=\"https:\/\/www.youtube.com\/watch?v=fvb7hEor_so\" target=\"_blank\" rel=\"noopener\">Foro Javeriano | Activismos y movimientos sociales: una visi\u00f3n javeriana.<\/a><\/strong><\/p>\t\t\t\t\t\t\t\t<\/div>\n\t\t\t\t<\/div>\n\t\t\t\t<div class=\"elementor-element elementor-element-17321251 elementor-align-center elementor-widget elementor-widget-button\" data-id=\"17321251\" data-element_type=\"widget\" data-e-type=\"widget\" data-widget_type=\"button.default\">\n\t\t\t\t<div class=\"elementor-widget-container\">\n\t\t\t\t\t\t\t\t\t<div class=\"elementor-button-wrapper\">\n\t\t\t\t\t<a class=\"elementor-button elementor-button-link elementor-size-md\" href=\"https:\/\/www.javeriana.edu.co\/pesquisa\/wp-content\/uploads\/2021\/07\/3.-Estado-de-derecho-protesta-social.pdf\">\n\t\t\t\t\t\t<span class=\"elementor-button-content-wrapper\">\n\t\t\t\t\t\t\t\t\t<span class=\"elementor-button-text\">Lea la propuesta aqu\u00ed<\/span>\n\t\t\t\t\t<\/span>\n\t\t\t\t\t<\/a>\n\t\t\t\t<\/div>\n\t\t\t\t\t\t\t\t<\/div>\n\t\t\t\t<\/div>\n\t\t\t\t\t<\/div>\n\t\t<\/div>\n\t\t\t\t<div class=\"elementor-column elementor-col-33 elementor-inner-column elementor-element elementor-element-319b0334\" data-id=\"319b0334\" data-element_type=\"column\" data-e-type=\"column\">\n\t\t\t<div class=\"elementor-widget-wrap\">\n\t\t\t\t\t\t\t<\/div>\n\t\t<\/div>\n\t\t\t\t\t<\/div>\n\t\t<\/section>\n\t\t\t\t<div class=\"elementor-element elementor-element-6c354f52 elementor-widget-divider--view-line_icon elementor-view-default elementor-widget-divider--element-align-center elementor-widget elementor-widget-divider\" data-id=\"6c354f52\" data-element_type=\"widget\" data-e-type=\"widget\" data-widget_type=\"divider.default\">\n\t\t\t\t<div class=\"elementor-widget-container\">\n\t\t\t\t\t\t\t<div class=\"elementor-divider\">\n\t\t\t<span class=\"elementor-divider-separator\">\n\t\t\t\t\t\t\t<div class=\"elementor-icon elementor-divider__element\">\n\t\t\t\t\t<i aria-hidden=\"true\" class=\"fas fa-book\"><\/i><\/div>\n\t\t\t\t\t\t<\/span>\n\t\t<\/div>\n\t\t\t\t\t\t<\/div>\n\t\t\t\t<\/div>\n\t\t\t\t<div class=\"elementor-element elementor-element-58fc9f3d elementor-invisible elementor-widget elementor-widget-heading\" data-id=\"58fc9f3d\" data-element_type=\"widget\" data-e-type=\"widget\" data-settings=\"{&quot;_animation&quot;:&quot;fadeInUp&quot;,&quot;_animation_delay&quot;:400}\" data-widget_type=\"heading.default\">\n\t\t\t\t<div class=\"elementor-widget-container\">\n\t\t\t\t\t<h2 class=\"elementor-heading-title elementor-size-large\">Juventud<span class=\"textos_amarillos\"><\/span><\/h2>\t\t\t\t<\/div>\n\t\t\t\t<\/div>\n\t\t\t\t<section class=\"has-el-gap el-gap-default elementor-section elementor-inner-section elementor-element elementor-element-6005831a elementor-section-boxed elementor-section-height-default elementor-section-height-default\" data-id=\"6005831a\" data-element_type=\"section\" data-e-type=\"section\">\n\t\t\t\t\t\t<div class=\"elementor-container elementor-column-gap-no\">\n\t\t\t\t\t<div class=\"elementor-column elementor-col-33 elementor-inner-column elementor-element elementor-element-7fd26858\" data-id=\"7fd26858\" data-element_type=\"column\" data-e-type=\"column\">\n\t\t\t<div class=\"elementor-widget-wrap\">\n\t\t\t\t\t\t\t<\/div>\n\t\t<\/div>\n\t\t\t\t<div class=\"elementor-column elementor-col-33 elementor-inner-column elementor-element elementor-element-7303c69b\" data-id=\"7303c69b\" data-element_type=\"column\" data-e-type=\"column\">\n\t\t\t<div class=\"elementor-widget-wrap elementor-element-populated\">\n\t\t\t\t\t\t<div class=\"elementor-element elementor-element-7ecab87f elementor-invisible elementor-widget elementor-widget-text-editor\" data-id=\"7ecab87f\" data-element_type=\"widget\" data-e-type=\"widget\" data-settings=\"{&quot;_animation&quot;:&quot;fadeInUp&quot;}\" data-widget_type=\"text-editor.default\">\n\t\t\t\t<div class=\"elementor-widget-container\">\n\t\t\t\t\t\t\t\t\t<p>A trav\u00e9s de cinco enfoques que abordan iniciativas de protecci\u00f3n a la vida de los j\u00f3venes, participaci\u00f3n pol\u00edtica y oportunidades laborales, entre otros, cinco investigadores y profesores javerianos plantean ideas para mejor las condiciones de vida de las juventudes colombiana, un segmento de la poblaci\u00f3n que re\u00fane a casi once millones de personas, de las cuales, m\u00e1s de 3 millones ni estudia ni trabaja.<\/p><p><a href=\"https:\/\/scienti.minciencias.gov.co\/cvlac\/visualizador\/generarCurriculoCv.do?cod_rh=0000190888\" target=\"_blank\" rel=\"noopener\"><strong>Martha Luc\u00eda Guti\u00e9rrez, M.Sc.<\/strong><\/a>\u00a0Profesora de la Facultad de Ciencias Pol\u00edticas y Relaciones Internacionales<br \/><a href=\"https:\/\/scienti.minciencias.gov.co\/cvlac\/visualizador\/generarCurriculoCv.do?cod_rh=0001585006\" target=\"_blank\" rel=\"noopener\"><strong>Mateo Ortiz, Ph. D.<\/strong><\/a><br \/><a href=\"https:\/\/scienti.colciencias.gov.co:8081\/cvlac\/visualizador\/generarCurriculoCv.do?cod_rh=0000155284\" target=\"_blank\" rel=\"noopener\"><strong>Ricardo Delgado, Ph. D.<\/strong><\/a>\u00a0Profesor de la Facultad de Educaci\u00f3n<br \/><a href=\"https:\/\/scienti.colciencias.gov.co:8081\/cvlac\/visualizador\/generarCurriculoCv.do?cod_rh=0001629791\" target=\"_blank\" rel=\"noopener\"><strong>Minerva Campion, Ph. D.<\/strong><\/a> Profesora de la Facultad de Ciencias Pol\u00edticas y Relaciones Internacionales.<\/p>\t\t\t\t\t\t\t\t<\/div>\n\t\t\t\t<\/div>\n\t\t\t\t<div class=\"elementor-element elementor-element-bd14e9a elementor-align-center elementor-widget elementor-widget-button\" data-id=\"bd14e9a\" data-element_type=\"widget\" data-e-type=\"widget\" data-widget_type=\"button.default\">\n\t\t\t\t<div class=\"elementor-widget-container\">\n\t\t\t\t\t\t\t\t\t<div class=\"elementor-button-wrapper\">\n\t\t\t\t\t<a class=\"elementor-button elementor-button-link elementor-size-md\" href=\"https:\/\/www.javeriana.edu.co\/pesquisa\/wp-content\/uploads\/2021\/07\/4.-Juventudes.pdf\">\n\t\t\t\t\t\t<span class=\"elementor-button-content-wrapper\">\n\t\t\t\t\t\t\t\t\t<span class=\"elementor-button-text\">Lea la propuesta aqu\u00ed<\/span>\n\t\t\t\t\t<\/span>\n\t\t\t\t\t<\/a>\n\t\t\t\t<\/div>\n\t\t\t\t\t\t\t\t<\/div>\n\t\t\t\t<\/div>\n\t\t\t\t\t<\/div>\n\t\t<\/div>\n\t\t\t\t<div class=\"elementor-column elementor-col-33 elementor-inner-column elementor-element elementor-element-6f71c00e\" data-id=\"6f71c00e\" data-element_type=\"column\" data-e-type=\"column\">\n\t\t\t<div class=\"elementor-widget-wrap\">\n\t\t\t\t\t\t\t<\/div>\n\t\t<\/div>\n\t\t\t\t\t<\/div>\n\t\t<\/section>\n\t\t\t\t<div class=\"elementor-element elementor-element-19b6d3c1 elementor-widget-divider--view-line_icon elementor-view-default elementor-widget-divider--element-align-center elementor-widget elementor-widget-divider\" data-id=\"19b6d3c1\" data-element_type=\"widget\" data-e-type=\"widget\" data-widget_type=\"divider.default\">\n\t\t\t\t<div class=\"elementor-widget-container\">\n\t\t\t\t\t\t\t<div class=\"elementor-divider\">\n\t\t\t<span class=\"elementor-divider-separator\">\n\t\t\t\t\t\t\t<div class=\"elementor-icon elementor-divider__element\">\n\t\t\t\t\t<i aria-hidden=\"true\" class=\"fas fa-book\"><\/i><\/div>\n\t\t\t\t\t\t<\/span>\n\t\t<\/div>\n\t\t\t\t\t\t<\/div>\n\t\t\t\t<\/div>\n\t\t\t\t<div class=\"elementor-element elementor-element-697df835 elementor-invisible elementor-widget elementor-widget-heading\" data-id=\"697df835\" data-element_type=\"widget\" data-e-type=\"widget\" data-settings=\"{&quot;_animation&quot;:&quot;fadeInUp&quot;,&quot;_animation_delay&quot;:400}\" data-widget_type=\"heading.default\">\n\t\t\t\t<div class=\"elementor-widget-container\">\n\t\t\t\t\t<h2 class=\"elementor-heading-title elementor-size-large\">Implementaci\u00f3n plena de los Acuerdos <\/br>de Paz como condici\u00f3n de <\/br><span class=\"textos_amarillos\">convivencia democr\u00e1tica<\/span><\/h2>\t\t\t\t<\/div>\n\t\t\t\t<\/div>\n\t\t\t\t<section class=\"has-el-gap el-gap-default elementor-section elementor-inner-section elementor-element elementor-element-3d43508b elementor-section-boxed elementor-section-height-default elementor-section-height-default\" data-id=\"3d43508b\" data-element_type=\"section\" data-e-type=\"section\">\n\t\t\t\t\t\t<div class=\"elementor-container elementor-column-gap-no\">\n\t\t\t\t\t<div class=\"elementor-column elementor-col-33 elementor-inner-column elementor-element elementor-element-f7cf436\" data-id=\"f7cf436\" data-element_type=\"column\" data-e-type=\"column\">\n\t\t\t<div class=\"elementor-widget-wrap\">\n\t\t\t\t\t\t\t<\/div>\n\t\t<\/div>\n\t\t\t\t<div class=\"elementor-column elementor-col-33 elementor-inner-column elementor-element elementor-element-43d620de\" data-id=\"43d620de\" data-element_type=\"column\" data-e-type=\"column\">\n\t\t\t<div class=\"elementor-widget-wrap elementor-element-populated\">\n\t\t\t\t\t\t<div class=\"elementor-element elementor-element-7c78f2c9 elementor-invisible elementor-widget elementor-widget-text-editor\" data-id=\"7c78f2c9\" data-element_type=\"widget\" data-e-type=\"widget\" data-settings=\"{&quot;_animation&quot;:&quot;fadeInUp&quot;}\" data-widget_type=\"text-editor.default\">\n\t\t\t\t<div class=\"elementor-widget-container\">\n\t\t\t\t\t\t\t\t\t<p>La paz no es \u00fanicamente el silencio de las armas, sino tambi\u00e9n la superaci\u00f3n de situaciones estructuralmente violentas de pobreza, desigualdad, marginaci\u00f3n y exclusi\u00f3n. El acuerdo de paz firmado entre las FARC-EP y el Estado colombiano contiene mecanismos relevantes para superar una historia de conflicto y en este documento, tres profesores javerianos resaltan los caminos para ejecutar su cumplimiento.<\/p><p><a href=\"https:\/\/scienti.colciencias.gov.co:8081\/cvlac\/visualizador\/generarCurriculoCv.do?cod_rh=0001291653\" target=\"_blank\" rel=\"noopener\"><strong>Manuel Ramiro Mu\u00f1oz, Ph. D.<\/strong><\/a>\u00a0Director del Instituto de Estudios Interculturales, Javeriana Cali<br \/><a href=\"https:\/\/scienti.minciencias.gov.co\/cvlac\/visualizador\/generarCurriculoCv.do?cod_rh=0000653802\" target=\"_blank\" rel=\"noopener\"><strong>Manuel Salamanca, Ph. D.<\/strong><\/a>\u00a0Profesor de la Facultad de Ciencias Pol\u00edticas y Relaciones Internacionales<br \/><a href=\"https:\/\/scienti.minciencias.gov.co\/cvlac\/visualizador\/generarCurriculoCv.do?cod_rh=0000429325\" target=\"_blank\" rel=\"noopener\"><strong>Pedro Valenzuela, Ph. D.<\/strong><\/a>\u00a0Profesor de la Facultad de Ciencias Pol\u00edticas y Relaciones Internacionales<\/p><p><strong><a href=\"https:\/\/www.javeriana.edu.co\/foros-javerianos\/-\/paz\" target=\"_blank\" rel=\"noopener\">Foro Javeriano | Avances, enfoques y aportes para la paz.<\/a><\/strong><\/p>\t\t\t\t\t\t\t\t<\/div>\n\t\t\t\t<\/div>\n\t\t\t\t<div class=\"elementor-element elementor-element-579246ad elementor-align-center elementor-widget elementor-widget-button\" data-id=\"579246ad\" data-element_type=\"widget\" data-e-type=\"widget\" data-widget_type=\"button.default\">\n\t\t\t\t<div class=\"elementor-widget-container\">\n\t\t\t\t\t\t\t\t\t<div class=\"elementor-button-wrapper\">\n\t\t\t\t\t<a class=\"elementor-button elementor-button-link elementor-size-md\" href=\"https:\/\/www.javeriana.edu.co\/pesquisa\/wp-content\/uploads\/2021\/07\/6.-Implementacion-acuerdos-paz.pdf\">\n\t\t\t\t\t\t<span class=\"elementor-button-content-wrapper\">\n\t\t\t\t\t\t\t\t\t<span class=\"elementor-button-text\">Lea la propuesta aqu\u00ed<\/span>\n\t\t\t\t\t<\/span>\n\t\t\t\t\t<\/a>\n\t\t\t\t<\/div>\n\t\t\t\t\t\t\t\t<\/div>\n\t\t\t\t<\/div>\n\t\t\t\t\t<\/div>\n\t\t<\/div>\n\t\t\t\t<div class=\"elementor-column elementor-col-33 elementor-inner-column elementor-element elementor-element-751164d7\" data-id=\"751164d7\" data-element_type=\"column\" data-e-type=\"column\">\n\t\t\t<div class=\"elementor-widget-wrap\">\n\t\t\t\t\t\t\t<\/div>\n\t\t<\/div>\n\t\t\t\t\t<\/div>\n\t\t<\/section>\n\t\t\t\t<div class=\"elementor-element elementor-element-68288ba elementor-widget-divider--view-line_icon elementor-view-default elementor-widget-divider--element-align-center elementor-widget elementor-widget-divider\" data-id=\"68288ba\" data-element_type=\"widget\" data-e-type=\"widget\" data-widget_type=\"divider.default\">\n\t\t\t\t<div class=\"elementor-widget-container\">\n\t\t\t\t\t\t\t<div class=\"elementor-divider\">\n\t\t\t<span class=\"elementor-divider-separator\">\n\t\t\t\t\t\t\t<div class=\"elementor-icon elementor-divider__element\">\n\t\t\t\t\t<i aria-hidden=\"true\" class=\"fas fa-book\"><\/i><\/div>\n\t\t\t\t\t\t<\/span>\n\t\t<\/div>\n\t\t\t\t\t\t<\/div>\n\t\t\t\t<\/div>\n\t\t\t\t<div class=\"elementor-element elementor-element-45b24b60 elementor-invisible elementor-widget elementor-widget-heading\" data-id=\"45b24b60\" data-element_type=\"widget\" data-e-type=\"widget\" data-settings=\"{&quot;_animation&quot;:&quot;fadeInUp&quot;,&quot;_animation_delay&quot;:400}\" data-widget_type=\"heading.default\">\n\t\t\t\t<div class=\"elementor-widget-container\">\n\t\t\t\t\t<h2 class=\"elementor-heading-title elementor-size-large\">Derecho a la salud y <\/br><span class=\"textos_amarillos\">sistema de salud<\/span><\/h2>\t\t\t\t<\/div>\n\t\t\t\t<\/div>\n\t\t\t\t<section class=\"has-el-gap el-gap-default elementor-section elementor-inner-section elementor-element elementor-element-501c704b elementor-section-boxed elementor-section-height-default elementor-section-height-default\" data-id=\"501c704b\" data-element_type=\"section\" data-e-type=\"section\">\n\t\t\t\t\t\t<div class=\"elementor-container elementor-column-gap-no\">\n\t\t\t\t\t<div class=\"elementor-column elementor-col-33 elementor-inner-column elementor-element elementor-element-1a26acd5\" data-id=\"1a26acd5\" data-element_type=\"column\" data-e-type=\"column\">\n\t\t\t<div class=\"elementor-widget-wrap\">\n\t\t\t\t\t\t\t<\/div>\n\t\t<\/div>\n\t\t\t\t<div class=\"elementor-column elementor-col-33 elementor-inner-column elementor-element elementor-element-7265b567\" data-id=\"7265b567\" data-element_type=\"column\" data-e-type=\"column\">\n\t\t\t<div class=\"elementor-widget-wrap elementor-element-populated\">\n\t\t\t\t\t\t<div class=\"elementor-element elementor-element-40f738d9 elementor-invisible elementor-widget elementor-widget-text-editor\" data-id=\"40f738d9\" data-element_type=\"widget\" data-e-type=\"widget\" data-settings=\"{&quot;_animation&quot;:&quot;fadeInUp&quot;}\" data-widget_type=\"text-editor.default\">\n\t\t\t\t<div class=\"elementor-widget-container\">\n\t\t\t\t\t\t\t\t\t<p>Los problemas del sistema de salud colombiano est\u00e1n asociados a otros retos sociales, pol\u00edticos, econ\u00f3micos y por eso las soluciones requieren del di\u00e1logo transversal. Para lograrlo se necesita fortalecer los programas de salud p\u00fablica y atenci\u00f3n primaria e integrar estas pol\u00edticas con las sociales mientras, en paralelo, se garantiza la financiaci\u00f3n del sistema asegurando los derechos de los colombianos. \u00bfC\u00f3mo lograrlo? Tres investigadores javerianos responden.<\/p><p><a href=\"https:\/\/scienti.colciencias.gov.co:8081\/cvlac\/visualizador\/generarCurriculoCv.do?cod_rh=0001127950\" target=\"_blank\" rel=\"noopener\"><strong>Jaime Ram\u00edrez Moreno, Ph. D.<\/strong><\/a>\u00a0Profesor del Instituto de Salud P\u00fablica<br \/><a href=\"https:\/\/scienti.colciencias.gov.co:8081\/cvlac\/visualizador\/generarCurriculoCv.do?cod_rh=0000179957\" target=\"_blank\" rel=\"noopener\"><strong>Rolando Enrique Pe\u00f1aloza, Ph. D.<\/strong><\/a>\u00a0Director del Instituto de Salud P\u00fablica<br \/><a href=\"https:\/\/scienti.minciencias.gov.co\/cvlac\/visualizador\/generarCurriculoCv.do?cod_rh=0000018864\" target=\"_blank\" rel=\"noopener\"><strong>Carlos G\u00f3mez, Ph. D.<\/strong><\/a>\u00a0Decano de la Facultad de Medicina<\/p><p><strong><a href=\"https:\/\/www.javeriana.edu.co\/foros-javerianos\/-\/salud\" target=\"_blank\" rel=\"noopener\">Foro Javeriano | Salud, problemas estructurales y efectos multiplicadores de la crisis.<\/a><\/strong><\/p>\t\t\t\t\t\t\t\t<\/div>\n\t\t\t\t<\/div>\n\t\t\t\t<div class=\"elementor-element elementor-element-6a834176 elementor-align-center elementor-widget elementor-widget-button\" data-id=\"6a834176\" data-element_type=\"widget\" data-e-type=\"widget\" data-widget_type=\"button.default\">\n\t\t\t\t<div class=\"elementor-widget-container\">\n\t\t\t\t\t\t\t\t\t<div class=\"elementor-button-wrapper\">\n\t\t\t\t\t<a class=\"elementor-button elementor-button-link elementor-size-md\" href=\"https:\/\/www.javeriana.edu.co\/pesquisa\/wp-content\/uploads\/2021\/07\/5.-Texto-salud-y-sistema-de-salud.pdf\">\n\t\t\t\t\t\t<span class=\"elementor-button-content-wrapper\">\n\t\t\t\t\t\t\t\t\t<span class=\"elementor-button-text\">Lea la propuesta aqu\u00ed<\/span>\n\t\t\t\t\t<\/span>\n\t\t\t\t\t<\/a>\n\t\t\t\t<\/div>\n\t\t\t\t\t\t\t\t<\/div>\n\t\t\t\t<\/div>\n\t\t\t\t\t<\/div>\n\t\t<\/div>\n\t\t\t\t<div class=\"elementor-column elementor-col-33 elementor-inner-column elementor-element elementor-element-361f0bce\" data-id=\"361f0bce\" data-element_type=\"column\" data-e-type=\"column\">\n\t\t\t<div class=\"elementor-widget-wrap\">\n\t\t\t\t\t\t\t<\/div>\n\t\t<\/div>\n\t\t\t\t\t<\/div>\n\t\t<\/section>\n\t\t\t\t<div class=\"elementor-element elementor-element-39458f3e elementor-widget-divider--view-line_icon elementor-view-default elementor-widget-divider--element-align-center elementor-widget elementor-widget-divider\" data-id=\"39458f3e\" data-element_type=\"widget\" data-e-type=\"widget\" data-widget_type=\"divider.default\">\n\t\t\t\t<div class=\"elementor-widget-container\">\n\t\t\t\t\t\t\t<div class=\"elementor-divider\">\n\t\t\t<span class=\"elementor-divider-separator\">\n\t\t\t\t\t\t\t<div class=\"elementor-icon elementor-divider__element\">\n\t\t\t\t\t<i aria-hidden=\"true\" class=\"fas fa-book\"><\/i><\/div>\n\t\t\t\t\t\t<\/span>\n\t\t<\/div>\n\t\t\t\t\t\t<\/div>\n\t\t\t\t<\/div>\n\t\t\t\t<div class=\"elementor-element elementor-element-6a45c411 elementor-invisible elementor-widget elementor-widget-heading\" data-id=\"6a45c411\" data-element_type=\"widget\" data-e-type=\"widget\" data-settings=\"{&quot;_animation&quot;:&quot;fadeInUp&quot;,&quot;_animation_delay&quot;:400}\" data-widget_type=\"heading.default\">\n\t\t\t\t<div class=\"elementor-widget-container\">\n\t\t\t\t\t<h2 class=\"elementor-heading-title elementor-size-large\">G\u00e9nero<\/h2>\t\t\t\t<\/div>\n\t\t\t\t<\/div>\n\t\t\t\t<section class=\"has-el-gap el-gap-default elementor-section elementor-inner-section elementor-element elementor-element-30e4d64e elementor-section-boxed elementor-section-height-default elementor-section-height-default\" data-id=\"30e4d64e\" data-element_type=\"section\" data-e-type=\"section\">\n\t\t\t\t\t\t<div class=\"elementor-container elementor-column-gap-no\">\n\t\t\t\t\t<div class=\"elementor-column elementor-col-33 elementor-inner-column elementor-element elementor-element-30d1b1f5\" data-id=\"30d1b1f5\" data-element_type=\"column\" data-e-type=\"column\">\n\t\t\t<div class=\"elementor-widget-wrap\">\n\t\t\t\t\t\t\t<\/div>\n\t\t<\/div>\n\t\t\t\t<div class=\"elementor-column elementor-col-33 elementor-inner-column elementor-element elementor-element-2f72434\" data-id=\"2f72434\" data-element_type=\"column\" data-e-type=\"column\">\n\t\t\t<div class=\"elementor-widget-wrap elementor-element-populated\">\n\t\t\t\t\t\t<div class=\"elementor-element elementor-element-7ea12e95 elementor-invisible elementor-widget elementor-widget-text-editor\" data-id=\"7ea12e95\" data-element_type=\"widget\" data-e-type=\"widget\" data-settings=\"{&quot;_animation&quot;:&quot;fadeInUp&quot;}\" data-widget_type=\"text-editor.default\">\n\t\t\t\t<div class=\"elementor-widget-container\">\n\t\t\t\t\t\t\t\t\t<p>Las tareas pendientes en pol\u00edticas con enfoque de g\u00e9nero son bastantes. Desde consolidar beneficios pensionales para las mujeres, pasando por la igualdad de las licencias parentales hasta la dignificaci\u00f3n del trabajo dom\u00e9stico remunerado. Nueve profesoras e investigadores javerianas describen 14 puntos para avanzar en la lucha de cerrar brechas de g\u00e9nero con pol\u00edticas basadas en enfoque de g\u00e9nero.<\/p><p><a href=\"https:\/\/scienti.minciencias.gov.co\/cvlac\/visualizador\/generarCurriculoCv.do?cod_rh=0000686476\" target=\"_blank\" rel=\"noopener\"><strong>Mar\u00eda Juliana Fl\u00f3rez, Ph. D.<\/strong><\/a>\u00a0Profesora del Instituto Pensar<br \/><a href=\"https:\/\/scienti.minciencias.gov.co\/cvlac\/visualizador\/generarCurriculoCv.do?cod_rh=0000053678\" target=\"_blank\" rel=\"noopener\"><strong>Maria Adelaida Farah, Ph. D.<\/strong><\/a>\u00a0Decana de la Facultad de Estudios Ambientales y Rurales<br \/><a href=\"https:\/\/scienti.minciencias.gov.co\/cvlac\/visualizador\/generarCurriculoCv.do?cod_rh=0000286990\" target=\"_blank\" rel=\"noopener\"><strong>Paula Herrera, Ph. D.<\/strong><\/a> Profesora de la Facultad de Ciencias Econ\u00f3micas y Administrativas.<\/p>\t\t\t\t\t\t\t\t<\/div>\n\t\t\t\t<\/div>\n\t\t\t\t<div class=\"elementor-element elementor-element-b641748 elementor-align-center elementor-widget elementor-widget-button\" data-id=\"b641748\" data-element_type=\"widget\" data-e-type=\"widget\" data-widget_type=\"button.default\">\n\t\t\t\t<div class=\"elementor-widget-container\">\n\t\t\t\t\t\t\t\t\t<div class=\"elementor-button-wrapper\">\n\t\t\t\t\t<a class=\"elementor-button elementor-button-link elementor-size-md\" href=\"https:\/\/www.javeriana.edu.co\/pesquisa\/wp-content\/uploads\/2021\/07\/7.-Genero.pdf\">\n\t\t\t\t\t\t<span class=\"elementor-button-content-wrapper\">\n\t\t\t\t\t\t\t\t\t<span class=\"elementor-button-text\">Lea la propuesta aqu\u00ed<\/span>\n\t\t\t\t\t<\/span>\n\t\t\t\t\t<\/a>\n\t\t\t\t<\/div>\n\t\t\t\t\t\t\t\t<\/div>\n\t\t\t\t<\/div>\n\t\t\t\t\t<\/div>\n\t\t<\/div>\n\t\t\t\t<div class=\"elementor-column elementor-col-33 elementor-inner-column elementor-element elementor-element-5c6ce88c\" data-id=\"5c6ce88c\" data-element_type=\"column\" data-e-type=\"column\">\n\t\t\t<div class=\"elementor-widget-wrap\">\n\t\t\t\t\t\t\t<\/div>\n\t\t<\/div>\n\t\t\t\t\t<\/div>\n\t\t<\/section>\n\t\t\t\t\t<\/div>\n\t\t<\/div>\n\t\t\t\t\t<\/div>\n\t\t<\/section>\n\t\t\t\t<section class=\"has-el-gap el-gap-default elementor-section elementor-top-section elementor-element elementor-element-4d35f77a elementor-section-boxed elementor-section-height-default elementor-section-height-default\" data-id=\"4d35f77a\" data-element_type=\"section\" data-e-type=\"section\">\n\t\t\t\t\t\t<div class=\"elementor-container elementor-column-gap-no\">\n\t\t\t\t\t<div class=\"elementor-column elementor-col-100 elementor-top-column elementor-element elementor-element-52434cac\" data-id=\"52434cac\" data-element_type=\"column\" data-e-type=\"column\">\n\t\t\t<div class=\"elementor-widget-wrap elementor-element-populated\">\n\t\t\t\t\t\t<section class=\"has-el-gap el-gap-default elementor-section elementor-inner-section elementor-element elementor-element-344b9aad elementor-section-boxed elementor-section-height-default elementor-section-height-default\" data-id=\"344b9aad\" data-element_type=\"section\" data-e-type=\"section\">\n\t\t\t\t\t\t<div class=\"elementor-container elementor-column-gap-no\">\n\t\t\t\t\t<div class=\"elementor-column elementor-col-25 elementor-inner-column elementor-element elementor-element-12fe1923\" data-id=\"12fe1923\" data-element_type=\"column\" data-e-type=\"column\">\n\t\t\t<div class=\"elementor-widget-wrap\">\n\t\t\t\t\t\t\t<\/div>\n\t\t<\/div>\n\t\t\t\t<div class=\"elementor-column elementor-col-25 elementor-inner-column elementor-element elementor-element-26e41334\" data-id=\"26e41334\" data-element_type=\"column\" data-e-type=\"column\">\n\t\t\t<div class=\"elementor-widget-wrap elementor-element-populated\">\n\t\t\t\t\t\t<div class=\"elementor-element elementor-element-6f2c2347 elementor-widget elementor-widget-image\" data-id=\"6f2c2347\" data-element_type=\"widget\" data-e-type=\"widget\" data-widget_type=\"image.default\">\n\t\t\t\t<div class=\"elementor-widget-container\">\n\t\t\t\t\t\t\t\t\t\t\t\t\t\t\t\t<a href=\"https:\/\/www.javeriana.edu.co\/foros-javerianos\">\n\t\t\t\t\t\t\t<img fetchpriority=\"high\" decoding=\"async\" width=\"567\" height=\"173\" src=\"image\/svg+xml;base64,PHN2ZyB2aWV3Qm94PScwIDAgMTAyNCAxMDI0JyB4bWxucz0naHR0cDovL3d3dy53My5vcmcvMjAwMC9zdmcnPjwvc3ZnPg==\" class=\"attachment-large size-large wp-image-19360 lazyload\" alt=\"\" sizes=\"(max-width: 567px) 100vw, 567px\" data-srcset=\"http:\/\/www.javeriana.edu.co\/pesquisa\/wp-content\/uploads\/2021\/07\/Foros-javerianos.png 567w, http:\/\/www.javeriana.edu.co\/pesquisa\/wp-content\/uploads\/2021\/07\/Foros-javerianos-300x92.png 300w, http:\/\/www.javeriana.edu.co\/pesquisa\/wp-content\/uploads\/2021\/07\/Foros-javerianos-150x46.png 150w, http:\/\/www.javeriana.edu.co\/pesquisa\/wp-content\/uploads\/2021\/07\/Foros-javerianos-450x137.png 450w\" data-src=\"http:\/\/www.javeriana.edu.co\/pesquisa\/wp-content\/uploads\/2021\/07\/Foros-javerianos.png\" \/>\t\t\t\t\t\t\t\t<\/a>\n\t\t\t\t\t\t\t\t\t\t\t\t\t\t\t<\/div>\n\t\t\t\t<\/div>\n\t\t\t\t\t<\/div>\n\t\t<\/div>\n\t\t\t\t<div class=\"elementor-column elementor-col-25 elementor-inner-column elementor-element elementor-element-25d8f201\" data-id=\"25d8f201\" data-element_type=\"column\" data-e-type=\"column\">\n\t\t\t<div class=\"elementor-widget-wrap elementor-element-populated\">\n\t\t\t\t\t\t<div class=\"elementor-element elementor-element-3f460692 elementor-widget elementor-widget-image\" data-id=\"3f460692\" data-element_type=\"widget\" data-e-type=\"widget\" data-widget_type=\"image.default\">\n\t\t\t\t<div class=\"elementor-widget-container\">\n\t\t\t\t\t\t\t\t\t\t\t\t\t\t\t\t<a href=\"https:\/\/www.javeriana.edu.co\/inicio\">\n\t\t\t\t\t\t\t<img decoding=\"async\" src=\"http:\/\/www.javeriana.edu.co\/pesquisa\/wp-content\/uploads\/2022\/04\/especialCarceles_logosProyectos_PUJ.png\" title=\"\" alt=\"\" loading=\"lazy\" \/>\t\t\t\t\t\t\t\t<\/a>\n\t\t\t\t\t\t\t\t\t\t\t\t\t\t\t<\/div>\n\t\t\t\t<\/div>\n\t\t\t\t\t<\/div>\n\t\t<\/div>\n\t\t\t\t<div class=\"elementor-column elementor-col-25 elementor-inner-column elementor-element elementor-element-4ac50b83\" data-id=\"4ac50b83\" data-element_type=\"column\" data-e-type=\"column\">\n\t\t\t<div class=\"elementor-widget-wrap\">\n\t\t\t\t\t\t\t<\/div>\n\t\t<\/div>\n\t\t\t\t\t<\/div>\n\t\t<\/section>\n\t\t\t\t\t<\/div>\n\t\t<\/div>\n\t\t\t\t\t<\/div>\n\t\t<\/section>\n\t\t\t\t<\/div>\n\t\t","protected":false},"excerpt":{"rendered":"<p>Propuestas para la transformaci\u00f3n social de Colombia Carta a la Naci\u00f3n Carta universitaria a la Naci\u00f3n A partir de las protestas ciudadanas que comenzaron en noviembre de 2019 la Universidad Javeriana se puso a la tarea de abrir canales de di\u00e1logo y producir aportes que ayuden a afrontar esta dif\u00edcil coyuntura del pa\u00eds, con una<\/p>\n","protected":false},"author":45,"featured_media":19268,"comment_status":"open","ping_status":"open","sticky":false,"template":"elementor_header_footer","format":"standard","meta":{"footnotes":""},"categories":[30],"tags":[],"class_list":{"0":"post-33327","1":"post","2":"type-post","3":"status-publish","4":"format-standard","5":"has-post-thumbnail","7":"category-especiales-pesquisa"},"_links":{"self":[{"href":"http:\/\/www.javeriana.edu.co\/pesquisa\/wp-json\/wp\/v2\/posts\/33327","targetHints":{"allow":["GET"]}}],"collection":[{"href":"http:\/\/www.javeriana.edu.co\/pesquisa\/wp-json\/wp\/v2\/posts"}],"about":[{"href":"http:\/\/www.javeriana.edu.co\/pesquisa\/wp-json\/wp\/v2\/types\/post"}],"author":[{"embeddable":true,"href":"http:\/\/www.javeriana.edu.co\/pesquisa\/wp-json\/wp\/v2\/users\/45"}],"replies":[{"embeddable":true,"href":"http:\/\/www.javeriana.edu.co\/pesquisa\/wp-json\/wp\/v2\/comments?post=33327"}],"version-history":[{"count":0,"href":"http:\/\/www.javeriana.edu.co\/pesquisa\/wp-json\/wp\/v2\/posts\/33327\/revisions"}],"wp:featuredmedia":[{"embeddable":true,"href":"http:\/\/www.javeriana.edu.co\/pesquisa\/wp-json\/wp\/v2\/media\/19268"}],"wp:attachment":[{"href":"http:\/\/www.javeriana.edu.co\/pesquisa\/wp-json\/wp\/v2\/media?parent=33327"}],"wp:term":[{"taxonomy":"category","embeddable":true,"href":"http:\/\/www.javeriana.edu.co\/pesquisa\/wp-json\/wp\/v2\/categories?post=33327"},{"taxonomy":"post_tag","embeddable":true,"href":"http:\/\/www.javeriana.edu.co\/pesquisa\/wp-json\/wp\/v2\/tags?post=33327"}],"curies":[{"name":"wp","href":"https:\/\/api.w.org\/{rel}","templated":true}]}}