{"id":33437,"date":"2021-03-15T19:06:05","date_gmt":"2021-03-16T00:06:05","guid":{"rendered":"http:\/\/www.javeriana.edu.co\/pesquisa\/?p=33437"},"modified":"2022-06-13T11:40:54","modified_gmt":"2022-06-13T16:40:54","slug":"50-anos-facultad-de-ciencias","status":"publish","type":"post","link":"http:\/\/www.javeriana.edu.co\/pesquisa\/50-anos-facultad-de-ciencias\/","title":{"rendered":"50 a\u00f1os Facultad de Ciencias"},"content":{"rendered":"\t\t<div data-elementor-type=\"wp-post\" data-elementor-id=\"33437\" class=\"elementor elementor-33437\" data-elementor-post-type=\"post\">\n\t\t\t\t\t\t<section class=\"has-el-gap el-gap-default elementor-section elementor-top-section elementor-element elementor-element-2f49c5c4 elementor-section-boxed elementor-section-height-default elementor-section-height-default\" data-id=\"2f49c5c4\" data-element_type=\"section\" data-e-type=\"section\">\n\t\t\t\t\t\t<div class=\"elementor-container elementor-column-gap-no\">\n\t\t\t\t\t<div class=\"elementor-column elementor-col-100 elementor-top-column elementor-element elementor-element-3834a56b\" data-id=\"3834a56b\" data-element_type=\"column\" data-e-type=\"column\">\n\t\t\t<div class=\"elementor-widget-wrap elementor-element-populated\">\n\t\t\t\t\t\t<section class=\"has-el-gap el-gap-default elementor-section elementor-inner-section elementor-element elementor-element-5645cb68 elementor-section-boxed elementor-section-height-default elementor-section-height-default\" data-id=\"5645cb68\" data-element_type=\"section\" data-e-type=\"section\">\n\t\t\t\t\t\t<div class=\"elementor-container elementor-column-gap-no\">\n\t\t\t\t\t\t<\/div>\n\t\t<\/section>\n\t\t\t\t\t<\/div>\n\t\t<\/div>\n\t\t\t\t\t<\/div>\n\t\t<\/section>\n\t\t\t\t<section class=\"has-el-gap el-gap-default elementor-section elementor-top-section elementor-element elementor-element-447e6552 elementor-section-boxed elementor-section-height-default elementor-section-height-default\" data-id=\"447e6552\" data-element_type=\"section\" data-e-type=\"section\">\n\t\t\t\t\t\t<div class=\"elementor-container elementor-column-gap-no\">\n\t\t\t\t\t<div class=\"elementor-column elementor-col-100 elementor-top-column elementor-element elementor-element-1b7bbf44\" data-id=\"1b7bbf44\" data-element_type=\"column\" data-e-type=\"column\">\n\t\t\t<div class=\"elementor-widget-wrap elementor-element-populated\">\n\t\t\t\t\t\t<div class=\"elementor-element elementor-element-6a61bc10 elementor-widget elementor-widget-spacer\" data-id=\"6a61bc10\" data-element_type=\"widget\" data-e-type=\"widget\" data-widget_type=\"spacer.default\">\n\t\t\t\t<div class=\"elementor-widget-container\">\n\t\t\t\t\t\t\t<div class=\"elementor-spacer\">\n\t\t\t<div class=\"elementor-spacer-inner\"><\/div>\n\t\t<\/div>\n\t\t\t\t\t\t<\/div>\n\t\t\t\t<\/div>\n\t\t\t\t<div class=\"elementor-element elementor-element-554d2500 elementor-invisible elementor-widget elementor-widget-heading\" data-id=\"554d2500\" data-element_type=\"widget\" data-e-type=\"widget\" data-settings=\"{&quot;_animation&quot;:&quot;fadeInLeft&quot;}\" data-widget_type=\"heading.default\">\n\t\t\t\t<div class=\"elementor-widget-container\">\n\t\t\t\t\t<h1 class=\"elementor-heading-title elementor-size-xxl\">50 a\u00f1os formando conCiencias<\/h1>\t\t\t\t<\/div>\n\t\t\t\t<\/div>\n\t\t\t\t\t<\/div>\n\t\t<\/div>\n\t\t\t\t\t<\/div>\n\t\t<\/section>\n\t\t\t\t<section class=\"has-el-gap el-gap-default elementor-section elementor-top-section elementor-element elementor-element-2d189180 elementor-section-boxed elementor-section-height-default elementor-section-height-default\" data-id=\"2d189180\" data-element_type=\"section\" data-e-type=\"section\">\n\t\t\t\t\t\t<div class=\"elementor-container elementor-column-gap-no\">\n\t\t\t\t\t<div class=\"elementor-column elementor-col-100 elementor-top-column elementor-element elementor-element-122d0a6f\" data-id=\"122d0a6f\" data-element_type=\"column\" data-e-type=\"column\">\n\t\t\t<div class=\"elementor-widget-wrap elementor-element-populated\">\n\t\t\t\t\t\t<section class=\"has-el-gap el-gap-default elementor-section elementor-inner-section elementor-element elementor-element-36ec236e contenedor_principal elementor-section-boxed elementor-section-height-default elementor-section-height-default\" data-id=\"36ec236e\" data-element_type=\"section\" data-e-type=\"section\">\n\t\t\t\t\t\t<div class=\"elementor-container elementor-column-gap-no\">\n\t\t\t\t\t<div class=\"elementor-column elementor-col-100 elementor-inner-column elementor-element elementor-element-16a91ea6\" data-id=\"16a91ea6\" data-element_type=\"column\" data-e-type=\"column\">\n\t\t\t<div class=\"elementor-widget-wrap elementor-element-populated\">\n\t\t\t\t\t\t<div class=\"elementor-element elementor-element-1190284b elementor-widget elementor-widget-text-editor\" data-id=\"1190284b\" data-element_type=\"widget\" data-e-type=\"widget\" data-widget_type=\"text-editor.default\">\n\t\t\t\t<div class=\"elementor-widget-container\">\n\t\t\t\t\t\t\t\t\t<p>Preguntas de la cotidianidad, o incluso algunas exc\u00e9ntricas, tienen respuesta desde diferentes disciplinas de la ciencia b\u00e1sica. Por ejemplo, \u00bfqu\u00e9 pasar\u00eda si no tom\u00e1ramos ninguna medida contra la Covid-19?, \u00bfse puede hacer ciencia desde casa?,\u00a0\u00bfcu\u00e1l es la utilidad de la ciencia?,\u00a0\u00bfen Colombia somos tan ricos en agua como nos dicen? O \u00bfLos antioxidantes son tan salvadores como nos los venden?\u00a0Estas inquietudes, junto a otros m\u00e1s, ser\u00e1n los puntos de conversaci\u00f3n de expertos javerianos, quienes plantear\u00e1n soluciones o nuevos interrogantes.<\/p><p>Durante este a\u00f1o, los\u00a0profesores de la\u00a0<a href=\"https:\/\/ciencias.javeriana.edu.co\/\" target=\"_blank\" rel=\"noopener\">Facultad de Ciencias<\/a>\u00a0de la Pontificia Universidad Javeriana publicar\u00e1n en\u00a0<b>Pesquisa Javeriana<\/b>\u00a0art\u00edculos de opini\u00f3n con respuestas basadas en su investigaci\u00f3n con un lenguaje cercano y comprensible para quienes no son especialistas. Este especial hace parte de la conmemoraci\u00f3n de los primeros 50 a\u00f1os de esta Facultad que tiene a\u00a0la ciencia y la innovaci\u00f3n como pilares en su quehacer de formaci\u00f3n, investigaci\u00f3n y servicio. Cada mes tendremos una entrada con un columnista invitado.<\/p>\t\t\t\t\t\t\t\t<\/div>\n\t\t\t\t<\/div>\n\t\t\t\t\t<\/div>\n\t\t<\/div>\n\t\t\t\t\t<\/div>\n\t\t<\/section>\n\t\t\t\t\t<\/div>\n\t\t<\/div>\n\t\t\t\t\t<\/div>\n\t\t<\/section>\n\t\t\t\t<section class=\"has-el-gap el-gap-default elementor-section elementor-top-section elementor-element elementor-element-42cbf5b contenedor_principal elementor-section-boxed elementor-section-height-default elementor-section-height-default\" data-id=\"42cbf5b\" data-element_type=\"section\" data-e-type=\"section\">\n\t\t\t\t\t\t<div class=\"elementor-container elementor-column-gap-no\">\n\t\t\t\t\t<div class=\"elementor-column elementor-col-100 elementor-top-column elementor-element elementor-element-2bb7d897\" data-id=\"2bb7d897\" data-element_type=\"column\" data-e-type=\"column\">\n\t\t\t<div class=\"elementor-widget-wrap elementor-element-populated\">\n\t\t\t\t\t\t<div class=\"elementor-element elementor-element-1f01579d elementor-widget elementor-widget-smartmag-overlay\" data-id=\"1f01579d\" data-element_type=\"widget\" data-e-type=\"widget\" data-widget_type=\"smartmag-overlay.default\">\n\t\t\t\t<div class=\"elementor-widget-container\">\n\t\t\t\t\t\t\t<section class=\"block-wrap block-overlay block-sc cols-gap-sm\" data-id=\"1\">\n\n\t\t\t\t\n\t\t\t<div class=\"block-content\">\n\t\t\t\t\t\n\t<div class=\"loop loop-overlay grid grid-3 md:grid-2 xs:grid-1\">\n\n\t\t\t\n\t\t\t\n<article class=\"l-post grid-overlay overlay-post grid-overlay-a overlay-base-post\">\n\n\t\n\t\t\t<div class=\"media\">\n\n\t\t\n\t\t\t<a href=\"http:\/\/www.javeriana.edu.co\/pesquisa\/concurso-facultad-de-ciencias-javeriana\/\" class=\"image-link media-ratio ar-bunyad-overlay\" title=\"Participe en este concurso y convi\u00e9rtase en un divulgador cient\u00edfico\"><img fetchpriority=\"high\" decoding=\"async\" width=\"390\" height=\"292\" src=\"http:\/\/www.javeriana.edu.co\/pesquisa\/wp-content\/uploads\/2021\/09\/concurso-ciencias-banner3-450x236.png\" class=\"attachment-bunyad-medium size-bunyad-medium wp-post-image\" alt=\"\" sizes=\"(max-width: 390px) 100vw, 390px\" title=\"Participe en este concurso y convi\u00e9rtase en un divulgador cient\u00edfico\" srcset=\"http:\/\/www.javeriana.edu.co\/pesquisa\/wp-content\/uploads\/2021\/09\/concurso-ciencias-banner3-1024x536.png 1024w, http:\/\/www.javeriana.edu.co\/pesquisa\/wp-content\/uploads\/2021\/09\/concurso-ciencias-banner3-1200x628.png 1200w, http:\/\/www.javeriana.edu.co\/pesquisa\/wp-content\/uploads\/2021\/09\/concurso-ciencias-banner3-768x402.png 768w, http:\/\/www.javeriana.edu.co\/pesquisa\/wp-content\/uploads\/2021\/09\/concurso-ciencias-banner3.png 1280w\" \/><\/a>\t\t\t\n\t\t\t\n\t\t\t\n\t\t\t\n\t\t\n\t\t<\/div>\n\t\n\n\t\t\t<div class=\"content-wrap\">\n\t\n\t\t<div class=\"content\">\n\n\t\t\t<div class=\"post-meta post-meta-a meta-contrast has-below\"><h2 class=\"is-title post-title\"><a href=\"http:\/\/www.javeriana.edu.co\/pesquisa\/concurso-facultad-de-ciencias-javeriana\/\">Participe en este concurso y convi\u00e9rtase en un divulgador cient\u00edfico<\/a><\/h2><div class=\"post-meta-items meta-below\"><span class=\"meta-item post-author\"><a href=\"http:\/\/www.javeriana.edu.co\/pesquisa\/author\/pesquisajaveriana\/\" title=\"Entradas de Pesquisa Javeriana\" rel=\"author\">Pesquisa Javeriana<\/a><\/span><span class=\"meta-item date\"><span class=\"date-link\"><time class=\"post-date\" datetime=\"2021-09-29T07:00:10-05:00\">29 septiembre, 2021<\/time><\/span><\/span><span class=\"meta-item post-cat\">\n\t\t\t\t\t\t\n\t\t\t\t\t\t<a href=\"http:\/\/www.javeriana.edu.co\/pesquisa\/especiales-pesquisa\/\" class=\"category term-color-30\" rel=\"category\">Especiales Pesquisa<\/a>\n\t\t\t\t\t<\/span>\n\t\t\t\t\t<\/div><\/div>\t\t\t\n\t\t\t\n\t\t\t\n\t\t<\/div>\n\n\t\t\t<\/div>\n\t\n<\/article>\n\t\t\t\n\t\t\t\n<article class=\"l-post grid-overlay overlay-post grid-overlay-a overlay-base-post\">\n\n\t\n\t\t\t<div class=\"media\">\n\n\t\t\n\t\t\t<a href=\"http:\/\/www.javeriana.edu.co\/pesquisa\/piel-clara-en-humanos-interaccion\/\" class=\"image-link media-ratio ar-bunyad-overlay\" title=\"La piel clara en los humanos actuales: migraciones e interacci\u00f3n con otras especies humanas\"><img decoding=\"async\" width=\"390\" height=\"292\" src=\"http:\/\/www.javeriana.edu.co\/pesquisa\/wp-content\/uploads\/2021\/08\/pigmentacion_piel_evolucion_hombres-450x236.jpg\" class=\"attachment-bunyad-medium size-bunyad-medium wp-post-image\" alt=\"\" sizes=\"(max-width: 390px) 100vw, 390px\" title=\"La piel clara en los humanos actuales: migraciones e interacci\u00f3n con otras especies humanas\" srcset=\"http:\/\/www.javeriana.edu.co\/pesquisa\/wp-content\/uploads\/2021\/08\/pigmentacion_piel_evolucion_hombres-1024x536.jpg 1024w, http:\/\/www.javeriana.edu.co\/pesquisa\/wp-content\/uploads\/2021\/08\/pigmentacion_piel_evolucion_hombres-1200x628.jpg 1200w, http:\/\/www.javeriana.edu.co\/pesquisa\/wp-content\/uploads\/2021\/08\/pigmentacion_piel_evolucion_hombres-768x402.jpg 768w, http:\/\/www.javeriana.edu.co\/pesquisa\/wp-content\/uploads\/2021\/08\/pigmentacion_piel_evolucion_hombres.jpg 1280w\" \/><\/a>\t\t\t\n\t\t\t\n\t\t\t\n\t\t\t\n\t\t\n\t\t<\/div>\n\t\n\n\t\t\t<div class=\"content-wrap\">\n\t\n\t\t<div class=\"content\">\n\n\t\t\t<div class=\"post-meta post-meta-a meta-contrast has-below\"><h2 class=\"is-title post-title\"><a href=\"http:\/\/www.javeriana.edu.co\/pesquisa\/piel-clara-en-humanos-interaccion\/\">La piel clara en los humanos actuales: migraciones e interacci\u00f3n con otras especies humanas<\/a><\/h2><div class=\"post-meta-items meta-below\"><span class=\"meta-item post-author\"><a href=\"http:\/\/www.javeriana.edu.co\/pesquisa\/author\/manuelruizgarcia\/\" title=\"Entradas de Manuel Ruiz Garc\u00eda\" rel=\"author\">Manuel Ruiz Garc\u00eda<\/a><\/span><span class=\"meta-item date\"><span class=\"date-link\"><time class=\"post-date\" datetime=\"2021-08-26T09:40:02-05:00\">26 agosto, 2021<\/time><\/span><\/span><span class=\"meta-item post-cat\">\n\t\t\t\t\t\t\n\t\t\t\t\t\t<a href=\"http:\/\/www.javeriana.edu.co\/pesquisa\/especiales-pesquisa\/\" class=\"category term-color-30\" rel=\"category\">Especiales Pesquisa<\/a>\n\t\t\t\t\t<\/span>\n\t\t\t\t\t<\/div><\/div>\t\t\t\n\t\t\t\n\t\t\t\n\t\t<\/div>\n\n\t\t\t<\/div>\n\t\n<\/article>\n\t\t\t\n\t\t\t\n<article class=\"l-post grid-overlay overlay-post grid-overlay-a overlay-base-post\">\n\n\t\n\t\t\t<div class=\"media\">\n\n\t\t\n\t\t\t<a href=\"http:\/\/www.javeriana.edu.co\/pesquisa\/terapia-genica-vacunas-adn\/\" class=\"image-link media-ratio ar-bunyad-overlay\" title=\"Modificar nuestra informaci\u00f3n gen\u00e9tica para tratar enfermedades raras es viable\"><img decoding=\"async\" width=\"390\" height=\"292\" src=\"http:\/\/www.javeriana.edu.co\/pesquisa\/wp-content\/uploads\/2021\/07\/terapia_genica-450x236.jpg\" class=\"attachment-bunyad-medium size-bunyad-medium wp-post-image\" alt=\"Terapia g\u00e9nica\" sizes=\"(max-width: 390px) 100vw, 390px\" title=\"Modificar nuestra informaci\u00f3n gen\u00e9tica para tratar enfermedades raras es viable\" srcset=\"http:\/\/www.javeriana.edu.co\/pesquisa\/wp-content\/uploads\/2021\/07\/terapia_genica-1024x536.jpg 1024w, http:\/\/www.javeriana.edu.co\/pesquisa\/wp-content\/uploads\/2021\/07\/terapia_genica-1200x628.jpg 1200w, http:\/\/www.javeriana.edu.co\/pesquisa\/wp-content\/uploads\/2021\/07\/terapia_genica-768x402.jpg 768w, http:\/\/www.javeriana.edu.co\/pesquisa\/wp-content\/uploads\/2021\/07\/terapia_genica.jpg 1280w\" \/><\/a>\t\t\t\n\t\t\t\n\t\t\t\n\t\t\t\n\t\t\n\t\t<\/div>\n\t\n\n\t\t\t<div class=\"content-wrap\">\n\t\n\t\t<div class=\"content\">\n\n\t\t\t<div class=\"post-meta post-meta-a meta-contrast has-below\"><h2 class=\"is-title post-title\"><a href=\"http:\/\/www.javeriana.edu.co\/pesquisa\/terapia-genica-vacunas-adn\/\">Modificar nuestra informaci\u00f3n gen\u00e9tica para tratar enfermedades raras es viable<\/a><\/h2><div class=\"post-meta-items meta-below\"><span class=\"meta-item post-author\"><a href=\"http:\/\/www.javeriana.edu.co\/pesquisa\/author\/carlos-javier-almeciga\/\" title=\"Entradas de Carlos Javier Alm\u00e9ciga\" rel=\"author\">Carlos Javier Alm\u00e9ciga<\/a><\/span><span class=\"meta-item date\"><span class=\"date-link\"><time class=\"post-date\" datetime=\"2021-07-28T07:00:38-05:00\">28 julio, 2021<\/time><\/span><\/span><span class=\"meta-item post-cat\">\n\t\t\t\t\t\t\n\t\t\t\t\t\t<a href=\"http:\/\/www.javeriana.edu.co\/pesquisa\/opinion\/columnistas\/\" class=\"category term-color-471\" rel=\"category\">Columnistas<\/a>\n\t\t\t\t\t<\/span>\n\t\t\t\t\t<\/div><\/div>\t\t\t\n\t\t\t\n\t\t\t\n\t\t<\/div>\n\n\t\t\t<\/div>\n\t\n<\/article>\n\t\t\t\n\t\t\t\n<article class=\"l-post grid-overlay overlay-post grid-overlay-a overlay-base-post\">\n\n\t\n\t\t\t<div class=\"media\">\n\n\t\t\n\t\t\t<a href=\"http:\/\/www.javeriana.edu.co\/pesquisa\/biodiversidad-y-salud-humana\/\" class=\"image-link media-ratio ar-bunyad-overlay\" title=\"Biodiversidad y salud humana\"><img loading=\"lazy\" decoding=\"async\" width=\"390\" height=\"292\" src=\"http:\/\/www.javeriana.edu.co\/pesquisa\/wp-content\/uploads\/2021\/06\/biodiversidad-y-salud-humana-450x236.jpg\" class=\"attachment-bunyad-medium size-bunyad-medium wp-post-image\" alt=\"\" sizes=\"(max-width: 390px) 100vw, 390px\" title=\"Biodiversidad y salud humana\" srcset=\"http:\/\/www.javeriana.edu.co\/pesquisa\/wp-content\/uploads\/2021\/06\/biodiversidad-y-salud-humana-1024x536.jpg 1024w, http:\/\/www.javeriana.edu.co\/pesquisa\/wp-content\/uploads\/2021\/06\/biodiversidad-y-salud-humana-1200x628.jpg 1200w, http:\/\/www.javeriana.edu.co\/pesquisa\/wp-content\/uploads\/2021\/06\/biodiversidad-y-salud-humana-768x402.jpg 768w, http:\/\/www.javeriana.edu.co\/pesquisa\/wp-content\/uploads\/2021\/06\/biodiversidad-y-salud-humana.jpg 1280w\" \/><\/a>\t\t\t\n\t\t\t\n\t\t\t\n\t\t\t\n\t\t\n\t\t<\/div>\n\t\n\n\t\t\t<div class=\"content-wrap\">\n\t\n\t\t<div class=\"content\">\n\n\t\t\t<div class=\"post-meta post-meta-a meta-contrast has-below\"><h2 class=\"is-title post-title\"><a href=\"http:\/\/www.javeriana.edu.co\/pesquisa\/biodiversidad-y-salud-humana\/\">Biodiversidad y salud humana<\/a><\/h2><div class=\"post-meta-items meta-below\"><span class=\"meta-item post-author\"><a href=\"http:\/\/www.javeriana.edu.co\/pesquisa\/author\/german-jimenez\/\" title=\"Entradas de Germ\u00e1n Jim\u00e9nez\" rel=\"author\">Germ\u00e1n Jim\u00e9nez<\/a><\/span><span class=\"meta-item date\"><span class=\"date-link\"><time class=\"post-date\" datetime=\"2021-06-30T07:00:51-05:00\">30 junio, 2021<\/time><\/span><\/span><span class=\"meta-item post-cat\">\n\t\t\t\t\t\t\n\t\t\t\t\t\t<a href=\"http:\/\/www.javeriana.edu.co\/pesquisa\/ambiente\/\" class=\"category term-color-376\" rel=\"category\">Ambiente<\/a>\n\t\t\t\t\t<\/span>\n\t\t\t\t\t<\/div><\/div>\t\t\t\n\t\t\t\n\t\t\t\n\t\t<\/div>\n\n\t\t\t<\/div>\n\t\n<\/article>\n\t\t\t\n\t\t\t\n<article class=\"l-post grid-overlay overlay-post grid-overlay-a overlay-base-post\">\n\n\t\n\t\t\t<div class=\"media\">\n\n\t\t\n\t\t\t<a href=\"http:\/\/www.javeriana.edu.co\/pesquisa\/quimica-computacional-es-posible-conseguir-resultados-desde-casa\/\" class=\"image-link media-ratio ar-bunyad-overlay\" title=\"Qu\u00edmica computacional: es posible conseguir resultados desde casa\"><img loading=\"lazy\" decoding=\"async\" width=\"390\" height=\"292\" src=\"http:\/\/www.javeriana.edu.co\/pesquisa\/wp-content\/uploads\/2021\/05\/quimica-computacional-450x236.jpg\" class=\"attachment-bunyad-medium size-bunyad-medium wp-post-image\" alt=\"\" sizes=\"(max-width: 390px) 100vw, 390px\" title=\"Qu\u00edmica computacional: es posible conseguir resultados desde casa\" srcset=\"http:\/\/www.javeriana.edu.co\/pesquisa\/wp-content\/uploads\/2021\/05\/quimica-computacional-1024x536.jpg 1024w, http:\/\/www.javeriana.edu.co\/pesquisa\/wp-content\/uploads\/2021\/05\/quimica-computacional-1200x628.jpg 1200w, http:\/\/www.javeriana.edu.co\/pesquisa\/wp-content\/uploads\/2021\/05\/quimica-computacional-768x402.jpg 768w, http:\/\/www.javeriana.edu.co\/pesquisa\/wp-content\/uploads\/2021\/05\/quimica-computacional.jpg 1280w\" \/><\/a>\t\t\t\n\t\t\t\n\t\t\t\n\t\t\t\n\t\t\n\t\t<\/div>\n\t\n\n\t\t\t<div class=\"content-wrap\">\n\t\n\t\t<div class=\"content\">\n\n\t\t\t<div class=\"post-meta post-meta-a meta-contrast has-below\"><h2 class=\"is-title post-title\"><a href=\"http:\/\/www.javeriana.edu.co\/pesquisa\/quimica-computacional-es-posible-conseguir-resultados-desde-casa\/\">Qu\u00edmica computacional: es posible conseguir resultados desde casa<\/a><\/h2><div class=\"post-meta-items meta-below\"><span class=\"meta-item post-author\"><a href=\"http:\/\/www.javeriana.edu.co\/pesquisa\/author\/sol-mejia\/\" title=\"Entradas de Sol M. Mej\u00eda\" rel=\"author\">Sol M. Mej\u00eda<\/a><\/span><span class=\"meta-item date\"><span class=\"date-link\"><time class=\"post-date\" datetime=\"2021-05-26T06:00:44-05:00\">26 mayo, 2021<\/time><\/span><\/span><span class=\"meta-item post-cat\">\n\t\t\t\t\t\t\n\t\t\t\t\t\t<a href=\"http:\/\/www.javeriana.edu.co\/pesquisa\/sociedad\/\" class=\"category term-color-373\" rel=\"category\">Sociedad<\/a>\n\t\t\t\t\t<\/span>\n\t\t\t\t\t<\/div><\/div>\t\t\t\n\t\t\t\n\t\t\t\n\t\t<\/div>\n\n\t\t\t<\/div>\n\t\n<\/article>\n\t\t\t\n\t\t\t\n<article class=\"l-post grid-overlay overlay-post grid-overlay-a overlay-base-post\">\n\n\t\n\t\t\t<div class=\"media\">\n\n\t\t\n\t\t\t<a href=\"http:\/\/www.javeriana.edu.co\/pesquisa\/la-utilidad-del-conocimiento-inutil\/\" class=\"image-link media-ratio ar-bunyad-overlay\" title=\"&#8220;La utilidad del conocimiento in\u00fatil&#8221;\"><img loading=\"lazy\" decoding=\"async\" width=\"390\" height=\"292\" src=\"http:\/\/www.javeriana.edu.co\/pesquisa\/wp-content\/uploads\/2021\/04\/conocimiento-inutil-utilidad-450x236.jpg\" class=\"attachment-bunyad-medium size-bunyad-medium wp-post-image\" alt=\"\" sizes=\"(max-width: 390px) 100vw, 390px\" title=\"&#8220;La utilidad del conocimiento in\u00fatil&#8221;\" srcset=\"http:\/\/www.javeriana.edu.co\/pesquisa\/wp-content\/uploads\/2021\/04\/conocimiento-inutil-utilidad-1024x536.jpg 1024w, http:\/\/www.javeriana.edu.co\/pesquisa\/wp-content\/uploads\/2021\/04\/conocimiento-inutil-utilidad-1200x628.jpg 1200w, http:\/\/www.javeriana.edu.co\/pesquisa\/wp-content\/uploads\/2021\/04\/conocimiento-inutil-utilidad-768x402.jpg 768w, http:\/\/www.javeriana.edu.co\/pesquisa\/wp-content\/uploads\/2021\/04\/conocimiento-inutil-utilidad.jpg 1280w\" \/><\/a>\t\t\t\n\t\t\t\n\t\t\t\n\t\t\t\n\t\t\n\t\t<\/div>\n\t\n\n\t\t\t<div class=\"content-wrap\">\n\t\n\t\t<div class=\"content\">\n\n\t\t\t<div class=\"post-meta post-meta-a meta-contrast has-below\"><h2 class=\"is-title post-title\"><a href=\"http:\/\/www.javeriana.edu.co\/pesquisa\/la-utilidad-del-conocimiento-inutil\/\">&#8220;La utilidad del conocimiento in\u00fatil&#8221;<\/a><\/h2><div class=\"post-meta-items meta-below\"><span class=\"meta-item post-author\"><a href=\"http:\/\/www.javeriana.edu.co\/pesquisa\/author\/julio-mario-hoyos\/\" title=\"Entradas de Julio Mario Hoyos\" rel=\"author\">Julio Mario Hoyos<\/a><\/span><span class=\"meta-item date\"><span class=\"date-link\"><time class=\"post-date\" datetime=\"2021-04-05T07:00:56-05:00\">5 abril, 2021<\/time><\/span><\/span><span class=\"meta-item post-cat\">\n\t\t\t\t\t\t\n\t\t\t\t\t\t<a href=\"http:\/\/www.javeriana.edu.co\/pesquisa\/sociedad\/\" class=\"category term-color-373\" rel=\"category\">Sociedad<\/a>\n\t\t\t\t\t<\/span>\n\t\t\t\t\t<\/div><\/div>\t\t\t\n\t\t\t\n\t\t\t\n\t\t<\/div>\n\n\t\t\t<\/div>\n\t\n<\/article>\n\t\t\t\n\t\t\t\n<article class=\"l-post grid-overlay overlay-post grid-overlay-a overlay-base-post\">\n\n\t\n\t\t\t<div class=\"media\">\n\n\t\t\n\t\t\t<a href=\"http:\/\/www.javeriana.edu.co\/pesquisa\/las-bondades-de-las-plantas-medicinales-en-tiempos-de-cuarentena\/\" class=\"image-link media-ratio ar-bunyad-overlay\" title=\"Los beneficios de las plantas medicinales en tiempos de cuarentena\"><img loading=\"lazy\" decoding=\"async\" width=\"390\" height=\"292\" src=\"http:\/\/www.javeriana.edu.co\/pesquisa\/wp-content\/uploads\/2021\/03\/plantas-mediciniales-beneficios-450x236.jpg\" class=\"attachment-bunyad-medium size-bunyad-medium wp-post-image\" alt=\"\" sizes=\"(max-width: 390px) 100vw, 390px\" title=\"Los beneficios de las plantas medicinales en tiempos de cuarentena\" srcset=\"http:\/\/www.javeriana.edu.co\/pesquisa\/wp-content\/uploads\/2021\/03\/plantas-mediciniales-beneficios-1024x536.jpg 1024w, http:\/\/www.javeriana.edu.co\/pesquisa\/wp-content\/uploads\/2021\/03\/plantas-mediciniales-beneficios-1200x628.jpg 1200w, http:\/\/www.javeriana.edu.co\/pesquisa\/wp-content\/uploads\/2021\/03\/plantas-mediciniales-beneficios-768x402.jpg 768w, http:\/\/www.javeriana.edu.co\/pesquisa\/wp-content\/uploads\/2021\/03\/plantas-mediciniales-beneficios.jpg 1280w\" \/><\/a>\t\t\t\n\t\t\t\n\t\t\t\n\t\t\t\n\t\t\n\t\t<\/div>\n\t\n\n\t\t\t<div class=\"content-wrap\">\n\t\n\t\t<div class=\"content\">\n\n\t\t\t<div class=\"post-meta post-meta-a meta-contrast has-below\"><h2 class=\"is-title post-title\"><a href=\"http:\/\/www.javeriana.edu.co\/pesquisa\/las-bondades-de-las-plantas-medicinales-en-tiempos-de-cuarentena\/\">Los beneficios de las plantas medicinales en tiempos de cuarentena<\/a><\/h2><div class=\"post-meta-items meta-below\"><span class=\"meta-item post-author\"><a href=\"http:\/\/www.javeriana.edu.co\/pesquisa\/author\/nestor-garcia\/\" title=\"Entradas de N\u00e9stor Garc\u00eda\" rel=\"author\">N\u00e9stor Garc\u00eda<\/a><\/span><span class=\"meta-item date\"><span class=\"date-link\"><time class=\"post-date\" datetime=\"2021-03-29T07:00:58-05:00\">29 marzo, 2021<\/time><\/span><\/span><span class=\"meta-item post-cat\">\n\t\t\t\t\t\t\n\t\t\t\t\t\t<a href=\"http:\/\/www.javeriana.edu.co\/pesquisa\/ambiente\/\" class=\"category term-color-376\" rel=\"category\">Ambiente<\/a>\n\t\t\t\t\t<\/span>\n\t\t\t\t\t<\/div><\/div>\t\t\t\n\t\t\t\n\t\t\t\n\t\t<\/div>\n\n\t\t\t<\/div>\n\t\n<\/article>\n\t\t\t\n\t\t\t\n<article class=\"l-post grid-overlay overlay-post grid-overlay-a overlay-base-post\">\n\n\t\n\t\t\t<div class=\"media\">\n\n\t\t\n\t\t\t<a href=\"http:\/\/www.javeriana.edu.co\/pesquisa\/vacunacion-covid-la-tormenta-perfecta-en-una-cadena-de-suministro\/\" class=\"image-link media-ratio ar-bunyad-overlay\" title=\"Vacunaci\u00f3n covid: la tormenta perfecta en una cadena de suministro\"><img loading=\"lazy\" decoding=\"async\" width=\"390\" height=\"292\" src=\"http:\/\/www.javeriana.edu.co\/pesquisa\/wp-content\/uploads\/2021\/03\/vacunacion-la-tormenta-perfecta-cadena-de-suministro-450x267.jpg\" class=\"attachment-bunyad-medium size-bunyad-medium wp-post-image\" alt=\"\" sizes=\"(max-width: 390px) 100vw, 390px\" title=\"Vacunaci\u00f3n covid: la tormenta perfecta en una cadena de suministro\" srcset=\"http:\/\/www.javeriana.edu.co\/pesquisa\/wp-content\/uploads\/2021\/03\/vacunacion-la-tormenta-perfecta-cadena-de-suministro-450x267.jpg 450w, http:\/\/www.javeriana.edu.co\/pesquisa\/wp-content\/uploads\/2021\/03\/vacunacion-la-tormenta-perfecta-cadena-de-suministro-1024x608.jpg 1024w, http:\/\/www.javeriana.edu.co\/pesquisa\/wp-content\/uploads\/2021\/03\/vacunacion-la-tormenta-perfecta-cadena-de-suministro-1200x713.jpg 1200w, http:\/\/www.javeriana.edu.co\/pesquisa\/wp-content\/uploads\/2021\/03\/vacunacion-la-tormenta-perfecta-cadena-de-suministro-768x456.jpg 768w, http:\/\/www.javeriana.edu.co\/pesquisa\/wp-content\/uploads\/2021\/03\/vacunacion-la-tormenta-perfecta-cadena-de-suministro.jpg 1280w\" \/><\/a>\t\t\t\n\t\t\t\n\t\t\t\n\t\t\t\n\t\t\n\t\t<\/div>\n\t\n\n\t\t\t<div class=\"content-wrap\">\n\t\n\t\t<div class=\"content\">\n\n\t\t\t<div class=\"post-meta post-meta-a meta-contrast has-below\"><h2 class=\"is-title post-title\"><a href=\"http:\/\/www.javeriana.edu.co\/pesquisa\/vacunacion-covid-la-tormenta-perfecta-en-una-cadena-de-suministro\/\">Vacunaci\u00f3n covid: la tormenta perfecta en una cadena de suministro<\/a><\/h2><div class=\"post-meta-items meta-below\"><span class=\"meta-item post-author\"><a href=\"http:\/\/www.javeriana.edu.co\/pesquisa\/author\/camilo-ortiz\/\" title=\"Entradas de Camilo Ortiz\" rel=\"author\">Camilo Ortiz<\/a><\/span><span class=\"meta-item date\"><span class=\"date-link\"><time class=\"post-date\" datetime=\"2021-03-04T09:24:13-05:00\">4 marzo, 2021<\/time><\/span><\/span><span class=\"meta-item post-cat\">\n\t\t\t\t\t\t\n\t\t\t\t\t\t<a href=\"http:\/\/www.javeriana.edu.co\/pesquisa\/opinion\/columnistas\/\" class=\"category term-color-471\" rel=\"category\">Columnistas<\/a>\n\t\t\t\t\t<\/span>\n\t\t\t\t\t<\/div><\/div>\t\t\t\n\t\t\t\n\t\t\t\n\t\t<\/div>\n\n\t\t\t<\/div>\n\t\n<\/article>\n\t\t\t\n\t\t\t\n<article class=\"l-post grid-overlay overlay-post grid-overlay-a overlay-base-post\">\n\n\t\n\t\t\t<div class=\"media\">\n\n\t\t\n\t\t\t<a href=\"http:\/\/www.javeriana.edu.co\/pesquisa\/el-mito-de-que-colombia-es-un-pais-rico-en-agua\/\" class=\"image-link media-ratio ar-bunyad-overlay\" title=\"El mito de que Colombia es un pa\u00eds rico en agua\"><img loading=\"lazy\" decoding=\"async\" width=\"390\" height=\"292\" src=\"http:\/\/www.javeriana.edu.co\/pesquisa\/wp-content\/uploads\/2021\/01\/colombia-pais-rico-en-agua-mito-450x236.jpg\" class=\"attachment-bunyad-medium size-bunyad-medium wp-post-image\" alt=\"\" sizes=\"(max-width: 390px) 100vw, 390px\" title=\"El mito de que Colombia es un pa\u00eds rico en agua\" srcset=\"http:\/\/www.javeriana.edu.co\/pesquisa\/wp-content\/uploads\/2021\/01\/colombia-pais-rico-en-agua-mito-1024x536.jpg 1024w, http:\/\/www.javeriana.edu.co\/pesquisa\/wp-content\/uploads\/2021\/01\/colombia-pais-rico-en-agua-mito-1200x628.jpg 1200w, http:\/\/www.javeriana.edu.co\/pesquisa\/wp-content\/uploads\/2021\/01\/colombia-pais-rico-en-agua-mito-768x402.jpg 768w, http:\/\/www.javeriana.edu.co\/pesquisa\/wp-content\/uploads\/2021\/01\/colombia-pais-rico-en-agua-mito.jpg 1280w\" \/><\/a>\t\t\t\n\t\t\t\n\t\t\t\n\t\t\t\n\t\t\n\t\t<\/div>\n\t\n\n\t\t\t<div class=\"content-wrap\">\n\t\n\t\t<div class=\"content\">\n\n\t\t\t<div class=\"post-meta post-meta-a meta-contrast has-below\"><h2 class=\"is-title post-title\"><a href=\"http:\/\/www.javeriana.edu.co\/pesquisa\/el-mito-de-que-colombia-es-un-pais-rico-en-agua\/\">El mito de que Colombia es un pa\u00eds rico en agua<\/a><\/h2><div class=\"post-meta-items meta-below\"><span class=\"meta-item post-author\"><a href=\"http:\/\/www.javeriana.edu.co\/pesquisa\/author\/carlos-rivera\/\" title=\"Entradas de Carlos Rivera\" rel=\"author\">Carlos Rivera<\/a><\/span><span class=\"meta-item date\"><span class=\"date-link\"><time class=\"post-date\" datetime=\"2021-01-22T08:14:03-05:00\">22 enero, 2021<\/time><\/span><\/span><span class=\"meta-item post-cat\">\n\t\t\t\t\t\t\n\t\t\t\t\t\t<a href=\"http:\/\/www.javeriana.edu.co\/pesquisa\/ambiente\/\" class=\"category term-color-376\" rel=\"category\">Ambiente<\/a>\n\t\t\t\t\t<\/span>\n\t\t\t\t\t<\/div><\/div>\t\t\t\n\t\t\t\n\t\t\t\n\t\t<\/div>\n\n\t\t\t<\/div>\n\t\n<\/article>\n\t\t\n\t<\/div>\n\n\t\t\n\t\t\t<\/div>\n\n\t\t<\/section>\n\t\t\t\t\t\t<\/div>\n\t\t\t\t<\/div>\n\t\t\t\t\t<\/div>\n\t\t<\/div>\n\t\t\t\t\t<\/div>\n\t\t<\/section>\n\t\t\t\t<section class=\"has-el-gap el-gap-default elementor-section elementor-top-section elementor-element elementor-element-63e645f2 contenedor_principal elementor-section-boxed elementor-section-height-default elementor-section-height-default\" data-id=\"63e645f2\" data-element_type=\"section\" data-e-type=\"section\" data-settings=\"{&quot;background_background&quot;:&quot;classic&quot;}\">\n\t\t\t\t\t\t<div class=\"elementor-container elementor-column-gap-no\">\n\t\t\t\t\t<div class=\"elementor-column elementor-col-100 elementor-top-column elementor-element elementor-element-267ca62\" data-id=\"267ca62\" data-element_type=\"column\" data-e-type=\"column\">\n\t\t\t<div class=\"elementor-widget-wrap elementor-element-populated\">\n\t\t\t\t\t\t<div class=\"elementor-element elementor-element-2167c30e elementor-widget elementor-widget-spacer\" data-id=\"2167c30e\" data-element_type=\"widget\" data-e-type=\"widget\" data-widget_type=\"spacer.default\">\n\t\t\t\t<div class=\"elementor-widget-container\">\n\t\t\t\t\t\t\t<div class=\"elementor-spacer\">\n\t\t\t<div class=\"elementor-spacer-inner\"><\/div>\n\t\t<\/div>\n\t\t\t\t\t\t<\/div>\n\t\t\t\t<\/div>\n\t\t\t\t\t<\/div>\n\t\t<\/div>\n\t\t\t\t\t<\/div>\n\t\t<\/section>\n\t\t\t\t<\/div>\n\t\t","protected":false},"excerpt":{"rendered":"<p>50 a\u00f1os formando conCiencias Preguntas de la cotidianidad, o incluso algunas exc\u00e9ntricas, tienen respuesta desde diferentes disciplinas de la ciencia b\u00e1sica. Por ejemplo, \u00bfqu\u00e9 pasar\u00eda si no tom\u00e1ramos ninguna medida contra la Covid-19?, \u00bfse puede hacer ciencia desde casa?,\u00a0\u00bfcu\u00e1l es la utilidad de la ciencia?,\u00a0\u00bfen Colombia somos tan ricos en agua como nos dicen? O<\/p>\n","protected":false},"author":45,"featured_media":17637,"comment_status":"open","ping_status":"open","sticky":false,"template":"elementor_header_footer","format":"standard","meta":{"footnotes":""},"categories":[30],"tags":[],"class_list":{"0":"post-33437","1":"post","2":"type-post","3":"status-publish","4":"format-standard","5":"has-post-thumbnail","7":"category-especiales-pesquisa"},"_links":{"self":[{"href":"http:\/\/www.javeriana.edu.co\/pesquisa\/wp-json\/wp\/v2\/posts\/33437","targetHints":{"allow":["GET"]}}],"collection":[{"href":"http:\/\/www.javeriana.edu.co\/pesquisa\/wp-json\/wp\/v2\/posts"}],"about":[{"href":"http:\/\/www.javeriana.edu.co\/pesquisa\/wp-json\/wp\/v2\/types\/post"}],"author":[{"embeddable":true,"href":"http:\/\/www.javeriana.edu.co\/pesquisa\/wp-json\/wp\/v2\/users\/45"}],"replies":[{"embeddable":true,"href":"http:\/\/www.javeriana.edu.co\/pesquisa\/wp-json\/wp\/v2\/comments?post=33437"}],"version-history":[{"count":0,"href":"http:\/\/www.javeriana.edu.co\/pesquisa\/wp-json\/wp\/v2\/posts\/33437\/revisions"}],"wp:featuredmedia":[{"embeddable":true,"href":"http:\/\/www.javeriana.edu.co\/pesquisa\/wp-json\/wp\/v2\/media\/17637"}],"wp:attachment":[{"href":"http:\/\/www.javeriana.edu.co\/pesquisa\/wp-json\/wp\/v2\/media?parent=33437"}],"wp:term":[{"taxonomy":"category","embeddable":true,"href":"http:\/\/www.javeriana.edu.co\/pesquisa\/wp-json\/wp\/v2\/categories?post=33437"},{"taxonomy":"post_tag","embeddable":true,"href":"http:\/\/www.javeriana.edu.co\/pesquisa\/wp-json\/wp\/v2\/tags?post=33437"}],"curies":[{"name":"wp","href":"https:\/\/api.w.org\/{rel}","templated":true}]}}