{"id":33647,"date":"2022-06-22T05:08:00","date_gmt":"2022-06-22T10:08:00","guid":{"rendered":"http:\/\/www.javeriana.edu.co\/pesquisa\/?p=33647"},"modified":"2022-07-06T11:49:50","modified_gmt":"2022-07-06T16:49:50","slug":"propuestas-de-gustavo-petro-medioambiente-colombia-justicia-ambiental","status":"publish","type":"post","link":"http:\/\/www.javeriana.edu.co\/pesquisa\/propuestas-de-gustavo-petro-medioambiente-colombia-justicia-ambiental\/","title":{"rendered":"24 propuestas de Gustavo Petro para el medioambiente en Colombia"},"content":{"rendered":"\n<p>\u201cSeremos un gobierno de la vida que quiere construir a Colombia como una potencia mundial de la vida. Esto consiste en la paz. Segundo, en la justicia social y; tercero, en la justicia ambiental\u201d. Esas fueron algunas de las palabas que dijo Gustavo Petro, presidente electo de Colombia, en su discurso del 19 de junio luego de conocer los resultados de la segunda vuelta electoral.<\/p>\n\n\n\n<p>Bunyan Bryant, uno de los pioneros de la justicia ambiental, la <a href=\"https:\/\/revintsociologia.revistas.csic.es\/index.php\/revintsociologia\/article\/view\/406\/415\" target=\"_blank\" rel=\"noopener\">define<\/a> como \u201clas normas y los valores culturales, reglas, reglamentos, conductas, pol\u00edticas y decisiones de apoyo a comunidades sostenibles, donde la gente puede interactuar con la confianza de que su entorno es seguro, cuidado y protegido\u201d.<\/p>\n\n\n\n<p>En varias ocasiones, el pr\u00f3ximo mandatario de Colombia se refiri\u00f3 a la justicia ambiental como una de las apuestas de su gobierno y durante la campa\u00f1a presidencial se comprometi\u00f3, entre otras cosas, a ratificar el <a href=\"https:\/\/www.javeriana.edu.co\/pesquisa\/acuerdo-de-escazu-colombia\/\">Acuerdo de Escaz\u00fa<\/a>, el pacto ambiental que procura la protecci\u00f3n del medioambiente, el acceso a la informaci\u00f3n ambiental y la garant\u00eda y la defensa de los l\u00edderes sociales.<\/p>\n\n\n\n<p>Con el objetivo de dar a conocer la visi\u00f3n de Gustavo Petro en temas ambientales y de realizarle un seguimiento a las propuestas de campa\u00f1a, Pesquisa Javeriana hizo una revisi\u00f3n de su plan de gobierno y destac\u00f3 24 propuestas que tienen que ver con la transici\u00f3n a energ\u00edas limpias y a una econom\u00eda productiva de la tierra, la recuperaci\u00f3n y protecci\u00f3n de la soberan\u00eda alimentaria y, por supuesto, con la justicia ambiental.<\/p>\n\n\n\n<figure class=\"wp-block-image size-large\"><img fetchpriority=\"high\" decoding=\"async\" width=\"1024\" height=\"683\" src=\"http:\/\/www.javeriana.edu.co\/pesquisa\/wp-content\/uploads\/2022\/06\/paneles-solares-colombia-1-1024x683.jpg\" alt=\"Entre las propuestas de Gustavo Petro est\u00e1 la pol\u00edtica p\u00fablica de paneles solares\" class=\"wp-image-33656\" srcset=\"http:\/\/www.javeriana.edu.co\/pesquisa\/wp-content\/uploads\/2022\/06\/paneles-solares-colombia-1-1024x683.jpg 1024w, http:\/\/www.javeriana.edu.co\/pesquisa\/wp-content\/uploads\/2022\/06\/paneles-solares-colombia-1-300x200.jpg 300w, http:\/\/www.javeriana.edu.co\/pesquisa\/wp-content\/uploads\/2022\/06\/paneles-solares-colombia-1-1536x1024.jpg 1536w, http:\/\/www.javeriana.edu.co\/pesquisa\/wp-content\/uploads\/2022\/06\/paneles-solares-colombia-1-150x100.jpg 150w, http:\/\/www.javeriana.edu.co\/pesquisa\/wp-content\/uploads\/2022\/06\/paneles-solares-colombia-1-450x300.jpg 450w, http:\/\/www.javeriana.edu.co\/pesquisa\/wp-content\/uploads\/2022\/06\/paneles-solares-colombia-1-1200x800.jpg 1200w, http:\/\/www.javeriana.edu.co\/pesquisa\/wp-content\/uploads\/2022\/06\/paneles-solares-colombia-1-768x512.jpg 768w, http:\/\/www.javeriana.edu.co\/pesquisa\/wp-content\/uploads\/2022\/06\/paneles-solares-colombia-1.jpg 1920w\" sizes=\"(max-width: 1024px) 100vw, 1024px\" \/><figcaption>Imagen de referencia de paneles solares \/ Foto: Los Muertos Crew \/ Pexels<\/figcaption><\/figure>\n\n\n\n<h3 class=\"wp-block-heading\"><strong>\u00bfCu\u00e1l es el plan de gobierno de Gustavo Petro para el medioambiente?<\/strong><\/h3>\n\n\n\n<h4 class=\"wp-block-heading\"><strong>Sobre transici\u00f3n a energ\u00edas limpias:<\/strong><\/h4>\n\n\n\n<ol class=\"wp-block-list\" type=\"1\"><li>Fortalecer la investigaci\u00f3n, la ciencia y la tecnolog\u00eda, fomentar el desarrollo de programas de formaci\u00f3n t\u00e9cnica, tecnol\u00f3gica, profesional y posgradual orientados a transici\u00f3n energ\u00e9tica, generando capacidades para asumir las oportunidades laborales que brindar\u00e1 dicha transici\u00f3n.<\/li><li>Fortalecer el parque automotor p\u00fablico e incentivar el uso de veh\u00edculos el\u00e9ctricos y las estaciones de recarga.<\/li><li>Crear un fondo para la transici\u00f3n energ\u00e9tica con recursos de las regal\u00edas y aquellos provenientes de la eliminaci\u00f3n de algunos beneficios tributarios al sector de los hidrocarburos, la miner\u00eda de carb\u00f3n y las hidroel\u00e9ctricas.<\/li><li>Crear el Instituto Nacional de Energ\u00edas Limpias.<\/li><li>Impulsar tecnolog\u00edas que permitan el desarrollo del potencial de energ\u00eda e\u00f3lica y solar. Se priorizar\u00e1 la producci\u00f3n de energ\u00eda solar en la Guajira, en propiedad mixta con las 17 comunidades way\u00fau, los trabajadores de la miner\u00eda del carb\u00f3n y los municipios productores. Para lograrlo se promover\u00e1 un plan ambicioso de techos y granjas solares en las zonas con mayor exposici\u00f3n solar del pa\u00eds.<\/li><li>Estimular la implementaci\u00f3n de proyectos de hidr\u00f3geno a peque\u00f1a, mediana y gran escala y de sus respectivos sistemas de transporte y distribuci\u00f3n.<\/li><li>Fomentar la generaci\u00f3n de biog\u00e1s asociado a proyectos agropecuarios y de aprovechamiento de residuos s\u00f3lidos.<\/li><li>Reducir gradualmente el modelo extractivista para la no dependencia econ\u00f3mica del petr\u00f3leo y del carb\u00f3n.<\/li><li>Se prohibir\u00e1 la exploraci\u00f3n y explotaci\u00f3n de yacimientos no convencionales y se detendr\u00e1n los proyectos piloto de fracking y el desarrollo de yacimientos costa afuera.<\/li><li>No se otorgar\u00e1n nuevas licencias para la exploraci\u00f3n de hidrocarburos ni se permitir\u00e1 la gran miner\u00eda a cielo abierto.<\/li><li><strong>No se construir\u00e1n m\u00e1s hidroel\u00e9ctricas de embalse.<\/strong><\/li><li>Impulsar una reforma al actual c\u00f3digo de minas y un ajuste institucional en funci\u00f3n de la transici\u00f3n energ\u00e9tica y la nueva pol\u00edtica p\u00fablica minero-energ\u00e9tica, con perspectiva ambiental y social.<\/li><\/ol>\n\n\n\n<figure class=\"wp-block-image size-large\"><img decoding=\"async\" width=\"1024\" height=\"683\" src=\"http:\/\/www.javeriana.edu.co\/pesquisa\/wp-content\/uploads\/2022\/06\/fracking-colombia-justicia-ambiental-1-1024x683.jpg\" alt=\"Entre las propuestas de Gustavo Petro est\u00e1 la prohibici\u00f3n del fracking en Colombia\" class=\"wp-image-33654\" srcset=\"http:\/\/www.javeriana.edu.co\/pesquisa\/wp-content\/uploads\/2022\/06\/fracking-colombia-justicia-ambiental-1-1024x683.jpg 1024w, http:\/\/www.javeriana.edu.co\/pesquisa\/wp-content\/uploads\/2022\/06\/fracking-colombia-justicia-ambiental-1-300x200.jpg 300w, http:\/\/www.javeriana.edu.co\/pesquisa\/wp-content\/uploads\/2022\/06\/fracking-colombia-justicia-ambiental-1-1536x1024.jpg 1536w, http:\/\/www.javeriana.edu.co\/pesquisa\/wp-content\/uploads\/2022\/06\/fracking-colombia-justicia-ambiental-1-150x100.jpg 150w, http:\/\/www.javeriana.edu.co\/pesquisa\/wp-content\/uploads\/2022\/06\/fracking-colombia-justicia-ambiental-1-450x300.jpg 450w, http:\/\/www.javeriana.edu.co\/pesquisa\/wp-content\/uploads\/2022\/06\/fracking-colombia-justicia-ambiental-1-1200x800.jpg 1200w, http:\/\/www.javeriana.edu.co\/pesquisa\/wp-content\/uploads\/2022\/06\/fracking-colombia-justicia-ambiental-1-768x512.jpg 768w, http:\/\/www.javeriana.edu.co\/pesquisa\/wp-content\/uploads\/2022\/06\/fracking-colombia-justicia-ambiental-1.jpg 1920w\" sizes=\"(max-width: 1024px) 100vw, 1024px\" \/><figcaption>Foto referencia de fracking en Colombia. Shutterstock.<\/figcaption><\/figure>\n\n\n\n<h4 class=\"wp-block-heading\"><strong>Propuestas de Gustavo Petro sobre el conocimiento ambiental:<\/strong><\/h4>\n\n\n\n<p>13. Fortalecer la investigaci\u00f3n en ciencias ambientales promoviendo el trabajo creativo y colaborativo entre las comunidades, las instituciones de educaci\u00f3n superior, los institutos de investigaci\u00f3n, el reconocimiento intercultural de los saberes tradicionales y ancestrales impulsando una nueva relaci\u00f3n entre la sociedad y la naturaleza de cara a la crisis ambiental global.<\/p>\n\n\n\n<p>14. Garantizar el acceso universal y gratuito a la informaci\u00f3n ambiental, de riesgos y cambio clim\u00e1tico para que la ciudadan\u00eda ejerza su derecho constitucional a la participaci\u00f3n.<\/p>\n\n\n\n<p>15. Ofrecer garant\u00edas para las y los defensores y l\u00edderes ambientales. Adem\u00e1s de proteger a las personas, se investigar\u00e1n las causas y responsables de los conflictos ambientales que motivan sus luchas y se gestionaran mecanismos expeditos para su resoluci\u00f3n.<\/p>\n\n\n\n<p>16. Construir un gran pacto nacional de trascendencia regional y global para la defensa ambiental de la Amazon\u00eda, la Orinoqu\u00eda y del Pac\u00edfico.<\/p>\n\n\n\n<h4 class=\"wp-block-heading\"><strong>Sobre los animales:<\/strong><\/h4>\n\n\n\n<p>17. Reconocer a los animales como seres sintientes, por lo tanto, se promover\u00e1 su trato digno y se enfrentar\u00e1 el tr\u00e1fico de fauna silvestre.<\/p>\n\n\n\n<p>18. Impulsar la prohibici\u00f3n de todo tipo de espect\u00e1culos que involucren pr\u00e1cticas de maltrato animal, incluidas las corridas de toros. No se permitir\u00e1 el uso de escenarios ni recursos p\u00fablicos para estos fines.<\/p>\n\n\n\n<h4 class=\"wp-block-heading\">Propuestas de Gustavo Petro <strong>sobre los residuos:<\/strong><\/h4>\n\n\n\n<p>19. Impulsar el desarrollo y el uso sistem\u00e1tico de materiales biodegradables que permitan eliminar los pl\u00e1sticos en empaque, embalaje y almacenamiento.<\/p>\n\n\n\n<p>20. Prohibir los pl\u00e1sticos de un solo uso.(El pasado 1 de junio el Congreso ya aprob\u00f3 la ley que proh\u00edbe este tipo de pl\u00e1sticos y entrar\u00e1 en vigencia en 2025)<\/p>\n\n\n\n<p>21. Avanzar en el cierre de los botaderos a cielo abierto en todo el pa\u00eds.<\/p>\n\n\n\n<p>22. Impulsar los parques tecnol\u00f3gicos de aprovechamiento de residuos mediante alianzas p\u00fablico-populares.<\/p>\n\n\n\n<p>23. Garantizar la protecci\u00f3n constitucional de la poblaci\u00f3n recicladora de oficio mediante acciones afirmativas, la formalizaci\u00f3n laboral en su calidad de trabajadores y el fortalecimiento de la econom\u00eda popular y como protagonistas de la lucha contra el cambio clim\u00e1tico.<\/p>\n\n\n\n<p>24. El Sistema Nacional de Ciencia, Tecnolog\u00eda e Innovaci\u00f3n (SNCTI) ser\u00e1 el instrumento para lograr la articulaci\u00f3n, en el nivel local y regional, entre universidades, empresarios, comunidades y entidades p\u00fablicas, de manera que se estimule el mejoramiento de la productividad, a partir del reconocimiento del contexto y potencialidades territoriales. Como cabeza del sistema, el Ministerio de Ciencia, Tecnolog\u00eda e Innovaci\u00f3n orientar\u00e1 la pol\u00edtica de CTI y asegurar\u00e1 su robusto financiamiento. Se fortalecer\u00e1n y consolidar\u00e1n los Sistemas Regionales de Innovaci\u00f3n.<\/p>\n\n\n\n<p><a href=\"https:\/\/gustavopetro.co\/descarga-programa-de-gobierno\/\" target=\"_blank\" rel=\"noopener\">Aqu\u00ed puede descargar todo el programa de gobierno de Gustavo Petro.<\/a><\/p>\n","protected":false},"excerpt":{"rendered":"<p>En su plan de gobierno, el presidente electo de Colombia, Gustavo Petro, se comprometi\u00f3 a dejar de construir nuevas hidroel\u00e9ctricas de embalse y a crear un instituto nacional de energ\u00edas limpias.<\/p>\n","protected":false},"author":40,"featured_media":33655,"comment_status":"open","ping_status":"open","sticky":false,"template":"","format":"standard","meta":{"footnotes":""},"categories":[376,3688],"tags":[3860,3855,3862,3859,3857,3856,3858],"class_list":{"0":"post-33647","1":"post","2":"type-post","3":"status-publish","4":"format-standard","5":"has-post-thumbnail","7":"category-ambiente","8":"category-en-colombia","9":"tag-energia-eolica-en-colombia","10":"tag-fracking-en-colombia","11":"tag-justicia-ambiental-en-colombia","12":"tag-paneles-solares-en-colombia","13":"tag-propuestas-de-gustavo-petro","14":"tag-propuestas-de-petro","15":"tag-propuestas-para-el-medioambiente-de-gustavo-petro"},"_links":{"self":[{"href":"http:\/\/www.javeriana.edu.co\/pesquisa\/wp-json\/wp\/v2\/posts\/33647","targetHints":{"allow":["GET"]}}],"collection":[{"href":"http:\/\/www.javeriana.edu.co\/pesquisa\/wp-json\/wp\/v2\/posts"}],"about":[{"href":"http:\/\/www.javeriana.edu.co\/pesquisa\/wp-json\/wp\/v2\/types\/post"}],"author":[{"embeddable":true,"href":"http:\/\/www.javeriana.edu.co\/pesquisa\/wp-json\/wp\/v2\/users\/40"}],"replies":[{"embeddable":true,"href":"http:\/\/www.javeriana.edu.co\/pesquisa\/wp-json\/wp\/v2\/comments?post=33647"}],"version-history":[{"count":5,"href":"http:\/\/www.javeriana.edu.co\/pesquisa\/wp-json\/wp\/v2\/posts\/33647\/revisions"}],"predecessor-version":[{"id":33715,"href":"http:\/\/www.javeriana.edu.co\/pesquisa\/wp-json\/wp\/v2\/posts\/33647\/revisions\/33715"}],"wp:featuredmedia":[{"embeddable":true,"href":"http:\/\/www.javeriana.edu.co\/pesquisa\/wp-json\/wp\/v2\/media\/33655"}],"wp:attachment":[{"href":"http:\/\/www.javeriana.edu.co\/pesquisa\/wp-json\/wp\/v2\/media?parent=33647"}],"wp:term":[{"taxonomy":"category","embeddable":true,"href":"http:\/\/www.javeriana.edu.co\/pesquisa\/wp-json\/wp\/v2\/categories?post=33647"},{"taxonomy":"post_tag","embeddable":true,"href":"http:\/\/www.javeriana.edu.co\/pesquisa\/wp-json\/wp\/v2\/tags?post=33647"}],"curies":[{"name":"wp","href":"https:\/\/api.w.org\/{rel}","templated":true}]}}