{"id":33805,"date":"2022-06-28T19:35:05","date_gmt":"2022-06-29T00:35:05","guid":{"rendered":"http:\/\/www.javeriana.edu.co\/pesquisa\/?p=33805"},"modified":"2022-07-19T18:12:51","modified_gmt":"2022-07-19T23:12:51","slug":"la-verdad-del-conflicto-en-manos-de-la-sociedad","status":"publish","type":"post","link":"http:\/\/www.javeriana.edu.co\/pesquisa\/la-verdad-del-conflicto-en-manos-de-la-sociedad\/","title":{"rendered":"La verdad del conflicto en manos de la sociedad"},"content":{"rendered":"\n<p>Luego de casi cuatro a\u00f1os de recorrer los territorios del pa\u00eds, de recoger m\u00e1s de 30 mil testimonios y de recabar datos con diferentes fuentes, la Comisi\u00f3n de la Verdad present\u00f3 dos de los diez cap\u00edtulos de <em>Hay futuro si hay verdad<\/em>, el informe final con el que presenta a la sociedad las narraciones sobre el conflicto armado en Colombia.<\/p>\n\n\n\n<p>Este extenso documento -con versi\u00f3n impresa y multimedia-, recoge diversas voces, documentos oficiales y acad\u00e9micos y otras fuentes de informaci\u00f3n sobre los hechos de violencia (como el secuestro, las agresiones sexuales, las tomas de territorios, el desplazamiento y el reclutamiento forzados) en las regiones del pa\u00eds en el marco del conflicto armado de m\u00e1s de 50 a\u00f1os.<\/p>\n\n\n\n<p>Lo <a href=\"https:\/\/www.comisiondelaverdad.co\/hay-futuro-si-hay-verdad\" target=\"_blank\" rel=\"noopener\">publicado hasta ahora<\/a> incluye el primer cap\u00edtulo <em>Hallazgos y recomendaciones de la Comisi\u00f3n de la Verdad de Colombia<\/em> al Estado colombiano y el \u201cmanifiesto\u201d del padre Francisco de Roux, S.J., presidente de la comisi\u00f3n, en el que explica \u201clas claves para leer el impacto de la guerra, su evoluci\u00f3n en el tiempo y lo que la comisi\u00f3n considera como sus hallazgos fundamentales que den claves para entender el conflicto de la confrontaci\u00f3n armada m\u00e1s en profundidad\u201d.<\/p>\n\n\n\n<p>La comisi\u00f3n tambi\u00e9n present\u00f3 el volumen titulado <em>Cuando los p\u00e1jaros no cantaban: historias del conflicto armado en Colombia, <\/em>de<em> <\/em>515 p\u00e1ginas, que re\u00fane una amplia serie de relatos en primera persona en la que hombres, mujeres y j\u00f3venes cuentan c\u00f3mo les toc\u00f3 la violencia, c\u00f3mo la padecieron tanto ellos como sus familias y, algunos, c\u00f3mo la perpetraron. As\u00ed lo describe Alejandro Castillejo-Cu\u00e9llar, comisionado que dirigi\u00f3 este cap\u00edtulo y que cont\u00f3 con la coordinaci\u00f3n de Nathalia Salamanca Sarmiento y Magdalena Fr\u00edas Cruz.&nbsp;&nbsp;<\/p>\n\n\n\n<blockquote class=\"wp-block-quote is-layout-flow wp-block-quote-is-layout-flow\"><p> \u201cComo mis hijos entraron a la escuela, comenzaron a jugar&nbsp; a los guerrilleros con los otros ni\u00f1os. Con el palo de metralleta: \u00a1ta, ta, ta, ta! Se hac\u00edan grupos: unos el Ej\u00e9rcito y otros la guerrilla y se echaban as\u00ed jugando. Era de juegos. De juego en juego eso les termina gustando\u201d.<\/p><cite>Testimonio tomado del informe <em>Hay futuro si hay verdad<\/em><\/cite><\/blockquote>\n\n\n\n<p><\/p>\n\n\n\n<p>\u201cLa <a href=\"https:\/\/www.comisiondelaverdad.co\/\" target=\"_blank\" rel=\"noopener\">Comisi\u00f3n <\/a>para el Esclarecimiento de la Verdad de Colombia fue un gran aparato dise\u00f1ado para escuchar a quienes vivieron el conflicto armado de manera directa. Su m\u00e9todo fundamental, de hecho, fue escuchar; en esa medida, puede decirse que el informe final representa su voz\u201d, dice el documento.&nbsp;<\/p>\n\n\n\n<p>Castillejo-Cu\u00e9llar explica que esta es una estructura com\u00fan en las comisiones de la verdad en procesos de transici\u00f3n a la paz: luego de la escucha, de recolectar la informaci\u00f3n y clasificarla, este ejercicio \u201calcanza una dimensi\u00f3n social\u201d cuando ese dolor relatado es reconocido por la sociedad.<\/p>\n\n\n\n<p>\u201cSiempre queremos que una comisi\u00f3n produzca recomendaciones al gobierno aunque no sean vinculantes legalmente; depende mucho de c\u00f3mo lo apropie el gobierno\u201d, analiza Castillejo.&nbsp;<\/p>\n\n\n\n<p>El reto, ahora, m\u00e1s all\u00e1 de c\u00f3mo lo reciba el gobierno entrante de Gustavo Petro es el nivel de compatibilidad con la sociedad porque estas historias deben generar algo en las cotidianidades de las personas y \u201call\u00ed no es tan sencillo\u201d, argumenta el comisionado y a\u00f1ade que el camino que se debe transitar es el de buscar todos los espacios posibles para que los mensajes del informe conecten con los ciudadanos en sus microconversaciones.<\/p>\n\n\n\n<p>Manuel Salamanca, director del Instituto de Derechos Humanos y Construcci\u00f3n de Paz de la Pontificia Universidad Javeriana, refuerza esa idea y dice que desde la academia el desaf\u00edo est\u00e1 en la forma de construir esos microrrelatos y c\u00f3mo la investigaci\u00f3n aplicada a trav\u00e9s de los m\u00e9todos sensibles al conflicto aporta en la construcci\u00f3n de memoria y en ese di\u00e1logo de largo aliento con la sociedad.&nbsp;<\/p>\n\n\n\n<p>La apuesta es, en \u00faltimas y seg\u00fan Salamanca, para la transformaci\u00f3n de pa\u00eds y, tambi\u00e9n, para teorizar al respecto y aportar al conocimiento sobre los conflictos y la paz en el mundo.<\/p>\n\n\n\n<p><strong>Pesquisa Javeriana <\/strong>invit\u00f3 al comisionado Alejandro Castillejo-Cu\u00e9llar y al profesor Manuel Salamanca a tener una conversaci\u00f3n para comprender lo que representa este informe en la construcci\u00f3n de paz del pa\u00eds y en la generaci\u00f3n de una memoria que no siga d\u00e1ndole la espalda a su historia de violencia, v\u00edctimas y sobrevivientes.&nbsp;<\/p>\n\n\n\n<p>Puede ver la conversaci\u00f3n en el siguiente video:<\/p>\n\n\n<p><iframe width=\"740\" height=\"360\" src=\"https:\/\/www.youtube.com\/embed\/BxZAXR8TLRI\" title=\"YouTube video player\" frameborder=\"0\" allow=\"accelerometer; autoplay; clipboard-write; encrypted-media; gyroscope; picture-in-picture\" allowfullscreen=\"\"><\/iframe><\/p>\n\n\n<p><\/p>\n","protected":false},"excerpt":{"rendered":"<p>La Comisi\u00f3n de la Verdad public\u00f3 el informe en el que relata c\u00f3mo y por qu\u00e9 se ha vivido un conflicto armado por m\u00e1s de 50 a\u00f1os en el pa\u00eds. Uno de los comisionados y un profesor javeriano hablan de las implicaciones de este hist\u00f3rico documento.<\/p>\n","protected":false},"author":45,"featured_media":33807,"comment_status":"open","ping_status":"open","sticky":false,"template":"","format":"standard","meta":{"footnotes":""},"categories":[373,3692],"tags":[3882,367,3248,3881],"class_list":{"0":"post-33805","1":"post","2":"type-post","3":"status-publish","4":"format-standard","5":"has-post-thumbnail","7":"category-sociedad","8":"category-paz-y-conflicto","9":"tag-comision-de-la-verdad","10":"tag-conflicto-armado","11":"tag-conflicto-armado-en-colombia","12":"tag-informe-de-la-comision-de-la-verdad"},"_links":{"self":[{"href":"http:\/\/www.javeriana.edu.co\/pesquisa\/wp-json\/wp\/v2\/posts\/33805","targetHints":{"allow":["GET"]}}],"collection":[{"href":"http:\/\/www.javeriana.edu.co\/pesquisa\/wp-json\/wp\/v2\/posts"}],"about":[{"href":"http:\/\/www.javeriana.edu.co\/pesquisa\/wp-json\/wp\/v2\/types\/post"}],"author":[{"embeddable":true,"href":"http:\/\/www.javeriana.edu.co\/pesquisa\/wp-json\/wp\/v2\/users\/45"}],"replies":[{"embeddable":true,"href":"http:\/\/www.javeriana.edu.co\/pesquisa\/wp-json\/wp\/v2\/comments?post=33805"}],"version-history":[{"count":8,"href":"http:\/\/www.javeriana.edu.co\/pesquisa\/wp-json\/wp\/v2\/posts\/33805\/revisions"}],"predecessor-version":[{"id":33853,"href":"http:\/\/www.javeriana.edu.co\/pesquisa\/wp-json\/wp\/v2\/posts\/33805\/revisions\/33853"}],"wp:featuredmedia":[{"embeddable":true,"href":"http:\/\/www.javeriana.edu.co\/pesquisa\/wp-json\/wp\/v2\/media\/33807"}],"wp:attachment":[{"href":"http:\/\/www.javeriana.edu.co\/pesquisa\/wp-json\/wp\/v2\/media?parent=33805"}],"wp:term":[{"taxonomy":"category","embeddable":true,"href":"http:\/\/www.javeriana.edu.co\/pesquisa\/wp-json\/wp\/v2\/categories?post=33805"},{"taxonomy":"post_tag","embeddable":true,"href":"http:\/\/www.javeriana.edu.co\/pesquisa\/wp-json\/wp\/v2\/tags?post=33805"}],"curies":[{"name":"wp","href":"https:\/\/api.w.org\/{rel}","templated":true}]}}