{"id":33880,"date":"2022-07-03T00:01:00","date_gmt":"2022-07-03T05:01:00","guid":{"rendered":"http:\/\/www.javeriana.edu.co\/pesquisa\/?p=33880"},"modified":"2022-07-24T18:55:53","modified_gmt":"2022-07-24T23:55:53","slug":"resistencia-musical-lgbti-colombia","status":"publish","type":"post","link":"http:\/\/www.javeriana.edu.co\/pesquisa\/resistencia-musical-lgbti-colombia\/","title":{"rendered":"\u00a1Que suene la rebeli\u00f3n queer! Resistencias musicales LGBTI en Am\u00e9rica Latina"},"content":{"rendered":"\n<p>En mayo de 2021, en medio de las protestas del paro nacional en Colombia, una escena muy at\u00edpica tuvo lugar en la Plaza de Bol\u00edvar de Bogot\u00e1. Frente al Palacio de Justicia, un grupo de tres artistas LGBTI empez\u00f3 a bailar entre los polic\u00edas antidisturbios y sobre las piedras que hab\u00edan lanzado momentos antes los ciudadanos que protestaban.<\/p>\n\n\n\n<p>La multitud de marchantes alentaba el performance, mientras los uniformados, desconcertados, no sab\u00edan qu\u00e9 hacer. Este baile de solo dos minutos sirvi\u00f3 para demostrar el poder del arte como forma de protesta y dar visibilidad a otro tipo de mensajes no violentos.<\/p>\n\n\n\n<figure class=\"wp-block-embed is-type-video is-provider-youtube wp-block-embed-youtube wp-embed-aspect-16-9 wp-has-aspect-ratio\"><div class=\"wp-block-embed__wrapper\">\n<iframe title=\"RESISTENCIA ???\ufe0f\u200d??\ufe0f\u200d\u26a7\ufe0f ?\" width=\"814\" height=\"458\" src=\"https:\/\/www.youtube.com\/embed\/V2NyG7AdW-Y?feature=oembed\" frameborder=\"0\" allow=\"accelerometer; autoplay; clipboard-write; encrypted-media; gyroscope; picture-in-picture\" allowfullscreen><\/iframe>\n<\/div><\/figure>\n\n\n\n<p>La m\u00fasica no solo cumple una funci\u00f3n de entretenimiento. Durante siglos ha sido utilizada para expresar posturas cr\u00edticas sobre temas sociales. Estas manifestaciones pol\u00edticas buscan otros lenguajes para cuestionar las desigualdades, la vulneraci\u00f3n de derechos y el inconformismo de las comunidades.<\/p>\n\n\n\n<p>As\u00ed lo ha hecho tambi\u00e9n la comunidad LGBTI y lo documentan Luis Gabriel Mesa Mart\u00ednez, director de la Maestr\u00eda en M\u00fasica de la Pontificia Universidad Javeriana, y Fiorella Montero D\u00edaz, de la Universidad de Keele, de Reino Unido, quienes en 2021 crearon Queer Music Protest, la primera red art\u00edstica y acad\u00e9mica de Sudam\u00e9rica especializada en el estudio de la m\u00fasica como herramienta de resistencia para la comunidad LGBTI en cinco pa\u00edses de la regi\u00f3n.<\/p>\n\n\n\n<p>La red ha generado espacios de discusi\u00f3n acad\u00e9mica en torno al uso de la m\u00fasica de manera cr\u00edtica frente a las violencias que sufren las <a href=\"https:\/\/www.javeriana.edu.co\/pesquisa\/el-desafio-de-comunicar-la-homosexualidad-en-la-familia\/\" target=\"_blank\" rel=\"noreferrer noopener\">comunidades por su g\u00e9nero<\/a> y la defensa de sus derechos.<\/p>\n\n\n\n<p>Este grupo de acad\u00e9micos y artistas organizaron \u00a1Que suene la rebeli\u00f3n Queer!, un evento internacional en el que tendr\u00e1n su primer encuentro presencial. Se llevar\u00e1 a cabo en la Universidad Javeriana entre el 6 y el 8 de julio para reunir algunas de estas manifestaciones culturales m\u00e1s representativas de artistas e investigadores de Argentina, Chile, Brasil, Per\u00fa y Colombia.<\/p>\n\n\n\n<figure class=\"wp-block-image size-large\"><img fetchpriority=\"high\" decoding=\"async\" width=\"1024\" height=\"576\" src=\"http:\/\/www.javeriana.edu.co\/pesquisa\/wp-content\/uploads\/2022\/07\/resistencia-musical-lgbti-queer-1024x576.jpg\" alt=\"Resistencia musical de la comunidad LGBT en latinoam\u00e9rica\" class=\"wp-image-33883\" srcset=\"http:\/\/www.javeriana.edu.co\/pesquisa\/wp-content\/uploads\/2022\/07\/resistencia-musical-lgbti-queer-1024x576.jpg 1024w, http:\/\/www.javeriana.edu.co\/pesquisa\/wp-content\/uploads\/2022\/07\/resistencia-musical-lgbti-queer-300x169.jpg 300w, http:\/\/www.javeriana.edu.co\/pesquisa\/wp-content\/uploads\/2022\/07\/resistencia-musical-lgbti-queer-150x84.jpg 150w, http:\/\/www.javeriana.edu.co\/pesquisa\/wp-content\/uploads\/2022\/07\/resistencia-musical-lgbti-queer-450x253.jpg 450w, http:\/\/www.javeriana.edu.co\/pesquisa\/wp-content\/uploads\/2022\/07\/resistencia-musical-lgbti-queer-1200x675.jpg 1200w, http:\/\/www.javeriana.edu.co\/pesquisa\/wp-content\/uploads\/2022\/07\/resistencia-musical-lgbti-queer-768x432.jpg 768w, http:\/\/www.javeriana.edu.co\/pesquisa\/wp-content\/uploads\/2022\/07\/resistencia-musical-lgbti-queer.jpg 1371w\" sizes=\"(max-width: 1024px) 100vw, 1024px\" \/><figcaption>Foto: Shutterstock<\/figcaption><\/figure>\n\n\n\n<p>Pesquisa Javeriana habl\u00f3 con el profesor Luis Mesa Mart\u00ednez sobre c\u00f3mo la m\u00fasica y otras artes se convierten en un veh\u00edculo de reconocimiento, denuncia y en una voz de aliento para las comunidades LGBTI de la regi\u00f3n.<\/p>\n\n\n\n<p>Puede consultar la programaci\u00f3n y realizar su inscripci\u00f3n al evento <a href=\"https:\/\/mailchi.mp\/4b4926704685\/rebelion-queer\" target=\"_blank\" rel=\"noreferrer noopener\">haciendo clic aqu\u00ed.<\/a><\/p>\n\n\n\n<h4 class=\"wp-block-heading\">\u00bfQu\u00e9 es la resistencia musical y c\u00f3mo se puede manifestar en la m\u00fasica?<\/h4>\n\n\n\n<p>Yo entiendo el concepto de resistencia como una postura, una reacci\u00f3n cr\u00edtica, una defensa de aquello que nos ataca, de aquello que nos impide ser. En este proyecto se habla de resistencias musicales porque existen muchas manifestaciones en las cuales, a trav\u00e9s del sonido y de las letras, la m\u00fasica se convierte en un veh\u00edculo para comunicar un mensaje distinto. Esta red se pens\u00f3 para reconocer aquellas manifestaciones que en distintas partes de Am\u00e9rica Latina est\u00e1n formulando una postura de esa naturaleza.<\/p>\n\n\n\n<p>Creo que \u201clucha\u201d es una palabra clave cuando hablamos de resistencia y gran parte de las manifestaciones art\u00edsticas que hemos logrado identificar a lo largo de esta investigaci\u00f3n han sido testimonios de personas que han sido vulneradas desde distintos frentes a lo largo de sus vidas, por su expresi\u00f3n de g\u00e9nero, por sus esfuerzos para situarse en una sociedad que ri\u00f1e constantemente contra la diversidad y por encontrar, a trav\u00e9s de sus propuestas musicales, esos mensajes que van en contra de la corriente. Ese ha sido el prop\u00f3sito fundamental del proyecto.<\/p>\n\n\n\n<h4 class=\"wp-block-heading\">\u00bfQu\u00e9 papel juega el arte en la visibilizaci\u00f3n de injusticias sociales?<\/h4>\n\n\n\n<p>Debo admitir que, como music\u00f3logo, es la primera vez que me acerco a un terreno de estudio de este tipo. Ha sido fascinante ver el sinn\u00famero de cambios que se han generado socialmente a trav\u00e9s de las propuestas de muchas de las personas artistas que hemos logrado convocar.<\/p>\n\n\n\n<p>Fiorella Montero D\u00edaz y yo, que somos los investigadores, hab\u00edamos comenzado a buscar a quienes estuvieran desarrollando un trabajo importante con ese mensaje de resistencia en Per\u00fa y Colombia, nuestros pa\u00edses natales, y nos topamos, por ejemplo, con personas como un cantante trans de Lima que se llama Eme, cuyos videos musicales son muy dicientes sobre las luchas que han tenido que enfrentar las personas diversas en un contexto tan adverso contra las personas LGBTIQ+ en Per\u00fa.<\/p>\n\n\n\n<figure class=\"wp-block-embed is-type-video is-provider-youtube wp-block-embed-youtube wp-embed-aspect-16-9 wp-has-aspect-ratio\"><div class=\"wp-block-embed__wrapper\">\n<iframe title=\"Eme - SER EL GRITO (Videoclip del Orgullo LGBTIQ 2019)\" width=\"814\" height=\"458\" src=\"https:\/\/www.youtube.com\/embed\/-Ciwa_WjDEw?start=72&#038;feature=oembed\" frameborder=\"0\" allow=\"accelerometer; autoplay; clipboard-write; encrypted-media; gyroscope; picture-in-picture\" allowfullscreen><\/iframe>\n<\/div><\/figure>\n\n\n\n<p>En sus videos se puede notar que no solamente a trav\u00e9s del sonido y de las letras, sino a trav\u00e9s de la imagen, hay un esfuerzo bastante importante por dar cuenta de la diversidad de las personas. Y diversidad no solamente en t\u00e9rminos de orientaci\u00f3n sexual y expresi\u00f3n de g\u00e9nero sino tambi\u00e9n de etnicidad porque, por supuesto, si hablamos de discriminaci\u00f3n, estamos hablando de racismo.<\/p>\n\n\n\n<p>Eso hace que uno pueda reconocer el papel tan importante que cumplen las manifestaciones art\u00edsticas y culturales cuando empiezan a alcanzar terrenos de visibilidad importante.<\/p>\n\n\n\n<p>Por otra parte, en esta red art\u00edstica y acad\u00e9mica se convoc\u00f3 tambi\u00e9n a un artista visual de Lima que se llama Jorge Miyagui, con su propuesta que gira en torno al \u201cartivismo\u201d, es decir, a c\u00f3mo se puede ser activista a trav\u00e9s del arte. Pintaremos con \u00e9l un mural para poder expresar, gracias al arte visual, mensajes de resistencia. Esto lo ha hecho en distintos contextos urbanos en Per\u00fa y es muy interesante que desde el muralismo y el activismo visual se pueda lograr esa visibilidad.<\/p>\n\n\n\n<figure class=\"wp-block-image size-large\"><img decoding=\"async\" width=\"1024\" height=\"576\" src=\"http:\/\/www.javeriana.edu.co\/pesquisa\/wp-content\/uploads\/2022\/07\/resistencia-musical-lgbti-latinoamerica-1024x576.jpg\" alt=\"Resistencia musical de la comunidad LGBT en latinoam\u00e9rica\" class=\"wp-image-33882\" srcset=\"http:\/\/www.javeriana.edu.co\/pesquisa\/wp-content\/uploads\/2022\/07\/resistencia-musical-lgbti-latinoamerica-1024x576.jpg 1024w, http:\/\/www.javeriana.edu.co\/pesquisa\/wp-content\/uploads\/2022\/07\/resistencia-musical-lgbti-latinoamerica-300x169.jpg 300w, http:\/\/www.javeriana.edu.co\/pesquisa\/wp-content\/uploads\/2022\/07\/resistencia-musical-lgbti-latinoamerica-150x84.jpg 150w, http:\/\/www.javeriana.edu.co\/pesquisa\/wp-content\/uploads\/2022\/07\/resistencia-musical-lgbti-latinoamerica-450x253.jpg 450w, http:\/\/www.javeriana.edu.co\/pesquisa\/wp-content\/uploads\/2022\/07\/resistencia-musical-lgbti-latinoamerica-1200x675.jpg 1200w, http:\/\/www.javeriana.edu.co\/pesquisa\/wp-content\/uploads\/2022\/07\/resistencia-musical-lgbti-latinoamerica-768x432.jpg 768w, http:\/\/www.javeriana.edu.co\/pesquisa\/wp-content\/uploads\/2022\/07\/resistencia-musical-lgbti-latinoamerica.jpg 1371w\" sizes=\"(max-width: 1024px) 100vw, 1024px\" \/><figcaption>Foto: Shutterstock<\/figcaption><\/figure>\n\n\n\n<h4 class=\"wp-block-heading\">\u00bfC\u00f3mo se han dado esas resistencias de la comunidad LGBTI en Suram\u00e9rica?<\/h4>\n\n\n\n<p>En Chile, Argentina, Brasil, Per\u00fa y Colombia encontramos resistencias art\u00edsticas desde lo visual, lo esc\u00e9nico y lo musical, aunque no solamente en el territorio sudamericano sino tambi\u00e9n por toda Am\u00e9rica Latina. Lo que pasa es que en este proyecto hemos querido comenzar con estos cinco pa\u00edses para consolidar una primera red acad\u00e9mica y art\u00edstica, pero nuestra aspiraci\u00f3n es a que m\u00e1s all\u00e1 de lo que haremos este a\u00f1o, ojal\u00e1 podamos seguir trabajando en funci\u00f3n de esta investigaci\u00f3n incorporando a m\u00e1s personas de muchos otros pa\u00edses de la regi\u00f3n.<\/p>\n\n\n\n<h4 class=\"wp-block-heading\">\u00bfY en Colombia?<\/h4>\n\n\n\n<p>Me pareci\u00f3 muy interesante el caso de Gerson Morena, de Gir\u00f3n, Santander, ella identifica su proyecto art\u00edstico como bullerengue afro travesti. Me pareci\u00f3 fascinante c\u00f3mo utilizaba un g\u00e9nero musical como el bullerengue, que viene de tradiciones en las cuales podemos notar los esquemas caracter\u00edsticos de machismo y heteronormatividad y de letras que nunca han acogido hist\u00f3ricamente la diversidad y c\u00f3mo ella propone, dentro de la tradici\u00f3n del bullerengue, hablar de transfeminicidios, o los alcances t\u00f3xicos de un solo prototipo de masculinidad, o sobre lo que significa para ella ser una persona que, desde su lugar, cuestiona la pertinencia de hablar de \u201ccomunidad\u201d en torno a la sigla LGBTIQ+.<\/p>\n\n\n\n<figure class=\"wp-block-embed is-type-video is-provider-youtube wp-block-embed-youtube wp-embed-aspect-16-9 wp-has-aspect-ratio\"><div class=\"wp-block-embed__wrapper\">\n<iframe title=\"Mar\u00eda flores  ( bullerengue sentao) Gerson Morena\" width=\"814\" height=\"458\" src=\"https:\/\/www.youtube.com\/embed\/ir1uSD_rm70?feature=oembed\" frameborder=\"0\" allow=\"accelerometer; autoplay; clipboard-write; encrypted-media; gyroscope; picture-in-picture\" allowfullscreen><\/iframe>\n<\/div><\/figure>\n\n\n\n<p>Ella dice que no percibe que haya una comunidad de verdad, porque eso es romantizar la idea de que las personas LGBTIQ+ estamos unidas en una sola causa, cuando todos y todas nos enfrentamos a prejuicios tan diferentes.<\/p>\n\n\n\n<p>No es lo mismo lo que vive una mujer trans o una persona no binaria (que no se identifica totalmente como hombre ni como mujer) en un contexto como el rural en Colombia, a lo que vive un hombre cisg\u00e9nero (que se identifica con el sexo asignado al nacer), gay en Bogot\u00e1 y menos a\u00fan si es un hombre que viene de un contexto privilegiado.<\/p>\n\n\n\n<p>Cuando escuch\u00e9 los testimonios de Gerson Morena qued\u00e9 totalmente impactado. Fue tambi\u00e9n la oportunidad de empezar a reconocer que yo mismo hab\u00eda ca\u00eddo en ese sesgo y que en \u00faltimas todos tenemos experiencias tan diferentes.<\/p>\n\n\n\n<p>Ha sido muy interesante tambi\u00e9n ver c\u00f3mo estamos convocando a personas que representan a esa provincia lejos de la capital colombiana. Tendremos personas de Caldas, de Nari\u00f1o, de Santander. Tambi\u00e9n testimonios que nos han compartido personas del Valle del Cauca y de sectores marginados como Buenaventura.<\/p>\n\n\n\n<p>El encuentro internacional <em>\u00a1Que suene la rebeli\u00f3n queer!<\/em> contar\u00e1 con espacios de discusi\u00f3n acad\u00e9mica entre investigadores de los cinco pa\u00edses, de di\u00e1logo, talleres art\u00edsticos y franjas culturales donde cada artista presentar\u00e1 su propuesta de resistencia. Se llevar\u00e1 a cabo en el edificio de la <a href=\"https:\/\/artes.javeriana.edu.co\/\" target=\"_blank\" rel=\"noreferrer noopener\">Facultad de Artes <\/a>de la Universidad Javeriana.<\/p>\n\n\n\n<p>La entrada es gratuita pero requiere<a href=\"https:\/\/mailchi.mp\/4b4926704685\/rebelion-queer\" target=\"_blank\" rel=\"noreferrer noopener\"> inscripci\u00f3n previa<\/a> hasta completar el aforo.<\/p>\n","protected":false},"excerpt":{"rendered":"<p>Se consolida la primera red sudamericana que articula artistas y acad\u00e9micos en torno a la m\u00fasica que relata las luchas y resistencia de la comunidad LGBTI en la regi\u00f3n.<\/p>\n","protected":false},"author":26,"featured_media":33883,"comment_status":"open","ping_status":"open","sticky":false,"template":"","format":"standard","meta":{"footnotes":""},"categories":[3690,199,3694],"tags":[1636,302,3889,2325,760,3890,2735,450],"class_list":{"0":"post-33880","1":"post","2":"type-post","3":"status-publish","4":"format-standard","5":"has-post-thumbnail","7":"category-genero","8":"category-cultura","9":"category-musica","10":"tag-america-latina","11":"tag-arte","12":"tag-arte-y-musica-lgbti","13":"tag-lgbti","14":"tag-musica","15":"tag-musica-lgbti","16":"tag-protesta-social","17":"tag-resistencia"},"_links":{"self":[{"href":"http:\/\/www.javeriana.edu.co\/pesquisa\/wp-json\/wp\/v2\/posts\/33880","targetHints":{"allow":["GET"]}}],"collection":[{"href":"http:\/\/www.javeriana.edu.co\/pesquisa\/wp-json\/wp\/v2\/posts"}],"about":[{"href":"http:\/\/www.javeriana.edu.co\/pesquisa\/wp-json\/wp\/v2\/types\/post"}],"author":[{"embeddable":true,"href":"http:\/\/www.javeriana.edu.co\/pesquisa\/wp-json\/wp\/v2\/users\/26"}],"replies":[{"embeddable":true,"href":"http:\/\/www.javeriana.edu.co\/pesquisa\/wp-json\/wp\/v2\/comments?post=33880"}],"version-history":[{"count":4,"href":"http:\/\/www.javeriana.edu.co\/pesquisa\/wp-json\/wp\/v2\/posts\/33880\/revisions"}],"predecessor-version":[{"id":33906,"href":"http:\/\/www.javeriana.edu.co\/pesquisa\/wp-json\/wp\/v2\/posts\/33880\/revisions\/33906"}],"wp:featuredmedia":[{"embeddable":true,"href":"http:\/\/www.javeriana.edu.co\/pesquisa\/wp-json\/wp\/v2\/media\/33883"}],"wp:attachment":[{"href":"http:\/\/www.javeriana.edu.co\/pesquisa\/wp-json\/wp\/v2\/media?parent=33880"}],"wp:term":[{"taxonomy":"category","embeddable":true,"href":"http:\/\/www.javeriana.edu.co\/pesquisa\/wp-json\/wp\/v2\/categories?post=33880"},{"taxonomy":"post_tag","embeddable":true,"href":"http:\/\/www.javeriana.edu.co\/pesquisa\/wp-json\/wp\/v2\/tags?post=33880"}],"curies":[{"name":"wp","href":"https:\/\/api.w.org\/{rel}","templated":true}]}}