{"id":34056,"date":"2022-08-22T03:06:00","date_gmt":"2022-08-22T08:06:00","guid":{"rendered":"http:\/\/www.javeriana.edu.co\/pesquisa\/?p=34056"},"modified":"2022-09-21T10:57:39","modified_gmt":"2022-09-21T15:57:39","slug":"economia-colombiana-pandemia","status":"publish","type":"post","link":"http:\/\/www.javeriana.edu.co\/pesquisa\/economia-colombiana-pandemia\/","title":{"rendered":"Colombia en la econom\u00eda mundial: antes y despu\u00e9s de la pandemia"},"content":{"rendered":"\n<p>Antes de la pandemia se daba por sentado que toda Am\u00e9rica Latina depend\u00eda econ\u00f3micamente, en gran medida, de Estados Unidos. Se dec\u00eda que si este pa\u00eds estornudaba, de M\u00e9xico para abajo a todos los pa\u00edses les daba gripa. Pero dado que la crisis financiera estadounidense de 2008 no destroz\u00f3 a los latinoamericanos, surgi\u00f3 entre los macroeconomistas la hip\u00f3tesis del \u2018desacoplamiento\u2019, esto es, que nuestros pa\u00edses empezaban a ser menos dependientes.&nbsp;<\/p>\n\n\n\n<p>Inspirados en esta hip\u00f3tesis, los investigadores Lya Paola Sierra y Pavel Vidal Alejandro, de la Pontificia Universidad Javeriana seccional Cali, buscaron verificar el desacoplamiento de M\u00e9xico, Colombia, Per\u00fa y Chile, que integran la Alianza del Pac\u00edfico, con respecto a Estados Unidos y Europa. Y aunque este desacoplamiento es sin\u00f3nimo de menos vulnerabilidad y dependencia respecto a los pa\u00edses avanzados, tambi\u00e9n significa una mayor integraci\u00f3n y vulnerabilidad respecto a las econom\u00edas emergentes asi\u00e1ticas.<\/p>\n\n\n\n<h3 class=\"wp-block-heading\">\u00bfHay econom\u00edas emergentes?<\/h3>\n\n\n\n<p>Hay algunos pa\u00edses en v\u00eda de desarrollo cuyas econom\u00edas han crecido a buen ritmo, pero a\u00fan no son considerados \u2018pa\u00edses desarrollados\u2019: se trata de las \u2018econom\u00edas emergentes\u2019. Tienen en com\u00fan rasgos como inestabilidad pol\u00edtica y una clase media d\u00e9bil (hay muchas m\u00e1s personas pobres y pocos ricos). En esta clasificaci\u00f3n entran pa\u00edses de Am\u00e9rica Latina como Colombia, Argentina y Chile. En Asia, algunos ejemplos son China, India, Corea del Sur e Indonesia.&nbsp;<\/p>\n\n\n\n<p>En el caso de las econom\u00edas emergentes de Asia, estas han experimentado unas tasas de crecimiento de sus ingresos per c\u00e1pita mucho mayores que las latinoamericanas, en algunos casos el doble y hasta el triple. \u201cPara Asia fue un \u00e9xito manejar el modelo de crecimiento econ\u00f3mico basado en las exportaciones, mientras que en Am\u00e9rica Latina durante mucho tiempo prim\u00f3 lo que se llam\u00f3 la \u2018pol\u00edtica de sustituci\u00f3n de importaciones\u2019, enfocada en el crecimiento econ\u00f3mico apoyado en los mercados dom\u00e9sticos y no tanto en los mercados internacionales\u201d, explica el investigador Vidal.&nbsp;<\/p>\n\n\n\n<p>Lo que ven\u00eda ocurriendo antes de la pandemia, y que qued\u00f3 retratado en la investigaci\u00f3n, es que los pa\u00edses latinoamericanos empezaban a relacionarse comercialmente mucho m\u00e1s con los asi\u00e1ticos. \u201cEl crecimiento de China ha implicado una demanda de materias primas o commodities, y este es uno de los canales principales mediante los cuales Am\u00e9rica Latina se ha beneficiado de ese crecimiento: se le venden materias primas [al pa\u00eds asi\u00e1tico]. El cobre es m\u00e1s representativo para Per\u00fa y Chile, y para Colombia, el petr\u00f3leo y el carb\u00f3n\u201d, comenta el investigador.<\/p>\n\n\n\n<h3 class=\"wp-block-heading\">Conexi\u00f3n en degrad\u00e9<\/h3>\n\n\n\n<p>A partir de herramientas econom\u00e9tricas, basadas en la estad\u00edstica, la matem\u00e1tica y la econom\u00eda aplicadas a datos hist\u00f3ricos de las finanzas y a las cuentas nacionales de los pa\u00edses de la Alianza del Pac\u00edfico, los investigadores obtuvieron resultados en los que se observa un degrad\u00e9 que muestra que, en efecto, hay pa\u00edses en desacoplamiento, otros que definitivamente est\u00e1n lejos de alcanzarlo y unos cuantos que se sit\u00faan en el medio.&nbsp;<\/p>\n\n\n\n<p>\u201cPara el caso de Per\u00fa, s\u00ed se manifiesta bastante desacoplamiento de las econom\u00edas avanzadas y mucha m\u00e1s conexi\u00f3n con Asia\u201d, explica Vidal, y agrega: \u201cEn el otro extremo est\u00e1 M\u00e9xico, donde en realidad todav\u00eda se refleja una alta dependencia e interconexi\u00f3n con las econom\u00edas avanzadas\u201d.&nbsp;<\/p>\n\n\n\n<p>Y en la mitad de este espectro se encuentran Colombia y Chile: pa\u00edses que efectivamente tienen una dependencia creciente con Asia, pero que todav\u00eda mantienen una conexi\u00f3n importante con Estados Unidos y con Europa. \u201cSon econom\u00edas que uno podr\u00eda decir que est\u00e1n m\u00e1s diversificadas geogr\u00e1ficamente, pues est\u00e1n en el medio de estos dos bloques econ\u00f3micos\u201d.<\/p>\n\n\n\n<p>En los casos con un tipo de desacoplamiento intermedio y mayor (Colombia, Chile y Per\u00fa), la creciente relaci\u00f3n econ\u00f3mica con Asia genera importantes ingresos en divisas, una prosperidad financiera temporal que tiene posibles repercusiones en la otra cara de la moneda. Una de ellas es conocida entre los economistas como \u2018la maldici\u00f3n de los recursos naturales\u2019. \u201cUn boom transitorio de ganancias f\u00e1ciles puede desincentivar que los gobiernos hagan reformas en la econom\u00eda para promover el desarrollo econ\u00f3mico\u201d, expresa Vidal.<\/p>\n\n\n\n<p>El resultado de la investigaci\u00f3n es una radiograf\u00eda de la conexi\u00f3n entre Am\u00e9rica Latina, espec\u00edficamente de los pa\u00edses de la Alianza del Pac\u00edfico \u2014M\u00e9xico, Colombia, Chile y Per\u00fa\u2014, y los pa\u00edses de \u2018Asia emergente\u2019 \u2014China, India, Corea del Sur e Indonesia\u2014 en 2019. Pero, con el tsunami mundial de la pandemia, la pregunta ser\u00eda: \u00bfc\u00f3mo es ahora el panorama macroecon\u00f3mico y cu\u00e1les son las oportunidades para Colombia?<\/p>\n\n\n\n<h3 class=\"wp-block-heading\">Macroeconom\u00eda en la pospandemia<\/h3>\n\n\n\n<p>Responder esa pregunta no es f\u00e1cil: el panorama cambi\u00f3 y sigue cambiando; no se sabe con exactitud hacia d\u00f3nde va. Sin embargo, hay algunas pistas. Antes de la pandemia, la globalizaci\u00f3n gozaba de un reconocimiento especial, era como el \u2018deber ser\u2019 de las econom\u00edas, y el caso de China era el ejemplo perfecto: su gran \u00e9xito se bas\u00f3 en las exportaciones, en integrarse a las cadenas globales de valor.&nbsp;<\/p>\n\n\n\n<p>Pero la pandemia ha dejado ver la otra cara de la globalizaci\u00f3n: interdependencia y vulnerabilidad compartida a escala global. El caso de la \u2018crisis de los microchips\u2019 es un buen ejemplo. Ciertas f\u00e1bricas que produc\u00edan estos y otros insumos en las cadenas globales de valor tuvieron que cerrar o bajar su producci\u00f3n a ra\u00edz de la COVID-19, situaci\u00f3n que afect\u00f3 la producci\u00f3n de otros bienes que usan este insumo, desde celulares hasta carros.<\/p>\n\n\n\n<p>&nbsp;\u201cSe piensa que puede haber un regreso a producciones que est\u00e9n m\u00e1s cerca de los mercados, por ejemplo, todas estas inversiones que se fueron en un momento hacia Asia es probable que regresen a Am\u00e9rica\u201d, explica Vidal. En ese nuevo contexto, Am\u00e9rica Latina y Colombia tendr\u00edan una oportunidad, pues al estar m\u00e1s cerca de Estados Unidos podr\u00edan ser sede de alguna de estas grandes corporaciones que producen bienes dentro de la cadena global de producci\u00f3n.&nbsp;<\/p>\n\n\n\n<p>\u201cDado que Colombia tiene un tratado de libre comercio con Estados Unidos, puede ser atractivo para estas cadenas globales tener aqu\u00ed plantas de producci\u00f3n de algunos de estos componentes\u201d, puntualiza Vidal. Ahora los interrogantes ser\u00edan: \u00bfel nuevo gobierno estar\u00e1 interesado en esta eventual oportunidad? De ser as\u00ed, \u00bfestaremos preparados para aprovecharla?<\/p>\n\n\n\n<hr class=\"wp-block-separator has-css-opacity\"\/>\n\n\n\n<p>Para leer m\u00e1s: \u00a7 Sierra, L. P. y Vidal Alejandro, P. (2021). The impact of emerging Asia\u2019s demand on the Pacific Alliance countries. Emerging Markets Finance and Trade, 57(7), 2023-2041. <a href=\"doi: 10.1080\/1540496X.2019.1693362\">doi: 10.1080\/1540496X.2019.1693362<\/a><\/p>\n\n\n\n<hr class=\"wp-block-separator has-css-opacity\"\/>\n\n\n\n<p><strong>T\u00cdTULO DE LA INVESTIGACI\u00d3N:<\/strong> <em>The impact of emerging Asia\u2019s demand on the Pacific Alliance countries <\/em><\/p>\n\n\n\n<p><strong>INVESTIGADORES<\/strong>: Lya Paola Sierra y Pavel Vidal Alejandro Facultad de Ciencias Econ\u00f3micas y Administrativas, Pontificia Universidad Javeriana seccional Cali<\/p>\n\n\n\n<p>P<strong>ERIODO DE LA INVESTIGACI\u00d3N:<\/strong> 2019<\/p>\n","protected":false},"excerpt":{"rendered":"<p>Una radiograf\u00eda de 2019, una pandemia y algunas tendencias dejan entrever c\u00f3mo podr\u00edan estar movi\u00e9ndose los hilos de la macroeconom\u00eda. El nuevo orden permite vislumbrar cambios y oportunidades para el pa\u00eds.<\/p>\n","protected":false},"author":43,"featured_media":34057,"comment_status":"open","ping_status":"open","sticky":false,"template":"","format":"standard","meta":{"footnotes":""},"categories":[373,3691,2622,380],"tags":[3919,3921,3920,3918,3922],"class_list":{"0":"post-34056","1":"post","2":"type-post","3":"status-publish","4":"format-standard","5":"has-post-thumbnail","7":"category-sociedad","8":"category-economia","9":"category-javeriana-cali-investiga","10":"category-pesquisa-impresa","11":"tag-colombia-en-pandemia","12":"tag-crisis-economica","13":"tag-economia-despues-de-pandemia","14":"tag-economia-en-pandemia","15":"tag-economias-emergentes"},"_links":{"self":[{"href":"http:\/\/www.javeriana.edu.co\/pesquisa\/wp-json\/wp\/v2\/posts\/34056","targetHints":{"allow":["GET"]}}],"collection":[{"href":"http:\/\/www.javeriana.edu.co\/pesquisa\/wp-json\/wp\/v2\/posts"}],"about":[{"href":"http:\/\/www.javeriana.edu.co\/pesquisa\/wp-json\/wp\/v2\/types\/post"}],"author":[{"embeddable":true,"href":"http:\/\/www.javeriana.edu.co\/pesquisa\/wp-json\/wp\/v2\/users\/43"}],"replies":[{"embeddable":true,"href":"http:\/\/www.javeriana.edu.co\/pesquisa\/wp-json\/wp\/v2\/comments?post=34056"}],"version-history":[{"count":3,"href":"http:\/\/www.javeriana.edu.co\/pesquisa\/wp-json\/wp\/v2\/posts\/34056\/revisions"}],"predecessor-version":[{"id":34535,"href":"http:\/\/www.javeriana.edu.co\/pesquisa\/wp-json\/wp\/v2\/posts\/34056\/revisions\/34535"}],"wp:featuredmedia":[{"embeddable":true,"href":"http:\/\/www.javeriana.edu.co\/pesquisa\/wp-json\/wp\/v2\/media\/34057"}],"wp:attachment":[{"href":"http:\/\/www.javeriana.edu.co\/pesquisa\/wp-json\/wp\/v2\/media?parent=34056"}],"wp:term":[{"taxonomy":"category","embeddable":true,"href":"http:\/\/www.javeriana.edu.co\/pesquisa\/wp-json\/wp\/v2\/categories?post=34056"},{"taxonomy":"post_tag","embeddable":true,"href":"http:\/\/www.javeriana.edu.co\/pesquisa\/wp-json\/wp\/v2\/tags?post=34056"}],"curies":[{"name":"wp","href":"https:\/\/api.w.org\/{rel}","templated":true}]}}