{"id":35185,"date":"2022-10-05T13:00:00","date_gmt":"2022-10-05T18:00:00","guid":{"rendered":"https:\/\/www.javeriana.edu.co\/pesquisa\/?p=35185"},"modified":"2022-11-04T17:13:39","modified_gmt":"2022-11-04T22:13:39","slug":"laboratorio-papas-nativas-que-funciona-en-cundinamarca","status":"publish","type":"post","link":"http:\/\/www.javeriana.edu.co\/pesquisa\/laboratorio-papas-nativas-que-funciona-en-cundinamarca\/","title":{"rendered":"Amar la tierra: las campesinas del laboratorio de papas en Cundinamarca\u00a0"},"content":{"rendered":"\n<p>El laboratorio est\u00e1 en silencio. Marcela Pinilla observa a trav\u00e9s de un microscopio para cortar con mayor precisi\u00f3n. Tiene cuidado quir\u00fargico. Con una pinza retira diminutos tejidos de una planta de papa hasta llegar a los meristemos, grupos de c\u00e9lulas responsables del crecimiento vegetal. Una voz emocionada inunda la habitaci\u00f3n: \u201c\u00a1Es ah\u00ed donde empieza todo!\u201d, dice la profesora Mar\u00eda del Pilar M\u00e1rquez, del Departamento de Biolog\u00eda de la Pontificia Universidad Javeriana.&nbsp;<\/p>\n\n\n\n<p>La emoci\u00f3n se debe a que, desde hace tres a\u00f1os, M\u00e1rquez y sus compa\u00f1eros Adriana S\u00e1enz y Wilson Ter\u00e1n, tambi\u00e9n docentes javerianos, lideran un proyecto (financiado por Fontagro) en busca de rescatar las variedades de papas nativas que se han dejado de producir masivamente porque las papas m\u00e1s comerciales, como la criolla, la sabanera y la pastusa, dominan el mercado.&nbsp;<\/p>\n\n\n\n<p>\u00bfC\u00f3mo lo hacen? Para lograr semillas de mejor calidad retiran los meristemos de las plantas de papa y los desinfectan para luego proceder con la propagaci\u00f3n<em> in vitro, <\/em>o sea cultivarlas dentro de frascos de vidrio en un ambiente artificial. As\u00ed se eliminan posibles enfermedades y plagas que afectar\u00edan los cultivos.&nbsp;<\/p>\n\n\n\n<p>Todo esto ocurre en un laboratorio muy particular. Uno con vistas privilegiadas a las monta\u00f1as de Carmen de Carupa, en Cundinamarca, que es manejado por Marcela Pinilla y Diana Rinc\u00f3n, dos campesinas que han vivido siempre en la vereda y que a pesar de que no conoc\u00edan sobre biotecnolog\u00eda o propagaci\u00f3n <em>in vitro<\/em>, hoy son unas expertas en el manejo de las semillas nativas.&nbsp;<\/p>\n\n\n\n<p><em>Pesquisa Javeriana<\/em> viaj\u00f3 hasta Carmen de Carupa para conocer el laboratorio y registrar c\u00f3mo se producen m\u00e1s de 27 variedades de papas nativas. En este video se lo contamos:&nbsp;<\/p>\n\n\n\n<iframe width=\"560\" height=\"315\" src=\"https:\/\/www.youtube.com\/embed\/1yqkrNXXnmU\" title=\"YouTube video player\" frameborder=\"0\" allow=\"accelerometer; autoplay; clipboard-write; encrypted-media; gyroscope; picture-in-picture\" allowfullscreen=\"\"><\/iframe>\n","protected":false},"excerpt":{"rendered":"<p>Tres investigadores javerianos y dos campesinas lideran un proyecto que busca recuperar las papas nativas reemplazadas por variedades m\u00e1s comerciales. As\u00ed lo hacen.<\/p>\n","protected":false},"author":42,"featured_media":35192,"comment_status":"open","ping_status":"open","sticky":false,"template":"","format":"standard","meta":{"footnotes":""},"categories":[376,378],"tags":[2218,4079,371,629,97,2766,3420,4078,1610],"class_list":{"0":"post-35185","1":"post","2":"type-post","3":"status-publish","4":"format-standard","5":"has-post-thumbnail","7":"category-ambiente","8":"category-multimedia","9":"tag-campesinas","10":"tag-carmen-de-carupa","11":"tag-colombia","12":"tag-cundinamarca","13":"tag-investigacion","14":"tag-investigadores-javerianos","15":"tag-papas","16":"tag-papas-nativas","17":"tag-video"},"_links":{"self":[{"href":"http:\/\/www.javeriana.edu.co\/pesquisa\/wp-json\/wp\/v2\/posts\/35185","targetHints":{"allow":["GET"]}}],"collection":[{"href":"http:\/\/www.javeriana.edu.co\/pesquisa\/wp-json\/wp\/v2\/posts"}],"about":[{"href":"http:\/\/www.javeriana.edu.co\/pesquisa\/wp-json\/wp\/v2\/types\/post"}],"author":[{"embeddable":true,"href":"http:\/\/www.javeriana.edu.co\/pesquisa\/wp-json\/wp\/v2\/users\/42"}],"replies":[{"embeddable":true,"href":"http:\/\/www.javeriana.edu.co\/pesquisa\/wp-json\/wp\/v2\/comments?post=35185"}],"version-history":[{"count":2,"href":"http:\/\/www.javeriana.edu.co\/pesquisa\/wp-json\/wp\/v2\/posts\/35185\/revisions"}],"predecessor-version":[{"id":35187,"href":"http:\/\/www.javeriana.edu.co\/pesquisa\/wp-json\/wp\/v2\/posts\/35185\/revisions\/35187"}],"wp:featuredmedia":[{"embeddable":true,"href":"http:\/\/www.javeriana.edu.co\/pesquisa\/wp-json\/wp\/v2\/media\/35192"}],"wp:attachment":[{"href":"http:\/\/www.javeriana.edu.co\/pesquisa\/wp-json\/wp\/v2\/media?parent=35185"}],"wp:term":[{"taxonomy":"category","embeddable":true,"href":"http:\/\/www.javeriana.edu.co\/pesquisa\/wp-json\/wp\/v2\/categories?post=35185"},{"taxonomy":"post_tag","embeddable":true,"href":"http:\/\/www.javeriana.edu.co\/pesquisa\/wp-json\/wp\/v2\/tags?post=35185"}],"curies":[{"name":"wp","href":"https:\/\/api.w.org\/{rel}","templated":true}]}}