{"id":35429,"date":"2022-11-18T13:09:28","date_gmt":"2022-11-18T18:09:28","guid":{"rendered":"https:\/\/www.javeriana.edu.co\/pesquisa\/?p=35429"},"modified":"2022-12-13T11:10:44","modified_gmt":"2022-12-13T16:10:44","slug":"genero-equidad-gobierno-petro","status":"publish","type":"post","link":"http:\/\/www.javeriana.edu.co\/pesquisa\/genero-equidad-gobierno-petro\/","title":{"rendered":"\u00bfC\u00f3mo va el gobierno de Gustavo Petro en temas de g\u00e9nero?"},"content":{"rendered":"\n<p><strong><em>Actualizaci\u00f3n: El Congreso de la Rep\u00fablica ya aprob\u00f3 el proyecto de ley para crear el Ministerio de la Igualdad. Hace falta la conciliaci\u00f3n con el Senado y luego la sanci\u00f3n presidencial. <\/em><\/strong><\/p>\n\n\n\n<p>El gobierno de Gustavo Petro radic\u00f3 el proyecto de creaci\u00f3n del Ministerio de la Igualdad en Colombia, una de sus primeras apuestas para impulsar la equidad de g\u00e9nero y cerrar las brechas sociales, pol\u00edticas y econ\u00f3micas que experimentan las mujeres.<\/p>\n\n\n\n<p>Sin embargo, este no es el \u00fanico frente en el que el gobierno nacional se comprometi\u00f3 durante la campa\u00f1a presidencial; Pesquisa Javeriana consult\u00f3 a la profesora Paula Andrea Valencia, docente de la facultad de Derecho de la Pontificia Universidad Javeriana y profesora de violencias basadas en g\u00e9nero para entender la visi\u00f3n, los avances y las limitaciones que presentan las propuestas de Gustavo Petro para el g\u00e9nero y la equidad.<\/p>\n\n\n\n<h4 class=\"wp-block-heading\">\u00bfQu\u00e9 propuso el presidente Petro en campa\u00f1a y qu\u00e9 tanto ha cumplido en temas de g\u00e9nero?<\/h4>\n\n\n\n<p>Para empezar, podemos catalogar las propuestas de Gustavo Petro en ocho grandes metas: La primera es <strong>\u2018Las mujeres gobernar\u00e1n\u2019,<\/strong> donde prometi\u00f3 que los cargos p\u00fablicos iban a corresponder en un 50% a las mujeres; la segunda, el <strong>acceso prioritario a la educaci\u00f3n y a la tierra<\/strong>, para la educaci\u00f3n superior y cr\u00e9ditos a las mujeres.<\/p>\n\n\n\n<p>Tambi\u00e9n la <strong>creaci\u00f3n de un sistema nacional de cuidado<\/strong> para reconocer, redistribuir y reducir el trabajo del cuidado, muy similar a lo que est\u00e1 intentando hacer Claudia L\u00f3pez \u2014alcaldesa de Bogot\u00e1\u2014 con las manzanas del cuidado, solo que a nivel nacional. La cuarta, el <strong>reconocimiento del trabajo de las madres cabeza de hogar a trav\u00e9s de un ingreso m\u00ednimo<\/strong>. La quinta: la <strong>garant\u00eda de los derechos sexuales y reproductivos,<\/strong> hacer un plan de choque y desarrollo sobre la prevenci\u00f3n y la eliminaci\u00f3n de violencias contra las mujeres.<\/p>\n\n\n\n<p>La sexta, el <strong>plan de acci\u00f3n integral contra el feminicidio<\/strong> y todas las violencias basadas en g\u00e9nero; la s\u00e9ptima, una <strong>campa\u00f1a nacional para la transformaci\u00f3n de estereotipos de g\u00e9nero<\/strong>, que es curioso porque, cuando lo explic\u00f3, habl\u00f3 de ni\u00f1as y mujeres, y en el discurso se olvid\u00f3 hablar de otras poblaciones. Y la \u00faltima: la <strong>creaci\u00f3n del Ministerio de la Igualdad.<\/strong><\/p>\n\n\n\n<p>Frente a estas propuestas hay varios temas interesantes. Es claro que la ejecuci\u00f3n de estas propuestas depende de la voluntad pol\u00edtica y lo que realmente quiera hacer el gobierno para cambiar los estereotipos de g\u00e9nero. Yo creo que en estos primeros 100 d\u00edas se est\u00e1n organizando las ideas sobre c\u00f3mo se ejecutar\u00e1n estas propuestas, pero<\/p>\n\n\n\n<p>creo que es el momento para estar muy atentas de c\u00f3mo van a quedar plasmadas en el Plan Nacional de Desarrollo. Claro est\u00e1, el Plan es la hoja de ruta que nos dar\u00e1 indicios sobre el cumplimiento o no que se dar\u00e1 en esta materia.<\/p>\n\n\n\n<p>Todav\u00eda es temprano para hablar de incumplimiento, sin embargo, me gustar\u00eda resaltar que la propuesta espec\u00edfica sobre el reconocimiento del trabajo de las madres cabeza de hogar \u2014a trav\u00e9s de un ingreso m\u00ednimo\u2014 me parece espectacular, creo que es lo que la mayor\u00eda de la poblaci\u00f3n colombiana sue\u00f1a, sin embargo, tenemos que mirar tambi\u00e9n el tema presupuestal, es importante que seamos conscientes de que estamos en un momento de crisis econ\u00f3mica. No s\u00e9 qu\u00e9 tanto se pueda ejecutar, desde mi punto de vista va a ser muy dif\u00edcil con el presupuesto que tenemos. Sin embargo, las otras propuestas, de las ocho que nombr\u00e9, pueden tener una ejecuci\u00f3n m\u00e1s realista pues no requieren tanto dinero.<\/p>\n\n\n\n<h4 class=\"wp-block-heading\">\u00bfLa creaci\u00f3n del Ministerio de la Igualdad contribuir\u00e1 al desarrollo de la equidad de g\u00e9nero en el pa\u00eds?<\/h4>\n\n\n\n<p>Cuando se est\u00e1 hablando del tema de la igualdad y la equidad estamos refiri\u00e9ndonos a cuatro objetivos que el gobierno dijo tener: lograr la igualdad salarial entre hombres y mujeres, reconocer el tiempo de trabajo en el hogar v\u00e1lido para la pensi\u00f3n, el ingreso vital y hacer una reforma agraria en la econom\u00eda popular para poner a la mujer como titular de propiedad.<\/p>\n\n\n\n<p>Creo que lo que se busca con el Ministerio de la Igualdad es articular y coordinar todas esas propuestas en temas de g\u00e9nero para darle un orden l\u00f3gico. Desde el Estado ya se est\u00e1n trabajando temas de g\u00e9nero desde diferentes \u00e1ngulos, pero me parece importante que haya un ente que organice y que articule, tambi\u00e9n pensando en temas presupuestales.<\/p>\n\n\n\n<p>No creo que sea indispensable crear un Ministerio de la Igualdad, yo considero incluso que podr\u00eda estar en Presidencia, pero tampoco me parece una mala idea. Si se logra y si logra articular, dar un presupuesto espec\u00edfico, organizar todos los proyectos de g\u00e9nero y focalizarlos a trav\u00e9s de estos objetivos, ser\u00eda un gran logro del gobierno actual. Como dije al comienzo, las cosas depender\u00e1n de la voluntad pol\u00edtica y con esto se ha demostrado que efectivamente hay inter\u00e9s por mover los temas de g\u00e9nero.<\/p>\n\n\n\n<figure class=\"wp-block-image size-full\"><img fetchpriority=\"high\" decoding=\"async\" width=\"900\" height=\"300\" src=\"http:\/\/www.javeriana.edu.co\/pesquisa\/wp-content\/uploads\/2022\/03\/economia-cuidado-colombia-brecha-genero-900x300-1.jpg\" alt=\"\" class=\"wp-image-26017\" srcset=\"http:\/\/www.javeriana.edu.co\/pesquisa\/wp-content\/uploads\/2022\/03\/economia-cuidado-colombia-brecha-genero-900x300-1.jpg 900w, http:\/\/www.javeriana.edu.co\/pesquisa\/wp-content\/uploads\/2022\/03\/economia-cuidado-colombia-brecha-genero-900x300-1-300x100.jpg 300w, http:\/\/www.javeriana.edu.co\/pesquisa\/wp-content\/uploads\/2022\/03\/economia-cuidado-colombia-brecha-genero-900x300-1-150x50.jpg 150w, http:\/\/www.javeriana.edu.co\/pesquisa\/wp-content\/uploads\/2022\/03\/economia-cuidado-colombia-brecha-genero-900x300-1-450x150.jpg 450w, http:\/\/www.javeriana.edu.co\/pesquisa\/wp-content\/uploads\/2022\/03\/economia-cuidado-colombia-brecha-genero-900x300-1-768x256.jpg 768w\" sizes=\"(max-width: 900px) 100vw, 900px\" \/><figcaption>Fotograf\u00eda: Shutterstock<\/figcaption><\/figure>\n\n\n\n<h4 class=\"wp-block-heading\">Adem\u00e1s de la paridad de g\u00e9nero en los puestos de gobierno \u00bfqu\u00e9 otras de las propuestas son viables de cumplir en el corto plazo?<\/h4>\n\n\n\n<p>Efectivamente Petro dijo: \u201cGobernar\u00e9 con y para las mujeres\u201d durante su discurso de posesi\u00f3n, ese es un avance muy importante. Sin embargo, La Silla Vac\u00eda public\u00f3 una investigaci\u00f3n donde sistematiz\u00f3 los <a href=\"https:\/\/www.lasillavacia.com\/historias\/silla-nacional\/debajo-del-gabinete-los-nombramientos-de-petro-se-rajan-en-paridad-de-genero\/\" target=\"_blank\" rel=\"noreferrer noopener\"><strong>100 nombramientos m\u00e1s importantes del gobierno de Petro<\/strong><\/a> debajo de su gabinete y encontr\u00f3 que de esos 100, solo 23 son mujeres, es decir que ni siquiera est\u00e1n cumpliendo con la ley de cuotas que exige el 30 %. Ah\u00ed tenemos que tener una mirada cr\u00edtica. Por m\u00e1s de que una parte significativa de las mujeres apoy\u00e1ramos a Gustavo Petro para la presidencia, no podemos dejar de lado toda la fuerza que tiene la sociedad civil para exigir que las cosas realmente se cumplan.<\/p>\n\n\n\n<p>La informaci\u00f3n que dio La Silla Vac\u00eda es muy importante y efectivamente hay que mirar qu\u00e9 es lo que est\u00e1 pasando, porque si los nombramientos que est\u00e1n haciendo son sencillamente para decir \u2018si hay mujeres\u2019, pero sigue esa cultura patriarcal que no permite que las mujeres estemos en posiciones de poder, pues hay que trabajar para exigir que se cumpla con lo prometido en campa\u00f1a.<\/p>\n\n\n\n<p>Frente a las otras propuestas, muchas se pueden iniciar ya, sobre todo los temas pedag\u00f3gicos. En el tema de tierras me parece importante que se empiece a articular desde ya \u00bfc\u00f3mo va a ser ese acceso prioritario que quieren dar a las mujeres en propiedad? Estoy segura de que muchas entidades ya est\u00e1n iniciando su trabajo frente a esos temas, pero creo que son metas muy generales que requerir\u00e1n mucho tiempo y es posible que no las logremos del todo.<\/p>\n\n\n\n<p>En lo que respecta al sistema nacional de cuidado, las garant\u00edas de derechos sexuales y reproductivos, las alertas tempranas que se proponen para los temas de feminicidio, es posible que queden avances muy importantes en este gobierno, pero no creo que se vaya a cumplir el 100 % las expectativas que se ten\u00edan, e igual eso est\u00e1 bien, tampoco podemos esperar que un gobierno cambie todo un sistema patriarcal en cuatro a\u00f1os.<\/p>\n\n\n\n<h4 class=\"wp-block-heading\">Teniendo en cuenta el aumento en casos de violencia y abusos contra las mujeres en Colombia, \u00bflas acciones del gobierno Petro ser\u00e1n efectivas para controlar y disminuir estas violencias?<\/h4>\n\n\n\n<p>El panorama de Colombia este a\u00f1o ha sido realmente catastr\u00f3fico en temas de feminicidio. Si no estoy mal, el <a href=\"https:\/\/www.eltiempo.com\/datos\/en-2022-se-han-registrado-588-denuncias-por-feminicidio-en-colombia-716618\" target=\"_blank\" rel=\"noreferrer noopener\"><strong>Observatorio de Feminicidios dijo que van 588 denuncias con fecha de septiembre<\/strong><\/a>, es demasiado alarmante.<\/p>\n\n\n\n<p>\u00bfQu\u00e9 puede hacer el Gobierno? Ellos plantean una propuesta que a m\u00ed me parece muy buena: las <strong>alertas tempranas<\/strong>, pues implica capacitar a las entidades, al sistema judicial, la fuerza p\u00fablica, al sistema de salud, educaci\u00f3n, entre otros, para que tengan muy claras las rutas para atender a una mujer en peligro.<\/p>\n\n\n\n<figure class=\"wp-block-image size-large\"><img decoding=\"async\" width=\"1024\" height=\"683\" src=\"http:\/\/www.javeriana.edu.co\/pesquisa\/wp-content\/uploads\/2022\/09\/marcha-feminista2-1024x683.jpg\" alt=\"\" class=\"wp-image-34914\" srcset=\"http:\/\/www.javeriana.edu.co\/pesquisa\/wp-content\/uploads\/2022\/09\/marcha-feminista2-1024x683.jpg 1024w, http:\/\/www.javeriana.edu.co\/pesquisa\/wp-content\/uploads\/2022\/09\/marcha-feminista2-300x200.jpg 300w, http:\/\/www.javeriana.edu.co\/pesquisa\/wp-content\/uploads\/2022\/09\/marcha-feminista2-1536x1024.jpg 1536w, http:\/\/www.javeriana.edu.co\/pesquisa\/wp-content\/uploads\/2022\/09\/marcha-feminista2-150x100.jpg 150w, http:\/\/www.javeriana.edu.co\/pesquisa\/wp-content\/uploads\/2022\/09\/marcha-feminista2-450x300.jpg 450w, http:\/\/www.javeriana.edu.co\/pesquisa\/wp-content\/uploads\/2022\/09\/marcha-feminista2-1200x800.jpg 1200w, http:\/\/www.javeriana.edu.co\/pesquisa\/wp-content\/uploads\/2022\/09\/marcha-feminista2-768x512.jpg 768w, http:\/\/www.javeriana.edu.co\/pesquisa\/wp-content\/uploads\/2022\/09\/marcha-feminista2.jpg 1920w\" sizes=\"(max-width: 1024px) 100vw, 1024px\" \/><\/figure>\n\n\n\n<p>Desde mi experiencia, lo que sucede es que estas entidades muchas veces tienen una respuesta revictimizante, y esto depende de la suerte que tengas con el funcionario que te asignen. Es muy importante crear mecanismos de capacitaci\u00f3n para que los funcionarios sepan como atender estos casos, pero que adem\u00e1s, el gobierno realice un seguimiento a la forma en que est\u00e1n respondiendo sus funcionarios a trav\u00e9s de capacitaciones, de matrices de seguimiento, de analizar qu\u00e9 mujer se sinti\u00f3 acompa\u00f1ada o por el contrario percibi\u00f3 que la informaci\u00f3n no fue clara y que perdi\u00f3 todo su tiempo yendo y creyendo en el sistema judicial o la fuerza p\u00fablica, para as\u00ed empezar a identificar cu\u00e1les son los errores y poder cambiarlos.<\/p>\n\n\n\n<p>El problema no solo recae sobre el Estado, estamos en un pa\u00eds donde el machismo es tristemente la regla general y no la excepci\u00f3n, entonces me parece importante que el Estado empiece \u201cordenando la casa\u201d para ver qu\u00e9 es lo que no est\u00e1 funcionando. Hay muchas mujeres muy preparadas en el tema, que adem\u00e1s est\u00e1n interesadas en trabajarlo de la mano con el gobierno.<\/p>\n\n\n\n<h4 class=\"wp-block-heading\">\u00bfQu\u00e9 le queda pendiente por hacer a Gustavo Petro y c\u00f3mo debe desarrollar estas propuestas de ac\u00e1 en adelante?<\/h4>\n\n\n\n<p>Hasta el momento, todo. Creo que las propuestas que \u00e9l hace y que hizo en campa\u00f1a tienen la fuerza y el apoyo de muchas colectivas feministas. Teniendo en cuenta que el principal problema de Colombia es el tema de tierras, me parece importante mirar qu\u00e9 es lo que pasa con el acceso a tierras de las mujeres; tanto la academia, como ONG nacionales e internacionales han identificado barreras para que las colombianas accedan a la tierra, me parece un punto primordial.<\/p>\n\n\n\n<p>El sistema nacional de cuidado es fundamental y la verdad, ver en Bogot\u00e1 las manzanas de cuidado, ha sido algo que me llena de esperanza. A veces, en este pa\u00eds cuesta decir qu\u00e9 es lo que estamos haciendo a favor de las mujeres, pero si se avanza en este sistema ser\u00eda un aporte important\u00edsimo de este gobierno. Seguramente tendr\u00e1 errores, pero ser\u00e1 un gran paso para poder cuidar a las cuidadoras.<\/p>\n\n\n\n<p>Todas estas propuestas y puntualmente esta va a tener una gran limitante econ\u00f3mica, pero espero que se d\u00e9, especialmente en los territorios alejados y olvidados por el Estado, hay que ver c\u00f3mo lo van a planear y c\u00f3mo esto puede operar en lugares de posconflicto.<\/p>\n\n\n\n<p>Frente a la propuesta sobre las garant\u00edas de derechos sexuales y reproductivos, con la \u00faltima sentencia de la Corte frente al aborto tienen todo un campo de implementaci\u00f3n y protecci\u00f3n muy importante e hist\u00f3rico.<\/p>\n\n\n\n<p>Honestamente, no podr\u00eda elegir solo una de las propuestas, en este momento, en lo que est\u00e1 concentrado el gobierno, es el Ministerio de la Igualdad para poder articular y ejecutar cada uno de los puntos, pero creo que todas son sumamente importantes y tengo toda la fe puesta en que van a suceder. Esperemos que as\u00ed sea y que con la ejecuci\u00f3n de las promesas de campa\u00f1a podamos tener un pa\u00eds m\u00e1s seguro, con menos <strong><a href=\"https:\/\/www.javeriana.edu.co\/pesquisa\/economia-del-cuidado-equidad-genero\/\" target=\"_blank\" rel=\"noreferrer noopener\">violencias basadas en g\u00e9nero<\/a> <\/strong>y cada d\u00eda m\u00e1s incluyente.<\/p>\n\n\n\n<p>Conozca m\u00e1s del plan de gobierno de Gustavo Petro en el siguiente link: <a href=\"https:\/\/drive.google.com\/file\/d\/1nEH9SKih-B4DO2rhjTZAKiBZit3FChmF\/view\" target=\"_blank\" rel=\"noopener\"><strong>https:\/\/drive.google.com\/file\/d\/1nEH9SKih-B4DO2rhjTZAKiBZit3FChmF\/view<\/strong><\/a><\/p>\n","protected":false},"excerpt":{"rendered":"<p>Paula Valencia, abogada y profesora de violencias basadas en g\u00e9nero analiza el estado de las iniciativas de equidad y g\u00e9nero del gobierno Petro en sus primeros 100 d\u00edas.<\/p>\n","protected":false},"author":73,"featured_media":35428,"comment_status":"open","ping_status":"open","sticky":false,"template":"","format":"standard","meta":{"footnotes":""},"categories":[1157,3690,373],"tags":[371,1191,663,3891,97,499,459,2495],"class_list":{"0":"post-35429","1":"post","2":"type-post","3":"status-publish","4":"format-standard","5":"has-post-thumbnail","7":"category-destacadas","8":"category-genero","9":"category-sociedad","10":"tag-colombia","11":"tag-feminismo","12":"tag-genero","13":"tag-gustavo-petro","14":"tag-investigacion","15":"tag-javeriana","16":"tag-mujeres","17":"tag-violencia-de-genero"},"_links":{"self":[{"href":"http:\/\/www.javeriana.edu.co\/pesquisa\/wp-json\/wp\/v2\/posts\/35429","targetHints":{"allow":["GET"]}}],"collection":[{"href":"http:\/\/www.javeriana.edu.co\/pesquisa\/wp-json\/wp\/v2\/posts"}],"about":[{"href":"http:\/\/www.javeriana.edu.co\/pesquisa\/wp-json\/wp\/v2\/types\/post"}],"author":[{"embeddable":true,"href":"http:\/\/www.javeriana.edu.co\/pesquisa\/wp-json\/wp\/v2\/users\/73"}],"replies":[{"embeddable":true,"href":"http:\/\/www.javeriana.edu.co\/pesquisa\/wp-json\/wp\/v2\/comments?post=35429"}],"version-history":[{"count":5,"href":"http:\/\/www.javeriana.edu.co\/pesquisa\/wp-json\/wp\/v2\/posts\/35429\/revisions"}],"predecessor-version":[{"id":35900,"href":"http:\/\/www.javeriana.edu.co\/pesquisa\/wp-json\/wp\/v2\/posts\/35429\/revisions\/35900"}],"wp:featuredmedia":[{"embeddable":true,"href":"http:\/\/www.javeriana.edu.co\/pesquisa\/wp-json\/wp\/v2\/media\/35428"}],"wp:attachment":[{"href":"http:\/\/www.javeriana.edu.co\/pesquisa\/wp-json\/wp\/v2\/media?parent=35429"}],"wp:term":[{"taxonomy":"category","embeddable":true,"href":"http:\/\/www.javeriana.edu.co\/pesquisa\/wp-json\/wp\/v2\/categories?post=35429"},{"taxonomy":"post_tag","embeddable":true,"href":"http:\/\/www.javeriana.edu.co\/pesquisa\/wp-json\/wp\/v2\/tags?post=35429"}],"curies":[{"name":"wp","href":"https:\/\/api.w.org\/{rel}","templated":true}]}}