{"id":35601,"date":"2023-02-16T14:41:00","date_gmt":"2023-02-16T19:41:00","guid":{"rendered":"https:\/\/www.javeriana.edu.co\/pesquisa\/?p=35601"},"modified":"2023-02-20T20:09:04","modified_gmt":"2023-02-21T01:09:04","slug":"la-tierra-un-planeta-con-menos-aves","status":"publish","type":"post","link":"http:\/\/www.javeriana.edu.co\/pesquisa\/la-tierra-un-planeta-con-menos-aves\/","title":{"rendered":"La Tierra: un planeta con menos aves"},"content":{"rendered":"\n<p>Un estudio publicado a mediados de 2022 encontr\u00f3 que el 48 % de las poblaciones aviares presenta reducciones en sus tama\u00f1os. Esto no significa que todas las especies se est\u00e9n extinguiendo ahora mismo; significa que sus n\u00fameros est\u00e1n disminuyendo y que, de continuar as\u00ed, inevitablemente desaparecer\u00e1n del planeta, como ya lo han hecho un gran n\u00famero de especies de aves y otras que se encuentran cercanas a desaparecer.&nbsp;<\/p>\n\n\n\n<p>Para entender el estado de las aves en el planeta se requieren esfuerzos importantes en t\u00e9rminos investigativos. Por esta raz\u00f3n, expertos de diferentes pa\u00edses se reunieron para entender lo que pasa con ellas en el mundo y para encontrar mejores maneras de cuidarlas. En este equipo, el ornit\u00f3logo Luis Miguel Renjifo, profesor titular de la Facultad de Estudios Ambientales y Rurales de la Pontificia Universidad Javeriana, fue el \u00fanico latinoamericano que hizo parte de la investigaci\u00f3n.&nbsp;<\/p>\n\n\n\n<p>Destacado: En febrero de 2023 los amantes de los p\u00e1jaros se reunir\u00e1n en el Colombia Birdfair, aprovechando que el pa\u00eds es el primero a nivel mundial en especies de aves.<\/p>\n\n\n<div class=\"wp-block-image\">\n<figure class=\"aligncenter size-large\"><img fetchpriority=\"high\" decoding=\"async\" width=\"841\" height=\"1024\" src=\"http:\/\/www.javeriana.edu.co\/pesquisa\/wp-content\/uploads\/2022\/12\/aves-infografia-841x1024.jpg\" alt=\"Ilustraci\u00f3n: Jorge Tukan.\" class=\"wp-image-35583\" srcset=\"http:\/\/www.javeriana.edu.co\/pesquisa\/wp-content\/uploads\/2022\/12\/aves-infografia-841x1024.jpg 841w, http:\/\/www.javeriana.edu.co\/pesquisa\/wp-content\/uploads\/2022\/12\/aves-infografia-246x300.jpg 246w, http:\/\/www.javeriana.edu.co\/pesquisa\/wp-content\/uploads\/2022\/12\/aves-infografia-150x183.jpg 150w, http:\/\/www.javeriana.edu.co\/pesquisa\/wp-content\/uploads\/2022\/12\/aves-infografia-450x548.jpg 450w, http:\/\/www.javeriana.edu.co\/pesquisa\/wp-content\/uploads\/2022\/12\/aves-infografia-768x935.jpg 768w, http:\/\/www.javeriana.edu.co\/pesquisa\/wp-content\/uploads\/2022\/12\/aves-infografia.jpg 900w\" sizes=\"(max-width: 841px) 100vw, 841px\" \/><figcaption>Ilustraci\u00f3n: Jorge Tukan.<\/figcaption><\/figure><\/div>\n\n\n<h3 class=\"wp-block-heading\"><strong>Las aves, clave para la armon\u00eda del mundo&nbsp;<\/strong><\/h3>\n\n\n\n<p>Publicado en Annual Review of Environment and Resources \u2014revista cuyo objetivo es proveer a la comunidad cient\u00edfica s\u00edntesis de la investigaci\u00f3n en diferentes temas\u2015, el art\u00edculo producto de esta experiencia ofrece un completo reporte sobre la distribuci\u00f3n de la biodiversidad aviar en el planeta.<\/p>\n\n\n\n<p>Las aves son el grupo biol\u00f3gico m\u00e1s estudiado en la historia del conocimiento cient\u00edfico. Estos animales siempre han sido importantes en nuestras culturas y sociedades; han estado presentes en los desarrollos cient\u00edficos m\u00e1s relevantes, desde la primera m\u00e1quina de volar imaginada por Da Vinci tras observar el vuelo de las aves hasta la inspiraci\u00f3n que 500 a\u00f1os m\u00e1s tarde permiti\u00f3 a Orville y Wilbur Wright hacer posible el despegue del primer avi\u00f3n. Adem\u00e1s, han sido las centinelas de la forma en que est\u00e1 cambiando el planeta, pues su observaci\u00f3n y estudio permiten saber el valor de los paisajes para la biodiversidad y as\u00ed entender el estado de salud de nuestra casa.<\/p>\n\n\n<div class=\"wp-block-image\">\n<figure class=\"aligncenter size-full\"><img decoding=\"async\" width=\"500\" height=\"475\" src=\"http:\/\/www.javeriana.edu.co\/pesquisa\/wp-content\/uploads\/2022\/12\/aves-3.jpg\" alt=\"Aves colombianas, Ilustraci\u00f3n: Jorge Tukan.\" class=\"wp-image-35585\" srcset=\"http:\/\/www.javeriana.edu.co\/pesquisa\/wp-content\/uploads\/2022\/12\/aves-3.jpg 500w, http:\/\/www.javeriana.edu.co\/pesquisa\/wp-content\/uploads\/2022\/12\/aves-3-300x285.jpg 300w, http:\/\/www.javeriana.edu.co\/pesquisa\/wp-content\/uploads\/2022\/12\/aves-3-150x143.jpg 150w, http:\/\/www.javeriana.edu.co\/pesquisa\/wp-content\/uploads\/2022\/12\/aves-3-450x428.jpg 450w\" sizes=\"(max-width: 500px) 100vw, 500px\" \/><figcaption>Ilustraci\u00f3n: Jorge Tukan.<\/figcaption><\/figure><\/div>\n\n\n<blockquote class=\"wp-block-quote is-layout-flow wp-block-quote-is-layout-flow\"><p><strong>Las aves son dispersoras de semillas, consumidoras de insectos e invertebrados, y desempe\u00f1an un papel importante en el control poblacional de peque\u00f1os roedores. Adem\u00e1s, son clave para entender el clima, las estaciones y los momentos de migraci\u00f3n.<\/strong><\/p><\/blockquote>\n\n\n\n<p>El trabajo de s\u00edntesis y an\u00e1lisis de Renjifo junto a investigadores de Reino Unido, Estados Unidos, Sud\u00e1frica e India destaca la importancia ecol\u00f3gica de las aves, pues son dispersoras de semillas, consumidoras de insectos e invertebrados, y desempe\u00f1an un papel importante en el control poblacional de peque\u00f1os roedores. Adem\u00e1s, son clave en la forma como se comprende el mundo, por ejemplo, para entender el clima, las estaciones y los momentos de migraci\u00f3n. Al hablar sobre su importancia, Renjifo explica que, de excluirse las aves de la ecuaci\u00f3n ecosist\u00e9mica, \u201cel crecimiento de los \u00e1rboles quedar\u00eda arrestado\u201d, o sea, que dejar\u00edan de crecer, y ese es solo un ejemplo.&nbsp;<\/p>\n\n\n<div class=\"wp-block-image\">\n<figure class=\"aligncenter size-full\"><img decoding=\"async\" width=\"500\" height=\"697\" src=\"http:\/\/www.javeriana.edu.co\/pesquisa\/wp-content\/uploads\/2022\/12\/ave-1.jpg\" alt=\"Aves colombianas, Ilustraci\u00f3n: Jorge Tukan.\" class=\"wp-image-35587\" srcset=\"http:\/\/www.javeriana.edu.co\/pesquisa\/wp-content\/uploads\/2022\/12\/ave-1.jpg 500w, http:\/\/www.javeriana.edu.co\/pesquisa\/wp-content\/uploads\/2022\/12\/ave-1-215x300.jpg 215w, http:\/\/www.javeriana.edu.co\/pesquisa\/wp-content\/uploads\/2022\/12\/ave-1-150x209.jpg 150w, http:\/\/www.javeriana.edu.co\/pesquisa\/wp-content\/uploads\/2022\/12\/ave-1-450x627.jpg 450w\" sizes=\"(max-width: 500px) 100vw, 500px\" \/><figcaption>Ilustraci\u00f3n: Jorge Tukan.<\/figcaption><\/figure><\/div>\n\n\n<h3 class=\"wp-block-heading\"><strong>\u00bfPor qu\u00e9 se reducen sus poblaciones?&nbsp;<\/strong><\/h3>\n\n\n\n<p>Varias de las amenazas que sufren las aves tienen que ver con la presencia humana en el planeta (v\u00e9ase el recuadro de la p. 10), y entre ellas se encuentra el uso de la tierra para cumplir con necesidades de consumo. Con la fragmentaci\u00f3n de sus h\u00e1bitats \u2015cuando se deforesta el suelo, ya sea con fines agr\u00edcolas o para la creaci\u00f3n de v\u00edas\u2015, solo entre los siglos XIX y XX se han puesto en peligro 1213 especies. Otra amenaza es el uso de aves para consumo, deporte o tr\u00e1fico. Los investigadores estiman que entre 11 y 36 millones de animales son cazados o capturados de manera ilegal en la regi\u00f3n del Mediterr\u00e1neo. Adem\u00e1s, la caza puede tener efectos subletales, como la perturbaci\u00f3n de otras especies y la reducci\u00f3n de la calidad del h\u00e1bitat, e impactos letales indirectos, por ingesti\u00f3n de plomo en especies que no son objetivo de caza.<\/p>\n\n\n<div class=\"wp-block-image\">\n<figure class=\"aligncenter size-full\"><img loading=\"lazy\" decoding=\"async\" width=\"800\" height=\"974\" src=\"http:\/\/www.javeriana.edu.co\/pesquisa\/wp-content\/uploads\/2022\/12\/aves-infografia-2.jpg\" alt=\"Ilustraci\u00f3n: Jorge Tukan\" class=\"wp-image-35609\" srcset=\"http:\/\/www.javeriana.edu.co\/pesquisa\/wp-content\/uploads\/2022\/12\/aves-infografia-2.jpg 800w, http:\/\/www.javeriana.edu.co\/pesquisa\/wp-content\/uploads\/2022\/12\/aves-infografia-2-246x300.jpg 246w, http:\/\/www.javeriana.edu.co\/pesquisa\/wp-content\/uploads\/2022\/12\/aves-infografia-2-150x183.jpg 150w, http:\/\/www.javeriana.edu.co\/pesquisa\/wp-content\/uploads\/2022\/12\/aves-infografia-2-450x548.jpg 450w, http:\/\/www.javeriana.edu.co\/pesquisa\/wp-content\/uploads\/2022\/12\/aves-infografia-2-768x935.jpg 768w\" sizes=\"(max-width: 800px) 100vw, 800px\" \/><figcaption>Ilustraci\u00f3n: Jorge Tukan<\/figcaption><\/figure><\/div>\n\n\n<p>Otro factor de disminuci\u00f3n de aves son las especies invasoras y el desequilibrio que generan en los ecosistemas a los que llegan. Finalmente, las transformaciones humanas del paisaje, como la iluminaci\u00f3n artificial, las telecomunicaciones, el desarrollo farmac\u00e9utico y agroqu\u00edmico y la contaminaci\u00f3n causan grandes disturbios en la vida de estas especies. A todo ello se suma el cambio clim\u00e1tico, que ya est\u00e1 afectando los diversos ecosistemas del mundo.<\/p>\n\n\n\n<blockquote class=\"wp-block-quote is-layout-flow wp-block-quote-is-layout-flow\"><p><strong>Las aves colombianas que vuelan en el texto hacen parte de las 391 especies amenazadas en el mundo. En orden de aparici\u00f3n son: Mart\u00edn pescador, Rumbito colirrufo, Gallito de roca y Colibr\u00ed topacio.<\/strong><\/p><\/blockquote>\n\n\n\n<p><\/p>\n\n\n\n<p>La p\u00e9rdida de poblaciones de aves en el mundo va en aumento y los \u00edndices internacionales de conservaci\u00f3n evidencian el deterioro constante de la avifauna en las \u00faltimas tres d\u00e9cadas. Dentro de esta tendencia, la mayor cantidad de especies amenazadas se ubica en el tr\u00f3pico, regi\u00f3n que alberga m\u00e1s aves.&nbsp;<\/p>\n\n\n<div class=\"wp-block-image\">\n<figure class=\"aligncenter size-full\"><img loading=\"lazy\" decoding=\"async\" width=\"500\" height=\"625\" src=\"http:\/\/www.javeriana.edu.co\/pesquisa\/wp-content\/uploads\/2022\/12\/aves-2.jpg\" alt=\"Aves colombianas, Ilustraci\u00f3n: Jorge Tukan.\" class=\"wp-image-35586\" srcset=\"http:\/\/www.javeriana.edu.co\/pesquisa\/wp-content\/uploads\/2022\/12\/aves-2.jpg 500w, http:\/\/www.javeriana.edu.co\/pesquisa\/wp-content\/uploads\/2022\/12\/aves-2-240x300.jpg 240w, http:\/\/www.javeriana.edu.co\/pesquisa\/wp-content\/uploads\/2022\/12\/aves-2-150x188.jpg 150w, http:\/\/www.javeriana.edu.co\/pesquisa\/wp-content\/uploads\/2022\/12\/aves-2-450x563.jpg 450w\" sizes=\"(max-width: 500px) 100vw, 500px\" \/><figcaption>Ilustraci\u00f3n: Jorge Tukan.<\/figcaption><\/figure><\/div>\n\n\n<p>El caso de Colombia es especial. Al ser el pa\u00eds con mayor riqueza aviar, es uno de los puntos rojos en el mapa de la p\u00e9rdida de biodiversidad. Por fortuna, la velocidad de deterioro es m\u00e1s lenta aqu\u00ed que en otras partes del mundo. Por ello, revertir o mitigar dicha p\u00e9rdida es uno de los grandes retos de la humanidad y de la ciencia detr\u00e1s de cada esfuerzo para cuidar de las aves.&nbsp;<\/p>\n\n\n\n<h3 class=\"wp-block-heading\"><strong>Del dicho al hecho hay mucho trecho&nbsp;<\/strong><\/h3>\n\n\n\n<p>En el documento, los investigadores hacen \u00e9nfasis en la conservaci\u00f3n y plantean propuestas para mitigar el ritmo en el menoscabo de poblaciones de aves en el mundo. Renjifo subraya que, si no hubieran existido y puesto en pr\u00e1ctica medidas de conservaci\u00f3n entre los a\u00f1os 1993 y 2000, la extinci\u00f3n de especies de aves y de mam\u00edferos se hubiera triplicado o cuadruplicado.&nbsp;<\/p>\n\n\n\n<p>Y aunque el t\u00e9rmino conservaci\u00f3n se aplica de diferentes formas de acuerdo con la regi\u00f3n donde se dictan medidas al respecto, en di\u00e1logo con PESQUISA JAVERIANA, Renjifo se\u00f1al\u00f3 que la conservaci\u00f3n de la biodiversidad debe aplicarse hasta en los jardines de las casas.&nbsp;<\/p>\n\n\n\n<p>Aunque dice que las acciones en este campo son bien conocidas, \u201cdel dicho al hecho hay mucho trecho\u201d. Invita, por ejemplo, a revisar los propios h\u00e1bitos individuales. Ning\u00fan ave es necesaria en una jaula. Tampoco necesitamos consumir aves silvestres para sobrevivir, ya que existen alternativas de consumo que aportan m\u00e1s a nuestros requerimientos dietarios y tienen menor impacto en los ecosistemas y en la vida de estos animales.<\/p>\n\n\n\n<p>Desde la ruralidad, se puede aportar a esta transformaci\u00f3n sembrando \u00e1rboles nativos y haciendo uso de cercas vivas para proveer sitios de paso, refugio y alimentaci\u00f3n a las especies y ayudar a la dispersi\u00f3n de fauna y flora. \u201cEncontrar la forma de fortalecer los ecosistemas que tenemos cerca es una gran ayuda, y cada acci\u00f3n cuenta\u201d, indica Renjifo.<\/p>\n\n\n<div class=\"wp-block-image\">\n<figure class=\"aligncenter size-full\"><img loading=\"lazy\" decoding=\"async\" width=\"480\" height=\"465\" src=\"http:\/\/www.javeriana.edu.co\/pesquisa\/wp-content\/uploads\/2022\/12\/aves-4.jpg\" alt=\"Aves colombianas, Ilustraci\u00f3n: Jorge Tukan.\" class=\"wp-image-35584\" srcset=\"http:\/\/www.javeriana.edu.co\/pesquisa\/wp-content\/uploads\/2022\/12\/aves-4.jpg 480w, http:\/\/www.javeriana.edu.co\/pesquisa\/wp-content\/uploads\/2022\/12\/aves-4-300x291.jpg 300w, http:\/\/www.javeriana.edu.co\/pesquisa\/wp-content\/uploads\/2022\/12\/aves-4-150x145.jpg 150w, http:\/\/www.javeriana.edu.co\/pesquisa\/wp-content\/uploads\/2022\/12\/aves-4-450x436.jpg 450w\" sizes=\"(max-width: 480px) 100vw, 480px\" \/><figcaption>Ilustraci\u00f3n: Jorge Tukan.<\/figcaption><\/figure><\/div>\n\n\n<h3 class=\"wp-block-heading\"><strong>Ese imperioso inter\u00e9s por las aves&nbsp;<\/strong><\/h3>\n\n\n\n<p>Para este investigador, el inter\u00e9s que despiertan las aves es algo muy humano. Nuestro deseo de conexi\u00f3n y pertenencia al lugar que habitamos hace que las aves sean una fuente de inspiraci\u00f3n y expectativa. Adem\u00e1s del espacio, compartimos un universo sensorial, \u201caquello que ven y oyen las aves es lo mismo que nuestros sentidos pueden experimentar\u201d. Estas coincidencias nos permiten hacerlas parte de nuestra identidad y representar con ellas nuestros deseos de conocer y descubrir.&nbsp;<\/p>\n\n\n\n<p>Justamente este inter\u00e9s de las personas por las aves es un tema en el que Renjifo espera indagar pr\u00f3ximamente, sobre todo en lo relacionado con el aprecio por la belleza, el papel incluso espiritual que ellas han tenido en las culturas del mundo y la capacidad de compartir una experiencia de admiraci\u00f3n y respeto por la naturaleza.&nbsp;<\/p>\n\n\n\n<p>El profesor Renjifo, quien ha dedicado sus esfuerzos a entenderlas en uno de los territorios m\u00e1s biodiversos del planeta, comenta que en su familia cada miembro valoraba la naturaleza de manera especial. Las preguntas sobre los animales le surgieron desde ni\u00f1o, lo que explica la sensibilidad y curiosidad que ha acompa\u00f1ado al investigador que finalmente se convertir\u00eda en uno de los nombres sin\u00f3nimo del conocimiento de las aves en Colombia.&nbsp;<\/p>\n\n\n\n<p>Por eso no dud\u00f3 en estudiar Biolog\u00eda y, durante su pregrado en la Javeriana, su inter\u00e9s por la investigaci\u00f3n se fue consolidando. Su tesis de pregrado fue uno de sus primeros grandes trabajos sobre aves. All\u00ed comparaba la avifauna en dos tipos de bosque ubicados en la regi\u00f3n del Quind\u00edo. Ya en posgrado, su inter\u00e9s se decant\u00f3 por temas de cuidado y conservaci\u00f3n, enfocando su trayectoria en la conservaci\u00f3n de la naturaleza a trav\u00e9s de la investigaci\u00f3n, la docencia y la gesti\u00f3n institucional.<\/p>\n\n\n\n<p>Gracias a las d\u00e9cadas que ha dedicado a la investigaci\u00f3n, Renjifo es referente en la ornitolog\u00eda, y trabaja todos los d\u00edas para encontrar formas de conservar la permanencia de las aves en el planeta.&nbsp;<\/p>\n\n\n\n<p>Para leer m\u00e1s: \u00a7 Lees, A. C., Haskell, L., Allinson, T., Bezeng, S. B., Burfield, I. J., Renjifo, L. M., et al. (2022). State of the world\u2019s birds. Annual Review of Environment and Resources, 47(1), 231- 260. <a href=\"https:\/\/www.annualreviews.org\/doi\/pdf\/10.1146\/ annurev-environ-112420-014642\" target=\"_blank\" rel=\"noopener\"><strong>https:\/\/www.annualreviews.org\/doi\/pdf\/10.1146\/ annurev-environ-112420-014642<\/strong><\/a><\/p>\n\n\n\n<hr class=\"wp-block-separator has-alpha-channel-opacity\"\/>\n\n\n\n<p><strong>T\u00cdTULO DE LA INVESTIGACI\u00d3N<\/strong>: <em>State of the world\u2019s birds<\/em><\/p>\n\n\n\n<p><strong>INVESTIGADOR PRINCIPAL:<\/strong> Stuart H. M. Butchart y Alexander C. Lees<\/p>\n\n\n\n<p><strong>COINVESTIGADORES<\/strong>: Lucy Haskell, Tris Allinson, Simeon B. Bezeng, Ian J. Burfield, Luis Miguel Renjifo, Kenneth V. Rosenberg, Ashwin Viswanathan.<\/p>\n\n\n\n<p>Departamento de Ecolog\u00eda y Territorio, Facultad de Estudios Ambientales y Rurales<\/p>\n\n\n\n<p><strong>PERIODO DE LA INVESTIGACI\u00d3N<\/strong>: 2021-2022<\/p>\n\n\n\n<hr class=\"wp-block-separator has-alpha-channel-opacity\"\/>\n\n\n\n<p>Este art\u00edculo hace parte de la revista Pesquisa Javeriana edici\u00f3n 62 que circula a partir del 11 de diciembre a nivel nacional. <a href=\"https:\/\/bit.ly\/Pesquisa62\" data-type=\"URL\" data-id=\"https:\/\/bit.ly\/Pesquisa62\" target=\"_blank\" rel=\"noreferrer noopener\">Consulte aqu\u00ed la versi\u00f3n en PDF<\/a>.<\/p>\n","protected":false},"excerpt":{"rendered":"<p>Las poblaciones de aves en el mundo se est\u00e1n reduciendo. Una investigaci\u00f3n colaborativa con expertos de diferentes pa\u00edses nos cuenta qu\u00e9 est\u00e1 pasando.<\/p>\n","protected":false},"author":124,"featured_media":35608,"comment_status":"open","ping_status":"open","sticky":false,"template":"","format":"standard","meta":{"footnotes":""},"categories":[376,3687,1157,3688],"tags":[4154,4151,4152,4153,4155],"class_list":{"0":"post-35601","1":"post","2":"type-post","3":"status-publish","4":"format-standard","5":"has-post-thumbnail","7":"category-ambiente","8":"category-cambio-climatico","9":"category-destacadas","10":"category-en-colombia","11":"tag-amenazas-de-las-aves","12":"tag-aves-colombianas-en-peligro","13":"tag-aves-en-el-mundo","14":"tag-descenso-de-aves-en-el-mundo","15":"tag-peligros-de-las-aves"},"_links":{"self":[{"href":"http:\/\/www.javeriana.edu.co\/pesquisa\/wp-json\/wp\/v2\/posts\/35601","targetHints":{"allow":["GET"]}}],"collection":[{"href":"http:\/\/www.javeriana.edu.co\/pesquisa\/wp-json\/wp\/v2\/posts"}],"about":[{"href":"http:\/\/www.javeriana.edu.co\/pesquisa\/wp-json\/wp\/v2\/types\/post"}],"author":[{"embeddable":true,"href":"http:\/\/www.javeriana.edu.co\/pesquisa\/wp-json\/wp\/v2\/users\/124"}],"replies":[{"embeddable":true,"href":"http:\/\/www.javeriana.edu.co\/pesquisa\/wp-json\/wp\/v2\/comments?post=35601"}],"version-history":[{"count":6,"href":"http:\/\/www.javeriana.edu.co\/pesquisa\/wp-json\/wp\/v2\/posts\/35601\/revisions"}],"predecessor-version":[{"id":35702,"href":"http:\/\/www.javeriana.edu.co\/pesquisa\/wp-json\/wp\/v2\/posts\/35601\/revisions\/35702"}],"wp:featuredmedia":[{"embeddable":true,"href":"http:\/\/www.javeriana.edu.co\/pesquisa\/wp-json\/wp\/v2\/media\/35608"}],"wp:attachment":[{"href":"http:\/\/www.javeriana.edu.co\/pesquisa\/wp-json\/wp\/v2\/media?parent=35601"}],"wp:term":[{"taxonomy":"category","embeddable":true,"href":"http:\/\/www.javeriana.edu.co\/pesquisa\/wp-json\/wp\/v2\/categories?post=35601"},{"taxonomy":"post_tag","embeddable":true,"href":"http:\/\/www.javeriana.edu.co\/pesquisa\/wp-json\/wp\/v2\/tags?post=35601"}],"curies":[{"name":"wp","href":"https:\/\/api.w.org\/{rel}","templated":true}]}}