{"id":35712,"date":"2023-01-02T05:00:00","date_gmt":"2023-01-02T10:00:00","guid":{"rendered":"https:\/\/www.javeriana.edu.co\/pesquisa\/?p=35712"},"modified":"2023-01-20T10:18:46","modified_gmt":"2023-01-20T15:18:46","slug":"salud-2022","status":"publish","type":"post","link":"http:\/\/www.javeriana.edu.co\/pesquisa\/salud-2022\/","title":{"rendered":"La salud en el 2022: entre virus, avances, propuestas y retos"},"content":{"rendered":"\n<p>Propuestas para reformar el sistema de salud, la viruela del mono, cambios en el ciclo menstrual tras la covid-19, la despenalizaci\u00f3n del suicidio medicamente asistido y tecnolog\u00edas para detectar enfermedades reum\u00e1ticas son algunos de los momentos que dej\u00f3 el 2022 para el sector salud en Colombia y que Pesquisa Javeriana registr\u00f3 para sus lectores.<\/p>\n\n\n\n<h4 class=\"wp-block-heading\"><strong>Lo que fue noticia<\/strong><\/h4>\n\n\n\n<p>Pasos importantes como la <a href=\"https:\/\/www.javeriana.edu.co\/pesquisa\/eutanasia-en-colombia-argumentos\/\">despenalizaci\u00f3n del suicidio m\u00e9dicamente asistido<\/a> se volvieron noticia, pues este procedimiento que se condenaba con penas entre 16 y 36 meses se legaliz\u00f3 el 11 de mayo por la Corte Constitucional. El suicidio m\u00e9dicamente asistido, a diferencia de la eutanasia, es cuando la persona causa su propia muerte bajo supervisi\u00f3n m\u00e9dica y no el galeno.<\/p>\n\n\n\n<p>En esa misma l\u00ednea de acci\u00f3n se encuentra el texto de portada de la edici\u00f3n 62 de Pesquisa Javeriana: morir es parte de la vida, un art\u00edculo que reflexiona sobre el <a href=\"https:\/\/www.javeriana.edu.co\/pesquisa\/morir-es-parte-de-vivir\">Proyecto Colibr\u00ed<\/a>, que investiga c\u00f3mo fue el \u00faltimo mes de vida de pacientes con c\u00e1ncer terminal y, a partir de all\u00ed, sugiere formas de hacer m\u00e1s llevadero el tr\u00e1nsito hacia la muerte cuando m\u00e9dicamente ya se agotaron las opciones.<\/p>\n\n\n\n<h4 class=\"wp-block-heading\"><strong>Vacunaci\u00f3n covid-19<\/strong><\/h4>\n\n\n\n<p>Fue en 2022 cuando las investigaciones demostraron resultados positivos y seguros acerca de la vacuna contra la covid-19 en ni\u00f1os y ni\u00f1as menores de 12 a\u00f1os, por lo que el 17 de junio la Administraci\u00f3n de Alimentos y Medicamentos de Estados Unidos (FDA por sus siglas en ingl\u00e9s), <a href=\"https:\/\/www.javeriana.edu.co\/pesquisa\/vacuna-covid-19-para-ninos-y-ninas-menores-de-12-anos-esta-todo-claro\/\">aprob\u00f3 la aplicaci\u00f3n de la vacuna<\/a>: tres dosis cuando se tratara del biol\u00f3gico Pfizer y dos con Moderna, pues para octubre de 2021 eran pocos los pa\u00edses que hab\u00edan incluido este grupo poblacional dentro de sus planes de inmunizaci\u00f3n por la falta de evidencia frente a su seguridad y eficacia.<\/p>\n\n\n\n<p>Con la vacunaci\u00f3n en marcha, las dudas acerca de los efectos de esta no se hicieron esperar, esta vez fueron algunas mujeres, quienes <a href=\"https:\/\/www.javeriana.edu.co\/pesquisa\/ciclo-menstrual-vacuna-covid-19\/\">tras cambios menstruales repentinos, empezaron a preguntarse si la vacuna contra la covid-19 podr\u00eda ser la responsable<\/a>.<\/p>\n\n\n\n<p>La ginec\u00f3loga y obstetra del Hospital Universitario San Ignacio, Liliana Munevar, hizo un llamado a la calma y asegur\u00f3 que el ciclo menstrual no es algo plano y est\u00e1 inmiscuido en el contexto de cada mujer, por lo que generar relaciones de causa efecto entre el virus y la regla ser\u00eda apresurado. La experta invit\u00f3 a continuar con la vacunaci\u00f3n, pues estos cambios en el ciclo son temporales y, si se complejizan, tienen tratamiento bajo miradas profesionales.<\/p>\n\n\n\n<p>Por otro lado, a\u00fan no sal\u00edamos de la covid-19 y las alarmas ya se encend\u00edan con el anuncio de una <a href=\"https:\/\/www.javeriana.edu.co\/pesquisa\/viruela-mono-colombia-enfermedad\/\">enfermedad viral que se esparc\u00eda con velocidad: la viruela del mono<\/a>. Los primeros registros del virus se remontan a 1958 en una poblaci\u00f3n de monos asi\u00e1ticos que eran usados para investigaciones sobre la vacuna de la polio y el primer caso en humanos tuvo lugar en la Rep\u00fablica Democr\u00e1tica del Congo durante 1970.<\/p>\n\n\n\n<p>Esta enfermedad cut\u00e1nea, cuyo s\u00edntoma principal ten\u00eda la aparici\u00f3n de un brote que iniciaba peque\u00f1o y luego pasaba a ser una ampolla para convertirse finalmente en costra, tambi\u00e9n fue producto de casos en los que la fiebre estaba presente, as\u00ed como algunos s\u00edntomas respiratorios y malestar general.<\/p>\n\n\n\n<p>Con dos virus circulando y produciendo dos enfermedades, la viruela y la covid-19, no fue extra\u00f1o que preguntas acerca de su similitud empezaran a aparecer. No obstante, a diferencia de la covid-19, la viruela no ten\u00eda mutaciones, era estable, as\u00ed que pod\u00eda rastrearse f\u00e1cilmente, saber de d\u00f3nde vino, c\u00f3mo lleg\u00f3 y tener mayor control sobre ella sin necesidad de crear una nueva vacuna.<\/p>\n\n\n\n<h4 class=\"wp-block-heading\"><strong>Avances cient\u00edficos con impacto<\/strong><\/h4>\n\n\n\n<p>En el 2022 la ciencia no se qued\u00f3 quieta para seguir poniendo los temas de salud sobre la mesa. Por ejemplo, una investigaci\u00f3n javeriana logr\u00f3 determinar que<a href=\"https:\/\/www.javeriana.edu.co\/pesquisa\/brecha-en-el-crecimiento-rural-urbano-colombia\/\"> los ni\u00f1os menores de cinco a\u00f1os de las zonas rurales de Colombia presentan un retraso en el crecimiento comparados con los de las zonas urbanas.<\/a> De 23 departamentos con retraso en el crecimiento de sus ni\u00f1os comparados con el promedio nacional, la Guajira, Choc\u00f3 y Arauca fueron los m\u00e1s afectados.<\/p>\n\n\n\n<p>Los investigadores (cuatro), todos ellos economistas, encontraron que del 100 % de las variables contempladas, solo tres eran responsables del 92 % de la brecha: la riqueza del hogar (54 %), ya que luego del amamantamiento, es la situaci\u00f3n monetaria la que permite garantizar, o no, el acceso a alimentos complementarios y necesarios para el crecimiento normal; la educaci\u00f3n materna (26 %), pues una mejor educaci\u00f3n refuerza comportamientos sexuales y reproductivos saludables. Y, el acceso a servicios de salud (12 %), dado que en las zonas rurales los controles prenatales peri\u00f3dicos son limitados, lo que alertar\u00eda tempranamente sobre una inadecuada alimentaci\u00f3n.<\/p>\n\n\n\n<p>Por su parte, en cuanto a avances que benefician el desenlace de enfermedades como el c\u00e1ncer, muchas investigaciones se han centrado en tratar la patolog\u00eda y buscar posibles curas y nuevos tratamientos. Sin embargo, una afecci\u00f3n como esta trae consigo otras alteraciones en el organismo que no son tan investigadas.<\/p>\n\n\n\n<p>Por eso la medicina integrativa estuvo a la vanguardia en este a\u00f1o para atender tal necesidad. Esta busca ofrecer un mejor tratamiento a los pacientes a trav\u00e9s de un trabajo integral en el que se vinculan diversos conocimientos cient\u00edficos para atender esos efectos secundarios. <a href=\"https:\/\/www.javeriana.edu.co\/pesquisa\/medicina-integrativa-cancer\/\">Aqu\u00ed <\/a>puede ver en qu\u00e9 consisten estos avances.<\/p>\n\n\n\n<p>En la l\u00ednea de realizar mejoras en los procedimientos, el m\u00e9dico javeriano Daniel Fern\u00e1ndez \u00c1vila lider\u00f3 durante seis a\u00f1os un proyecto investigativo que dio como resultado la <a href=\"https:\/\/www.javeriana.edu.co\/pesquisa\/inteligencia-artificial-diagnostico-enfermedades-reumaticas\/\">creaci\u00f3n de un algoritmo para que los m\u00e9dicos generales, quienes tienen el primer contacto con el paciente, puedan diagnosticar enfermedades reum\u00e1ticas,<\/a> pues uno de cada cuatro adultos padece alguna de estas patolog\u00edas y son pocos los especialistas que pueden atenderlas. El algoritmo procesa la informaci\u00f3n de ex\u00e1menes de laboratorio, im\u00e1genes diagn\u00f3sticas, el s\u00edntoma del dolor articular y ayuda al m\u00e9dico a identificar de manera temprana a quienes padecen enfermedades reum\u00e1ticas para as\u00ed garantizar tratamientos m\u00e1s oportunos y reducir la carga que recae en los pocos especialistas del pa\u00eds en este campo.<\/p>\n\n\n\n<h4 class=\"wp-block-heading\"><strong>Reconocimiento<\/strong><\/h4>\n\n\n\n<p>La Pontificia Universidad Javeriana y la Secretar\u00eda Distrital de Salud de Bogot\u00e1 recibieron e<a href=\"https:\/\/www.javeriana.edu.co\/pesquisa\/fitomedicamentos-covid-19-susana-fiorentino\/\">l premio \u2018Regal\u00edas Bien Invertidas 2022\u2019 por el proyecto que por m\u00e1s de 18 a\u00f1os ha buscado enfrentar enfermedades como el c\u00e1ncer o ahora la covid-19 con el uso de fitomedicamentos, <\/a>un f\u00e1rmaco producido a partir de extractos de plantas.<\/p>\n\n\n\n<p>Esta iniciativa, que tuvo como l\u00edder cient\u00edfica a la microbi\u00f3loga e inmun\u00f3loga Susana Fiorentino, profesora de la Facultad de Ciencias de la Pontificia Universidad Javeriana, es la muestra de que la investigaci\u00f3n sostenida y robusta abre puertas a soluciones de largo aliento.<\/p>\n\n\n\n<h4 class=\"wp-block-heading\"><strong>Retos y expectativas para el 2023<\/strong><\/h4>\n\n\n\n<p>Con el nuevo gobierno en cabeza de Gustavo Petro, quedaron en vilo algunas propuestas que se espera tomen forma el pr\u00f3ximo a\u00f1o. <a href=\"https:\/\/www.javeriana.edu.co\/pesquisa\/salud-primeros-meses-gobierno-petro\/\">La salud en los primeros meses de Petro<\/a> mostr\u00f3 ser una apuesta a la transformaci\u00f3n. \u201cEl reto para Colombia est\u00e1 en construir un sistema de salud de base territorial e intercultural para que articule los diferentes saberes de las comunidades; desmedicalizado, que trabaje desde un enfoque intersectorial y en donde su \u00e9nfasis est\u00e9 en la predicci\u00f3n de la enfermedad y el cuidado\u201d, as\u00ed lo declararon investigadores en <em>Pesquisa Javeriana<\/em>.<\/p>\n\n\n\n<p>Los deseos de cambio quedaron puestos sobre la mesa. El 2023 augura expectativas para ver si lo que se propuso ser\u00e1 una realidad y cu\u00e1les ser\u00e1n sus beneficios o consecuencias. Conozca en qu\u00e9 consisten estas propuestas y sus retos, a los cuales se suma el impuesto para los comestibles ultraprocesados, pues el nuevo ministro de Hacienda, Jos\u00e9 Antonio Ocampo, afirm\u00f3 que habr\u00e1 m\u00e1s <a href=\"https:\/\/www.javeriana.edu.co\/pesquisa\/alimentos-ultraprocesados-que-son-cuales-son-comestibles\/\">impuestos para el consumo de gaseosas y comestibles (alimentos) ultraprocesados en la nueva reforma tributaria. <\/a><strong><\/strong><\/p>\n","protected":false},"excerpt":{"rendered":"<p>Un a\u00f1o movido para la salud en Colombia y el mundo, en Pesquisa Javeriana le recordamos lo m\u00e1s destacado y noticioso. <\/p>\n","protected":false},"author":27,"featured_media":35714,"comment_status":"open","ping_status":"open","sticky":false,"template":"","format":"standard","meta":{"footnotes":""},"categories":[1157,374,1],"tags":[4188,4189,2142,371,2224,4187,3822,350,4190],"class_list":{"0":"post-35712","1":"post","2":"type-post","3":"status-publish","4":"format-standard","5":"has-post-thumbnail","7":"category-destacadas","8":"category-salud","9":"category-sin-categoria","10":"tag-4188","11":"tag-4189","12":"tag-ano-nuevo","13":"tag-colombia","14":"tag-covid-19","15":"tag-destacado","16":"tag-petro","17":"tag-salud","18":"tag-viruela"},"_links":{"self":[{"href":"http:\/\/www.javeriana.edu.co\/pesquisa\/wp-json\/wp\/v2\/posts\/35712","targetHints":{"allow":["GET"]}}],"collection":[{"href":"http:\/\/www.javeriana.edu.co\/pesquisa\/wp-json\/wp\/v2\/posts"}],"about":[{"href":"http:\/\/www.javeriana.edu.co\/pesquisa\/wp-json\/wp\/v2\/types\/post"}],"author":[{"embeddable":true,"href":"http:\/\/www.javeriana.edu.co\/pesquisa\/wp-json\/wp\/v2\/users\/27"}],"replies":[{"embeddable":true,"href":"http:\/\/www.javeriana.edu.co\/pesquisa\/wp-json\/wp\/v2\/comments?post=35712"}],"version-history":[{"count":2,"href":"http:\/\/www.javeriana.edu.co\/pesquisa\/wp-json\/wp\/v2\/posts\/35712\/revisions"}],"predecessor-version":[{"id":35968,"href":"http:\/\/www.javeriana.edu.co\/pesquisa\/wp-json\/wp\/v2\/posts\/35712\/revisions\/35968"}],"wp:featuredmedia":[{"embeddable":true,"href":"http:\/\/www.javeriana.edu.co\/pesquisa\/wp-json\/wp\/v2\/media\/35714"}],"wp:attachment":[{"href":"http:\/\/www.javeriana.edu.co\/pesquisa\/wp-json\/wp\/v2\/media?parent=35712"}],"wp:term":[{"taxonomy":"category","embeddable":true,"href":"http:\/\/www.javeriana.edu.co\/pesquisa\/wp-json\/wp\/v2\/categories?post=35712"},{"taxonomy":"post_tag","embeddable":true,"href":"http:\/\/www.javeriana.edu.co\/pesquisa\/wp-json\/wp\/v2\/tags?post=35712"}],"curies":[{"name":"wp","href":"https:\/\/api.w.org\/{rel}","templated":true}]}}