{"id":35999,"date":"2023-02-10T09:25:04","date_gmt":"2023-02-10T14:25:04","guid":{"rendered":"https:\/\/www.javeriana.edu.co\/pesquisa\/?p=35999"},"modified":"2023-02-10T16:06:25","modified_gmt":"2023-02-10T21:06:25","slug":"ciencia-inclusiva-viceministra","status":"publish","type":"post","link":"http:\/\/www.javeriana.edu.co\/pesquisa\/ciencia-inclusiva-viceministra\/","title":{"rendered":"\u201cLa ciencia se est\u00e1 reconstruyendo todo el tiempo\u201d, viceministra de ciencias"},"content":{"rendered":"\n<p>&#8220;Aunque la mayor\u00eda de la gente viven aparentemente alejadas de la ciencia, el conocimiento cient\u00edfico est\u00e1 presente en la vida de todos. Es b\u00e1sica para entender lo que nos rodea y para tomar mejores decisiones individuales y colectivas\u201d. La frase es de Ginna Morelo, directora de la Maestr\u00eda en Periodismo cient\u00edfico de la Pontificia Universidad Javeriana. Y es que, durante d\u00e9cadas, la ciencia ha parecido ser eso que sucede \u00fanicamente en los laboratorios, entre herramientas complejas y personas de bata blanca.<\/p>\n\n\n\n<p>Sin embargo, en los \u00faltimos a\u00f1os la ciencia se ha entendido de otra forma. Entre 1968 y 2019, el Departamento Administrativo de Ciencia, Tecnolog\u00eda e Innovaci\u00f3n fue la entidad rectora de la investigaci\u00f3n y la ciencia en Colombia. Su cambio, a ser el Ministerio de Ciencia, Tecnolog\u00eda e Innovaci\u00f3n, se dio en parte por las nuevas reflexiones en torno al quehacer cient\u00edfico.<\/p>\n\n\n\n<p>El <a href=\"http:\/\/www.secretariasenado.gov.co\/senado\/basedoc\/decreto_2226_2019.html\" target=\"_blank\" rel=\"noreferrer noopener\">Decreto 2226 de 2019<\/a> establece, aparte de las actividades investigativas, un componente de apropiaci\u00f3n y divulgaci\u00f3n del conocimiento cient\u00edfico. Es decir, la ciencia ya no debe hacer solamente investigaci\u00f3n, sino que debe propiciar que la informaci\u00f3n recolectada, llegue y sea compartida con comunidades, medios de comunicaci\u00f3n y tomadores de decisiones.<\/p>\n\n\n\n<p>Por ello, en su estructura interna incluye el Viceministerio de Talento y Apropiaci\u00f3n Social del Conocimiento, un equipo encargado de buscar estrategias para que los productos investigativos y acad\u00e9micos logren un impacto real en la sociedad.<\/p>\n\n\n\n<p>Justamente la viceministra y doctora en antropolog\u00eda, Yesenia Olaya, particip\u00f3 el pasado 27 de enero en el di\u00e1logo con la profesora Lisbeth Fog, adem\u00e1s editora general de Pesquisa Javeriana, y los estudiantes de la Maestr\u00eda en Periodismo Cient\u00edfico sobre los nuevos enfoques, los retos y el trabajo por hacer desde este equipo ministerial.<\/p>\n\n\n\n<figure class=\"wp-block-image size-large\"><img fetchpriority=\"high\" decoding=\"async\" width=\"1024\" height=\"682\" src=\"http:\/\/www.javeriana.edu.co\/pesquisa\/wp-content\/uploads\/2023\/02\/ciencia-cambio-social-viceministra-1024x682.jpg\" alt=\"\u201cLa ciencia se est\u00e1 reconstruyendo todo el tiempo\u201d, viceministra de ciencias\" class=\"wp-image-35992\" srcset=\"http:\/\/www.javeriana.edu.co\/pesquisa\/wp-content\/uploads\/2023\/02\/ciencia-cambio-social-viceministra-1024x682.jpg 1024w, http:\/\/www.javeriana.edu.co\/pesquisa\/wp-content\/uploads\/2023\/02\/ciencia-cambio-social-viceministra-300x200.jpg 300w, http:\/\/www.javeriana.edu.co\/pesquisa\/wp-content\/uploads\/2023\/02\/ciencia-cambio-social-viceministra-1536x1024.jpg 1536w, http:\/\/www.javeriana.edu.co\/pesquisa\/wp-content\/uploads\/2023\/02\/ciencia-cambio-social-viceministra-150x100.jpg 150w, http:\/\/www.javeriana.edu.co\/pesquisa\/wp-content\/uploads\/2023\/02\/ciencia-cambio-social-viceministra-450x300.jpg 450w, http:\/\/www.javeriana.edu.co\/pesquisa\/wp-content\/uploads\/2023\/02\/ciencia-cambio-social-viceministra-1200x800.jpg 1200w, http:\/\/www.javeriana.edu.co\/pesquisa\/wp-content\/uploads\/2023\/02\/ciencia-cambio-social-viceministra-768x512.jpg 768w, http:\/\/www.javeriana.edu.co\/pesquisa\/wp-content\/uploads\/2023\/02\/ciencia-cambio-social-viceministra.jpg 1673w\" sizes=\"(max-width: 1024px) 100vw, 1024px\" \/><figcaption>Lisbeth Fog, profesora y editora general de Pesquisa Javeriana y Yesenia Olaya, viceministra de de Talento y Apropiaci\u00f3n Social del Conocimiento<\/figcaption><\/figure>\n\n\n\n<h4 class=\"wp-block-heading\"><strong>Ciencia para el cambio social<\/strong><\/h4>\n\n\n\n<p>\u201cEstamos buscando que el conocimiento producido en universidades y centros de investigaci\u00f3n tenga un impacto real en la transformaci\u00f3n social. Que se tengan en cuenta los conocimientos de las comunidades, que el componente de apropiaci\u00f3n pase del 3 % actual a un 20 % o 30 %, que los programas sean concertados con las comunidades y que la informaci\u00f3n regrese y no se quede en las universidades\u201d, sostuvo la viceministra.<\/p>\n\n\n\n<p>Explic\u00f3 que es necesario volver la mirada a los territorios y regiones del pa\u00eds no solo para hacer diagn\u00f3sticos de las problem\u00e1ticas que enfrentan, sino para que se valide la informaci\u00f3n y conocimientos que ya han construido al margen de los esquemas acad\u00e9micos.<\/p>\n\n\n\n<p>\u201cPor poner un ejemplo, para hacer frente a la pandemia en muchas regiones se hizo uso de las plantas de la medicina tradicional. Esos conocimientos deben estar sistematizados de acuerdo con las l\u00f3gicas de producci\u00f3n de los pueblos, principalmente ind\u00edgenas, y en sus lenguas\u201d dijo. \u201cProbablemente no estamos discutiendo la medicina tradicional en las facultades de medicina, o posiblemente con unos indicadores muy bajos\u201d, agreg\u00f3.<\/p>\n\n\n\n<h4 class=\"wp-block-heading\"><strong>Ciencia \u00bfpara qu\u00e9?<\/strong><\/h4>\n\n\n\n<p>Durante la conversaci\u00f3n, Olaya cuestion\u00f3 el objetivo de la ciencia y afirm\u00f3 que esta no es neutral, pues quienes la desarrollan y gu\u00edan su aplicaci\u00f3n, tienen diferentes motivaciones.<\/p>\n\n\n\n<p>\u201cNo creo en la neutralidad valorativa. Considero que cada conocimiento tiene una intenci\u00f3n acad\u00e9mica y pol\u00edtica, y por eso mismo, es importante revisar desde los centros de producci\u00f3n del conocimiento c\u00f3mo puede aportar a los grandes desaf\u00edos que tiene el pa\u00eds\u201d, dijo la ahora Viceministra.<\/p>\n\n\n\n<p>Puso como ejemplo la Comisi\u00f3n Corogr\u00e1fica liderada por Agust\u00edn Codazzi, que ten\u00eda la tarea de caracterizar biol\u00f3gica y culturalmente a las regiones del pa\u00eds. Afirm\u00f3 que, a partir de los resultados de esta expedici\u00f3n, se construyeron unas fronteras raciales sobre las regiones, diferenciaci\u00f3n que dej\u00f3 a ciertas zonas en el subdesarrollo.<\/p>\n\n\n\n<p>\u201cLas teor\u00edas cient\u00edficas del racismo del siglo XIX comenzaron todo un proceso de asignar caracter\u00edsticas biol\u00f3gicas para justificar la racializaci\u00f3n de los grupos sociales. En estas jerarqu\u00edas, los pueblos ind\u00edgenas y afrodescendientes fueron ubicados en los \u00faltimos pelda\u00f1os\u201d, manifest\u00f3 Olaya.<\/p>\n\n\n\n<p>Por ello la propuesta de Minciencias es construir un nuevo conocimiento que permita dignificar la existencia de estas poblaciones. Busca hacer un <a href=\"https:\/\/www.javeriana.edu.co\/pesquisa\/minciencias-nuevo-gobierno\/\">gran di\u00e1logo nacional <\/a>en el que sean tenidas en cuenta la mayor cantidad de voces. Por ejemplo, saber qu\u00e9 se est\u00e1 produciendo acad\u00e9micamente en el Amazonas, en Tumaco, en San Andr\u00e9s, regiones que hist\u00f3ricamente no han sido tenidas en cuenta para la construcci\u00f3n de la pol\u00edtica p\u00fablica de ciencia.<\/p>\n\n\n\n<p>\u201cSi hacemos un mapeo en las universidades p\u00fablicas y privadas de Am\u00e9rica Latina, tenemos una gran producci\u00f3n cient\u00edfica desde las epistemolog\u00edas afrodescendientes, ind\u00edgenas y campesinas\u201d, afirm\u00f3.<\/p>\n\n\n\n<figure class=\"wp-block-image size-large is-resized\"><img decoding=\"async\" src=\"http:\/\/www.javeriana.edu.co\/pesquisa\/wp-content\/uploads\/2023\/02\/ciencia-colombia-social-viceministra-1024x683.jpg\" alt=\"\u201cLa ciencia se est\u00e1 reconstruyendo todo el tiempo\u201d, viceministra de ciencias\" class=\"wp-image-35993\" width=\"906\" height=\"603\" srcset=\"http:\/\/www.javeriana.edu.co\/pesquisa\/wp-content\/uploads\/2023\/02\/ciencia-colombia-social-viceministra-1024x683.jpg 1024w, http:\/\/www.javeriana.edu.co\/pesquisa\/wp-content\/uploads\/2023\/02\/ciencia-colombia-social-viceministra-300x200.jpg 300w, http:\/\/www.javeriana.edu.co\/pesquisa\/wp-content\/uploads\/2023\/02\/ciencia-colombia-social-viceministra-1536x1024.jpg 1536w, http:\/\/www.javeriana.edu.co\/pesquisa\/wp-content\/uploads\/2023\/02\/ciencia-colombia-social-viceministra-2048x1366.jpg 2048w, http:\/\/www.javeriana.edu.co\/pesquisa\/wp-content\/uploads\/2023\/02\/ciencia-colombia-social-viceministra-150x100.jpg 150w, http:\/\/www.javeriana.edu.co\/pesquisa\/wp-content\/uploads\/2023\/02\/ciencia-colombia-social-viceministra-450x300.jpg 450w, http:\/\/www.javeriana.edu.co\/pesquisa\/wp-content\/uploads\/2023\/02\/ciencia-colombia-social-viceministra-1200x800.jpg 1200w, http:\/\/www.javeriana.edu.co\/pesquisa\/wp-content\/uploads\/2023\/02\/ciencia-colombia-social-viceministra-768x512.jpg 768w\" sizes=\"(max-width: 906px) 100vw, 906px\" \/><figcaption>Conversatorio con estudiantes de la Maestr\u00eda en Periodismo cient\u00edfico de la Pontificia Universidad Javeriana<\/figcaption><\/figure>\n\n\n\n<p>Su experiencia como coordinadora acad\u00e9mica del Certificado en Estudios Afrolatinoamericanos del Afro-Latin American Research Institute de la Universidad Harvard, le permiti\u00f3 poner en la agenda acad\u00e9mica el tema de las injusticias raciales y el racismo epist\u00e9mico en el curr\u00edculo de unas de las universidades m\u00e1s prestigiosas del mundo.<\/p>\n\n\n\n<p>Por esto mismo propone para Colombia focalizar el conocimiento producido desde las poblaciones campesinas, afrodescendientes e ind\u00edgenas y ponerlo en di\u00e1logo con otras \u00e1reas del conocimiento, es decir, construir curr\u00edculos acad\u00e9micos interculturales. Solo as\u00ed, afirma la viceministra Olaya, se podr\u00e1 tener una academia cercana y que atienda a las necesidades de las regiones.<\/p>\n\n\n\n<figure class=\"wp-block-embed is-type-video is-provider-youtube wp-block-embed-youtube wp-embed-aspect-16-9 wp-has-aspect-ratio\"><div class=\"wp-block-embed__wrapper\">\n<iframe title=\"CIENCIA Y PERIODISMO, ALIANZA PARA EL CAMBIO SOCIAL\" width=\"814\" height=\"458\" src=\"https:\/\/www.youtube.com\/embed\/kOAadXsb5DA?start=188&#038;feature=oembed\" frameborder=\"0\" allow=\"accelerometer; autoplay; clipboard-write; encrypted-media; gyroscope; picture-in-picture; web-share\" allowfullscreen><\/iframe>\n<\/div><\/figure>\n","protected":false},"excerpt":{"rendered":"<p>&#8220;Aunque la mayor\u00eda de la gente viven aparentemente alejadas de la ciencia, el conocimiento cient\u00edfico est\u00e1 presente en la vida de todos. Es b\u00e1sica para entender lo que nos rodea y para tomar mejores decisiones individuales y colectivas\u201d. La frase es de Ginna Morelo, directora de la Maestr\u00eda en Periodismo cient\u00edfico de la Pontificia Universidad<\/p>\n","protected":false},"author":26,"featured_media":33987,"comment_status":"open","ping_status":"open","sticky":false,"template":"","format":"standard","meta":{"footnotes":""},"categories":[1157,3689,373],"tags":[460,371,1113,97,499,2203],"class_list":{"0":"post-35999","1":"post","2":"type-post","3":"status-publish","4":"format-standard","5":"has-post-thumbnail","7":"category-destacadas","8":"category-educacion","9":"category-sociedad","10":"tag-ciencia","11":"tag-colombia","12":"tag-gobierno-nacional","13":"tag-investigacion","14":"tag-javeriana","15":"tag-minciencias"},"_links":{"self":[{"href":"http:\/\/www.javeriana.edu.co\/pesquisa\/wp-json\/wp\/v2\/posts\/35999","targetHints":{"allow":["GET"]}}],"collection":[{"href":"http:\/\/www.javeriana.edu.co\/pesquisa\/wp-json\/wp\/v2\/posts"}],"about":[{"href":"http:\/\/www.javeriana.edu.co\/pesquisa\/wp-json\/wp\/v2\/types\/post"}],"author":[{"embeddable":true,"href":"http:\/\/www.javeriana.edu.co\/pesquisa\/wp-json\/wp\/v2\/users\/26"}],"replies":[{"embeddable":true,"href":"http:\/\/www.javeriana.edu.co\/pesquisa\/wp-json\/wp\/v2\/comments?post=35999"}],"version-history":[{"count":6,"href":"http:\/\/www.javeriana.edu.co\/pesquisa\/wp-json\/wp\/v2\/posts\/35999\/revisions"}],"predecessor-version":[{"id":36008,"href":"http:\/\/www.javeriana.edu.co\/pesquisa\/wp-json\/wp\/v2\/posts\/35999\/revisions\/36008"}],"wp:featuredmedia":[{"embeddable":true,"href":"http:\/\/www.javeriana.edu.co\/pesquisa\/wp-json\/wp\/v2\/media\/33987"}],"wp:attachment":[{"href":"http:\/\/www.javeriana.edu.co\/pesquisa\/wp-json\/wp\/v2\/media?parent=35999"}],"wp:term":[{"taxonomy":"category","embeddable":true,"href":"http:\/\/www.javeriana.edu.co\/pesquisa\/wp-json\/wp\/v2\/categories?post=35999"},{"taxonomy":"post_tag","embeddable":true,"href":"http:\/\/www.javeriana.edu.co\/pesquisa\/wp-json\/wp\/v2\/tags?post=35999"}],"curies":[{"name":"wp","href":"https:\/\/api.w.org\/{rel}","templated":true}]}}