{"id":36023,"date":"2023-02-20T20:17:36","date_gmt":"2023-02-21T01:17:36","guid":{"rendered":"https:\/\/www.javeriana.edu.co\/pesquisa\/?p=36023"},"modified":"2023-02-23T07:53:11","modified_gmt":"2023-02-23T12:53:11","slug":"los-retos-a-los-que-se-enfrentan-seis-animales-colombianos-en-peligro","status":"publish","type":"post","link":"http:\/\/www.javeriana.edu.co\/pesquisa\/los-retos-a-los-que-se-enfrentan-seis-animales-colombianos-en-peligro\/","title":{"rendered":"Los retos a los que se enfrentan seis animales colombianos en peligro"},"content":{"rendered":"\n<p>Vivir en Colombia es un manjar para los sentidos. No hacen falta sino unas cuantas horas, o tal vez minutos, para saltar de un paisaje a otro totalmente diferente. Desde el Amazonas, hasta Punta Gallinas en el extremo de La Guajira, pasando por los llanos y los coloridos gradientes de verde dibujados sobre Los Andes, Colombia es un pa\u00eds inequ\u00edvocamente exuberante.<\/p>\n\n\n\n<p>Sin embargo, en los ecosistemas rondan cada vez m\u00e1s fantasmas de criaturas que han ido desapareciendo con el pasar del tiempo y del hombre. M\u00e1s all\u00e1 de la desaparici\u00f3n medi\u00e1tica del jaguar, Colombia cuenta con 7691 especies animales evaluadas por la Uni\u00f3n Internacional para la Conservaci\u00f3n de la Naturaleza (IUCN). De estas, 787 se encuentran en las categor\u00edas VU (vulnerable), EN (en peligro) y CR (peligro cr\u00edtico). Pesquisa Javeriana hizo una peque\u00f1a lista con algunas de ellas.<\/p>\n\n\n\n<p><strong>Ranas Arlequ\u00edn<\/strong><\/p>\n\n\n\n<figure class=\"wp-block-image size-large\"><img fetchpriority=\"high\" decoding=\"async\" width=\"1024\" height=\"677\" src=\"http:\/\/www.javeriana.edu.co\/pesquisa\/wp-content\/uploads\/2023\/02\/Ranas-arlequin-1024x677.jpg\" alt=\"Ranas arlequ\u00edn\" class=\"wp-image-36030\" srcset=\"http:\/\/www.javeriana.edu.co\/pesquisa\/wp-content\/uploads\/2023\/02\/Ranas-arlequin-1024x677.jpg 1024w, http:\/\/www.javeriana.edu.co\/pesquisa\/wp-content\/uploads\/2023\/02\/Ranas-arlequin-300x198.jpg 300w, http:\/\/www.javeriana.edu.co\/pesquisa\/wp-content\/uploads\/2023\/02\/Ranas-arlequin-1536x1016.jpg 1536w, http:\/\/www.javeriana.edu.co\/pesquisa\/wp-content\/uploads\/2023\/02\/Ranas-arlequin-2048x1354.jpg 2048w, http:\/\/www.javeriana.edu.co\/pesquisa\/wp-content\/uploads\/2023\/02\/Ranas-arlequin-150x99.jpg 150w, http:\/\/www.javeriana.edu.co\/pesquisa\/wp-content\/uploads\/2023\/02\/Ranas-arlequin-450x298.jpg 450w, http:\/\/www.javeriana.edu.co\/pesquisa\/wp-content\/uploads\/2023\/02\/Ranas-arlequin-1200x794.jpg 1200w, http:\/\/www.javeriana.edu.co\/pesquisa\/wp-content\/uploads\/2023\/02\/Ranas-arlequin-768x508.jpg 768w\" sizes=\"(max-width: 1024px) 100vw, 1024px\" \/><figcaption>Foto: Shutterstock<\/figcaption><\/figure>\n\n\n\n<p>Colombia es el segundo pa\u00eds con m\u00e1s diversidad de anfibios; sin embargo, el 37% de ellos est\u00e1n <a href=\"https:\/\/www.javeriana.edu.co\/pesquisa\/y-si-se-acabaran-los-anfibios\/\" target=\"_blank\" data-type=\"URL\" data-id=\"https:\/\/www.javeriana.edu.co\/pesquisa\/y-si-se-acabaran-los-anfibios\/\" rel=\"noreferrer noopener\">amenazados<\/a>, entre los que se encuentran las ranas arlequines, un grupo de sapitos del g\u00e9nero Atelopus, son de colores vibrantes y est\u00e1n distribuidos en la regi\u00f3n Pac\u00edfica, Caribe, Amaz\u00f3nica y Andina de Colombia. De las 41 especies presentes en el pa\u00eds, 26 se encuentran en peligro cr\u00edtico (CR), ocho est\u00e1n en peligro (EN) y una es vulnerable (VU).<\/p>\n\n\n\n<p>\u201cCreemos que hay dos amenazas principales: deforestaci\u00f3n por ganader\u00eda y contaminaci\u00f3n por agricultura, pero m\u00e1s recientemente apareci\u00f3 un hongo al que le decimos <a href=\"https:\/\/www.javeriana.edu.co\/pesquisa\/ranas-colombianas-hongo\/\" target=\"_blank\" data-type=\"URL\" data-id=\"https:\/\/www.javeriana.edu.co\/pesquisa\/ranas-colombianas-hongo\/\" rel=\"noreferrer noopener\">Bd<\/a>, que habita en regiones conservadas, infecta a los anfibios y reduce su capacidad de movimiento y alimentaci\u00f3n. Actualmente es una pandemia\u201d, explica Nicol\u00e1s Urbina-Cardona, ec\u00f3logo de la Pontificia Universidad Javeriana. Estas amenazas, junto al tr\u00e1fico ilegal de especies, las invasiones biol\u00f3gicas y el cambio clim\u00e1tico han causado descenso poblacional en el 87% de las especies de rana arlequ\u00edn a nivel mundial.<\/p>\n\n\n\n<p>En 2021 la Iniciativa de Supervivencia Atelopus public\u00f3 el Plan de Acci\u00f3n para la Conservaci\u00f3n de la Ranas Arlequ\u00edn, en el que Urbina-Cardona junto con investigadores de once pa\u00edses proponen estrategias concretas para la conservaci\u00f3n de estos organismos. Para Urbina lo fundamental en la conservaci\u00f3n de cualquier especie est\u00e1 en preservar su ecosistema, as\u00ed los beneficios se extienden a todos los organismos que viven en \u00e9l. Es por esto que el Gobierno colombiano est\u00e1 a punto de adoptar el Programa Nacional para la Conservaci\u00f3n de los Anfibios, el cual establece y orienta las acciones para la conservaci\u00f3n de las poblaciones y sus h\u00e1bitats.<\/p>\n\n\n\n<p>\u201cEn la medida en que se pierden anfibios se genera una cascada de extinci\u00f3n y degradaci\u00f3n del ecosistema\u201d, asegura Urbina-Cardona. Estos organismos son piezas clave a la hora de controlar las poblaciones de plagas e insectos que act\u00faan como vectores de enfermedades como el dengue y el zika. As\u00ed mismo, su contribuci\u00f3n a la salud humana se extiende hasta la biotecnolog\u00eda, que ha hallado en la piel de los anfibios compuestos qu\u00edmicos \u00fatiles para el tratamiento de enfermedades humanas como el alzh\u00e9imer, el c\u00e1ncer, el VIH y la diabetes.<\/p>\n\n\n\n<p><strong>Cocodrilo del Orinoco<\/strong><\/p>\n\n\n\n<figure class=\"wp-block-image size-large\"><img decoding=\"async\" width=\"1024\" height=\"681\" src=\"http:\/\/www.javeriana.edu.co\/pesquisa\/wp-content\/uploads\/2023\/02\/cocodrilo-del-orinoco-1024x681.jpg\" alt=\"Cocodrilo del Orinoco\" class=\"wp-image-36028\" srcset=\"http:\/\/www.javeriana.edu.co\/pesquisa\/wp-content\/uploads\/2023\/02\/cocodrilo-del-orinoco-1024x681.jpg 1024w, http:\/\/www.javeriana.edu.co\/pesquisa\/wp-content\/uploads\/2023\/02\/cocodrilo-del-orinoco-300x200.jpg 300w, http:\/\/www.javeriana.edu.co\/pesquisa\/wp-content\/uploads\/2023\/02\/cocodrilo-del-orinoco-1536x1022.jpg 1536w, http:\/\/www.javeriana.edu.co\/pesquisa\/wp-content\/uploads\/2023\/02\/cocodrilo-del-orinoco-2048x1363.jpg 2048w, http:\/\/www.javeriana.edu.co\/pesquisa\/wp-content\/uploads\/2023\/02\/cocodrilo-del-orinoco-150x100.jpg 150w, http:\/\/www.javeriana.edu.co\/pesquisa\/wp-content\/uploads\/2023\/02\/cocodrilo-del-orinoco-450x299.jpg 450w, http:\/\/www.javeriana.edu.co\/pesquisa\/wp-content\/uploads\/2023\/02\/cocodrilo-del-orinoco-1200x799.jpg 1200w, http:\/\/www.javeriana.edu.co\/pesquisa\/wp-content\/uploads\/2023\/02\/cocodrilo-del-orinoco-768x511.jpg 768w\" sizes=\"(max-width: 1024px) 100vw, 1024px\" \/><figcaption>Foto: Shutterstock.<\/figcaption><\/figure>\n\n\n\n<p>Es el depredador m\u00e1s grande de Am\u00e9rica y uno de los reptiles vivos m\u00e1s grandes del planeta, pues alcanza una talla de siete metros de largo. Habita en la cuenca del r\u00edo Orinoco, en la frontera con Venezuela. Esta especie ha sufrido una disminuci\u00f3n poblacional de m\u00e1s del 80% y actualmente se encuentra en peligro cr\u00edtico seg\u00fan la IUCN.<\/p>\n\n\n\n<p>\u201cSus poblaciones est\u00e1n en declive porque las comunidades los han utilizado tradicionalmente. En Semana Santa se genera m\u00e1s presi\u00f3n sobre estos bichos porque muchas personas creyentes no consumen carne roja, entonces en vez de comer pescado, comen tortuga y cocodrilo\u201d, explica Urbina-Cardona. Sin embargo, hace hincapi\u00e9 en que \u201cuna de las mayores amenazas para los reptiles es que no hay muchos investigadores que los estudien\u201d, por lo que hay gran incertidumbre acerca de su estado de conservaci\u00f3n en Colombia.<\/p>\n\n\n\n<p>Hay programas de conservaci\u00f3n ex situ del cocodrilo del Orinoco, tal como el proyecto Wisirare, en Orocu\u00e9, donde se hace cr\u00eda y reintroducci\u00f3n de individuos a su medio natural. No obstante, el \u00e9xito de programas de este tipo depende totalmente del control de las amenazas que aquejan a la especie en su medio natural, esto implica asegurar la conservaci\u00f3n del ecosistema y el trabajo de la mano de comunidades.<\/p>\n\n\n\n<p><strong>Danta de p\u00e1ramo<\/strong><\/p>\n\n\n\n<figure class=\"wp-block-image size-large\"><img decoding=\"async\" width=\"1024\" height=\"683\" src=\"http:\/\/www.javeriana.edu.co\/pesquisa\/wp-content\/uploads\/2023\/02\/danta-de-paramo-1024x683.jpg\" alt=\"Danta de p\u00e1ramo\" class=\"wp-image-36024\" srcset=\"http:\/\/www.javeriana.edu.co\/pesquisa\/wp-content\/uploads\/2023\/02\/danta-de-paramo-1024x683.jpg 1024w, http:\/\/www.javeriana.edu.co\/pesquisa\/wp-content\/uploads\/2023\/02\/danta-de-paramo-300x200.jpg 300w, http:\/\/www.javeriana.edu.co\/pesquisa\/wp-content\/uploads\/2023\/02\/danta-de-paramo-1536x1024.jpg 1536w, http:\/\/www.javeriana.edu.co\/pesquisa\/wp-content\/uploads\/2023\/02\/danta-de-paramo-2048x1365.jpg 2048w, http:\/\/www.javeriana.edu.co\/pesquisa\/wp-content\/uploads\/2023\/02\/danta-de-paramo-150x100.jpg 150w, http:\/\/www.javeriana.edu.co\/pesquisa\/wp-content\/uploads\/2023\/02\/danta-de-paramo-450x300.jpg 450w, http:\/\/www.javeriana.edu.co\/pesquisa\/wp-content\/uploads\/2023\/02\/danta-de-paramo-1200x800.jpg 1200w, http:\/\/www.javeriana.edu.co\/pesquisa\/wp-content\/uploads\/2023\/02\/danta-de-paramo-768x512.jpg 768w\" sizes=\"(max-width: 1024px) 100vw, 1024px\" \/><figcaption>Foto: Shutterstock<\/figcaption><\/figure>\n\n\n\n<p>Esta danta habita los bosques nubosos y p\u00e1ramos que coronan la cordillera de los Andes. Es el mam\u00edfero terrestre m\u00e1s grande de Latinoam\u00e9rica, se alimenta \u00fanicamente de plantas y se caracteriza por su larga trompa, la cual le permite orientarse en el bosque a trav\u00e9s del olfato.<\/p>\n\n\n\n<p>Actualmente la danta de p\u00e1ramo se encuentra en peligro (EN) seg\u00fan la IUCN, en parte debido a la cacer\u00eda, pues en el pasado (y en menor medida en el presente) su carne era apetecida y sus dedos y trompa se utilizaban como medicinas tradicionales o afrodis\u00edacos. Pero la p\u00e9rdida de su h\u00e1bitat es la gran culpable de la desaparici\u00f3n de este mam\u00edfero. A medida que los p\u00e1ramos y bosques andinos son arrasados para darle espacio a la agricultura, la ganader\u00eda o la urbanizaci\u00f3n, las dantas se han ido quedando sin lugar donde vivir.<\/p>\n\n\n\n<p>\u201cEstos son animales tan grandes que necesitan extensiones enormes de territorio, y la colonizaci\u00f3n de las zonas altas de las monta\u00f1as tiene un efecto grande sobre estos individuos\u201d, precisa el bi\u00f3logo Ricardo G\u00f3mez Serrano, director de la maestr\u00eda en Conservaci\u00f3n y Uso de la Biodiversidad en la Facultad de Estudios Ambientales y Rurales de la Universidad Javeriana.<\/p>\n\n\n\n<p>La conservaci\u00f3n de las dantas de p\u00e1ramo recae en la protecci\u00f3n de su h\u00e1bitat y la disminuci\u00f3n de su cacer\u00eda, ambos procesos que deben hacerse en conjunto con las comunidades ind\u00edgenas y campesinas que comparten la cordillera con ellas.<\/p>\n\n\n\n<p><strong>Nutria gigante de r\u00edo<\/strong><\/p>\n\n\n\n<figure class=\"wp-block-image size-large\"><img loading=\"lazy\" decoding=\"async\" width=\"1024\" height=\"683\" src=\"http:\/\/www.javeriana.edu.co\/pesquisa\/wp-content\/uploads\/2023\/02\/nutria-gigante-de-rio-1024x683.jpg\" alt=\"Nutria gigante de r\u00edo\" class=\"wp-image-36025\" srcset=\"http:\/\/www.javeriana.edu.co\/pesquisa\/wp-content\/uploads\/2023\/02\/nutria-gigante-de-rio-1024x683.jpg 1024w, http:\/\/www.javeriana.edu.co\/pesquisa\/wp-content\/uploads\/2023\/02\/nutria-gigante-de-rio-300x200.jpg 300w, http:\/\/www.javeriana.edu.co\/pesquisa\/wp-content\/uploads\/2023\/02\/nutria-gigante-de-rio-1536x1025.jpg 1536w, http:\/\/www.javeriana.edu.co\/pesquisa\/wp-content\/uploads\/2023\/02\/nutria-gigante-de-rio-2048x1367.jpg 2048w, http:\/\/www.javeriana.edu.co\/pesquisa\/wp-content\/uploads\/2023\/02\/nutria-gigante-de-rio-150x100.jpg 150w, http:\/\/www.javeriana.edu.co\/pesquisa\/wp-content\/uploads\/2023\/02\/nutria-gigante-de-rio-450x300.jpg 450w, http:\/\/www.javeriana.edu.co\/pesquisa\/wp-content\/uploads\/2023\/02\/nutria-gigante-de-rio-1200x801.jpg 1200w, http:\/\/www.javeriana.edu.co\/pesquisa\/wp-content\/uploads\/2023\/02\/nutria-gigante-de-rio-768x513.jpg 768w\" sizes=\"(max-width: 1024px) 100vw, 1024px\" \/><figcaption>Foto: Shutterstock<\/figcaption><\/figure>\n\n\n\n<p>La nutria gigante de r\u00edo es la especie de nutria m\u00e1s larga del mundo, llegando a medir hasta 180 cent\u00edmetros desde la cabeza a la punta de la cola. Es un animal muy territorial que vive en grupos conformados por familiares, con los cuales se alimenta de peces, cangrejos e incluso serpientes y cr\u00edas de caim\u00e1n. Por su tama\u00f1o y su car\u00e1cter, se les considera superdepredadores, es decir, que se encuentran en la cima de la cadena alimenticia y no son cazados por otros animales. Adem\u00e1s, su presencia indica el buen estado de un ecosistema, pues s\u00f3lo pueden estar en sitios que tengan las presas suficientes para cazar.<\/p>\n\n\n\n<p>Uno de los factores que m\u00e1s amenaza a la nutria gigante es la p\u00e9rdida de su h\u00e1bitat y su alimento, lo que la obliga a cazar los animales dom\u00e9sticos de las fincas y la pone en conflicto directo con el ser humano. \u201cEstos animales requieren de una base ecosist\u00e9mica saludable que les de su requerimiento alimenticio. A veces los ecosistemas no alcanzan a proveer la comida suficiente para estos predadores, por lo que salen a buscar comida en los sistemas productivos humanos, entonces ah\u00ed es cuando ocurren los conflictos entre los superdepredadores y, por ejemplo, los sistemas ganaderos, los terneros, gallinas, entre otros\u201d, explica G\u00f3mez Serrano.<\/p>\n\n\n\n<p>La convivencia con las personas tambi\u00e9n ha causado que esta nutria sea v\u00edctima del tr\u00e1fico ilegal y el comercio de pieles, por su pelaje ex\u00f3tico y el carisma de sus cr\u00edas. \u201cLa gente se enamora de estos animales y se los lleva para sus casas o los comercializa, pero cuando crecen se vuelven un problema porque son predadores tan fuertes como un jaguar y comen cuatro o cinco kilos de pescado al d\u00eda. Entonces las nutrias terminan en espacios que no corresponden o las terminan matando\u201d, contin\u00faa.<\/p>\n\n\n\n<p>Actualmente la nutria gigante de r\u00edo se encuentra en peligro (EN), por lo que es necesario proteger su h\u00e1bitat, respetar su alimento a trav\u00e9s de la pesca responsable y tratar de minimizar los choques con los humanos, siempre creando soluciones en conjunto con la comunidad y proponiendo alternativas de vida.<\/p>\n\n\n\n<p><strong>Delf\u00edn rosado<\/strong><\/p>\n\n\n\n<figure class=\"wp-block-image size-large\"><img loading=\"lazy\" decoding=\"async\" width=\"1024\" height=\"683\" src=\"http:\/\/www.javeriana.edu.co\/pesquisa\/wp-content\/uploads\/2023\/02\/delfin-rosado-1024x683.jpg\" alt=\"Delf\u00edn rosado\" class=\"wp-image-36027\" srcset=\"http:\/\/www.javeriana.edu.co\/pesquisa\/wp-content\/uploads\/2023\/02\/delfin-rosado-1024x683.jpg 1024w, http:\/\/www.javeriana.edu.co\/pesquisa\/wp-content\/uploads\/2023\/02\/delfin-rosado-300x200.jpg 300w, http:\/\/www.javeriana.edu.co\/pesquisa\/wp-content\/uploads\/2023\/02\/delfin-rosado-1536x1024.jpg 1536w, http:\/\/www.javeriana.edu.co\/pesquisa\/wp-content\/uploads\/2023\/02\/delfin-rosado-2048x1365.jpg 2048w, http:\/\/www.javeriana.edu.co\/pesquisa\/wp-content\/uploads\/2023\/02\/delfin-rosado-150x100.jpg 150w, http:\/\/www.javeriana.edu.co\/pesquisa\/wp-content\/uploads\/2023\/02\/delfin-rosado-450x300.jpg 450w, http:\/\/www.javeriana.edu.co\/pesquisa\/wp-content\/uploads\/2023\/02\/delfin-rosado-1200x800.jpg 1200w, http:\/\/www.javeriana.edu.co\/pesquisa\/wp-content\/uploads\/2023\/02\/delfin-rosado-768x512.jpg 768w\" sizes=\"(max-width: 1024px) 100vw, 1024px\" \/><figcaption>Foto: Shutterstock<\/figcaption><\/figure>\n\n\n\n<p>Los delfines rosados viven exclusivamente en los r\u00edos, y en Colombia pueden encontrarse nadando en las cuencas del Orinoco y el Amazonas. Son mam\u00edferos sumamente inteligentes y curiosos, con un sistema de comunicaci\u00f3n complejo compuesto por chasquidos y silbidos. Para orientarse en la turbidez del agua utilizan el sonido: forman un mapa de sus alrededores, como si usaran un radar, en un proceso llamado ecolocalizaci\u00f3n.<\/p>\n\n\n\n<p>La desaparici\u00f3n de los delfines rosados est\u00e1 relacionada con la contaminaci\u00f3n causada por la miner\u00eda y el vertimiento de desechos, al igual que con la sobrepesca, que los deja sin alimento, la pesca accidental, que ocurre cuando se quedan enredados en las redes, y su uso como carnada para pescar el bagre mota, un carro\u00f1ero con altas concentraciones de mercurio que se hace pasar por otros peces en los mercados.<\/p>\n\n\n\n<p>La conservaci\u00f3n del delf\u00edn depende entonces del cuidado de las fuentes h\u00eddricas y de la pesca responsable, mientras que herramientas como el ecoturismo pueden ayudar a crear alternativas econ\u00f3micas para las comunidades amaz\u00f3nicas y orinocenses que conviven con estos animales. En Colombia, iniciativas como la fundaci\u00f3n Omacha se dedican al estudio, monitoreo y conservaci\u00f3n del delf\u00edn y otros mam\u00edferos acu\u00e1ticos.<\/p>\n\n\n\n<p><strong>Manat\u00ed del Caribe<\/strong><\/p>\n\n\n\n<figure class=\"wp-block-image size-large\"><img loading=\"lazy\" decoding=\"async\" width=\"1024\" height=\"659\" src=\"http:\/\/www.javeriana.edu.co\/pesquisa\/wp-content\/uploads\/2023\/02\/manati-del-caribe-1024x659.jpg\" alt=\"Manat\u00ed del Caribe\" class=\"wp-image-36026\" srcset=\"http:\/\/www.javeriana.edu.co\/pesquisa\/wp-content\/uploads\/2023\/02\/manati-del-caribe-1024x659.jpg 1024w, http:\/\/www.javeriana.edu.co\/pesquisa\/wp-content\/uploads\/2023\/02\/manati-del-caribe-300x193.jpg 300w, http:\/\/www.javeriana.edu.co\/pesquisa\/wp-content\/uploads\/2023\/02\/manati-del-caribe-1536x989.jpg 1536w, http:\/\/www.javeriana.edu.co\/pesquisa\/wp-content\/uploads\/2023\/02\/manati-del-caribe-2048x1318.jpg 2048w, http:\/\/www.javeriana.edu.co\/pesquisa\/wp-content\/uploads\/2023\/02\/manati-del-caribe-150x97.jpg 150w, http:\/\/www.javeriana.edu.co\/pesquisa\/wp-content\/uploads\/2023\/02\/manati-del-caribe-450x290.jpg 450w, http:\/\/www.javeriana.edu.co\/pesquisa\/wp-content\/uploads\/2023\/02\/manati-del-caribe-1200x772.jpg 1200w, http:\/\/www.javeriana.edu.co\/pesquisa\/wp-content\/uploads\/2023\/02\/manati-del-caribe-768x494.jpg 768w\" sizes=\"(max-width: 1024px) 100vw, 1024px\" \/><figcaption>Foto: Shutterstock<\/figcaption><\/figure>\n\n\n\n<p>Los manat\u00edes son gigantes d\u00f3ciles que habitan en r\u00edos, lagunas costeras y manglares. En Colombia, se encuentran en la costa Caribe, el r\u00edo Magdalena y en la cuenca del r\u00edo Orinoco. Se alimentan de algas y plantas subacu\u00e1ticas, y pueden pesar m\u00e1s de 600 kilos. Las hembras suelen tener s\u00f3lo una cr\u00eda por camada, por lo que sus poblaciones pueden ser muy dif\u00edciles de recuperar.<\/p>\n\n\n\n<p>Los manat\u00edes del Caribe est\u00e1n siendo amenazados por la degradaci\u00f3n de las ci\u00e9nagas, humedales y r\u00edos de la costa donde viven. La cacer\u00eda tambi\u00e9n los afecta, pues su enorme tama\u00f1o e incapacidad de defenderse los convierten en blancos f\u00e1ciles para los cazadores. \u201cEl manat\u00ed de por s\u00ed es una especie rara que nunca va a ser abundante por sus tasas de reproducci\u00f3n tan bajas y por el cuidado que necesitan sus cr\u00edas. Entonces perder unos pocos individuos puede ser catastr\u00f3fico para la poblaci\u00f3n\u201d, comenta G\u00f3mez Serrano.<\/p>\n\n\n\n<p>La supervivencia de los manat\u00edes est\u00e1 ligada a la recuperaci\u00f3n de los ecosistemas costeros y sus aguas, al igual que su relaci\u00f3n con el ser humano. Para conservarlos se necesitan soluciones integrales que ataquen los problemas fundamentales de las comunidades humanas que viven junto a ellos, como la seguridad alimentaria, la educaci\u00f3n y la calidad del agua.<\/p>\n\n\n\n<p><strong>Los retos de la conservaci\u00f3n<\/strong><\/p>\n\n\n\n<p>Aunque se conozcan las causas de la desaparici\u00f3n de estas especies, su conservaci\u00f3n es m\u00e1s compleja de lo que parece. M\u00e1s all\u00e1 de crear soluciones para los animales, el trabajo debe integrar las necesidades de las personas que interact\u00faan con ellos. \u201cDesde hace ya unos diez a\u00f1os para ac\u00e1 el foco de la conservaci\u00f3n no son las especies sino mantener o mejorar el bienestar humano, que depende de la relaci\u00f3n con la biodiversidad. Entonces empieza uno a buscar alternativas para que la gente siga aprovechando y usando la diversidad, pero que lo haga de una manera en la que esta no se acabe y le permita mantener o mejorar esos medios de vida\u201d, propone G\u00f3mez Serrano.<\/p>\n\n\n\n<p>El ecoturismo responsable, la seguridad alimentaria, los incentivos econ\u00f3micos y el cambio de la relaci\u00f3n del humano con la naturaleza a favor de un mutualismo beneficioso para todos es esencial para la conservaci\u00f3n. Cada contexto es distinto y requiere soluciones a la medida que s\u00f3lo podr\u00e1n existir de la mano del conocimiento cultural y cient\u00edfico. \u201cDepende del entorno particular en el que uno se encuentre hay que encontrar las amenazas y sus causas para poderlas transformar. No hay una receta de cocina precisa, pero lo que s\u00ed tenemos que hacer en cualquiera de los casos es tener un conocimiento bastante adecuado del estado de las poblaciones y a qu\u00e9 se enfrenta la especie\u201d, concluye.<\/p>\n\n\n\n<p>En la conservaci\u00f3n no hay panaceas, pero s\u00ed metas comunes. Cada contexto es distinto y requiere soluciones a la medida que s\u00f3lo podr\u00e1n existir de la mano del conocimiento cultural y cient\u00edfico. As\u00ed podremos ver nuevamente esas criaturas que se han desvanecido de los paisajes colombianos, en armon\u00eda con comunidades que puedan protegerlas y, al mismo tiempo, prosperar gracias a la inmensurable biodiversidad del pa\u00eds.<\/p>\n","protected":false},"excerpt":{"rendered":"<p>La presencia de los seres humanos ha incidido en la disminuci\u00f3n de las poblaciones de algunos de los animales m\u00e1s asombrosos de Colombia. Investigadores javerianos hablan sobre su estado actual, los retos a los que se enfrentan y qu\u00e9 puede hacerse para conservarlos.<\/p>\n","protected":false},"author":45,"featured_media":36029,"comment_status":"open","ping_status":"open","sticky":false,"template":"","format":"standard","meta":{"footnotes":""},"categories":[376,1157,3688],"tags":[1816,2599,62,371,525],"class_list":{"0":"post-36023","1":"post","2":"type-post","3":"status-publish","4":"format-standard","5":"has-post-thumbnail","7":"category-ambiente","8":"category-destacadas","9":"category-en-colombia","10":"tag-animales","11":"tag-animales-en-colombia","12":"tag-biodiversidad","13":"tag-colombia","14":"tag-peligro-de-extincion"},"_links":{"self":[{"href":"http:\/\/www.javeriana.edu.co\/pesquisa\/wp-json\/wp\/v2\/posts\/36023","targetHints":{"allow":["GET"]}}],"collection":[{"href":"http:\/\/www.javeriana.edu.co\/pesquisa\/wp-json\/wp\/v2\/posts"}],"about":[{"href":"http:\/\/www.javeriana.edu.co\/pesquisa\/wp-json\/wp\/v2\/types\/post"}],"author":[{"embeddable":true,"href":"http:\/\/www.javeriana.edu.co\/pesquisa\/wp-json\/wp\/v2\/users\/45"}],"replies":[{"embeddable":true,"href":"http:\/\/www.javeriana.edu.co\/pesquisa\/wp-json\/wp\/v2\/comments?post=36023"}],"version-history":[{"count":5,"href":"http:\/\/www.javeriana.edu.co\/pesquisa\/wp-json\/wp\/v2\/posts\/36023\/revisions"}],"predecessor-version":[{"id":36036,"href":"http:\/\/www.javeriana.edu.co\/pesquisa\/wp-json\/wp\/v2\/posts\/36023\/revisions\/36036"}],"wp:featuredmedia":[{"embeddable":true,"href":"http:\/\/www.javeriana.edu.co\/pesquisa\/wp-json\/wp\/v2\/media\/36029"}],"wp:attachment":[{"href":"http:\/\/www.javeriana.edu.co\/pesquisa\/wp-json\/wp\/v2\/media?parent=36023"}],"wp:term":[{"taxonomy":"category","embeddable":true,"href":"http:\/\/www.javeriana.edu.co\/pesquisa\/wp-json\/wp\/v2\/categories?post=36023"},{"taxonomy":"post_tag","embeddable":true,"href":"http:\/\/www.javeriana.edu.co\/pesquisa\/wp-json\/wp\/v2\/tags?post=36023"}],"curies":[{"name":"wp","href":"https:\/\/api.w.org\/{rel}","templated":true}]}}