{"id":36169,"date":"2023-03-21T06:22:00","date_gmt":"2023-03-21T11:22:00","guid":{"rendered":"https:\/\/www.javeriana.edu.co\/pesquisa\/?p=36169"},"modified":"2023-03-21T14:02:26","modified_gmt":"2023-03-21T19:02:26","slug":"colombia-2040-oportunidades-y-desafios","status":"publish","type":"post","link":"http:\/\/www.javeriana.edu.co\/pesquisa\/colombia-2040-oportunidades-y-desafios\/","title":{"rendered":"\u00bfQu\u00e9 ocurri\u00f3 en el evento Colombia 2040: Oportunidades y desaf\u00edos?"},"content":{"rendered":"\n<p>Acad\u00e9micos, industriales y funcionarios p\u00fablicos discutieron sobre nuevas tecnolog\u00edas, los retos del futuro y las acciones que debe tomar el pa\u00eds para ser competitivo y sostenible en la escena global durante el Foro Colombia 2040: oportunidades y desaf\u00edos que tuvo lugar en febrero pasado.<\/p>\n\n\n\n<p>El evento fue organizado por la Facultad de Ingenier\u00eda de la Pontificia Universidad Javeriana, con el apoyo de INNpulsa Colombia y el Ministerio de Comercio, Industria y Turismo. Si se lo perdi\u00f3, <em>Pesquisa Javeriana <\/em>le cuenta los puntos m\u00e1s importantes.<\/p>\n\n\n\n<p><strong>ShowLABs, recorridos por los laboratorios de ingenier\u00eda<\/strong><\/p>\n\n\n\n<p>Esta actividad consisti\u00f3 en una exposici\u00f3n de las capacidades de los laboratorios de la Facultad de Ingenier\u00eda, al igual que los proyectos que se desarrollan en ellos. En el de estructuras, ubicado en el s\u00f3tano del edificio Jos\u00e9 Gabriel Maldonado, se llevan a cabo las pruebas de sismo resistencia, donde estructuras que pueden alcanzar varios metros de altura se ponen sobre una gran placa met\u00e1lica que simula los bruscos movimientos de los terremotos para determinar c\u00f3mo pueden mantenerse en pie.<\/p>\n\n\n\n<p>Tambi\u00e9n se mostraron otras tecnolog\u00edas como impresoras 3D, robots industriales, almacenes inteligentes, adem\u00e1s de proyectos en desarrollo como la desinfecci\u00f3n biol\u00f3gica por rayos ultravioleta o un dispositivo que supervisa la presi\u00f3n puesta sobre la planta del pie al caminar para mejorar la ergonom\u00eda y evitar padecimientos futuros.<\/p>\n\n\n\n<iframe width=\"560\" height=\"315\" src=\"https:\/\/www.youtube.com\/embed\/jhaaCPyNuZ8\" title=\"YouTube video player\" frameborder=\"0\" allow=\"accelerometer; autoplay; clipboard-write; encrypted-media; gyroscope; picture-in-picture; web-share\" allowfullscreen><\/iframe>\n\n\n\n<p>El recorrido concluy\u00f3 con la demostraci\u00f3n de Javeriana Cyberpro, un centro especializado en ciberseguridad \u00fanico en Colombia, cuyas metas incluyen formar a los estudiantes javerianos en este campo, al igual que proveer a empresas con servicios de monitoreo, prevenci\u00f3n de ciberataques y detecci\u00f3n de brechas de seguridad en sus sistemas de informaci\u00f3n.<\/p>\n\n\n\n<figure class=\"wp-block-image size-large\"><img fetchpriority=\"high\" decoding=\"async\" width=\"1024\" height=\"832\" src=\"http:\/\/www.javeriana.edu.co\/pesquisa\/wp-content\/uploads\/2023\/03\/Recorrido-laboratorios-1-1024x832.jpg\" alt=\"\" class=\"wp-image-36176\" srcset=\"http:\/\/www.javeriana.edu.co\/pesquisa\/wp-content\/uploads\/2023\/03\/Recorrido-laboratorios-1-1024x832.jpg 1024w, http:\/\/www.javeriana.edu.co\/pesquisa\/wp-content\/uploads\/2023\/03\/Recorrido-laboratorios-1-300x244.jpg 300w, http:\/\/www.javeriana.edu.co\/pesquisa\/wp-content\/uploads\/2023\/03\/Recorrido-laboratorios-1-150x122.jpg 150w, http:\/\/www.javeriana.edu.co\/pesquisa\/wp-content\/uploads\/2023\/03\/Recorrido-laboratorios-1-450x366.jpg 450w, http:\/\/www.javeriana.edu.co\/pesquisa\/wp-content\/uploads\/2023\/03\/Recorrido-laboratorios-1-768x624.jpg 768w, http:\/\/www.javeriana.edu.co\/pesquisa\/wp-content\/uploads\/2023\/03\/Recorrido-laboratorios-1.jpg 1200w\" sizes=\"(max-width: 1024px) 100vw, 1024px\" \/><figcaption>El recorrido por laboratorios incluy\u00f3 muestras del trabajo articulado con el Hospital Universitario San Ignacio en la impresi\u00f3n 3D. Foto: Andrea Morales<\/figcaption><\/figure>\n\n\n\n<p><strong>Conferencia principal: universidades como promotoras de cambio social<\/strong><\/p>\n\n\n\n<figure class=\"wp-block-embed is-type-video is-provider-youtube wp-block-embed-youtube wp-embed-aspect-16-9 wp-has-aspect-ratio\"><div class=\"wp-block-embed__wrapper\">\n<iframe title=\"Colombia 2040: Oportunidades y Desafios \/ Conferencia Principal\" width=\"814\" height=\"458\" src=\"https:\/\/www.youtube.com\/embed\/Qjg7ALgN_rA?start=2794&#038;feature=oembed\" frameborder=\"0\" allow=\"accelerometer; autoplay; clipboard-write; encrypted-media; gyroscope; picture-in-picture; web-share\" allowfullscreen><\/iframe>\n<\/div><\/figure>\n\n\n\n<p>La conferencia que abri\u00f3 la agenda del segundo d\u00eda fue dictada por Guido Saracco, ingeniero qu\u00edmico y rector del Polit\u00e9cnico de Tur\u00edn. Saracco habl\u00f3 sobre c\u00f3mo en el pasado las facultades de ingenier\u00eda creaban conocimiento y formaban profesionales \u00fanicamente en funci\u00f3n de la industria, mientras que hoy en d\u00eda es necesario que las universidades se \u201cbajen de la torre de marfil\u201d para atender las necesidades de la poblaci\u00f3n y crear una nueva senda de desarrollo inclusiva e igualitaria.<\/p>\n\n\n\n<p>Otro tema central fue la importancia de crear ecosistemas entre la academia, la industria y el gobierno. Seg\u00fan el conferencista, el conocimiento de punta generado en una universidad puede ser usado para atraer empresas del extranjero o crear empresas nuevas, d\u00e1ndole la posibilidad a sus estudiantes de hacer parte de ellas o, en sus palabras, \u201cinventar sus propios trabajos\u201d.<\/p>\n\n\n\n<p>En cuanto al gobierno, Saracco recalc\u00f3 que las universidades no solo pueden ayudar a generar pol\u00edticas con su conocimiento, sino que pueden ser un puente para crear ecosistemas interinstitucionales que utilicen alianzas, m\u00e1s no la competencia para el desarrollo de los pa\u00edses.<\/p>\n\n\n\n<p><strong>Los paneles: di\u00e1logos entre academia, industria y gobierno<\/strong><\/p>\n\n\n\n<figure class=\"wp-block-embed is-type-video is-provider-youtube wp-block-embed-youtube wp-embed-aspect-16-9 wp-has-aspect-ratio\"><div class=\"wp-block-embed__wrapper\">\n<iframe title=\"Colombia 2040: Oportunidades y Desafios \/ Panel Transici\u00f3n Energ\u00e9tica\" width=\"814\" height=\"458\" src=\"https:\/\/www.youtube.com\/embed\/S0lxu6ToVaE?feature=oembed\" frameborder=\"0\" allow=\"accelerometer; autoplay; clipboard-write; encrypted-media; gyroscope; picture-in-picture; web-share\" allowfullscreen><\/iframe>\n<\/div><\/figure>\n\n\n\n<p>El primer panel trat\u00f3 el tema de la transici\u00f3n energ\u00e9tica. Los integrantes resaltaron la importancia de escalar la producci\u00f3n de energ\u00eda renovable para crear una matriz energ\u00e9tica diversa que combine fuentes renovables y f\u00f3siles para mejorar el acceso a la energ\u00eda el\u00e9ctrica en el pa\u00eds e ir disminuyendo la dependencia econ\u00f3mica en la exportaci\u00f3n de hidrocarburos.<\/p>\n\n\n\n<p>Tambi\u00e9n concordaron en el potencial de Colombia para tener una industria competitiva de energ\u00edas renovables y lograr una transici\u00f3n que incluya tanto a los centros urbanos como a la poblaci\u00f3n rural.<\/p>\n\n\n\n<figure class=\"wp-block-embed is-type-video is-provider-youtube wp-block-embed-youtube wp-embed-aspect-16-9 wp-has-aspect-ratio\"><div class=\"wp-block-embed__wrapper\">\n<iframe title=\"Colombia 2040: Oportunidades y Desafios  \/ Panel Infraestructura\" width=\"814\" height=\"458\" src=\"https:\/\/www.youtube.com\/embed\/9WM7vo5SzAw?feature=oembed\" frameborder=\"0\" allow=\"accelerometer; autoplay; clipboard-write; encrypted-media; gyroscope; picture-in-picture; web-share\" allowfullscreen><\/iframe>\n<\/div><\/figure>\n\n\n\n<p>En el segundo panel, que incluy\u00f3 a la viceministra de transporte, Mar\u00eda Constanza Garc\u00eda Alicastro, se present\u00f3 un balance de los avances y las carencias de Colombia en t\u00e9rminos de infraestructura. Se habl\u00f3 sobre la importancia del transporte naval y ferroviario para la econom\u00eda, la construcci\u00f3n de v\u00edas, la crisis que se vivi\u00f3 a inicios del a\u00f1o por el derrumbe en la v\u00eda Panamericana y el debate sobre c\u00f3mo debe construirse el metro de Bogot\u00e1.<\/p>\n\n\n\n<figure class=\"wp-block-embed is-type-video is-provider-youtube wp-block-embed-youtube wp-embed-aspect-16-9 wp-has-aspect-ratio\"><div class=\"wp-block-embed__wrapper\">\n<iframe title=\"Colombia 2040: Oportunidades y Desafios \/ Panel Ecosistema: Academia, Industria y Gobierno\" width=\"814\" height=\"458\" src=\"https:\/\/www.youtube.com\/embed\/QGthYBaZcXY?start=2802&#038;feature=oembed\" frameborder=\"0\" allow=\"accelerometer; autoplay; clipboard-write; encrypted-media; gyroscope; picture-in-picture; web-share\" allowfullscreen><\/iframe>\n<\/div><\/figure>\n\n\n\n<p>El tercer panel retom\u00f3 las ideas de la conferencia principal. Incluy\u00f3 nuevamente al rector Guido Saracco y al asesor econ\u00f3mico de la presidencia C\u00e9sar Ferrari. Se habl\u00f3 sobre los retos que enfrenta Colombia para crear ecosistemas entre su academia, la industria y el gobierno y c\u00f3mo las universidades pueden plantear proyectos desde su conocimiento, las empresas pueden desarrollarlos y el Estado puede servir como un facilitador que vuelva a estos proyectos competitivos internacionalmente.<\/p>\n\n\n\n<figure class=\"wp-block-embed is-type-video is-provider-youtube wp-block-embed-youtube wp-embed-aspect-16-9 wp-has-aspect-ratio\"><div class=\"wp-block-embed__wrapper\">\n<iframe title=\"Colombia 2040: Oportunidades y Desafios \/ Industria 4.0 y Sostenibilidad\" width=\"814\" height=\"458\" src=\"https:\/\/www.youtube.com\/embed\/8L4wuDvs9dU?start=4253&#038;feature=oembed\" frameborder=\"0\" allow=\"accelerometer; autoplay; clipboard-write; encrypted-media; gyroscope; picture-in-picture; web-share\" allowfullscreen><\/iframe>\n<\/div><\/figure>\n\n\n\n<p>El cuarto panel incluy\u00f3 al ministro de Industria y Comercio, Germ\u00e1n Uma\u00f1a Mendoza, y fue una discusi\u00f3n sobre la industria 4.0 \u2013que est\u00e1 enfocada en nuevas tecnolog\u00edas como la automatizaci\u00f3n de procesos y la inteligencia artificial\u2013 y c\u00f3mo esta puede ser implementada en Colombia. Se habl\u00f3 sobre una necesidad de reindustrializar al pa\u00eds para desarrollar estas nuevas tecnolog\u00edas, atraer nuevas inversiones y crear alianzas internacionales que reconozcan la enorme riqueza natural, acad\u00e9mica y productiva del pa\u00eds.<\/p>\n\n\n\n<figure class=\"wp-block-embed is-type-video is-provider-youtube wp-block-embed-youtube wp-embed-aspect-16-9 wp-has-aspect-ratio\"><div class=\"wp-block-embed__wrapper\">\n<iframe title=\"Colombia 2040: Oportunidades y Desafios \/ Transformaci\u00f3n Digital\" width=\"814\" height=\"458\" src=\"https:\/\/www.youtube.com\/embed\/0Pcf-lvYNd4?start=3009&#038;feature=oembed\" frameborder=\"0\" allow=\"accelerometer; autoplay; clipboard-write; encrypted-media; gyroscope; picture-in-picture; web-share\" allowfullscreen><\/iframe>\n<\/div><\/figure>\n\n\n\n<p>Finalmente, el \u00faltimo panel incluy\u00f3 a Ra\u00fal Castellanos, director de Econom\u00eda digital de MinTIC, y fue un di\u00e1logo sobre la transformaci\u00f3n digital en Colombia. La importancia de cerrar las brechas de conectividad en el pa\u00eds fue uno de los temas centrales, pues proveer a la poblaci\u00f3n con buenos computadores y una conexi\u00f3n a internet puede darle la oportunidad a m\u00e1s personas de aprender las habilidades tecnol\u00f3gicas que ser\u00e1n fundamentales en el futuro. Tambi\u00e9n, se habl\u00f3 de c\u00f3mo las empresas pueden ser m\u00e1s competitivas accediendo a herramientas como el comercio electr\u00f3nico, la automatizaci\u00f3n y la flexibilidad del trabajo remoto y presencial.<\/p>\n\n\n\n<p>Todos los videos de las conferencias y paneles se pueden encontrar en el <a href=\"https:\/\/www.youtube.com\/watch?v=S0lxu6ToVaE&amp;list=PLF8VnDcDS954hz3uaS49kz2a0ilBqsAVw\" target=\"_blank\" rel=\"noreferrer noopener\">canal de YouTube<\/a> de Ingenier\u00eda PUJ.<\/p>\n","protected":false},"excerpt":{"rendered":"<p>Durante dos d\u00edas de febrero, la Facultad de Ingenier\u00eda de la Pontificia Universidad Javeriana organiz\u00f3 el foro Colombia 2040: Oportunidades y desaf\u00edos, que incluy\u00f3 recorridos por laboratorios, conferencias y paneles, un espacio para discutir los retos a los que se enfrenta el pa\u00eds.<\/p>\n","protected":false},"author":128,"featured_media":36177,"comment_status":"open","ping_status":"open","sticky":false,"template":"","format":"standard","meta":{"footnotes":""},"categories":[1157,127],"tags":[460,371,100,97,499,4243],"class_list":{"0":"post-36169","1":"post","2":"type-post","3":"status-publish","4":"format-standard","5":"has-post-thumbnail","7":"category-destacadas","8":"category-innovacion","9":"tag-ciencia","10":"tag-colombia","11":"tag-innovacion","12":"tag-investigacion","13":"tag-javeriana","14":"tag-laboratorios-de-ingenieria"},"_links":{"self":[{"href":"http:\/\/www.javeriana.edu.co\/pesquisa\/wp-json\/wp\/v2\/posts\/36169","targetHints":{"allow":["GET"]}}],"collection":[{"href":"http:\/\/www.javeriana.edu.co\/pesquisa\/wp-json\/wp\/v2\/posts"}],"about":[{"href":"http:\/\/www.javeriana.edu.co\/pesquisa\/wp-json\/wp\/v2\/types\/post"}],"author":[{"embeddable":true,"href":"http:\/\/www.javeriana.edu.co\/pesquisa\/wp-json\/wp\/v2\/users\/128"}],"replies":[{"embeddable":true,"href":"http:\/\/www.javeriana.edu.co\/pesquisa\/wp-json\/wp\/v2\/comments?post=36169"}],"version-history":[{"count":3,"href":"http:\/\/www.javeriana.edu.co\/pesquisa\/wp-json\/wp\/v2\/posts\/36169\/revisions"}],"predecessor-version":[{"id":36184,"href":"http:\/\/www.javeriana.edu.co\/pesquisa\/wp-json\/wp\/v2\/posts\/36169\/revisions\/36184"}],"wp:featuredmedia":[{"embeddable":true,"href":"http:\/\/www.javeriana.edu.co\/pesquisa\/wp-json\/wp\/v2\/media\/36177"}],"wp:attachment":[{"href":"http:\/\/www.javeriana.edu.co\/pesquisa\/wp-json\/wp\/v2\/media?parent=36169"}],"wp:term":[{"taxonomy":"category","embeddable":true,"href":"http:\/\/www.javeriana.edu.co\/pesquisa\/wp-json\/wp\/v2\/categories?post=36169"},{"taxonomy":"post_tag","embeddable":true,"href":"http:\/\/www.javeriana.edu.co\/pesquisa\/wp-json\/wp\/v2\/tags?post=36169"}],"curies":[{"name":"wp","href":"https:\/\/api.w.org\/{rel}","templated":true}]}}