{"id":36605,"date":"2023-06-07T12:28:45","date_gmt":"2023-06-07T17:28:45","guid":{"rendered":"https:\/\/www.javeriana.edu.co\/pesquisa\/?p=36605"},"modified":"2023-06-07T14:30:09","modified_gmt":"2023-06-07T19:30:09","slug":"reforma-pensional-enfoque-genero","status":"publish","type":"post","link":"http:\/\/www.javeriana.edu.co\/pesquisa\/reforma-pensional-enfoque-genero\/","title":{"rendered":"\u201cLa sentencia de la Corte Constitucional es un golpe al tablero, que implica repensar toda la reforma pensional\u201d, Carlos Prieto"},"content":{"rendered":"\n<p>El pasado 6 de junio la Corte Constitucional declar\u00f3 que es inconstitucional exigir que las mujeres coticen 1300 semanas para obtener la pensi\u00f3n. Esto, tras resolver una demanda en contra de la <a href=\"https:\/\/www.funcionpublica.gov.co\/eva\/gestornormativo\/norma.php?i=7223#:~:text=Cr%C3%A9ase%20una%20subcuenta%20de%20subsistencia,se%20establece%20en%20esta%20ley.\" target=\"_blank\" rel=\"noreferrer noopener\">Ley 797 de 2003<\/a>, que establec\u00eda los requisitos en edad y semanas de cotizaci\u00f3n. El demandante argument\u00f3 que dicha norma desconoc\u00eda las desigualdades en las condiciones para que las mujeres alcancen la pensi\u00f3n.<\/p>\n\n\n\n<p>La sala plena de la alta corte consider\u00f3 que la diferencia de edad pensional, aunque ha sido el esquema usado tradicionalmente, hoy resulta insuficiente para superar la discriminaci\u00f3n por razones de g\u00e9nero. Incluso, estima que resulta perjudicial para las mujeres exigir la misma cantidad de semanas cotizadas, en menos tiempo.<\/p>\n\n\n\n<p>La sentencia, que ha sido calificada como hist\u00f3rica por diversos especialistas, no ha quedado exenta de controversia. <em>Pesquisa Javeriana <\/em>habl\u00f3 con Carlos Prieto, profesor de Facultad de Ciencias Jur\u00eddicas de la Pontificia Universidad Javeriana y asesor jur\u00eddico del Viceministerio de Empleo y Pensiones, del Ministerio del Trabajo, para conocer las motivaciones e impactos de esta decisi\u00f3n.<\/p>\n\n\n\n<h4 class=\"wp-block-heading\"><strong>\u00bfCu\u00e1les son los requisitos actuales para que las mujeres alcancen la pensi\u00f3n?<\/strong><\/h4>\n\n\n\n<p>Las mujeres y hombres causan su pensi\u00f3n en el r\u00e9gimen de prima media, que es el que administra Colpensiones, cumplidos los requisitos, de edad y de semanas cotizadas. A partir del a\u00f1o 2003 la edad para pensionarse se aument\u00f3 a 57 a\u00f1os para las mujeres y 62 para los hombres. En ambos casos se deben cotizar 1300 semanas.<\/p>\n\n\n\n<p>El tratamiento de las mujeres en el sistema pensional ten\u00eda una diferencia en funci\u00f3n de la edad. Se entend\u00eda como un beneficio exigir una edad menor para acceder a la pensi\u00f3n que la que se estipula para el hombre.<\/p>\n\n\n\n<h4 class=\"wp-block-heading\"><strong>\u00bfQu\u00e9 cambia la Corte Constitucional con esta sentencia?<\/strong><\/h4>\n\n\n\n<p>Hubo una demanda contra esta ley ante la Corte Constitucional que se resolvi\u00f3 mediante la Sentencia C 197 2023, de la cual, hasta ahora, tenemos el comunicado de prensa. A las mujeres se les va a exigir 1000 semanas solamente, no 1300. Eso, en tiempo, es que se exigir\u00e1n 20 a\u00f1os de cotizaci\u00f3n y no 26 como sucede actualmente. Se mantiene la edad 57 a\u00f1os.<\/p>\n\n\n\n<h4 class=\"wp-block-heading\"><strong>\u00bfPor qu\u00e9 la Corte redujo las semanas de cotizaci\u00f3n para las mujeres?<\/strong><\/h4>\n\n\n\n<p>La Corte Constitucional hace un an\u00e1lisis de la situaci\u00f3n de las mujeres en cuanto al acceso a la pensi\u00f3n. Parte de la premisa que las mujeres han estado hist\u00f3ricamente sometidas a discriminaci\u00f3n en el mundo del trabajo.<\/p>\n\n\n\n<p>\u00bfY por cuenta de qu\u00e9? Primero, la carga de obligaciones familiares. Hist\u00f3rica y culturalmente, la mujer ha tenido que asumir, sin remuneraci\u00f3n, el cuidado del hogar, del n\u00facleo familiar, de personas con ciertos niveles de dependencia. Y segundo, por eso mismo, se ven abocadas a tener trabajos espor\u00e1dicos o trabajos informales. Por cuenta de esa informalidad, no alcanzan los requisitos para la pensi\u00f3n.<\/p>\n\n\n\n<p>Si a eso le sumamos que el sistema actual le exige 1300 semanas cotizadas en un tiempo menor al del hombre, entonces lo que se est\u00e1 haciendo es imponi\u00e9ndole una carga adicional. El hombre tiene cinco a\u00f1os m\u00e1s para completar esas cotizaciones.<\/p>\n\n\n\n<p>La Corte plantea que debe reivindicarse la posici\u00f3n de las mujeres frente al derecho pensional, que es un derecho fundamental. En consecuencia, se tiene que reparar eso con una acci\u00f3n afirmativa, que es exigirles menos tiempo de cotizaci\u00f3n para acceder a la pensi\u00f3n.<\/p>\n\n\n\n<figure class=\"wp-block-image size-large\"><img fetchpriority=\"high\" decoding=\"async\" width=\"1024\" height=\"576\" src=\"http:\/\/www.javeriana.edu.co\/pesquisa\/wp-content\/uploads\/2023\/04\/reforma-pensional-sistema-pilares-petro--1024x576.jpg\" alt=\"Para el Observatorio Fiscal de la Pontificia Universidad Javeriana, en la reforma pensional hay avances importantes en cobertura y equidad\" class=\"wp-image-36268\" srcset=\"http:\/\/www.javeriana.edu.co\/pesquisa\/wp-content\/uploads\/2023\/04\/reforma-pensional-sistema-pilares-petro--1024x576.jpg 1024w, http:\/\/www.javeriana.edu.co\/pesquisa\/wp-content\/uploads\/2023\/04\/reforma-pensional-sistema-pilares-petro--300x169.jpg 300w, http:\/\/www.javeriana.edu.co\/pesquisa\/wp-content\/uploads\/2023\/04\/reforma-pensional-sistema-pilares-petro--1536x864.jpg 1536w, http:\/\/www.javeriana.edu.co\/pesquisa\/wp-content\/uploads\/2023\/04\/reforma-pensional-sistema-pilares-petro--150x84.jpg 150w, http:\/\/www.javeriana.edu.co\/pesquisa\/wp-content\/uploads\/2023\/04\/reforma-pensional-sistema-pilares-petro--450x253.jpg 450w, http:\/\/www.javeriana.edu.co\/pesquisa\/wp-content\/uploads\/2023\/04\/reforma-pensional-sistema-pilares-petro--1200x675.jpg 1200w, http:\/\/www.javeriana.edu.co\/pesquisa\/wp-content\/uploads\/2023\/04\/reforma-pensional-sistema-pilares-petro--768x432.jpg 768w, http:\/\/www.javeriana.edu.co\/pesquisa\/wp-content\/uploads\/2023\/04\/reforma-pensional-sistema-pilares-petro-.jpg 1920w\" sizes=\"(max-width: 1024px) 100vw, 1024px\" \/><figcaption>Foto: Shutterstock<\/figcaption><\/figure>\n\n\n\n<h4 class=\"wp-block-heading\"><strong>\u00bfCu\u00e1ndo se hace efectivo ese cambio?<\/strong><\/h4>\n\n\n\n<p>Lo que plantea la sentencia es una aplicaci\u00f3n a partir del primero de enero del 2026. Insta al Congreso de la Rep\u00fablica a que, de aqu\u00ed a esa fecha, se promulgue una ley que adopte los criterios que expone la Corte. Es decir, que haga una reforma al r\u00e9gimen pensional con enfoque de g\u00e9nero, que tenga en cuenta la particular condici\u00f3n de las mujeres y su afiliaci\u00f3n al sistema de seguridad social.<\/p>\n\n\n\n<h4 class=\"wp-block-heading\"><strong>\u00bfY si el Congreso de la Rep\u00fablica no lo hace?<\/strong><\/h4>\n\n\n\n<p>Va a empezar a surtir efecto la sentencia en 2026, reduciendo 50 semanas del requisito, es decir, ya no ser\u00edan 1300, sino 1250. Y a partir del 2027, se reducir\u00edan 25 semanas cada a\u00f1o, hasta llegar a las 1000. O sea, es un efecto que, de darse, lo har\u00eda completamente hasta 2036.<\/p>\n\n\n\n<figure class=\"wp-block-image size-large\"><img decoding=\"async\" width=\"1024\" height=\"576\" src=\"http:\/\/www.javeriana.edu.co\/pesquisa\/wp-content\/uploads\/2023\/06\/reforma-pensional-semanas-pension-corte-constitucional-1024x576.jpg\" alt=\"La Corte Constitucional declar\u00f3 inconstitucional la ley que exige a las mujeres 1300 semanas para alcanzar la pensi\u00f3n. Experto javeriano explica los or\u00edgenes y efectos de esta decisi\u00f3n.\" class=\"wp-image-36610\" srcset=\"http:\/\/www.javeriana.edu.co\/pesquisa\/wp-content\/uploads\/2023\/06\/reforma-pensional-semanas-pension-corte-constitucional-1024x576.jpg 1024w, http:\/\/www.javeriana.edu.co\/pesquisa\/wp-content\/uploads\/2023\/06\/reforma-pensional-semanas-pension-corte-constitucional-300x169.jpg 300w, http:\/\/www.javeriana.edu.co\/pesquisa\/wp-content\/uploads\/2023\/06\/reforma-pensional-semanas-pension-corte-constitucional-1536x864.jpg 1536w, http:\/\/www.javeriana.edu.co\/pesquisa\/wp-content\/uploads\/2023\/06\/reforma-pensional-semanas-pension-corte-constitucional-150x84.jpg 150w, http:\/\/www.javeriana.edu.co\/pesquisa\/wp-content\/uploads\/2023\/06\/reforma-pensional-semanas-pension-corte-constitucional-450x253.jpg 450w, http:\/\/www.javeriana.edu.co\/pesquisa\/wp-content\/uploads\/2023\/06\/reforma-pensional-semanas-pension-corte-constitucional-1200x675.jpg 1200w, http:\/\/www.javeriana.edu.co\/pesquisa\/wp-content\/uploads\/2023\/06\/reforma-pensional-semanas-pension-corte-constitucional-768x432.jpg 768w, http:\/\/www.javeriana.edu.co\/pesquisa\/wp-content\/uploads\/2023\/06\/reforma-pensional-semanas-pension-corte-constitucional.jpg 1920w\" sizes=\"(max-width: 1024px) 100vw, 1024px\" \/><figcaption>Corte constitucional. Foto: Shutterstock<\/figcaption><\/figure>\n\n\n\n<h4 class=\"wp-block-heading\"><strong>\u00bfCree que esta decisi\u00f3n de la Corte Constitucional es apropiada?<\/strong><\/h4>\n\n\n\n<p>A\u00fan falta conocer el texto completo de la sentencia para hacer un an\u00e1lisis m\u00e1s detallado. Sin embargo, es una decisi\u00f3n interesante para analizar desde varios enfoques. El primero: el enfoque jur\u00eddico. Definitivamente, la sentencia plasma una idea que yo creo que es correcta, que es la de entender que la pensi\u00f3n es un derecho fundamental.<\/p>\n\n\n\n<p>Los derechos fundamentales se tienen que realizar y, sobre todo, en personas que hist\u00f3ricamente han sido v\u00edctimas de tratamientos discriminatorios. Un grupo de poblaci\u00f3n, no solo en Colombia, sino en el mundo, que ha sido particularmente discriminado, han sido las mujeres. No hay ninguna raz\u00f3n para que eso sea as\u00ed.<\/p>\n\n\n\n<p>Independientemente del g\u00e9nero, del sexo, de la tendencia pol\u00edtica, todos merecemos un tratamiento igual en t\u00e9rminos de dignidad humana, y eso es indudable. Las sociedades tienen que tender a superar esas barreras y limitaciones. En ese sentido, la sentencia es coherente con los postulados constitucionales. Reivindica la dignidad humana.<\/p>\n\n\n\n<p>No obstante, hay cierta inquietud en el efecto que surte respecto a la sostenibilidad financiera. El mismo comunicado se\u00f1ala que la sostenibilidad financiera del sistema pensional es muy importante, pero por encima est\u00e1 la dignidad humana.<\/p>\n\n\n\n<p>Pero tenemos un problema: todos los modelos coinciden en se\u00f1alar que, por cuenta de los cambios sociales, culturales y econ\u00f3micos de las sociedades contempor\u00e1neas, los modelos de reparto simple, como es el de Colpensiones, ya no pueden reconocer las prestaciones como hace 20 o 40 a\u00f1os.<\/p>\n\n\n\n<figure class=\"wp-block-embed aligncenter is-type-rich is-provider-twitter wp-block-embed-twitter\"><div class=\"wp-block-embed__wrapper\">\n<blockquote class=\"twitter-tweet\" data-width=\"550\" data-dnt=\"true\"><p lang=\"es\" dir=\"ltr\"><a href=\"https:\/\/twitter.com\/hashtag\/LaCorteInforma?src=hash&amp;ref_src=twsrc%5Etfw\" target=\"_blank\" rel=\"noopener\">#LaCorteInforma<\/a> I Corte declara inconstitucional la exigencia de 1300 semanas de cotizaci\u00f3n para que las mujeres obtengan la pensi\u00f3n de vejez.<br><br>Toda la informaci\u00f3n \u25b6\ufe0f<a href=\"https:\/\/t.co\/NWEkFYrIjB\">https:\/\/t.co\/NWEkFYrIjB<\/a> <a href=\"https:\/\/t.co\/z3x969TY1m\">pic.twitter.com\/z3x969TY1m<\/a><\/p>&mdash; Corte Constitucional (@CConstitucional) <a href=\"https:\/\/twitter.com\/CConstitucional\/status\/1666058277677924354?ref_src=twsrc%5Etfw\" target=\"_blank\" rel=\"noopener\">June 6, 2023<\/a><\/blockquote><script async src=\"https:\/\/platform.twitter.com\/widgets.js\" charset=\"utf-8\"><\/script>\n<\/div><\/figure>\n\n\n\n<p>Una de las maneras de hacer sostenible un modelo funcional es aumentando los par\u00e1metros de causaci\u00f3n, esto es, elevar la exigencia de semanas de cotizaci\u00f3n y la edad para acceder a la pensi\u00f3n. En la reforma pensional que present\u00f3 el Gobierno no se modific\u00f3 el n\u00famero de semanas, ni la edad, cosa que deber\u00eda hacerse porque 1300 semanas es poco tiempo de cotizaci\u00f3n.<\/p>\n\n\n\n<p>La edad tambi\u00e9n deber\u00eda aumentarse y tender a los 65 a\u00f1os, para que se d\u00e9 sostenibilidad. Que se mantengan las condiciones genera estr\u00e9s financiero en el sistema.<\/p>\n\n\n\n<h4 class=\"wp-block-heading\"><strong>\u00bfQu\u00e9 pasa entonces con la reforma pensional y esta sentencia de la Corte Constitucional?<\/strong><\/h4>\n\n\n\n<p>En mi opini\u00f3n, esta sentencia hace que se tenga que replantear \u00edntegramente la reforma pensional. El proyecto plantea hacer una reforma estructural, pero part\u00eda del hecho de mantener los par\u00e1metros, es decir, m\u00ednimo 1300 semanas y las edades. Entonces, todos los c\u00e1lculos y proyecciones financieras que se hab\u00edan hecho en torno a la financiaci\u00f3n de pensiones contributivas tienen que hacerse nuevamente en funci\u00f3n del g\u00e9nero.<\/p>\n\n\n\n<p>Eso genera un estr\u00e9s adicional al sistema, m\u00e1s si se tiene en cuenta que la expectativa de vida de la mujer es m\u00e1s larga que la del hombre. Con menos semanas, tendr\u00e1n que hacer ajustes en esos c\u00e1lculos<\/p>\n\n\n\n<p>Adem\u00e1s, surge otro tema que tiene que ver con la identidad de g\u00e9nero de los afiliados. Una persona de g\u00e9nero binario, de g\u00e9nero fluido, transg\u00e9nero, \u00bfen d\u00f3nde la vamos a poner y en qu\u00e9 momento vamos a pedirle a esos requisitos?<\/p>\n\n\n\n<p>En mi concepto, la sentencia es un golpe al tablero que implica volver a pensar de nuevo, todo el modelo pensional. Sin duda es interesante, porque nos sac\u00f3 de la zona de confort que ya ten\u00edamos m\u00e1s o menos armada, y eso es bueno. Es pensar las cosas y ponerse al d\u00eda con deudas hist\u00f3ricas y culturales que tenemos.<\/p>\n\n\n\n<figure class=\"wp-block-image size-large\"><img decoding=\"async\" width=\"1024\" height=\"536\" src=\"http:\/\/www.javeriana.edu.co\/pesquisa\/wp-content\/uploads\/2019\/03\/que-necesita-el-sistema-pensional-colombiano-1024x536.jpg\" alt=\"\" class=\"wp-image-22325\" srcset=\"http:\/\/www.javeriana.edu.co\/pesquisa\/wp-content\/uploads\/2019\/03\/que-necesita-el-sistema-pensional-colombiano-1024x536.jpg 1024w, http:\/\/www.javeriana.edu.co\/pesquisa\/wp-content\/uploads\/2019\/03\/que-necesita-el-sistema-pensional-colombiano-300x157.jpg 300w, http:\/\/www.javeriana.edu.co\/pesquisa\/wp-content\/uploads\/2019\/03\/que-necesita-el-sistema-pensional-colombiano-150x79.jpg 150w, http:\/\/www.javeriana.edu.co\/pesquisa\/wp-content\/uploads\/2019\/03\/que-necesita-el-sistema-pensional-colombiano-450x236.jpg 450w, http:\/\/www.javeriana.edu.co\/pesquisa\/wp-content\/uploads\/2019\/03\/que-necesita-el-sistema-pensional-colombiano-1200x628.jpg 1200w, http:\/\/www.javeriana.edu.co\/pesquisa\/wp-content\/uploads\/2019\/03\/que-necesita-el-sistema-pensional-colombiano-768x402.jpg 768w, http:\/\/www.javeriana.edu.co\/pesquisa\/wp-content\/uploads\/2019\/03\/que-necesita-el-sistema-pensional-colombiano.jpg 1280w\" sizes=\"(max-width: 1024px) 100vw, 1024px\" \/><\/figure>\n\n\n\n<h4 class=\"wp-block-heading\"><strong>La reforma pensional planteaba ciertos beneficios a las madres, \u00bfQu\u00e9 pasa con eso?<\/strong><\/h4>\n\n\n\n<p>Hay que replantear el <a href=\"https:\/\/www.javeriana.edu.co\/pesquisa\/reforma-pensional-discusion-futuro\/\" target=\"_blank\" rel=\"noreferrer noopener\">proyecto de reforma pensional<\/a>. No vendr\u00edan a ser requisitos acumulables. En el texto de la Reforma que se ha venido socializando se hablaba de reducir 50 semanas de cotizaci\u00f3n por cada hijo, con un l\u00edmite de hasta tres. Pero el criterio era que se manten\u00eda a las 1300 semanas, de modo que una madre podr\u00eda pensionarse con 1150 cotizadas.<\/p>\n\n\n\n<p>Si se acumulan las normativas, ser\u00eda muy complicado el tema de reunir los requisitos porque habr\u00eda mujeres que alcancen las semanas requeridas en unos 18 a\u00f1os y medio de trabajo, pero la edad de pensi\u00f3n se mantiene. Y no se causar\u00eda sino hasta cuando tuviera 57 a\u00f1os. Por tanto, tendr\u00eda que seguir cotizando hasta alcanzar la edad requerida, de manera que el efecto es neutro.<\/p>\n\n\n\n<h4 class=\"wp-block-heading\"><strong>\u00bfY c\u00f3mo iba el clima en la discusi\u00f3n de esta reforma en el Congreso?<\/strong><\/h4>\n\n\n\n<p>El momento pol\u00edtico es muy complejo y reformar el sistema de pensiones en cualquier pa\u00eds siempre va a ser dif\u00edcil porque toca una de las promesas del Estado Social de Derecho m\u00e1s sensibles, que es la protecci\u00f3n econ\u00f3mica en la vejez<a href=\"https:\/\/www.corteconstitucional.gov.co\/noticia.php?Corte-declara-inconstitucional-la-exigencia-de-1300-semanas-de-cotizaci%C3%B3n-para-que-las-mujeres-obtengan-la-pensi%C3%B3n-de-vejez-9515\" target=\"_blank\" rel=\"noreferrer noopener\">.<\/a><\/p>\n\n\n\n<p>Por si acaso le faltaba algo al convulsionado momento jur\u00eddico y pol\u00edtico que vivimos, llega otra cereza para ponerle al postre. Eso nos exige seguir reflexionando sobre estos temas.<\/p>\n","protected":false},"excerpt":{"rendered":"<p>La Corte Constitucional declar\u00f3 inconstitucional la ley que exige a las mujeres 1300 semanas para alcanzar la pensi\u00f3n. Experto javeriano explica los or\u00edgenes y efectos de esta decisi\u00f3n. <\/p>\n","protected":false},"author":26,"featured_media":34438,"comment_status":"open","ping_status":"open","sticky":false,"template":"","format":"standard","meta":{"footnotes":""},"categories":[373,1157,48,3690],"tags":[371,2116,1781,499,1775],"class_list":{"0":"post-36605","1":"post","2":"type-post","3":"status-publish","4":"format-standard","5":"has-post-thumbnail","7":"category-sociedad","8":"category-destacadas","9":"category-entrevistas","10":"category-genero","11":"tag-colombia","12":"tag-colpensiones","13":"tag-enfoque-de-genero","14":"tag-javeriana","15":"tag-reforma-pensional"},"_links":{"self":[{"href":"http:\/\/www.javeriana.edu.co\/pesquisa\/wp-json\/wp\/v2\/posts\/36605","targetHints":{"allow":["GET"]}}],"collection":[{"href":"http:\/\/www.javeriana.edu.co\/pesquisa\/wp-json\/wp\/v2\/posts"}],"about":[{"href":"http:\/\/www.javeriana.edu.co\/pesquisa\/wp-json\/wp\/v2\/types\/post"}],"author":[{"embeddable":true,"href":"http:\/\/www.javeriana.edu.co\/pesquisa\/wp-json\/wp\/v2\/users\/26"}],"replies":[{"embeddable":true,"href":"http:\/\/www.javeriana.edu.co\/pesquisa\/wp-json\/wp\/v2\/comments?post=36605"}],"version-history":[{"count":4,"href":"http:\/\/www.javeriana.edu.co\/pesquisa\/wp-json\/wp\/v2\/posts\/36605\/revisions"}],"predecessor-version":[{"id":36613,"href":"http:\/\/www.javeriana.edu.co\/pesquisa\/wp-json\/wp\/v2\/posts\/36605\/revisions\/36613"}],"wp:featuredmedia":[{"embeddable":true,"href":"http:\/\/www.javeriana.edu.co\/pesquisa\/wp-json\/wp\/v2\/media\/34438"}],"wp:attachment":[{"href":"http:\/\/www.javeriana.edu.co\/pesquisa\/wp-json\/wp\/v2\/media?parent=36605"}],"wp:term":[{"taxonomy":"category","embeddable":true,"href":"http:\/\/www.javeriana.edu.co\/pesquisa\/wp-json\/wp\/v2\/categories?post=36605"},{"taxonomy":"post_tag","embeddable":true,"href":"http:\/\/www.javeriana.edu.co\/pesquisa\/wp-json\/wp\/v2\/tags?post=36605"}],"curies":[{"name":"wp","href":"https:\/\/api.w.org\/{rel}","templated":true}]}}