{"id":36900,"date":"2023-08-02T07:09:16","date_gmt":"2023-08-02T12:09:16","guid":{"rendered":"https:\/\/www.javeriana.edu.co\/pesquisa\/?p=36900"},"modified":"2023-08-02T10:33:13","modified_gmt":"2023-08-02T15:33:13","slug":"estudio-adaptacion-plantas","status":"publish","type":"post","link":"http:\/\/www.javeriana.edu.co\/pesquisa\/estudio-adaptacion-plantas\/","title":{"rendered":"De Bogot\u00e1 a Tenerife: la colombiana que estudia la adaptaci\u00f3n de las plantas"},"content":{"rendered":"\n<p><\/p>\n\n\n\n<p>El mes pasado la bi\u00f3loga javeriana Martha Paola Barajas cumpli\u00f3 el sue\u00f1o de muchos otros investigadores alrededor del globo: publicar un <a href=\"https:\/\/www.nature.com\/articles\/s41586-023-06305-z\" target=\"_blank\" rel=\"noopener\">art\u00edculo<\/a> en la revista cient\u00edfica <em>Nature<\/em>, la m\u00e1s citada a lo largo y ancho del mundo. Sin embargo, esto resulta ser solo la punta de un iceberg que se sumerge en un mar de pasi\u00f3n por la ecolog\u00eda y la adaptaci\u00f3n de las plantas.<\/p>\n\n\n\n<p>El estudio de Barajas y sus colaboradores, llevado a cabo durante su doctorado en la universidad de <a href=\"https:\/\/www.uni-goettingen.de\/en\/128741.html\" target=\"_blank\" rel=\"noopener\">Gotinga<\/a>, y quien actualmente trabaja en el <a href=\"https:\/\/www.idiv.de\/en\" target=\"_blank\" rel=\"noopener\">Centro Alem\u00e1n para la Investigaci\u00f3n Integrativa de la Biodiversidad<\/a> (iDiv), se empe\u00f1a en comprender c\u00f3mo se adaptan las especies vegetales cuando su hogar es una isla. Para esto Barajas viaj\u00f3 cerca de 4000 kil\u00f3metros desde Gotinga, Alemania, hasta Tenerife, una isla espa\u00f1ola situada frente a la costa de Marruecos, en el Atl\u00e1ntico.<\/p>\n\n\n\n<h4 class=\"wp-block-heading\"><strong>Islas: laboratorios de la evoluci\u00f3n<\/strong><\/h4>\n\n\n\n<figure class=\"wp-block-image size-large\"><img fetchpriority=\"high\" decoding=\"async\" width=\"1024\" height=\"683\" src=\"https:\/\/www.javeriana.edu.co\/pesquisa\/wp-content\/uploads\/2023\/08\/pinzones-galapagos-paola-barajas-adaptacion-1024x683.jpg\" alt=\"\" class=\"wp-image-36904\" srcset=\"http:\/\/www.javeriana.edu.co\/pesquisa\/wp-content\/uploads\/2023\/08\/pinzones-galapagos-paola-barajas-adaptacion-1024x683.jpg 1024w, http:\/\/www.javeriana.edu.co\/pesquisa\/wp-content\/uploads\/2023\/08\/pinzones-galapagos-paola-barajas-adaptacion-300x200.jpg 300w, http:\/\/www.javeriana.edu.co\/pesquisa\/wp-content\/uploads\/2023\/08\/pinzones-galapagos-paola-barajas-adaptacion-150x100.jpg 150w, http:\/\/www.javeriana.edu.co\/pesquisa\/wp-content\/uploads\/2023\/08\/pinzones-galapagos-paola-barajas-adaptacion-450x300.jpg 450w, http:\/\/www.javeriana.edu.co\/pesquisa\/wp-content\/uploads\/2023\/08\/pinzones-galapagos-paola-barajas-adaptacion-768x512.jpg 768w, http:\/\/www.javeriana.edu.co\/pesquisa\/wp-content\/uploads\/2023\/08\/pinzones-galapagos-paola-barajas-adaptacion.jpg 1200w\" sizes=\"(max-width: 1024px) 100vw, 1024px\" \/><figcaption><em>Inspirado por los picos de estos pinzones de las Islas Gal\u00e1pagos, Charles Darwin formul\u00f3 la teor\u00eda de la evoluci\u00f3n por selecci\u00f3n natural. Foto: Shutterstock<\/em><\/figcaption><\/figure>\n\n\n\n<p>Las islas siempre han sido lugares que fascinan a quienes estudian los seres vivos en el planeta, solo hay que observar al famos\u00edsimo Charles Darwin, quien ide\u00f3 la teor\u00eda de la evoluci\u00f3n mientras observaba a las aves de las islas Gal\u00e1pagos.<\/p>\n\n\n\n<p>La configuraci\u00f3n de las especies en estos lugares depende de sus procesos de formaci\u00f3n. Usualmente son conquistados por especies vegetales cuyas semillas pueden viajar kil\u00f3metros sobre el mar para establecerse y formar poblaciones insulares que, adem\u00e1s de quedar aisladas de sus hermanas continentales, se enfrentan al gran reto de adaptarse a las nuevas condiciones ambientales que les brinda la isla. Con el tiempo estas presiones hacen que las plantas isle\u00f1as luzcan distintas a las del continente.<\/p>\n\n\n\n<blockquote class=\"wp-block-quote has-text-align-right is-layout-flow wp-block-quote-is-layout-flow\"><p> \u201cEn las islas cambia la biota. El paradigma dicta que cuando una especie llega a una isla se vuelve m\u00e1s grande, o se vuelve m\u00e1s peque\u00f1a; tambi\u00e9n ocurre que algunas aves pierden la capacidad de volar. La evoluci\u00f3n act\u00faa de forma distinta en esto sitios\u201d <\/p><cite>Martha Paola Barajas, macroec\u00f3loga del iDiv.<\/cite><\/blockquote>\n\n\n\n<p>El estudio de Barajas buscaba identificar las peculiaridades en la diversidad funcional de las islas, es decir, la variedad de rasgos que cumplen alguna utilidad en el&nbsp;organismo para lidiar con el entorno presentes en las plantas que viven en \u00e9l. Seleccion\u00f3 Tenerife, la m\u00e1s grande de las islas Canarias, con un \u00e1rea de 2058 kil\u00f3metros cuadrados, que se eleva desde 0 hasta los 3715 metros sobre el nivel del mar, lo que la convierte en el lugar perfecto para evaluar los efectos de la isla sobre los rasgos de las plantas. \u201cYo lo veo como un microcontinente, tiene desde costas hasta altas monta\u00f1as, hay bosques pero tambi\u00e9n hay desiertos\u201d, le cont\u00f3 Barajas a Pesquisa Javeriana.<br><\/p>\n\n\n\n<h4 class=\"wp-block-heading\"><strong>\u00bfQu\u00e9 les pas\u00f3 a las plantas de Tenerife?<\/strong><\/h4>\n\n\n\n<figure class=\"wp-block-image size-large\"><img decoding=\"async\" width=\"1024\" height=\"683\" src=\"https:\/\/www.javeriana.edu.co\/pesquisa\/wp-content\/uploads\/2023\/08\/Isla-Tenerife-paola-barajas-adaptacion-1024x683.jpg\" alt=\"\" class=\"wp-image-36905\" srcset=\"http:\/\/www.javeriana.edu.co\/pesquisa\/wp-content\/uploads\/2023\/08\/Isla-Tenerife-paola-barajas-adaptacion-1024x683.jpg 1024w, http:\/\/www.javeriana.edu.co\/pesquisa\/wp-content\/uploads\/2023\/08\/Isla-Tenerife-paola-barajas-adaptacion-300x200.jpg 300w, http:\/\/www.javeriana.edu.co\/pesquisa\/wp-content\/uploads\/2023\/08\/Isla-Tenerife-paola-barajas-adaptacion-150x100.jpg 150w, http:\/\/www.javeriana.edu.co\/pesquisa\/wp-content\/uploads\/2023\/08\/Isla-Tenerife-paola-barajas-adaptacion-450x300.jpg 450w, http:\/\/www.javeriana.edu.co\/pesquisa\/wp-content\/uploads\/2023\/08\/Isla-Tenerife-paola-barajas-adaptacion-768x512.jpg 768w, http:\/\/www.javeriana.edu.co\/pesquisa\/wp-content\/uploads\/2023\/08\/Isla-Tenerife-paola-barajas-adaptacion.jpg 1200w\" sizes=\"(max-width: 1024px) 100vw, 1024px\" \/><figcaption><em>El barranco del infierno en la isla de Tenerife. Foto: Shutterstock<\/em><\/figcaption><\/figure>\n\n\n\n<p>Tenerife est\u00e1 llena de arbustos. El clima \u00e1rido ha causado que las especies de flora dominantes sean de un tama\u00f1o intermedio, ni muy grandes ni muy peque\u00f1as. \u201cA pesar de que la isla es muy diversa, las condiciones solo permiten que las plantas que tienen algunas caracter\u00edsticas espec\u00edficas sobrevivan y dominen la flora\u201d, explica.<\/p>\n\n\n\n<p>Si bien el tama\u00f1o es una de estas caracter\u00edsticas, las plantas que se exponen a un clima \u00e1rido deben desarrollar todo tipo de estrategias para no perder su agua ante el sol y el viento. Las hojas deben ser gruesas y duras, las semillas disminuyen su tama\u00f1o y los tallos deben estar hechos de madera. Barajas llama a esto \u00faltimo \u201cle\u00f1osidad insular\u201d, y lo describe como otro fen\u00f3meno propio de la flora en las islas, que, como Tenerife, suele contar con muchas especies de arbustos le\u00f1osos.<\/p>\n\n\n\n<p>Sin embargo, esto no era lo que esperaba Barajas y su grupo de investigadores. La diversidad de pisos t\u00e9rmicos y cualidades ambientales de la isla los llevaron a pensar inicialmente que habr\u00eda una mayor diversidad en estos rasgos funcionales, como el tama\u00f1o de la planta, el \u00e1rea de las hojas o su grosor. Result\u00f3 que, si bien encontraron diversidad funcional, tambi\u00e9n se toparon con el patr\u00f3n de los arbustos le\u00f1osos adaptados al clima \u00e1rido.<\/p>\n\n\n\n<p>Atribuyeron este resultado a dos fuerzas que luchan para determinar las formas en las que las plantas se adaptan a su entorno: la dispersi\u00f3n y la evoluci\u00f3n. \u201cLa dispersi\u00f3n es cuando los organismos migran a diferentes lugares y se adaptan a ellos, mientras que la evoluci\u00f3n es el proceso por el cual se generan nuevas especies. Nosotros esper\u00e1bamos que la dispersi\u00f3n limitara la diversidad, porque llegar a un sitio alejado es un reto para las especies, y que la evoluci\u00f3n la aumentara, porque las islas son sitios perfectos para que evolucionen, pero encontramos lo opuesto\u201d, plantea.<\/p>\n\n\n\n<p>Al parecer, la adaptaci\u00f3n causada por la dispersi\u00f3n estaba generando m\u00e1s variaci\u00f3n en las caracter\u00edsticas de las plantas que la evoluci\u00f3n, ya que, debido al clima \u00e1rido, muchas de las especies no hab\u00edan podido escapar de la forma del arbusto y eran muy similares a sus antepasados. Otro aspecto sorprendente de este estudio fue la enorme escala con la que se realiz\u00f3. Lograron muestrear el 80% de toda la flora nativade Tenerife, recorriendo 500 sitios en toda la isla desde el nivel del mar hasta los 2700 metros. \u201cLa forma en la que colectamos los datos y c\u00f3mo hicimos el an\u00e1lisis son las partes m\u00e1s valiosas del estudio. Haber podido conseguir esa cantidad de informaci\u00f3n tiene un gran valor, porque entre m\u00e1s datos se tengan, m\u00e1s robustas son las conclusiones\u201d, resalta.<br><\/p>\n\n\n\n<h4 class=\"wp-block-heading\"><strong>Martha Paola Barajas: desde los morichales del llano colombiano hasta los arbustos de Tenerife<\/strong><\/h4>\n\n\n\n<figure class=\"wp-block-image size-large\"><img decoding=\"async\" width=\"1024\" height=\"683\" src=\"https:\/\/www.javeriana.edu.co\/pesquisa\/wp-content\/uploads\/2023\/08\/Paola-Barajas-adaptacion-plantas-tenerife-1024x683.jpg\" alt=\"\" class=\"wp-image-36906\" srcset=\"http:\/\/www.javeriana.edu.co\/pesquisa\/wp-content\/uploads\/2023\/08\/Paola-Barajas-adaptacion-plantas-tenerife-1024x683.jpg 1024w, http:\/\/www.javeriana.edu.co\/pesquisa\/wp-content\/uploads\/2023\/08\/Paola-Barajas-adaptacion-plantas-tenerife-300x200.jpg 300w, http:\/\/www.javeriana.edu.co\/pesquisa\/wp-content\/uploads\/2023\/08\/Paola-Barajas-adaptacion-plantas-tenerife-150x100.jpg 150w, http:\/\/www.javeriana.edu.co\/pesquisa\/wp-content\/uploads\/2023\/08\/Paola-Barajas-adaptacion-plantas-tenerife-450x300.jpg 450w, http:\/\/www.javeriana.edu.co\/pesquisa\/wp-content\/uploads\/2023\/08\/Paola-Barajas-adaptacion-plantas-tenerife-768x512.jpg 768w, http:\/\/www.javeriana.edu.co\/pesquisa\/wp-content\/uploads\/2023\/08\/Paola-Barajas-adaptacion-plantas-tenerife.jpg 1200w\" sizes=\"(max-width: 1024px) 100vw, 1024px\" \/><figcaption>Paola Barajas, en su trabajo de campo en la Isla de Tenerife. Archivo particular. <\/figcaption><\/figure>\n\n\n\n<p>Paola se crio en Bogot\u00e1, pero al ser de familia llanera, tuvo el lujo de pasar todas sus vacaciones rodeada de pastos, moriches, acacias y <a href=\"https:\/\/www.javeriana.edu.co\/pesquisa\/por-que-es-importante-sembrar-un-arbol-y-mejor-aun-si-es-especie-nativa\/\" target=\"_blank\" data-type=\"URL\" data-id=\"https:\/\/www.javeriana.edu.co\/pesquisa\/por-que-es-importante-sembrar-un-arbol-y-mejor-aun-si-es-especie-nativa\/\" rel=\"noreferrer noopener\">guayacanes<\/a>. Cuando entr\u00f3 a estudiar microbiolog\u00eda industrial en la Javeriana, ese amor por las plantas la llev\u00f3 a darse cuenta de que esa carrera no la convenc\u00eda. As\u00ed que se pas\u00f3 a biolog\u00eda y a medida que avanzaba en sus semestres not\u00f3 que lo que le gustaba era la macroecolog\u00eda, o sea \u201cinvestigar los patrones a nivel macro, por ejemplo a nivel regional, de continentes o globales\u2026\u201d y all\u00ed empezaron a surgir todas las preguntas que le entusiasmaban: \u201c\u00bfpor qu\u00e9 algunas especies se ubican en ciertas partes del mundo, por qu\u00e9 ciertas regiones son m\u00e1s biodiversas que otras, cu\u00e1l es el rol del medioambiente, por ejemplo, en el clima, en la diversidad de suelos, en las historias geol\u00f3gicas de los continentes y c\u00f3mo influye esto en la biodiversidad y la diversidad de vida que tenemos actualmente?\u201d, y no para de dar ejemplos de sus preguntas.<\/p>\n\n\n\n<p>Son muchas, lo que tambi\u00e9n asegura es gracias a la formaci\u00f3n javeriana. \u201cTenemos una base investigativa y de pensamiento cr\u00edtico investigativo s\u00faper fuerte\u201d, afirma. Haciendo su maestr\u00eda en Geoecolog\u00eda en la Universidad de Potsdam, Alemania, se dio cuenta que su pregrado le form\u00f3 el pensamiento investigativo, le ense\u00f1\u00f3 a apreciar la literatura cient\u00edfica, a citar adecuadamente a otros autores. \u201cEn la Javeriana, en una materia que se llama investigaci\u00f3n nos sent\u00e1bamos a pensar en preguntas cient\u00edficas, formular hip\u00f3tesis e investigar\u201d. Ese ha sido el \u2018valor agregado\u2019 de su paso como colombiana en un entorno dif\u00edcil, y muchos otros retos como ser la \u00fanica extranjera en grupos de alemanes y no tener el alem\u00e1n o el ingl\u00e9s como su lengua nativa.<\/p>\n\n\n\n<p>El art\u00edculo de <em>Nature<\/em> es resultado de sus estudios de doctorado en la Universidad de Gotinga. \u201cDuramos escribi\u00e9ndolo tres a\u00f1os\u201d, dice mientras explica que eso es muy normal. \u201cColectamos los datos entre 2017 y 2018 y empezamos a escribir el <em>paper<\/em> en 2019 trabajando en el an\u00e1lisis de los datos, la armonizaci\u00f3n y luego, cuando empezamos a ver resultados interesantes con mi mentor Holger Kreft dijimos \u00b4yo creo que esto va para un <em>journal<\/em> de alto impacto\u00b4\u201d. En el fondo, sus expectativas eran altas, pero sab\u00eda que tambi\u00e9n era alta la posibilidad de que <em>Nature<\/em> lo rechazara. La respuesta dur\u00f3 alrededor de tres semanas en llegar, pero fueron buenas noticias: ir\u00eda a revisi\u00f3n de pares, lo que \u201cya es un logro enorme\u201d, y se le ilumina la cara a pesar del calor infernal que est\u00e1 sintiendo en una cafeter\u00eda alemana cercana a su casa y conectada con Colombia a trav\u00e9s del celular. Tuvo la oportunidad de conocer la opini\u00f3n de los revisores que es \u201cdonde uno realmente ve c\u00f3mo se hace la ciencia o c\u00f3mo se escribe la ciencia porque algunos son muy cr\u00edticos\u201d, y eso ense\u00f1a.<\/p>\n\n\n\n<p>De padre qu\u00edmico y madre administradora de empresas, creci\u00f3 en un ambiente donde le inculcaron la importancia de la educaci\u00f3n. Odi\u00f3 las clases de ingl\u00e9s que tom\u00f3 en los fines de semana, pero hoy las agradece. Cuando no est\u00e1 investigando, que es raro, pasea con su marido, un dan\u00e9s biotecn\u00f3logo, o se dedica a pintar en acuarela. Paola es uno de los cerebros fugados de Colombia, de la Javeriana, pero ya sea desde los pastizales del llano, los cerros orientales de Bogot\u00e1, las laderas \u00e1ridas de Tenerife o los bosques de abetos y robles de Leipzig, continuar\u00e1 persiguiendo esa pasi\u00f3n por entender la inmensa biodiversidad de nuestro planeta.<\/p>\n","protected":false},"excerpt":{"rendered":"<p>Un estudio de las plantas en Tenerife, Islas Canarias, liderado por Martha Paola Barajas, concluye que la adaptaci\u00f3n causada por la dispersi\u00f3n genera m\u00e1s variaci\u00f3n en las caracter\u00edsticas de las plantas que la misma evoluci\u00f3n. Un resultado que no solamente la sorprendi\u00f3 a ella y a su grupo de investigaci\u00f3n en Gotinga, Alemania, sino a la ciencia mundial.<\/p>\n","protected":false},"author":45,"featured_media":36901,"comment_status":"open","ping_status":"open","sticky":false,"template":"","format":"standard","meta":{"footnotes":""},"categories":[376,1157],"tags":[1860,460,1647,2901,4354,499,4355,1856,674,4352],"class_list":{"0":"post-36900","1":"post","2":"type-post","3":"status-publish","4":"format-standard","5":"has-post-thumbnail","7":"category-ambiente","8":"category-destacadas","9":"tag-adaptacion","10":"tag-ciencia","11":"tag-ecologia","12":"tag-evolucion","13":"tag-islas-canarias","14":"tag-javeriana","15":"tag-martha-paola-barajas-barbosa","16":"tag-medioambiente","17":"tag-plantas","18":"tag-tenerife"},"_links":{"self":[{"href":"http:\/\/www.javeriana.edu.co\/pesquisa\/wp-json\/wp\/v2\/posts\/36900","targetHints":{"allow":["GET"]}}],"collection":[{"href":"http:\/\/www.javeriana.edu.co\/pesquisa\/wp-json\/wp\/v2\/posts"}],"about":[{"href":"http:\/\/www.javeriana.edu.co\/pesquisa\/wp-json\/wp\/v2\/types\/post"}],"author":[{"embeddable":true,"href":"http:\/\/www.javeriana.edu.co\/pesquisa\/wp-json\/wp\/v2\/users\/45"}],"replies":[{"embeddable":true,"href":"http:\/\/www.javeriana.edu.co\/pesquisa\/wp-json\/wp\/v2\/comments?post=36900"}],"version-history":[{"count":6,"href":"http:\/\/www.javeriana.edu.co\/pesquisa\/wp-json\/wp\/v2\/posts\/36900\/revisions"}],"predecessor-version":[{"id":36912,"href":"http:\/\/www.javeriana.edu.co\/pesquisa\/wp-json\/wp\/v2\/posts\/36900\/revisions\/36912"}],"wp:featuredmedia":[{"embeddable":true,"href":"http:\/\/www.javeriana.edu.co\/pesquisa\/wp-json\/wp\/v2\/media\/36901"}],"wp:attachment":[{"href":"http:\/\/www.javeriana.edu.co\/pesquisa\/wp-json\/wp\/v2\/media?parent=36900"}],"wp:term":[{"taxonomy":"category","embeddable":true,"href":"http:\/\/www.javeriana.edu.co\/pesquisa\/wp-json\/wp\/v2\/categories?post=36900"},{"taxonomy":"post_tag","embeddable":true,"href":"http:\/\/www.javeriana.edu.co\/pesquisa\/wp-json\/wp\/v2\/tags?post=36900"}],"curies":[{"name":"wp","href":"https:\/\/api.w.org\/{rel}","templated":true}]}}