{"id":37072,"date":"2023-08-29T11:57:54","date_gmt":"2023-08-29T16:57:54","guid":{"rendered":"https:\/\/www.javeriana.edu.co\/pesquisa\/?p=37072"},"modified":"2023-08-29T17:31:00","modified_gmt":"2023-08-29T22:31:00","slug":"pesquisa-javeriana-64-revista","status":"publish","type":"post","link":"http:\/\/www.javeriana.edu.co\/pesquisa\/pesquisa-javeriana-64-revista\/","title":{"rendered":"Di\u00e1logos comunitarios, punk y fitomedicamentos: Pesquisa Javeriana 64 trae historias inspiradoras"},"content":{"rendered":"\n<p>La Pontificia Universidad Javeriana sigue firme en su prop\u00f3sito de acercar el nuevo conocimiento que se crea en sus laboratorios, aulas y diferentes escenarios, para compartirlo con la sociedad.<\/p>\n\n\n\n<p>No hay duda de que los cambios que el pa\u00eds necesita tienen como base el entendimiento de nuestras realidades y por eso, con el <a href=\"https:\/\/bit.ly\/Pesquisa64\" target=\"_blank\" rel=\"noreferrer noopener\">n\u00famero 64 de Pesquisa Javeriana<\/a>, le apuesta a inspirar, despertar vocaciones cient\u00edficas, e interesar a todos por la ciencia.<\/p>\n\n\n\n<p>As\u00ed lo afirma Liliana S\u00e1nchez Mej\u00eda, vicerrectora de Investigaci\u00f3n de la Pontificia Universidad Javeriana, quien en su editorial destaca las diferentes estrategias de comunicaci\u00f3n para que el conocimiento impacte la academia y la sociedad, como las que <a href=\"https:\/\/www.javeriana.edu.co\/pesquisa\/editorial-comunicacion-conocimiento\/\" target=\"_blank\" rel=\"noreferrer noopener\">Pesquisa Javeriana desarrolla constantemente<\/a> para presentar resultados de investigaciones desarrolladas en la Universidad, que ayudan a comprender mejor nuestro contexto y a presentar soluciones a problemas del pa\u00eds y el mundo.<\/p>\n\n\n\n<figure class=\"wp-block-image size-large\"><a href=\"https:\/\/www.javeriana.edu.co\/pesquisa\/dialogos-comunitarios\/\" target=\"_blank\" rel=\"noreferrer noopener\"><img fetchpriority=\"high\" decoding=\"async\" width=\"1024\" height=\"576\" src=\"http:\/\/www.javeriana.edu.co\/pesquisa\/wp-content\/uploads\/2023\/08\/dialogos-comunitarios-guerra2-1024x576.png\" alt=\"\" class=\"wp-image-37053\" srcset=\"http:\/\/www.javeriana.edu.co\/pesquisa\/wp-content\/uploads\/2023\/08\/dialogos-comunitarios-guerra2-1024x576.png 1024w, http:\/\/www.javeriana.edu.co\/pesquisa\/wp-content\/uploads\/2023\/08\/dialogos-comunitarios-guerra2-300x169.png 300w, http:\/\/www.javeriana.edu.co\/pesquisa\/wp-content\/uploads\/2023\/08\/dialogos-comunitarios-guerra2-1536x864.png 1536w, http:\/\/www.javeriana.edu.co\/pesquisa\/wp-content\/uploads\/2023\/08\/dialogos-comunitarios-guerra2-150x84.png 150w, http:\/\/www.javeriana.edu.co\/pesquisa\/wp-content\/uploads\/2023\/08\/dialogos-comunitarios-guerra2-450x253.png 450w, http:\/\/www.javeriana.edu.co\/pesquisa\/wp-content\/uploads\/2023\/08\/dialogos-comunitarios-guerra2-1200x675.png 1200w, http:\/\/www.javeriana.edu.co\/pesquisa\/wp-content\/uploads\/2023\/08\/dialogos-comunitarios-guerra2-768x432.png 768w, http:\/\/www.javeriana.edu.co\/pesquisa\/wp-content\/uploads\/2023\/08\/dialogos-comunitarios-guerra2.png 1920w\" sizes=\"(max-width: 1024px) 100vw, 1024px\" \/><\/a><\/figure>\n\n\n\n<h4 class=\"has-black-color has-text-color wp-block-heading\"><a href=\"https:\/\/www.javeriana.edu.co\/pesquisa\/dialogos-comunitarios\/\" target=\"_blank\" rel=\"noreferrer noopener\">Del ruido de la guerra a la sinfon\u00eda de los di\u00e1logos comunitarios<\/a><\/h4>\n\n\n\n<p>Por ejemplo, los di\u00e1logos sociales territoriales y la investigaci\u00f3n participativa fue una estrategia efectiva para la reconciliaci\u00f3n y la reconstrucci\u00f3n del tejido social en comunidades de tres municipios colombianos donde investigadores javerianos buscaron comprender las brechas entre el Acuerdo de Paz de 2016 y las complejas realidades que enfrentan estos territorios marcados m\u00faltiples conflictos. <\/p>\n\n\n\n<p>Procesos de di\u00e1logo previos liderados por las comunidades, fueron fortalecidos por la articulaci\u00f3n Universidad \u2013 Sociedad, y abrieron <a href=\"https:\/\/www.javeriana.edu.co\/pesquisa\/dialogos-comunitarios\/\" target=\"_blank\" rel=\"noreferrer noopener\">nuevos caminos para la reconciliaci\u00f3n<\/a>.<\/p>\n\n\n\n<figure class=\"wp-block-image size-large\"><a href=\"https:\/\/www.javeriana.edu.co\/pesquisa\/literatura-infantil-emociones\/\" target=\"_blank\" rel=\"noreferrer noopener\"><img decoding=\"async\" width=\"1024\" height=\"576\" src=\"http:\/\/www.javeriana.edu.co\/pesquisa\/wp-content\/uploads\/2023\/08\/cuentos-literatura-infantil-ninos2-1024x576.png\" alt=\"\" class=\"wp-image-37050\" srcset=\"http:\/\/www.javeriana.edu.co\/pesquisa\/wp-content\/uploads\/2023\/08\/cuentos-literatura-infantil-ninos2-1024x576.png 1024w, http:\/\/www.javeriana.edu.co\/pesquisa\/wp-content\/uploads\/2023\/08\/cuentos-literatura-infantil-ninos2-300x169.png 300w, http:\/\/www.javeriana.edu.co\/pesquisa\/wp-content\/uploads\/2023\/08\/cuentos-literatura-infantil-ninos2-1536x864.png 1536w, http:\/\/www.javeriana.edu.co\/pesquisa\/wp-content\/uploads\/2023\/08\/cuentos-literatura-infantil-ninos2-150x84.png 150w, http:\/\/www.javeriana.edu.co\/pesquisa\/wp-content\/uploads\/2023\/08\/cuentos-literatura-infantil-ninos2-450x253.png 450w, http:\/\/www.javeriana.edu.co\/pesquisa\/wp-content\/uploads\/2023\/08\/cuentos-literatura-infantil-ninos2-1200x675.png 1200w, http:\/\/www.javeriana.edu.co\/pesquisa\/wp-content\/uploads\/2023\/08\/cuentos-literatura-infantil-ninos2-768x432.png 768w, http:\/\/www.javeriana.edu.co\/pesquisa\/wp-content\/uploads\/2023\/08\/cuentos-literatura-infantil-ninos2.png 1920w\" sizes=\"(max-width: 1024px) 100vw, 1024px\" \/><\/a><\/figure>\n\n\n\n<h4 class=\"has-text-color wp-block-heading\" style=\"color:#010101\"><a href=\"https:\/\/www.javeriana.edu.co\/pesquisa\/literatura-infantil-emociones\/\" target=\"_blank\" rel=\"noreferrer noopener\">Cuentos para entender las emociones de ni\u00f1os y ni\u00f1as<\/a><\/h4>\n\n\n\n<p>Construir caminos de paz tambi\u00e9n significa aprender a reconocer las emociones desde la infancia; investigadores javerianos reconocieron que la literatura infantil se convierte en una <a href=\"https:\/\/www.javeriana.edu.co\/pesquisa\/literatura-infantil-emociones\/\" target=\"_blank\" rel=\"noreferrer noopener\">herramienta pedag\u00f3gica<\/a> y de investigaci\u00f3n poderosa para promover habilidades sociales, emocionales y ling\u00fc\u00edsticas, fortaleciendo la comprensi\u00f3n y conexi\u00f3n entre padres e hijos, preparando a los ni\u00f1os para enfrentar situaciones de conflicto y diferencia con una perspectiva m\u00e1s completa.<\/p>\n\n\n\n<figure class=\"wp-block-image size-large\"><a href=\"https:\/\/www.javeriana.edu.co\/pesquisa\/punk-no-ha-muerto\/\" target=\"_blank\" rel=\"noreferrer noopener\"><img decoding=\"async\" width=\"1024\" height=\"576\" src=\"http:\/\/www.javeriana.edu.co\/pesquisa\/wp-content\/uploads\/2023\/08\/punk-desigualdades-1024x576.png\" alt=\"\" class=\"wp-image-37076\" srcset=\"http:\/\/www.javeriana.edu.co\/pesquisa\/wp-content\/uploads\/2023\/08\/punk-desigualdades-1024x576.png 1024w, http:\/\/www.javeriana.edu.co\/pesquisa\/wp-content\/uploads\/2023\/08\/punk-desigualdades-300x169.png 300w, http:\/\/www.javeriana.edu.co\/pesquisa\/wp-content\/uploads\/2023\/08\/punk-desigualdades-1536x864.png 1536w, http:\/\/www.javeriana.edu.co\/pesquisa\/wp-content\/uploads\/2023\/08\/punk-desigualdades-150x84.png 150w, http:\/\/www.javeriana.edu.co\/pesquisa\/wp-content\/uploads\/2023\/08\/punk-desigualdades-450x253.png 450w, http:\/\/www.javeriana.edu.co\/pesquisa\/wp-content\/uploads\/2023\/08\/punk-desigualdades-1200x675.png 1200w, http:\/\/www.javeriana.edu.co\/pesquisa\/wp-content\/uploads\/2023\/08\/punk-desigualdades-768x432.png 768w, http:\/\/www.javeriana.edu.co\/pesquisa\/wp-content\/uploads\/2023\/08\/punk-desigualdades.png 1920w\" sizes=\"(max-width: 1024px) 100vw, 1024px\" \/><\/a><\/figure>\n\n\n\n<h4 class=\"wp-block-heading\"><a href=\"https:\/\/www.javeriana.edu.co\/pesquisa\/punk-no-ha-muerto\/\" target=\"_blank\" rel=\"noreferrer noopener\">El punk no ha muerto y sigue gritando lo que est\u00e1 mal<\/a><\/h4>\n\n\n\n<p>Y hablando de emociones y complejidades, el punk, un g\u00e9nero musical disruptivo, se manifiesta en los espacios bogotanos duro y con convencimiento, denunciando opresiones de raza, g\u00e9nero y clase. En la capital hay 53 bandas musicales punk con 290 integrantes, principalmente de estratos 2 y 3.<\/p>\n\n\n\n<p>Con el apoyo de profesores javerianos, tres de esas bandas produjeron el \u00e1lbum <a href=\"https:\/\/www.javeriana.edu.co\/pesquisa\/punk-no-ha-muerto\/\" target=\"_blank\" rel=\"noreferrer noopener\"><em>Punk y decolonialidad; m\u00fasica para narrar opresiones<\/em>,<\/a> que demuestra la originalidad y el aporte de sus integrantes, tanto en la inclusi\u00f3n de instrumentos locales como las maracas, como en un discurso local muy elocuente.<\/p>\n\n\n\n<figure class=\"wp-block-image size-large\"><img loading=\"lazy\" decoding=\"async\" width=\"1024\" height=\"576\" src=\"http:\/\/www.javeriana.edu.co\/pesquisa\/wp-content\/uploads\/2023\/08\/geison-modesti-fitomedicamento3-1024x576.png\" alt=\"\" class=\"wp-image-37062\" srcset=\"http:\/\/www.javeriana.edu.co\/pesquisa\/wp-content\/uploads\/2023\/08\/geison-modesti-fitomedicamento3-1024x576.png 1024w, http:\/\/www.javeriana.edu.co\/pesquisa\/wp-content\/uploads\/2023\/08\/geison-modesti-fitomedicamento3-300x169.png 300w, http:\/\/www.javeriana.edu.co\/pesquisa\/wp-content\/uploads\/2023\/08\/geison-modesti-fitomedicamento3-1536x864.png 1536w, http:\/\/www.javeriana.edu.co\/pesquisa\/wp-content\/uploads\/2023\/08\/geison-modesti-fitomedicamento3-150x84.png 150w, http:\/\/www.javeriana.edu.co\/pesquisa\/wp-content\/uploads\/2023\/08\/geison-modesti-fitomedicamento3-450x253.png 450w, http:\/\/www.javeriana.edu.co\/pesquisa\/wp-content\/uploads\/2023\/08\/geison-modesti-fitomedicamento3-1200x675.png 1200w, http:\/\/www.javeriana.edu.co\/pesquisa\/wp-content\/uploads\/2023\/08\/geison-modesti-fitomedicamento3-768x432.png 768w, http:\/\/www.javeriana.edu.co\/pesquisa\/wp-content\/uploads\/2023\/08\/geison-modesti-fitomedicamento3.png 1920w\" sizes=\"(max-width: 1024px) 100vw, 1024px\" \/><\/figure>\n\n\n\n<h4 class=\"wp-block-heading\"><a href=\"https:\/\/www.javeriana.edu.co\/pesquisa\/remedio-y-fitomedicamento\/\" target=\"_blank\" rel=\"noreferrer noopener\">La ciencia que se cuece entre un remedio y un fitomedicamento<\/a><\/h4>\n\n\n\n<p>Pasando de los estudios sociales a los estudios sobre la naturaleza, se encontr\u00f3 que las hojas de plantas como la granadilla, el maracuy\u00e1 o la gulupa tienen compuestos qu\u00edmicos en forma natural, con posibles beneficios terap\u00e9uticos.<\/p>\n\n\n\n<p>No es que nos comamos una granadilla y nos libremos de padecer diabetes, pero lo que si puede suceder es que esos componentes que estudian investigadores javerianos para conocer a profundidad su actividad farmac\u00e9utica puede llegar en un futuro a <a href=\"https:\/\/www.javeriana.edu.co\/pesquisa\/remedio-y-fitomedicamento\/\" target=\"_blank\" rel=\"noreferrer noopener\">producir un medicamento<\/a> \u00fatil para combatir algunas enfermedades.<\/p>\n\n\n\n<figure class=\"wp-block-image size-large\"><img loading=\"lazy\" decoding=\"async\" width=\"1024\" height=\"576\" src=\"http:\/\/www.javeriana.edu.co\/pesquisa\/wp-content\/uploads\/2023\/08\/orquidea-comun-javeriana-cali-1024x576.png\" alt=\"\" class=\"wp-image-37063\" srcset=\"http:\/\/www.javeriana.edu.co\/pesquisa\/wp-content\/uploads\/2023\/08\/orquidea-comun-javeriana-cali-1024x576.png 1024w, http:\/\/www.javeriana.edu.co\/pesquisa\/wp-content\/uploads\/2023\/08\/orquidea-comun-javeriana-cali-300x169.png 300w, http:\/\/www.javeriana.edu.co\/pesquisa\/wp-content\/uploads\/2023\/08\/orquidea-comun-javeriana-cali-1536x864.png 1536w, http:\/\/www.javeriana.edu.co\/pesquisa\/wp-content\/uploads\/2023\/08\/orquidea-comun-javeriana-cali-150x84.png 150w, http:\/\/www.javeriana.edu.co\/pesquisa\/wp-content\/uploads\/2023\/08\/orquidea-comun-javeriana-cali-450x253.png 450w, http:\/\/www.javeriana.edu.co\/pesquisa\/wp-content\/uploads\/2023\/08\/orquidea-comun-javeriana-cali-1200x675.png 1200w, http:\/\/www.javeriana.edu.co\/pesquisa\/wp-content\/uploads\/2023\/08\/orquidea-comun-javeriana-cali-768x432.png 768w, http:\/\/www.javeriana.edu.co\/pesquisa\/wp-content\/uploads\/2023\/08\/orquidea-comun-javeriana-cali.png 1920w\" sizes=\"(max-width: 1024px) 100vw, 1024px\" \/><\/figure>\n\n\n\n<h4 class=\"has-black-color has-text-color wp-block-heading\"><a href=\"https:\/\/www.javeriana.edu.co\/pesquisa\/orquideas-comunes-en-peligro\/\" target=\"_blank\" rel=\"noreferrer noopener\">\u00a1A cuidar las orqu\u00eddeas!, hasta las m\u00e1s comunes est\u00e1n en peligro<\/a><\/h4>\n\n\n\n<p>De las frutas, pasamos a las flores: \u00bfCu\u00e1ntas especies de orqu\u00eddeas hay en Colombia? M\u00e1s de cuatro mil\u2026 conocidas\u2026 Pero puede haber m\u00e1s y otras pueden estar extingui\u00e9ndose. Hay una de ellas, la <em>Rodriguezia granadensis<\/em>, que aparentemente es com\u00fan en los departamentos de Valle del Cauca y Cauca, pero estudios recientes demuestran que sus poblaciones se est\u00e1n reduciendo.<\/p>\n\n\n\n<p>Bautizada hace m\u00e1s de dos siglos en honor al espa\u00f1ol Manuel Rodr\u00edguez, boticario de c\u00e1mara del rey, investigadoras de Javeriana Cali recomiendan <a href=\"https:\/\/www.javeriana.edu.co\/pesquisa\/orquideas-comunes-en-peligro\/\" target=\"_blank\" rel=\"noreferrer noopener\">proteger los bosques nativos y con ellos a la <em>Rodriguezia<\/em>.<\/a><\/p>\n\n\n\n<figure class=\"wp-block-image size-large\"><a href=\"https:\/\/www.javeriana.edu.co\/pesquisa\/diatomeas-lagunas-paramo\/\" target=\"_blank\" rel=\"noreferrer noopener\"><img loading=\"lazy\" decoding=\"async\" width=\"1024\" height=\"576\" src=\"http:\/\/www.javeriana.edu.co\/pesquisa\/wp-content\/uploads\/2023\/08\/diatomeas-algas-lagunas-paramo-1024x576.png\" alt=\"\" class=\"wp-image-37054\" srcset=\"http:\/\/www.javeriana.edu.co\/pesquisa\/wp-content\/uploads\/2023\/08\/diatomeas-algas-lagunas-paramo-1024x576.png 1024w, http:\/\/www.javeriana.edu.co\/pesquisa\/wp-content\/uploads\/2023\/08\/diatomeas-algas-lagunas-paramo-300x169.png 300w, http:\/\/www.javeriana.edu.co\/pesquisa\/wp-content\/uploads\/2023\/08\/diatomeas-algas-lagunas-paramo-1536x864.png 1536w, http:\/\/www.javeriana.edu.co\/pesquisa\/wp-content\/uploads\/2023\/08\/diatomeas-algas-lagunas-paramo-150x84.png 150w, http:\/\/www.javeriana.edu.co\/pesquisa\/wp-content\/uploads\/2023\/08\/diatomeas-algas-lagunas-paramo-450x253.png 450w, http:\/\/www.javeriana.edu.co\/pesquisa\/wp-content\/uploads\/2023\/08\/diatomeas-algas-lagunas-paramo-1200x675.png 1200w, http:\/\/www.javeriana.edu.co\/pesquisa\/wp-content\/uploads\/2023\/08\/diatomeas-algas-lagunas-paramo-768x432.png 768w, http:\/\/www.javeriana.edu.co\/pesquisa\/wp-content\/uploads\/2023\/08\/diatomeas-algas-lagunas-paramo.png 1920w\" sizes=\"(max-width: 1024px) 100vw, 1024px\" \/><\/a><\/figure>\n\n\n\n<h4 class=\"has-black-color has-text-color wp-block-heading\"><a href=\"https:\/\/www.javeriana.edu.co\/pesquisa\/diatomeas-lagunas-paramo\/\" target=\"_blank\" rel=\"noreferrer noopener\">Lo que cuenta el fondo de las lagunas de p\u00e1ramo<\/a><\/h4>\n\n\n\n<p>En las lagunas de los p\u00e1ramos se encuentran infinidad de microorganismos que no ven los visitantes, pero s\u00ed los bi\u00f3logos. Entre ellos, unas algas microsc\u00f3picas llamadas diatomeas han sido el objeto de estudio de dos investigadores javerianos que no solamente han avanzado en su clasificaci\u00f3n, sino en desmenuzar las caracter\u00edsticas de cada una de ellas.<\/p>\n\n\n\n<p>Con base en muestras que extraen del fondo de las lagunas de los p\u00e1ramos de la cordillera oriental, analizaron variables ambientales con las que pudieron reconstruir los paisajes y los climas de esos lugares hace miles de a\u00f1os y confirmar l<a href=\"https:\/\/www.javeriana.edu.co\/pesquisa\/diatomeas-lagunas-paramo\/\" target=\"_blank\" rel=\"noreferrer noopener\">a huella humana en los lagos<\/a> con base en los nutrientes encontrados en las diatomeas.<\/p>\n\n\n\n<figure class=\"wp-block-image size-large\"><a href=\"https:\/\/www.javeriana.edu.co\/pesquisa\/diego-alejandro-suarez\/\" target=\"_blank\" rel=\"noreferrer noopener\"><img loading=\"lazy\" decoding=\"async\" width=\"1024\" height=\"576\" src=\"http:\/\/www.javeriana.edu.co\/pesquisa\/wp-content\/uploads\/2023\/08\/diego-alejandro-suarez-enfermedades-congenitas-1024x576.png\" alt=\"\" class=\"wp-image-37058\" srcset=\"http:\/\/www.javeriana.edu.co\/pesquisa\/wp-content\/uploads\/2023\/08\/diego-alejandro-suarez-enfermedades-congenitas-1024x576.png 1024w, http:\/\/www.javeriana.edu.co\/pesquisa\/wp-content\/uploads\/2023\/08\/diego-alejandro-suarez-enfermedades-congenitas-300x169.png 300w, http:\/\/www.javeriana.edu.co\/pesquisa\/wp-content\/uploads\/2023\/08\/diego-alejandro-suarez-enfermedades-congenitas-1536x864.png 1536w, http:\/\/www.javeriana.edu.co\/pesquisa\/wp-content\/uploads\/2023\/08\/diego-alejandro-suarez-enfermedades-congenitas-150x84.png 150w, http:\/\/www.javeriana.edu.co\/pesquisa\/wp-content\/uploads\/2023\/08\/diego-alejandro-suarez-enfermedades-congenitas-450x253.png 450w, http:\/\/www.javeriana.edu.co\/pesquisa\/wp-content\/uploads\/2023\/08\/diego-alejandro-suarez-enfermedades-congenitas-1200x675.png 1200w, http:\/\/www.javeriana.edu.co\/pesquisa\/wp-content\/uploads\/2023\/08\/diego-alejandro-suarez-enfermedades-congenitas-768x432.png 768w, http:\/\/www.javeriana.edu.co\/pesquisa\/wp-content\/uploads\/2023\/08\/diego-alejandro-suarez-enfermedades-congenitas.png 1920w\" sizes=\"(max-width: 1024px) 100vw, 1024px\" \/><\/a><\/figure>\n\n\n\n<h4 class=\"has-black-color has-text-color wp-block-heading\"><a href=\"https:\/\/www.javeriana.edu.co\/pesquisa\/diego-alejandro-suarez\/\" target=\"_blank\" rel=\"noreferrer noopener\">Diego Alejandro Su\u00e1rez, el cirujano de los genes<\/a><\/h4>\n\n\n\n<p>Y buscando inspirar nuevas generaciones de cient\u00edficos, presentamos a Diego Alejandro Su\u00e1rez quien es el protagonista de nuestra secci\u00f3n J\u00f3venes que investigan, donde buscamos visibilizar a aquellos estudiantes cuyos m\u00e9ritos acad\u00e9micos y cient\u00edficos les han permitido lograr resultados en sus primeras etapas profesionales.<\/p>\n\n\n\n<p>Es el caso de este genetista que a los diez a\u00f1os se deslumbr\u00f3 con la noticia mundial de que se hab\u00eda descifrado el genoma humano. Desde entonces sus preguntas van dirigidas a toda esa \u2018base de datos\u2019 que conforma la cadena y tiene respuestas frente a su funci\u00f3n en el organismo humano. Su especialidad: descubrir lo que sucede en el ADN de quienes padecen enfermedades hu\u00e9rfanas y <a href=\"https:\/\/www.javeriana.edu.co\/pesquisa\/diego-alejandro-suarez\/\" target=\"_blank\" rel=\"noreferrer noopener\">proponer alternativas de tratamiento<\/a>.<\/p>\n\n\n\n<figure class=\"wp-block-image size-large\"><a href=\"https:\/\/www.javeriana.edu.co\/pesquisa\/casa-tetra-pak-terremoto\/\" target=\"_blank\" rel=\"noreferrer noopener\"><img loading=\"lazy\" decoding=\"async\" width=\"1024\" height=\"576\" src=\"http:\/\/www.javeriana.edu.co\/pesquisa\/wp-content\/uploads\/2023\/08\/casa-tetrapak-terremotos-1024x576.png\" alt=\"\" class=\"wp-image-37065\" srcset=\"http:\/\/www.javeriana.edu.co\/pesquisa\/wp-content\/uploads\/2023\/08\/casa-tetrapak-terremotos-1024x576.png 1024w, http:\/\/www.javeriana.edu.co\/pesquisa\/wp-content\/uploads\/2023\/08\/casa-tetrapak-terremotos-300x169.png 300w, http:\/\/www.javeriana.edu.co\/pesquisa\/wp-content\/uploads\/2023\/08\/casa-tetrapak-terremotos-1536x864.png 1536w, http:\/\/www.javeriana.edu.co\/pesquisa\/wp-content\/uploads\/2023\/08\/casa-tetrapak-terremotos-150x84.png 150w, http:\/\/www.javeriana.edu.co\/pesquisa\/wp-content\/uploads\/2023\/08\/casa-tetrapak-terremotos-450x253.png 450w, http:\/\/www.javeriana.edu.co\/pesquisa\/wp-content\/uploads\/2023\/08\/casa-tetrapak-terremotos-1200x675.png 1200w, http:\/\/www.javeriana.edu.co\/pesquisa\/wp-content\/uploads\/2023\/08\/casa-tetrapak-terremotos-768x432.png 768w, http:\/\/www.javeriana.edu.co\/pesquisa\/wp-content\/uploads\/2023\/08\/casa-tetrapak-terremotos.png 1920w\" sizes=\"(max-width: 1024px) 100vw, 1024px\" \/><\/a><\/figure>\n\n\n\n<h4 class=\"wp-block-heading\"><a href=\"https:\/\/www.javeriana.edu.co\/pesquisa\/casa-tetra-pak-terremoto\/\" target=\"_blank\" rel=\"noreferrer noopener\">Una casa construida con envases Tetra Pak desaf\u00eda los terremotos m\u00e1s poderosos<\/a><\/h4>\n\n\n\n<p>Y una nueva alternativa, pero esta vez para vivienda proviene de un recurso poco usual: cuando termine de consumir la leche o el jugo que ven\u00eda en envase de Tetrapak, piense antes de botarlo a la caneca, porque puede aportarlo para construir una casa.<\/p>\n\n\n\n<p>En la <a href=\"https:\/\/www.javeriana.edu.co\/pesquisa\/casa-tetra-pak-terremoto\/\" target=\"_blank\" rel=\"noreferrer noopener\">Universidad Javeriana dise\u00f1aron Homeko <\/a>(Home por casa en ingl\u00e9s y eko por ecol\u00f3gica), que se construye como un Lego, es resistente a sismos y ya cuenta con patente de innovaci\u00f3n expedida por la Superintendencia de Industria y Comercio.<\/p>\n\n\n\n<p>El devastador terremoto de Hait\u00ed en 2010 fue la inspiraci\u00f3n de sus creadores por el hacinamiento que le toc\u00f3 vivir a la poblaci\u00f3n que qued\u00f3 con sus viviendas destruidas. Homeko es una soluci\u00f3n r\u00e1pida y segura que ofrece una vivienda digna.<\/p>\n\n\n\n<figure class=\"wp-block-image size-large\"><img loading=\"lazy\" decoding=\"async\" width=\"1024\" height=\"576\" src=\"http:\/\/www.javeriana.edu.co\/pesquisa\/wp-content\/uploads\/2023\/08\/cuidado-salud-genero-familia-1024x576.png\" alt=\"\" class=\"wp-image-37051\" srcset=\"http:\/\/www.javeriana.edu.co\/pesquisa\/wp-content\/uploads\/2023\/08\/cuidado-salud-genero-familia-1024x576.png 1024w, http:\/\/www.javeriana.edu.co\/pesquisa\/wp-content\/uploads\/2023\/08\/cuidado-salud-genero-familia-300x169.png 300w, http:\/\/www.javeriana.edu.co\/pesquisa\/wp-content\/uploads\/2023\/08\/cuidado-salud-genero-familia-1536x864.png 1536w, http:\/\/www.javeriana.edu.co\/pesquisa\/wp-content\/uploads\/2023\/08\/cuidado-salud-genero-familia-150x84.png 150w, http:\/\/www.javeriana.edu.co\/pesquisa\/wp-content\/uploads\/2023\/08\/cuidado-salud-genero-familia-450x253.png 450w, http:\/\/www.javeriana.edu.co\/pesquisa\/wp-content\/uploads\/2023\/08\/cuidado-salud-genero-familia-1200x675.png 1200w, http:\/\/www.javeriana.edu.co\/pesquisa\/wp-content\/uploads\/2023\/08\/cuidado-salud-genero-familia-768x432.png 768w, http:\/\/www.javeriana.edu.co\/pesquisa\/wp-content\/uploads\/2023\/08\/cuidado-salud-genero-familia.png 1920w\" sizes=\"(max-width: 1024px) 100vw, 1024px\" \/><\/figure>\n\n\n\n<h4 class=\"wp-block-heading\"><a href=\"https:\/\/www.javeriana.edu.co\/pesquisa\/cuidado-de-la-salud-colombia\/\" target=\"_blank\" rel=\"noreferrer noopener\">Cuidando a quienes nos cuidan: desigualdades de g\u00e9nero y de clase en Colombia<\/a><\/h4>\n\n\n\n<p><em>El cuidado de la salud en las familias de Colombia<\/em>, cuya autora es la profesora y m\u00e9dica social Amparo Hern\u00e1ndez-Bello analiza la pol\u00edtica actual de aseguramiento en salud en el pa\u00eds y su relaci\u00f3n con el mantenimiento de las <a href=\"https:\/\/www.javeriana.edu.co\/pesquisa\/cuidado-de-la-salud-colombia\/\" target=\"_blank\" rel=\"noreferrer noopener\">desigualdades de g\u00e9nero y con las diferencias socioecon\u00f3micas<\/a> que giran alrededor del cuidado de la salud en los hogares. Propone pol\u00edticas m\u00e1s equitativas e incluyentes, en aras de un desarrollo justo de la salud para todos.<\/p>\n\n\n\n<figure class=\"wp-block-image size-full\"><a href=\"https:\/\/bit.ly\/Pesquisa64\" target=\"_blank\" rel=\"https:\/\/bit.ly\/Pesquisa64 noopener\"><img loading=\"lazy\" decoding=\"async\" width=\"920\" height=\"150\" src=\"http:\/\/www.javeriana.edu.co\/pesquisa\/wp-content\/uploads\/2023\/08\/bannerpes64-tablets920x150-pesquisa-javeriana-64.png\" alt=\"\" class=\"wp-image-37042\" srcset=\"http:\/\/www.javeriana.edu.co\/pesquisa\/wp-content\/uploads\/2023\/08\/bannerpes64-tablets920x150-pesquisa-javeriana-64.png 920w, http:\/\/www.javeriana.edu.co\/pesquisa\/wp-content\/uploads\/2023\/08\/bannerpes64-tablets920x150-pesquisa-javeriana-64-300x49.png 300w, http:\/\/www.javeriana.edu.co\/pesquisa\/wp-content\/uploads\/2023\/08\/bannerpes64-tablets920x150-pesquisa-javeriana-64-150x24.png 150w, http:\/\/www.javeriana.edu.co\/pesquisa\/wp-content\/uploads\/2023\/08\/bannerpes64-tablets920x150-pesquisa-javeriana-64-450x73.png 450w, http:\/\/www.javeriana.edu.co\/pesquisa\/wp-content\/uploads\/2023\/08\/bannerpes64-tablets920x150-pesquisa-javeriana-64-768x125.png 768w\" sizes=\"(max-width: 920px) 100vw, 920px\" \/><\/a><\/figure>\n","protected":false},"excerpt":{"rendered":"<p>En esta oportunidad la revista re\u00fane historias sobre reconciliaci\u00f3n y di\u00e1logos comunitarios, el g\u00e9nero punk, la granadilla y la gulupa y sus propiedades medicinales, una casa construida a base de Tetrapak, y literatura infantil para aprender a gestionar emociones, son algunas de las propuestas en las que trabajan investigadores javerianos, y podr\u00e1 conocer en esta edici\u00f3n de Pesquisa Javeriana. <\/p>\n","protected":false},"author":40,"featured_media":37045,"comment_status":"open","ping_status":"open","sticky":false,"template":"","format":"standard","meta":{"footnotes":""},"categories":[380,1157,4393],"tags":[548,76,499,4394,1829,1408,122,2613],"class_list":{"0":"post-37072","1":"post","2":"type-post","3":"status-publish","4":"format-standard","5":"has-post-thumbnail","7":"category-pesquisa-impresa","8":"category-destacadas","9":"category-pesquisa-64","10":"tag-dialogo","11":"tag-fitomedicamentos","12":"tag-javeriana","13":"tag-lagunas-de-paramo","14":"tag-literatura-infantil","15":"tag-orquideas","16":"tag-pesquisa","17":"tag-punk"},"_links":{"self":[{"href":"http:\/\/www.javeriana.edu.co\/pesquisa\/wp-json\/wp\/v2\/posts\/37072","targetHints":{"allow":["GET"]}}],"collection":[{"href":"http:\/\/www.javeriana.edu.co\/pesquisa\/wp-json\/wp\/v2\/posts"}],"about":[{"href":"http:\/\/www.javeriana.edu.co\/pesquisa\/wp-json\/wp\/v2\/types\/post"}],"author":[{"embeddable":true,"href":"http:\/\/www.javeriana.edu.co\/pesquisa\/wp-json\/wp\/v2\/users\/40"}],"replies":[{"embeddable":true,"href":"http:\/\/www.javeriana.edu.co\/pesquisa\/wp-json\/wp\/v2\/comments?post=37072"}],"version-history":[{"count":9,"href":"http:\/\/www.javeriana.edu.co\/pesquisa\/wp-json\/wp\/v2\/posts\/37072\/revisions"}],"predecessor-version":[{"id":37165,"href":"http:\/\/www.javeriana.edu.co\/pesquisa\/wp-json\/wp\/v2\/posts\/37072\/revisions\/37165"}],"wp:featuredmedia":[{"embeddable":true,"href":"http:\/\/www.javeriana.edu.co\/pesquisa\/wp-json\/wp\/v2\/media\/37045"}],"wp:attachment":[{"href":"http:\/\/www.javeriana.edu.co\/pesquisa\/wp-json\/wp\/v2\/media?parent=37072"}],"wp:term":[{"taxonomy":"category","embeddable":true,"href":"http:\/\/www.javeriana.edu.co\/pesquisa\/wp-json\/wp\/v2\/categories?post=37072"},{"taxonomy":"post_tag","embeddable":true,"href":"http:\/\/www.javeriana.edu.co\/pesquisa\/wp-json\/wp\/v2\/tags?post=37072"}],"curies":[{"name":"wp","href":"https:\/\/api.w.org\/{rel}","templated":true}]}}