{"id":37131,"date":"2023-08-29T15:16:23","date_gmt":"2023-08-29T20:16:23","guid":{"rendered":"https:\/\/www.javeriana.edu.co\/pesquisa\/?p=37131"},"modified":"2024-02-23T17:23:27","modified_gmt":"2024-02-23T22:23:27","slug":"cuidado-de-la-salud-colombia","status":"publish","type":"post","link":"http:\/\/www.javeriana.edu.co\/pesquisa\/cuidado-de-la-salud-colombia\/","title":{"rendered":"Cuidando a quienes nos cuidan: desigualdades de g\u00e9nero y de clase en Colombia"},"content":{"rendered":"\n<p>\u201c7:05 a. m. Al llegar al cuarto, el marido ya est\u00e1 despierto esperando. [\u2026] Cada vez le parece m\u00e1s pesado. Con lo del hombro ya casi no puede levantarlo. [\u2026] El doctor se lo dej\u00f3 bien en claro: no est\u00e1 enferma, lo de ella es vejez y, si no se cuida, \u2018\u00bfqui\u00e9n va a velar por los enfermos de la casa?\u2019\u201d. <\/p>\n\n\n\n<p>Este extracto condensa la experiencia y las preocupaciones cotidianas de muchas mujeres que dedican una parte de su jornada (si no es que toda) al cuidado de los miembros de su hogar. En Colombia, seg\u00fan la informaci\u00f3n suministrada por la Encuesta Nacional del Uso del Tiempo del Departamento Administrativo Nacional de Estad\u00edstica (DANE), l<a href=\"https:\/\/www.javeriana.edu.co\/pesquisa\/ser-mujer-en-la-ruralidad-la-huella-historica-de-la-desigualdad\/\" target=\"_blank\" rel=\"noreferrer noopener\">as mujeres realizan <\/a>m\u00e1s del 80 % del trabajo de cuidados no remunerados. <\/p>\n\n\n\n<p>Por lo general, son ellas las que recuerdan los horarios de las medicinas, las que saben cu\u00e1les son los medicamentos adecuados, las que tienen que hacer fila durante horas y las que se enfrentan a la burocracia estatal para obtener los ex\u00e1menes y las drogas que necesita la o el convaleciente. <\/p>\n\n\n\n<p>A su cargo no solo est\u00e1n los enfermos, sino la salud misma de la casa, y con su esfuerzo el ambiente familiar se mantiene constantemente aseado, en orden y en movimiento. No obstante, la respuesta a tantos a\u00f1os de dura labor y a innumerables sacrificios y esfuerzos es, por lo general, la falta de garant\u00edas, la recriminaci\u00f3n y la ausencia de cuidado, no solo por parte de los miembros del entorno familiar, sino por las mismas entidades estatales, que no reconocen su labor. <\/p>\n\n\n\n<p>Poco importa que en sus hombros repose la estabilidad de la familia y gran parte del funcionamiento de la sociedad. Como respuesta a ese escenario, el libro El cuidado de la salud en las familias en Colombia, de la profesora Amparo Hern\u00e1ndez-Bello, publicado por la Editorial Pontificia Universidad Javeriana, analiza la pol\u00edtica actual de aseguramiento en salud en Colombia y su relaci\u00f3n con el mantenimiento de las desigualdades de g\u00e9nero y con las diferencias socioecon\u00f3micas que giran alrededor del cuidado de la salud en los hogares. <\/p>\n\n\n\n<p>As\u00ed, se busca aportar a la formulaci\u00f3n de pol\u00edticas m\u00e1s equitativas y a un desarrollo justo de la salud en el pa\u00eds. Para lograr esto, su autora estudia, en primer lugar, la relaci\u00f3n entre las pol\u00edticas sanitarias y el cuidado de la salud en los hogares. Luego, plantea un marco te\u00f3rico y describe, mediante relatos de vida, las caracter\u00edsticas y condiciones del cuidado de la salud que se brindan en la familia. <\/p>\n\n\n\n<p>Posteriormente, evidencia las tendencias generales de cambio demogr\u00e1fico, epidemiol\u00f3gico y de desigualdades por sexo en el reparto de la carga de cuidado dom\u00e9stico en la sociedad. Esto le permite analizar qu\u00e9 tanto las normas, pol\u00edticas y programas de salud responden a las necesidades y demandas de cuidado, reconocen el trabajo de cuidado en el hogar y a quienes lo realizan, y consideran las <a href=\"https:\/\/www.javeriana.edu.co\/pesquisa\/ministerio-de-la-igualdad\/\" target=\"_blank\" rel=\"noreferrer noopener\">inequidades de g\u00e9nero<\/a>. <\/p>\n\n\n\n<p>As\u00ed, esta obra denuncia el deterioro de la vida de las cuidadoras debido a la reducci\u00f3n de la participaci\u00f3n del Estado en la provisi\u00f3n de bienes y servicios sociales, y aboga por una nueva idea de gesti\u00f3n p\u00fablica. Lograr una soluci\u00f3n realmente duradera implica la construcci\u00f3n de un sistema que reconozca y que compense el tiempo que las mujeres dedican al cuidado de otros, que mejore la oferta y calidad de los servicios necesarios para reducir la carga de los hogares, y que redistribuya las responsabilidades entre el Estado, el mercado, las familias y la comunidad, y entre hombres y mujeres. <\/p>\n\n\n\n<p>Adem\u00e1s de ser un trabajo exhaustivo, riguroso y profundo, este libro invita a repensar y a valorar el papel de la mujer en la sociedad, cuya labor debe ser respetada, apoyada y remunerada adecuadamente. Solo as\u00ed se podr\u00e1 ayudar realmente a esas mujeres que, a pesar de los sacrificios y los retos cotidianos, resisten y perseveran d\u00eda tras d\u00eda, y se sienten agradecidas por lo que tienen, como la protagonista del breve relato que se encuentra en este libro: \u201cElla mira a su familia y piensa que despu\u00e9s de todo tiene suerte\u201d<a href=\"https:\/\/www.lasillavacia.com\/historias\/historias-silla-llena\/cuidar-a-las-cuidadoras-el-genero-en-tiempos-de-pandemia\/\" target=\"_blank\" rel=\"noreferrer noopener\">.<\/a><\/p>\n\n\n\n<figure class=\"wp-block-image size-full\"><a href=\"https:\/\/bit.ly\/Pesquisa64\" target=\"_blank\" rel=\"noopener\"><img fetchpriority=\"high\" decoding=\"async\" width=\"920\" height=\"150\" src=\"http:\/\/www.javeriana.edu.co\/pesquisa\/wp-content\/uploads\/2023\/08\/banner-tablets920x150-pesquisa-javeriana-.png\" alt=\"\" class=\"wp-image-37043\" srcset=\"http:\/\/www.javeriana.edu.co\/pesquisa\/wp-content\/uploads\/2023\/08\/banner-tablets920x150-pesquisa-javeriana-.png 920w, http:\/\/www.javeriana.edu.co\/pesquisa\/wp-content\/uploads\/2023\/08\/banner-tablets920x150-pesquisa-javeriana--300x49.png 300w, http:\/\/www.javeriana.edu.co\/pesquisa\/wp-content\/uploads\/2023\/08\/banner-tablets920x150-pesquisa-javeriana--150x24.png 150w, http:\/\/www.javeriana.edu.co\/pesquisa\/wp-content\/uploads\/2023\/08\/banner-tablets920x150-pesquisa-javeriana--450x73.png 450w, http:\/\/www.javeriana.edu.co\/pesquisa\/wp-content\/uploads\/2023\/08\/banner-tablets920x150-pesquisa-javeriana--768x125.png 768w\" sizes=\"(max-width: 920px) 100vw, 920px\" \/><\/a><\/figure>\n","protected":false},"excerpt":{"rendered":"<p>el libro El cuidado de la salud en las familias en Colombia, de la profesora Amparo Hern\u00e1ndez-Bello, publicado por la Editorial Pontificia Universidad Javeriana, analiza la pol\u00edtica actual de aseguramiento en salud en Colombia y su relaci\u00f3n con el mantenimiento de las desigualdades de g\u00e9nero y con las diferencias socioecon\u00f3micas<\/p>\n","protected":false},"author":33,"featured_media":37051,"comment_status":"open","ping_status":"open","sticky":false,"template":"","format":"standard","meta":{"footnotes":""},"categories":[4393],"tags":[460,371,97,499,3000,350],"class_list":{"0":"post-37131","1":"post","2":"type-post","3":"status-publish","4":"format-standard","5":"has-post-thumbnail","7":"category-pesquisa-64","8":"tag-ciencia","9":"tag-colombia","10":"tag-investigacion","11":"tag-javeriana","12":"tag-novedades-editoriales","13":"tag-salud"},"_links":{"self":[{"href":"http:\/\/www.javeriana.edu.co\/pesquisa\/wp-json\/wp\/v2\/posts\/37131","targetHints":{"allow":["GET"]}}],"collection":[{"href":"http:\/\/www.javeriana.edu.co\/pesquisa\/wp-json\/wp\/v2\/posts"}],"about":[{"href":"http:\/\/www.javeriana.edu.co\/pesquisa\/wp-json\/wp\/v2\/types\/post"}],"author":[{"embeddable":true,"href":"http:\/\/www.javeriana.edu.co\/pesquisa\/wp-json\/wp\/v2\/users\/33"}],"replies":[{"embeddable":true,"href":"http:\/\/www.javeriana.edu.co\/pesquisa\/wp-json\/wp\/v2\/comments?post=37131"}],"version-history":[{"count":2,"href":"http:\/\/www.javeriana.edu.co\/pesquisa\/wp-json\/wp\/v2\/posts\/37131\/revisions"}],"predecessor-version":[{"id":37134,"href":"http:\/\/www.javeriana.edu.co\/pesquisa\/wp-json\/wp\/v2\/posts\/37131\/revisions\/37134"}],"wp:featuredmedia":[{"embeddable":true,"href":"http:\/\/www.javeriana.edu.co\/pesquisa\/wp-json\/wp\/v2\/media\/37051"}],"wp:attachment":[{"href":"http:\/\/www.javeriana.edu.co\/pesquisa\/wp-json\/wp\/v2\/media?parent=37131"}],"wp:term":[{"taxonomy":"category","embeddable":true,"href":"http:\/\/www.javeriana.edu.co\/pesquisa\/wp-json\/wp\/v2\/categories?post=37131"},{"taxonomy":"post_tag","embeddable":true,"href":"http:\/\/www.javeriana.edu.co\/pesquisa\/wp-json\/wp\/v2\/tags?post=37131"}],"curies":[{"name":"wp","href":"https:\/\/api.w.org\/{rel}","templated":true}]}}