{"id":37494,"date":"2023-09-13T19:09:34","date_gmt":"2023-09-14T00:09:34","guid":{"rendered":"https:\/\/www.javeriana.edu.co\/pesquisa\/?p=37494"},"modified":"2023-09-25T17:21:58","modified_gmt":"2023-09-25T22:21:58","slug":"premio-bienal-javeriano-en-investigacion","status":"publish","type":"post","link":"http:\/\/www.javeriana.edu.co\/pesquisa\/premio-bienal-javeriano-en-investigacion\/","title":{"rendered":"\u00a1Estos son los ganadores del Premio Bienal Javeriano en Investigaci\u00f3n e Innovaci\u00f3n 2023!"},"content":{"rendered":"\n<p>Una vez m\u00e1s, la investigaci\u00f3n que se ha desarrollado en los \u00faltimos dos a\u00f1os, tanto en la sede central en Bogot\u00e1, como en la seccional Cali, fue reconocida y conmemorada. El XVII Congreso La Investigaci\u00f3n en la Pontificia Universidad Javeriana&nbsp;Conocimientos para un mundo en transformaci\u00f3n, reuni\u00f3 a los investigadores javerianos durante tres d\u00edas, en los que qued\u00f3 evidenciada la amplia diversidad de las formas de generaci\u00f3n de conocimiento en esta comunidad educativa. Tambi\u00e9n entreg\u00f3 el Premio Bienal Javeriano en Investigaci\u00f3n e Innovaci\u00f3n.<\/p>\n\n\n\n<p>135 ponencias en 6 simposios, 65 p\u00f3steres de investigaciones de profesores y mejores trabajos de grado de los \u00faltimos a\u00f1os, tres conferencias, dos conversatorios y dos charlas dejaron claro que m\u00e1s que nunca, la actividad investigativa dentro de la Javeriana, sigue siendo un pilar de la actividad acad\u00e9mica en todos los niveles educativos.<\/p>\n\n\n\n<p>Representantes de las ciencias b\u00e1sicas, sociales, de la salud, la ingenier\u00eda, la teolog\u00eda, jur\u00eddicas, humanas y dise\u00f1o compartieron y discutieron sus experiencias de los \u00faltimos a\u00f1os.<\/p>\n\n\n\n<p>Como ya es tradici\u00f3n, al cierre del encuentro fue entregado el Premio Bienal Javeriano en Investigaci\u00f3n e Innovaci\u00f3n en diversas \u00e1reas y modalidades. Este a\u00f1o, el comit\u00e9 evaluador tuvo en cuenta las tendencias que promueven la idea de involucrar a diversos actores acad\u00e9micos, sociales, estatales y empresariales en la investigaci\u00f3n y en procesos de producci\u00f3n de conocimiento.<\/p>\n\n\n\n<p>\u201cOtro factor importante fue el impacto del conocimiento. Buscamos que el conocimiento producido desde la Universidad Javeriana trascienda los escenarios acad\u00e9micos y sea \u00fatil a la sociedad, que haga un aporte a la construcci\u00f3n de lo p\u00fablico en cumplimiento de nuestra misi\u00f3n institucional\u201d, explic\u00f3 Liliana S\u00e1nchez, vicerrectora de Investigaci\u00f3n de la Universidad. <\/p>\n\n\n\n<h4 class=\"wp-block-heading\">Premio Bienal Javeriano en Investigaci\u00f3n <\/h4>\n\n\n\n<p>El Premio Bienal Javeriano en Investigaci\u00f3n reconoce los esfuerzos de los profesores de planta en proyectos de investigaci\u00f3n e investigaci\u00f3n-creaci\u00f3n cuyos resultados han logrado efectos positivos, cambios o beneficios en la econom\u00eda, la salud, la cultura, las pol\u00edticas p\u00fablicas, el medio ambiente y la calidad de vida.<\/p>\n\n\n\n<p>Los ganadores de este galard\u00f3n en 2023 fueron:<\/p>\n\n\n\n<h3 class=\"wp-block-heading\"><strong>Ciencias naturales, medio ambiente, ingenier\u00edas y tecnolog\u00eda<\/strong><\/h3>\n\n\n\n<p><strong>Mejor Trabajo de Investigaci\u00f3n en los \u00faltimos a\u00f1os: <\/strong>Luis Fernando Macea Mercado, de la Facultad de Ingenier\u00eda y Ciencias de la Seccional Cali, trabajo en coautor\u00eda con Luis Gabriel M\u00e1rquez D\u00edaz y Jos\u00e9 Javier Soto Mart\u00ednez. Por su investigaci\u00f3n <a href=\"https:\/\/www.sciencedirect.com\/science\/article\/pii\/S0967070X23001750\" target=\"_blank\" rel=\"noreferrer noopener\">\u201c\u00bfC\u00f3mo influyen los factores afectivos y simb\u00f3licos de la conducci\u00f3n de autom\u00f3viles privados en el comportamiento de viaje de los usuarios &nbsp;en un escenario de pol\u00edtica de restricci\u00f3n de autom\u00f3viles?\u201d <\/a><\/p>\n\n\n\n<figure class=\"wp-block-image size-large\"><img fetchpriority=\"high\" decoding=\"async\" width=\"1024\" height=\"576\" src=\"http:\/\/www.javeriana.edu.co\/pesquisa\/wp-content\/uploads\/2023\/09\/premio-bienal-javeriano-en-investigacion1-1024x576.jpg\" alt=\"Finaliz\u00f3 el XVII Congreso La Investigaci\u00f3n en la Pontificia Universidad Javeriana Conocimientos para un mundo en transformaci\u00f3n, un espacio que reconoci\u00f3 la labor investigativa en la universidad. Estos son los ganadores al premio de este a\u00f1o. \" class=\"wp-image-37499\" srcset=\"http:\/\/www.javeriana.edu.co\/pesquisa\/wp-content\/uploads\/2023\/09\/premio-bienal-javeriano-en-investigacion1-1024x576.jpg 1024w, http:\/\/www.javeriana.edu.co\/pesquisa\/wp-content\/uploads\/2023\/09\/premio-bienal-javeriano-en-investigacion1-300x169.jpg 300w, http:\/\/www.javeriana.edu.co\/pesquisa\/wp-content\/uploads\/2023\/09\/premio-bienal-javeriano-en-investigacion1-1536x864.jpg 1536w, http:\/\/www.javeriana.edu.co\/pesquisa\/wp-content\/uploads\/2023\/09\/premio-bienal-javeriano-en-investigacion1-150x84.jpg 150w, http:\/\/www.javeriana.edu.co\/pesquisa\/wp-content\/uploads\/2023\/09\/premio-bienal-javeriano-en-investigacion1-450x253.jpg 450w, http:\/\/www.javeriana.edu.co\/pesquisa\/wp-content\/uploads\/2023\/09\/premio-bienal-javeriano-en-investigacion1-1200x675.jpg 1200w, http:\/\/www.javeriana.edu.co\/pesquisa\/wp-content\/uploads\/2023\/09\/premio-bienal-javeriano-en-investigacion1-768x432.jpg 768w, http:\/\/www.javeriana.edu.co\/pesquisa\/wp-content\/uploads\/2023\/09\/premio-bienal-javeriano-en-investigacion1.jpg 1920w\" sizes=\"(max-width: 1024px) 100vw, 1024px\" \/><\/figure>\n\n\n\n<p>La inclusi\u00f3n de las elementos afectivos y simb\u00f3licos en la toma de decisiones econ\u00f3micas son la apuesta original y novedosa de esta investigaci\u00f3n, que se acerca a la econom\u00eda del comportamiento. Adem\u00e1s, toma en cuenta modelos de elecci\u00f3n discreta, lo cual puede ser una innovaci\u00f3n en este campo.<\/p>\n\n\n\n<h4 class=\"wp-block-heading\"><strong>Modalidad Vida y Obra <\/strong><\/h4>\n\n\n\n<p>Andr\u00e9s Jaramillo Botero, de la Facultad de Ingenier\u00eda y Ciencias de la Seccional Cali, recibe este premio pues su trayectoria demuestra un equilibrio entre su rol de formaci\u00f3n de escuela y la calidad de su trabajo como investigador. Se resalta su aporte en la formaci\u00f3n de estudiantes de doctorado, lo que contribuye con el avance de la investigaci\u00f3n en el pa\u00eds. Adem\u00e1s, ha generado comunidades acad\u00e9micas internacionales que han fortalecido su gesti\u00f3n en investigaci\u00f3n.<\/p>\n\n\n\n<figure class=\"wp-block-image size-large\"><img decoding=\"async\" width=\"1024\" height=\"576\" src=\"http:\/\/www.javeriana.edu.co\/pesquisa\/wp-content\/uploads\/2023\/09\/premio-bienal-javeriano-en-investigacion2-1024x576.jpg\" alt=\"Finaliz\u00f3 el XVII Congreso La Investigaci\u00f3n en la Pontificia Universidad Javeriana Conocimientos para un mundo en transformaci\u00f3n, un espacio que reconoci\u00f3 la labor investigativa en la universidad. Estos son los ganadores al premio de este a\u00f1o. \" class=\"wp-image-37500\" srcset=\"http:\/\/www.javeriana.edu.co\/pesquisa\/wp-content\/uploads\/2023\/09\/premio-bienal-javeriano-en-investigacion2-1024x576.jpg 1024w, http:\/\/www.javeriana.edu.co\/pesquisa\/wp-content\/uploads\/2023\/09\/premio-bienal-javeriano-en-investigacion2-300x169.jpg 300w, http:\/\/www.javeriana.edu.co\/pesquisa\/wp-content\/uploads\/2023\/09\/premio-bienal-javeriano-en-investigacion2-1536x864.jpg 1536w, http:\/\/www.javeriana.edu.co\/pesquisa\/wp-content\/uploads\/2023\/09\/premio-bienal-javeriano-en-investigacion2-150x84.jpg 150w, http:\/\/www.javeriana.edu.co\/pesquisa\/wp-content\/uploads\/2023\/09\/premio-bienal-javeriano-en-investigacion2-450x253.jpg 450w, http:\/\/www.javeriana.edu.co\/pesquisa\/wp-content\/uploads\/2023\/09\/premio-bienal-javeriano-en-investigacion2-1200x675.jpg 1200w, http:\/\/www.javeriana.edu.co\/pesquisa\/wp-content\/uploads\/2023\/09\/premio-bienal-javeriano-en-investigacion2-768x432.jpg 768w, http:\/\/www.javeriana.edu.co\/pesquisa\/wp-content\/uploads\/2023\/09\/premio-bienal-javeriano-en-investigacion2.jpg 1920w\" sizes=\"(max-width: 1024px) 100vw, 1024px\" \/><\/figure>\n\n\n\n<h4 class=\"wp-block-heading\"><strong>Modalidad Conocimiento con impacto m\u00e1s all\u00e1 de la academia<\/strong><\/h4>\n\n\n\n<p>Alfonso Mariano Ramos Ca\u00f1\u00f3n, en coautor\u00eda con Jorge Alberto Escobar Vargas, Andr\u00e9s Vargas Luna, Juan Diego Giraldo Osorio y Nelson Obreg\u00f3n Neira de la Facultad de Ingenier\u00eda de la Sede Central, desarrollaron la investigaci\u00f3n \u201c<a href=\"http:\/\/repositorio.gestiondelriesgo.gov.co\/bitstream\/handle\/20.500.11762\/27207\/Productos_Mocoa13_Instructivo_SAT.pdf?sequence=13&amp;isAllowed=y\" target=\"_blank\" rel=\"noreferrer noopener\">Gesti\u00f3n de Riesgo de Desastre <\/a>para Avenidas Torrenciales en Colombia\u201d demuestra un alto impacto en la protecci\u00f3n de vida de los m\u00e1s vulnerables y presenta una valiosa herramienta para la prevenci\u00f3n de riesgos de esta naturaleza, lo que redunda en beneficios para las regiones de Colombia. &nbsp;<\/p>\n\n\n\n<figure class=\"wp-block-image size-large\"><img decoding=\"async\" width=\"1024\" height=\"576\" src=\"http:\/\/www.javeriana.edu.co\/pesquisa\/wp-content\/uploads\/2023\/09\/premio-bienal-javeriano-en-investigacion3-1024x576.jpg\" alt=\"Finaliz\u00f3 el XVII Congreso La Investigaci\u00f3n en la Pontificia Universidad Javeriana Conocimientos para un mundo en transformaci\u00f3n, un espacio que reconoci\u00f3 la labor investigativa en la universidad. Estos son los ganadores al premio de este a\u00f1o. \" class=\"wp-image-37501\" srcset=\"http:\/\/www.javeriana.edu.co\/pesquisa\/wp-content\/uploads\/2023\/09\/premio-bienal-javeriano-en-investigacion3-1024x576.jpg 1024w, http:\/\/www.javeriana.edu.co\/pesquisa\/wp-content\/uploads\/2023\/09\/premio-bienal-javeriano-en-investigacion3-300x169.jpg 300w, http:\/\/www.javeriana.edu.co\/pesquisa\/wp-content\/uploads\/2023\/09\/premio-bienal-javeriano-en-investigacion3-1536x864.jpg 1536w, http:\/\/www.javeriana.edu.co\/pesquisa\/wp-content\/uploads\/2023\/09\/premio-bienal-javeriano-en-investigacion3-150x84.jpg 150w, http:\/\/www.javeriana.edu.co\/pesquisa\/wp-content\/uploads\/2023\/09\/premio-bienal-javeriano-en-investigacion3-450x253.jpg 450w, http:\/\/www.javeriana.edu.co\/pesquisa\/wp-content\/uploads\/2023\/09\/premio-bienal-javeriano-en-investigacion3-1200x675.jpg 1200w, http:\/\/www.javeriana.edu.co\/pesquisa\/wp-content\/uploads\/2023\/09\/premio-bienal-javeriano-en-investigacion3-768x432.jpg 768w, http:\/\/www.javeriana.edu.co\/pesquisa\/wp-content\/uploads\/2023\/09\/premio-bienal-javeriano-en-investigacion3.jpg 1920w\" sizes=\"(max-width: 1024px) 100vw, 1024px\" \/><\/figure>\n\n\n\n<h2 class=\"wp-block-heading\"><strong>\u00c1rea de ciencias m\u00e9dicas y de la salud<\/strong><\/h2>\n\n\n\n<h4 class=\"wp-block-heading\"><strong>Modalidad Mejor Trabajo de Investigaci\u00f3n en los \u00faltimos a\u00f1os<\/strong><\/h4>\n\n\n\n<p>Carlos Javier Alm\u00e9ciga D\u00edaz, \u00c1ngela Johana Espejo Mojica, profesores de la Facultad de Ciencias de la Sede Central, en coautor\u00eda con Andr\u00e9s Felipe Leal Boh\u00f3rquez, Diego Alejandro Su\u00e1rez Garc\u00eda, estudiantes del Doctorado en Ciencias Biol\u00f3gicas de la Facultad de Ciencias de la Sede Central, desarrollaron la investigaci\u00f3n \u201cEntrega y evaluaci\u00f3n de un sistema de edici\u00f3n del genoma basado en CRISPR\/nCas9 en modelos in vitro de mucopolisacaridosis IVA asistido por nanopart\u00edculas basadas en magnetita\u201d. )Es una contribuci\u00f3n original, ya que esta tecnolog\u00eda ha revolucionado la forma en que se pueden abordar los trastornos gen\u00e9ticos. Contiene, adem\u00e1s, un enfoque innovador que aporta una nueva perspectiva al campo de la terapia g\u00e9nica.<\/p>\n\n\n\n<figure class=\"wp-block-image size-large\"><img loading=\"lazy\" decoding=\"async\" width=\"1024\" height=\"576\" src=\"http:\/\/www.javeriana.edu.co\/pesquisa\/wp-content\/uploads\/2023\/09\/premio-bienal-javeriano-en-investigacion4-1024x576.jpg\" alt=\"Finaliz\u00f3 el XVII Congreso La Investigaci\u00f3n en la Pontificia Universidad Javeriana Conocimientos para un mundo en transformaci\u00f3n, un espacio que reconoci\u00f3 la labor investigativa en la universidad. Estos son los ganadores al premio de este a\u00f1o. \" class=\"wp-image-37502\" srcset=\"http:\/\/www.javeriana.edu.co\/pesquisa\/wp-content\/uploads\/2023\/09\/premio-bienal-javeriano-en-investigacion4-1024x576.jpg 1024w, http:\/\/www.javeriana.edu.co\/pesquisa\/wp-content\/uploads\/2023\/09\/premio-bienal-javeriano-en-investigacion4-300x169.jpg 300w, http:\/\/www.javeriana.edu.co\/pesquisa\/wp-content\/uploads\/2023\/09\/premio-bienal-javeriano-en-investigacion4-1536x864.jpg 1536w, http:\/\/www.javeriana.edu.co\/pesquisa\/wp-content\/uploads\/2023\/09\/premio-bienal-javeriano-en-investigacion4-150x84.jpg 150w, http:\/\/www.javeriana.edu.co\/pesquisa\/wp-content\/uploads\/2023\/09\/premio-bienal-javeriano-en-investigacion4-450x253.jpg 450w, http:\/\/www.javeriana.edu.co\/pesquisa\/wp-content\/uploads\/2023\/09\/premio-bienal-javeriano-en-investigacion4-1200x675.jpg 1200w, http:\/\/www.javeriana.edu.co\/pesquisa\/wp-content\/uploads\/2023\/09\/premio-bienal-javeriano-en-investigacion4-768x432.jpg 768w, http:\/\/www.javeriana.edu.co\/pesquisa\/wp-content\/uploads\/2023\/09\/premio-bienal-javeriano-en-investigacion4.jpg 1920w\" sizes=\"(max-width: 1024px) 100vw, 1024px\" \/><\/figure>\n\n\n\n<p><strong>Modalidad de Vida y Obra<\/strong><\/p>\n\n\n\n<p>\u00c1lvaro de Jes\u00fas Ruiz Morales, de la Facultad de Medicina de la Sede Central, recibe el premio en esta modalidad ya que cuenta con una amplia experiencia, reconocimientos, liderazgo en investigaci\u00f3n y contribuciones a la formaci\u00f3n m\u00e9dica. Combinados con su papel en la influencia de pol\u00edticas p\u00fablicas y su participaci\u00f3n en gu\u00edas de pr\u00e1ctica cl\u00ednica, destacan su impacto tanto en la academia como en el campo de la medicina. En su hoja de vida resalta adem\u00e1s el desarrollo de la escuela de epidemiolog\u00eda cl\u00ednica y el impacto internacional en el desarrollo de gu\u00edas cl\u00ednicas de tratamiento y epidemiolog\u00eda cl\u00ednica.<\/p>\n\n\n\n<h2 class=\"wp-block-heading\"><strong>\u00c1rea de ciencias sociales y humanas<\/strong><\/h2>\n\n\n\n<h6 class=\"wp-block-heading\"><strong>Modalidad Mejor Trabajo de Investigaci\u00f3n en los \u00faltimos a\u00f1os<\/strong><\/h6>\n\n\n\n<p>Amparo Higinia Hern\u00e1ndez Bello, profesora del Instituto de Salud P\u00fablica, de la Sede Central, lider\u00f3 el estudio \u201c<a href=\"https:\/\/www.javeriana.edu.co\/pesquisa\/cuidado-de-la-salud-colombia\/\" target=\"_blank\" rel=\"noreferrer noopener\">El cuidado de la salud de las familias en Colombia. Pol\u00edtica sanitaria, trabajo de las mujeres y desigualdad<\/a>\u201d. Esta investigaci\u00f3n propone una mirada integral sobre el tema y plantea una hip\u00f3tesis muy fuerte que se demuestra en el libro donde se exponen sus resultados, el cual tiene un enfoque mixto, con un equilibrio entre la reflexi\u00f3n pol\u00edtica y su aporte en la construcci\u00f3n de pol\u00edticas p\u00fablicas con enfoque social, logrando as\u00ed, dialogar sobre el tema tambi\u00e9n con un enfoque acad\u00e9mico<a href=\"https:\/\/www.javeriana.edu.co\/pesquisa\/ganadores-premio-bienal-javeriano-2021-investigacion-creacion\/\" target=\"_blank\" rel=\"noreferrer noopener\">.&nbsp;<\/a><\/p>\n\n\n\n<figure class=\"wp-block-image size-large\"><img loading=\"lazy\" decoding=\"async\" width=\"1024\" height=\"576\" src=\"http:\/\/www.javeriana.edu.co\/pesquisa\/wp-content\/uploads\/2023\/09\/premio-bienal-javeriano-en-investigacion5-1024x576.jpg\" alt=\"Finaliz\u00f3 el XVII Congreso La Investigaci\u00f3n en la Pontificia Universidad Javeriana Conocimientos para un mundo en transformaci\u00f3n, un espacio que reconoci\u00f3 la labor investigativa en la universidad. Estos son los ganadores al premio de este a\u00f1o. \" class=\"wp-image-37497\" srcset=\"http:\/\/www.javeriana.edu.co\/pesquisa\/wp-content\/uploads\/2023\/09\/premio-bienal-javeriano-en-investigacion5-1024x576.jpg 1024w, http:\/\/www.javeriana.edu.co\/pesquisa\/wp-content\/uploads\/2023\/09\/premio-bienal-javeriano-en-investigacion5-300x169.jpg 300w, http:\/\/www.javeriana.edu.co\/pesquisa\/wp-content\/uploads\/2023\/09\/premio-bienal-javeriano-en-investigacion5-1536x864.jpg 1536w, http:\/\/www.javeriana.edu.co\/pesquisa\/wp-content\/uploads\/2023\/09\/premio-bienal-javeriano-en-investigacion5-150x84.jpg 150w, http:\/\/www.javeriana.edu.co\/pesquisa\/wp-content\/uploads\/2023\/09\/premio-bienal-javeriano-en-investigacion5-450x253.jpg 450w, http:\/\/www.javeriana.edu.co\/pesquisa\/wp-content\/uploads\/2023\/09\/premio-bienal-javeriano-en-investigacion5-1200x675.jpg 1200w, http:\/\/www.javeriana.edu.co\/pesquisa\/wp-content\/uploads\/2023\/09\/premio-bienal-javeriano-en-investigacion5-768x432.jpg 768w, http:\/\/www.javeriana.edu.co\/pesquisa\/wp-content\/uploads\/2023\/09\/premio-bienal-javeriano-en-investigacion5.jpg 1920w\" sizes=\"(max-width: 1024px) 100vw, 1024px\" \/><\/figure>\n\n\n\n<h4 class=\"wp-block-heading\"><strong>Modalidad Vida y Obra<\/strong><\/h4>\n\n\n\n<p>Hern\u00e1n Camilo Pulido Mart\u00ednez, profesor Facultad de Psicolog\u00eda de la Sede Central, es reconocido en esta modalidad por demostrar una excelente y equilibrada hoja de vida en su campo y trayectoria en investigaci\u00f3n, as\u00ed como en sus acciones de impacto m\u00e1s all\u00e1 de la academia. Se reconoce su liderazgo en proyectos de investigaci\u00f3n y su gran capacidad en la formaci\u00f3n de estudiantes.<\/p>\n\n\n\n<h4 class=\"wp-block-heading\"><strong>Modalidad Conocimiento con impacto m\u00e1s all\u00e1 de la academia<\/strong><\/h4>\n\n\n\n<p>Juan Felipe Garc\u00eda Arboleda y Joaqu\u00edn Antonio Garz\u00f3n Vargas, de la Facultad de Ciencias Jur\u00eddicas de la Sede Central, realizaron la investigaci\u00f3n \u201c<em>Desarrollar un modelo para fortalecer el rol de las Organizaciones de la Sociedad Civil en la protecci\u00f3n de sus derechos al territorio. <\/em><em>Cl\u00ednica Jur\u00eddica sobre Derecho y Territorio (CJD&amp;T)<\/em>\u201d, Apostaron por la implementaci\u00f3n del saber disciplinar para el mejoramiento del acceso a la justicia como derecho fundamental de las comunidades \u00e9tnicas y campesinas del pa\u00eds. Estos procesos han conllevado a obtener impactos no solo a nivel personal (de los afectados), sino tambi\u00e9n, con resultados de las sentencias judiciales o condenas que, mediante un litigio estrat\u00e9gico, han propendido por el mejoramiento de las comunidades.<\/p>\n\n\n\n<figure class=\"wp-block-image size-large\"><img loading=\"lazy\" decoding=\"async\" width=\"1024\" height=\"576\" src=\"http:\/\/www.javeriana.edu.co\/pesquisa\/wp-content\/uploads\/2023\/09\/premio-bienal-javeriano-en-investigacion6-1024x576.jpg\" alt=\"Finaliz\u00f3 el XVII Congreso La Investigaci\u00f3n en la Pontificia Universidad Javeriana Conocimientos para un mundo en transformaci\u00f3n, un espacio que reconoci\u00f3 la labor investigativa en la universidad. Estos son los ganadores al premio de este a\u00f1o. \" class=\"wp-image-37498\" srcset=\"http:\/\/www.javeriana.edu.co\/pesquisa\/wp-content\/uploads\/2023\/09\/premio-bienal-javeriano-en-investigacion6-1024x576.jpg 1024w, http:\/\/www.javeriana.edu.co\/pesquisa\/wp-content\/uploads\/2023\/09\/premio-bienal-javeriano-en-investigacion6-300x169.jpg 300w, http:\/\/www.javeriana.edu.co\/pesquisa\/wp-content\/uploads\/2023\/09\/premio-bienal-javeriano-en-investigacion6-1536x864.jpg 1536w, http:\/\/www.javeriana.edu.co\/pesquisa\/wp-content\/uploads\/2023\/09\/premio-bienal-javeriano-en-investigacion6-150x84.jpg 150w, http:\/\/www.javeriana.edu.co\/pesquisa\/wp-content\/uploads\/2023\/09\/premio-bienal-javeriano-en-investigacion6-450x253.jpg 450w, http:\/\/www.javeriana.edu.co\/pesquisa\/wp-content\/uploads\/2023\/09\/premio-bienal-javeriano-en-investigacion6-1200x675.jpg 1200w, http:\/\/www.javeriana.edu.co\/pesquisa\/wp-content\/uploads\/2023\/09\/premio-bienal-javeriano-en-investigacion6-768x432.jpg 768w, http:\/\/www.javeriana.edu.co\/pesquisa\/wp-content\/uploads\/2023\/09\/premio-bienal-javeriano-en-investigacion6.jpg 1920w\" sizes=\"(max-width: 1024px) 100vw, 1024px\" \/><\/figure>\n\n\n\n<h4 class=\"wp-block-heading\"><strong>Premio Bienal Javeriano a la Innovaci\u00f3n<\/strong><\/h4>\n\n\n\n<p>Este premio busca exaltar a los profesores que han encaminado esfuerzos para que los resultados de su actividad investigativa lleguen a los usuarios finales, conllevando a innovaciones tecnol\u00f3gicas o sociales que logran ser adoptadas y representan mejoras para ellos, bien sea en sus procesos productivos, de gesti\u00f3n, organizacionales, entre otros.<\/p>\n\n\n\n<p>Loa ganadores fueron Edwin Alexander Rodr\u00edguez, Carlos Javier Alm\u00e9ciga D\u00edaz, Nico Calleware y Angela Johana Espejo Mojica de la Facultad de Ciencias de la Sede Central, reciben este premio por su \u201cPlataforma de vanguardia para la producci\u00f3n de prote\u00ednas recombinantes glicosiladas en levaduras\u201d, una apuesta de alto valor, impacto y apropiaci\u00f3n, que se evidencia en su base cient\u00edfica y de conocimiento, la gesti\u00f3n de la propiedad intelectual y el grado de adopci\u00f3n de la innovaci\u00f3n por parte de los grupos de inter\u00e9s con respecto al segmento de usuarios esperado.<\/p>\n","protected":false},"excerpt":{"rendered":"<p>Finaliz\u00f3 el XVII Congreso La Investigaci\u00f3n en la Pontificia Universidad Javeriana Conocimientos para un mundo en transformaci\u00f3n, un espacio que reconoci\u00f3 la labor investigativa en la universidad. Estos son los ganadores del Premio Bienal Javeriano en Investigaci\u00f3n e Innovaci\u00f3n de este a\u00f1o.<\/p>\n","protected":false},"author":26,"featured_media":37498,"comment_status":"open","ping_status":"open","sticky":false,"template":"","format":"standard","meta":{"footnotes":""},"categories":[3515,1157,2622],"tags":[303,100,97,499,4418,350],"class_list":{"0":"post-37494","1":"post","2":"type-post","3":"status-publish","4":"format-standard","5":"has-post-thumbnail","7":"category-investigadores","8":"category-destacadas","9":"category-javeriana-cali-investiga","10":"tag-educacion","11":"tag-innovacion","12":"tag-investigacion","13":"tag-javeriana","14":"tag-premio-bienal-javeriano-en-investigacion","15":"tag-salud"},"_links":{"self":[{"href":"http:\/\/www.javeriana.edu.co\/pesquisa\/wp-json\/wp\/v2\/posts\/37494","targetHints":{"allow":["GET"]}}],"collection":[{"href":"http:\/\/www.javeriana.edu.co\/pesquisa\/wp-json\/wp\/v2\/posts"}],"about":[{"href":"http:\/\/www.javeriana.edu.co\/pesquisa\/wp-json\/wp\/v2\/types\/post"}],"author":[{"embeddable":true,"href":"http:\/\/www.javeriana.edu.co\/pesquisa\/wp-json\/wp\/v2\/users\/26"}],"replies":[{"embeddable":true,"href":"http:\/\/www.javeriana.edu.co\/pesquisa\/wp-json\/wp\/v2\/comments?post=37494"}],"version-history":[{"count":10,"href":"http:\/\/www.javeriana.edu.co\/pesquisa\/wp-json\/wp\/v2\/posts\/37494\/revisions"}],"predecessor-version":[{"id":37575,"href":"http:\/\/www.javeriana.edu.co\/pesquisa\/wp-json\/wp\/v2\/posts\/37494\/revisions\/37575"}],"wp:featuredmedia":[{"embeddable":true,"href":"http:\/\/www.javeriana.edu.co\/pesquisa\/wp-json\/wp\/v2\/media\/37498"}],"wp:attachment":[{"href":"http:\/\/www.javeriana.edu.co\/pesquisa\/wp-json\/wp\/v2\/media?parent=37494"}],"wp:term":[{"taxonomy":"category","embeddable":true,"href":"http:\/\/www.javeriana.edu.co\/pesquisa\/wp-json\/wp\/v2\/categories?post=37494"},{"taxonomy":"post_tag","embeddable":true,"href":"http:\/\/www.javeriana.edu.co\/pesquisa\/wp-json\/wp\/v2\/tags?post=37494"}],"curies":[{"name":"wp","href":"https:\/\/api.w.org\/{rel}","templated":true}]}}