{"id":37795,"date":"2023-10-13T10:51:41","date_gmt":"2023-10-13T15:51:41","guid":{"rendered":"https:\/\/www.javeriana.edu.co\/pesquisa\/?p=37795"},"modified":"2023-10-13T13:04:02","modified_gmt":"2023-10-13T18:04:02","slug":"ateismo-responsable-con-el-otro","status":"publish","type":"post","link":"http:\/\/www.javeriana.edu.co\/pesquisa\/ateismo-responsable-con-el-otro\/","title":{"rendered":"Un ate\u00edsmo responsable con el Otro"},"content":{"rendered":"\n<p>La solidaridad y la empat\u00eda a menudo se experimentan desde la perspectiva de las similitudes y conexiones compartidas con otros. Nunca desde las diferencias.&nbsp;<\/p>\n\n\n\n<p>Expresiones cotidianas como \u2018ponerse en los zapatos del otro\u2019 o \u2018nunca le hagas a nadie lo que no te gusta que te hagan a ti\u2019 son resultado de esa intenci\u00f3n humana de tratar de entender y comprender los estados afectivos, emocionales o existenciales de otra persona.&nbsp;<\/p>\n\n\n\n<p>Sin embargo, existe una dimensi\u00f3n menos explorada pero igualmente poderosa: la capacidad de comprender y sentir por los dem\u00e1s a trav\u00e9s de las diferencias. En un mundo que a menudo se divide por las diferencias percibidas, entender y comprender al Otro basados en la diferencia se convierte en un ant\u00eddoto crucial contra la intolerancia, la polarizaci\u00f3n y la xenofobia.&nbsp;<\/p>\n\n\n\n<p>\u201cComprender c\u00f3mo Otros ven y experimentan el mundo a trav\u00e9s de las diferencias es un acto consciente de imaginarse a uno mismo en el lugar del otro, no a pesar de las diferencias, sino precisamente a trav\u00e9s de ellas\u201d, afirma <a href=\"https:\/\/www.scielo.br\/j\/pteo\/a\/kZQ7dmhfKH4MKqPygzJCdHJ\/?lang=pt\" target=\"_blank\" data-type=\"URL\" data-id=\"https:\/\/www.scielo.br\/j\/pteo\/a\/kZQ7dmhfKH4MKqPygzJCdHJ\/?lang=pt\" rel=\"noreferrer noopener\">Rivelino Jean<\/a>, fil\u00f3sofo haitiano, y egresado de la maestr\u00eda en Filosof\u00eda de la Pontificia Universidad Javeriana. \u201cImplica dejar de lado las propias suposiciones y prejuicios para entrar en el mundo del otro, verlo desde su mirada y permitirnos desafiar nuestras perspectivas y creencias arraigadas\u201d.&nbsp;<\/p>\n\n\n\n<figure class=\"wp-block-image size-large\"><img fetchpriority=\"high\" decoding=\"async\" width=\"1024\" height=\"576\" src=\"https:\/\/www.javeriana.edu.co\/pesquisa\/wp-content\/uploads\/2023\/10\/Ateismo-y-Otro-interna-2-1024x576.png\" alt=\"\" class=\"wp-image-37797\" srcset=\"http:\/\/www.javeriana.edu.co\/pesquisa\/wp-content\/uploads\/2023\/10\/Ateismo-y-Otro-interna-2-1024x576.png 1024w, http:\/\/www.javeriana.edu.co\/pesquisa\/wp-content\/uploads\/2023\/10\/Ateismo-y-Otro-interna-2-300x169.png 300w, http:\/\/www.javeriana.edu.co\/pesquisa\/wp-content\/uploads\/2023\/10\/Ateismo-y-Otro-interna-2-1536x864.png 1536w, http:\/\/www.javeriana.edu.co\/pesquisa\/wp-content\/uploads\/2023\/10\/Ateismo-y-Otro-interna-2-150x84.png 150w, http:\/\/www.javeriana.edu.co\/pesquisa\/wp-content\/uploads\/2023\/10\/Ateismo-y-Otro-interna-2-450x253.png 450w, http:\/\/www.javeriana.edu.co\/pesquisa\/wp-content\/uploads\/2023\/10\/Ateismo-y-Otro-interna-2-1200x675.png 1200w, http:\/\/www.javeriana.edu.co\/pesquisa\/wp-content\/uploads\/2023\/10\/Ateismo-y-Otro-interna-2-768x432.png 768w, http:\/\/www.javeriana.edu.co\/pesquisa\/wp-content\/uploads\/2023\/10\/Ateismo-y-Otro-interna-2.png 1920w\" sizes=\"(max-width: 1024px) 100vw, 1024px\" \/><figcaption>La responsabilidad con Otro a menudo se experimenta desde las similitudes y conexiones compartidas. Nunca desde las diferencias. Ilustraci\u00f3n: Diederik Ruka con IA.<\/figcaption><\/figure>\n\n\n\n<h4 class=\"wp-block-heading\">Ate\u00edsmo y el otro, en tres cap\u00edtulos<\/h4>\n\n\n\n<p>En su trabajo titulado <a href=\"https:\/\/repository.javeriana.edu.co\/handle\/10554\/62163\">El Ate\u00edsmo y el Otro<\/a>, este Rivelino hace un an\u00e1lisis del libro <em>Totalidad e infinito<\/em> del fil\u00f3sofo Emmanuel L\u00e9vinas, buscando esclarecer el sentido del ate\u00edsmo como separaci\u00f3n, necesario para comprender la responsabilidad con el Otro.&nbsp;<\/p>\n\n\n\n<p>Imagina que conoces a alguien de una cultura completamente diferente a la tuya. En lugar de juzgar sus pr\u00e1cticas y creencias culturales desde la perspectiva propia, el Ate\u00edsmo como separaci\u00f3n trata de entender el otro punto de vista, trata de reconocer, aprender y respetar las experiencias del otro, aunque sean muy diferentes a las nuestras, incluso si no las comprendes completamente.<\/p>\n\n\n\n<p><\/p>\n\n\n\n<p>El proyecto editorial de Rivelino se divide en tres partes. En el primer cap\u00edtulo \u201cInversi\u00f3n de la Ontolog\u00eda\u201d, el autor expone la separaci\u00f3n de L\u00e9vinas con la ontolog\u00eda heideggeriana que busca adscribir al ser humano en una noci\u00f3n de ser en general. \u201cNo creer en ese dios de la ontolog\u00eda que idealiza la mirada hacia el Otro dentro de una universalidad de nuestras propias experiencias y perspectivas\u201d, explica.<\/p>\n\n\n\n<p>Es decir, para poder comprender realmente al Otro seg\u00fan el fil\u00f3sofo haitiano, en lugar de aferrarnos a lo que sabemos, hay que dejar de lado nuestra tendencia \u2018natural\u2019 a agrupar a las personas en categor\u00edas o etiquetas a partir de nuestras similitudes, y en cambio entender al Otro en su particularidad, en su contexto e historia de vida.&nbsp;<\/p>\n\n\n\n<p>El concepto de ate\u00edsmo como separaci\u00f3n que considera la multiplicidad de realidades que coexisten en el mundo igualmente v\u00e1lidas y merecedoras de respeto, es el tema que aborda la segunda parte del libro, titulada \u201cDiscurso, justicia y verdad\u201d.&nbsp;&nbsp;<\/p>\n\n\n\n<p>Como una forma de relacionarse dentro de una comunidad, el ate\u00edsmo se expone en este cap\u00edtulo como \u201ccimiento de toda relaci\u00f3n aut\u00e9ntica y pilar fundamental de la responsabilidad hacia el Otro porque permite reconocer y respetar desde la diferencia y diversidad inherentes a cada individuo\u201d, afirma Rivelino Jean.<\/p>\n\n\n\n<p>Justamente esas diferencias son las que agregan valor a la vida colectiva, pues basan la responsabilidad con el Otro no desde la l\u00e1stima, ni la pol\u00edtica, ni la religi\u00f3n, sino desde el llamado \u00e9tico a actuar en beneficio de quienes nos rodean.<\/p>\n\n\n\n<p>Por eso, para este fil\u00f3sofo caribe\u00f1o el reconocer y honrar las historias \u00fanicas de cada individuo nos lleva a hacer preguntas en lugar de asumir respuestas. Nos lleva a escuchar, no para responder, sino para entender.<\/p>\n\n\n\n<p>Cuando se interact\u00faa con personas de diferentes generaciones, or\u00edgenes, razas, creencias o costumbres, el ate\u00edsmo como separaci\u00f3n ayuda a comprender c\u00f3mo sus experiencias de vida han moldeado sus perspectivas.<\/p>\n\n\n\n<p>Es decir, al interactuar con alguien cuyas experiencias difieren de las nuestras, \u201cabrimos un espacio para la comunicaci\u00f3n aut\u00e9ntica y la conexi\u00f3n profunda, y es aqu\u00ed donde las diferencias dejan de ser barreras y se convierten en puentes que nos unen\u201d, indica Rivelino Jean.<\/p>\n\n\n\n<p>Finalmente, en el tercer cap\u00edtulo \u201cComplicidad entre Mismo y Otro en el mundo ofrecido\u201d, el fil\u00f3sofo haitiano expone algunos beneficios de la separaci\u00f3n y explica la responsabilidad con el Otro como una posici\u00f3n \u00e9tica que implica la obligaci\u00f3n de considerar la vida, el bienestar y los intereses de los dem\u00e1s en nuestras acciones y decisiones, para fomentar la comprensi\u00f3n mutua y disminuir los prejuicios y estereotipos que suelen ser las barreras m\u00e1s dif\u00edciles de atravesar entre los seres humanos.&nbsp;&nbsp;<\/p>\n\n\n\n<figure class=\"wp-block-image size-large\"><img decoding=\"async\" width=\"1024\" height=\"576\" src=\"https:\/\/www.javeriana.edu.co\/pesquisa\/wp-content\/uploads\/2023\/10\/Ateismo-y-Otro-interna-1-1024x576.png\" alt=\"\" class=\"wp-image-37799\" srcset=\"http:\/\/www.javeriana.edu.co\/pesquisa\/wp-content\/uploads\/2023\/10\/Ateismo-y-Otro-interna-1-1024x576.png 1024w, http:\/\/www.javeriana.edu.co\/pesquisa\/wp-content\/uploads\/2023\/10\/Ateismo-y-Otro-interna-1-300x169.png 300w, http:\/\/www.javeriana.edu.co\/pesquisa\/wp-content\/uploads\/2023\/10\/Ateismo-y-Otro-interna-1-1536x864.png 1536w, http:\/\/www.javeriana.edu.co\/pesquisa\/wp-content\/uploads\/2023\/10\/Ateismo-y-Otro-interna-1-150x84.png 150w, http:\/\/www.javeriana.edu.co\/pesquisa\/wp-content\/uploads\/2023\/10\/Ateismo-y-Otro-interna-1-450x253.png 450w, http:\/\/www.javeriana.edu.co\/pesquisa\/wp-content\/uploads\/2023\/10\/Ateismo-y-Otro-interna-1-1200x675.png 1200w, http:\/\/www.javeriana.edu.co\/pesquisa\/wp-content\/uploads\/2023\/10\/Ateismo-y-Otro-interna-1-768x432.png 768w, http:\/\/www.javeriana.edu.co\/pesquisa\/wp-content\/uploads\/2023\/10\/Ateismo-y-Otro-interna-1.png 1920w\" sizes=\"(max-width: 1024px) 100vw, 1024px\" \/><figcaption>\u201cComprender c\u00f3mo Otros ven y experimentan el mundo a trav\u00e9s de las diferencias, implica dejar de lado las propias suposiciones y desafiar nuestras perspectivas y creencias arraigadas\u201d. Rivelino Jean. Ilustraci\u00f3n: Diederik Ruka con IA.<\/figcaption><\/figure>\n\n\n\n<p>En una sociedad globalizada donde, por ejemplo la <a href=\"https:\/\/www.javeriana.edu.co\/pesquisa\/cruzar-el-desarraigo-como-comprender-la-migracion-forzada\/\">migraci\u00f3n<\/a> se ha convertido en un fen\u00f3meno intr\u00ednseco a la experiencia humana, desafiando nuestras nociones de identidad, comunidad y responsabilidad hacia el otro, \u201creconocer la humanidad compartida y la individualidad \u00fanica de cada persona nos exige cuestionar nuestras suposiciones y prejuicios arraigados y adoptar una actitud de apertura hacia las diferencias. Con esta propuesta \u00e9tica del Ate\u00edsmo y el Otro, se promueve la igualdad, la dignidad y los derechos humanos\u201d, concluye Rivelino Jean.&nbsp;<\/p>\n\n\n\n<p>El ate\u00edsmo como separaci\u00f3n nos desaf\u00eda a mirar m\u00e1s all\u00e1 de nuestras similitudes y adentrarnos en las complejidades de las experiencias ajenas y as\u00ed comprender la responsabilidad con Otro. Es un recordatorio de que cada individuo es un mundo entero en s\u00ed mismo, lleno de experiencias, desaf\u00edos y perspectivas \u00fanicas.<\/p>\n","protected":false},"excerpt":{"rendered":"<p>\u00bfC\u00f3mo reconocer al Otro a partir de nuestras diferencias y no de nuestras similitudes? Investigador javeriano propone entender el sentido de separaci\u00f3n del ate\u00edsmo del fil\u00f3sofo Emmanuel L\u00e9vinas para comprender la responsabilidad con el Otro.<\/p>\n","protected":false},"author":18,"featured_media":37796,"comment_status":"open","ping_status":"open","sticky":false,"template":"","format":"standard","meta":{"footnotes":""},"categories":[373,1157],"tags":[4470,2496,510,4469,4471],"class_list":{"0":"post-37795","1":"post","2":"type-post","3":"status-publish","4":"format-standard","5":"has-post-thumbnail","7":"category-sociedad","8":"category-destacadas","9":"tag-ateismo","10":"tag-diversidad","11":"tag-filosofia","12":"tag-levinas","13":"tag-responsabilidad-con-otro"},"_links":{"self":[{"href":"http:\/\/www.javeriana.edu.co\/pesquisa\/wp-json\/wp\/v2\/posts\/37795","targetHints":{"allow":["GET"]}}],"collection":[{"href":"http:\/\/www.javeriana.edu.co\/pesquisa\/wp-json\/wp\/v2\/posts"}],"about":[{"href":"http:\/\/www.javeriana.edu.co\/pesquisa\/wp-json\/wp\/v2\/types\/post"}],"author":[{"embeddable":true,"href":"http:\/\/www.javeriana.edu.co\/pesquisa\/wp-json\/wp\/v2\/users\/18"}],"replies":[{"embeddable":true,"href":"http:\/\/www.javeriana.edu.co\/pesquisa\/wp-json\/wp\/v2\/comments?post=37795"}],"version-history":[{"count":3,"href":"http:\/\/www.javeriana.edu.co\/pesquisa\/wp-json\/wp\/v2\/posts\/37795\/revisions"}],"predecessor-version":[{"id":37803,"href":"http:\/\/www.javeriana.edu.co\/pesquisa\/wp-json\/wp\/v2\/posts\/37795\/revisions\/37803"}],"wp:featuredmedia":[{"embeddable":true,"href":"http:\/\/www.javeriana.edu.co\/pesquisa\/wp-json\/wp\/v2\/media\/37796"}],"wp:attachment":[{"href":"http:\/\/www.javeriana.edu.co\/pesquisa\/wp-json\/wp\/v2\/media?parent=37795"}],"wp:term":[{"taxonomy":"category","embeddable":true,"href":"http:\/\/www.javeriana.edu.co\/pesquisa\/wp-json\/wp\/v2\/categories?post=37795"},{"taxonomy":"post_tag","embeddable":true,"href":"http:\/\/www.javeriana.edu.co\/pesquisa\/wp-json\/wp\/v2\/tags?post=37795"}],"curies":[{"name":"wp","href":"https:\/\/api.w.org\/{rel}","templated":true}]}}