{"id":38347,"date":"2023-11-15T11:42:13","date_gmt":"2023-11-15T16:42:13","guid":{"rendered":"https:\/\/www.javeriana.edu.co\/pesquisa\/?p=38347"},"modified":"2023-11-15T11:44:16","modified_gmt":"2023-11-15T16:44:16","slug":"conflicto-israel-palestina","status":"publish","type":"post","link":"http:\/\/www.javeriana.edu.co\/pesquisa\/conflicto-israel-palestina\/","title":{"rendered":"Palestina e Israel \u00bfel fracaso de los organismos internacionales?"},"content":{"rendered":"<p>Antes de la existencia de lo que hoy conocemos como Israel y Palestina, protagonistas de los principales titulares en los medios de comunicaci\u00f3n durante el \u00faltimo mes, el Imperio otomano se extend\u00eda por Los Balcanes, el sureste de Europa, el Oriente Medio y el Norte de \u00c1frica.<\/p>\n<p>El Imperio otomano estaba conformado por &#8220;vilayets&#8221;, o provincias, algunas de ellas son las actuales naciones de Turqu\u00eda, Siria, L\u00edbano, Irak y Palestina. Israel no exist\u00eda en ese momento como naci\u00f3n y los jud\u00edos eran uno de los grupos \u00e9tnico-religiosos presentes en la regi\u00f3n, junto con \u00e1rabes, kurdos, armenios y otros, bajo la administraci\u00f3n otomana.<\/p>\n<p>Este Imperio se consolid\u00f3 en el siglo XIV al vencer al Imperio Bizantino, pero se debilit\u00f3 en el siglo XIX y fue derrotado en la Primera Guerra Mundial.<\/p>\n<p>\u00bfQu\u00e9 tiene que ver todo esto con el conflicto que tiene enfrentada a Palestina con Israel? <a href=\"https:\/\/perfilesycapacidades.javeriana.edu.co\/es\/persons\/claudia-silvia-cogollos-amaya\" target=\"_blank\" rel=\"noopener\">Silvia Cogollos<\/a>, historiadora, magister en Estudios Pol\u00edticos y docente de la Pontifica Universidad Javeriana, explica que \u201ceste conflicto entre Israel y Palestina viene de tiempo atr\u00e1s; algunos han querido leerlo como un conflicto religioso y no lo es. Es un conflicto por el territorio\u201d.<\/p>\n<h4><strong>Un conflicto antecedido por otro<\/strong><\/h4>\n<p>En 1920, al terminar la Primera Guerra Mundial, la Liga de Naciones, antecesora de la Organizaci\u00f3n de Naciones Unidas \u2013 ONU \u2013, reparti\u00f3 parte del desintegrado Imperio Otomano entre Francia, que recibi\u00f3 el mandato sobre Siria y L\u00edbano, y Gran Breta\u00f1a sobre Irak y Palestina. Todo esto en cumplimiento del Tratado de Versalles, documento que dio fin a la gran guerra.<\/p>\n<p>En la repartici\u00f3n tambi\u00e9n se asignaron territorios espec\u00edficos dentro de estos pa\u00edses para musulmanes chiitas, musulmanes sunitas, cristianos y drusos. Todas estas comunidades, adem\u00e1s de los jud\u00edos, ya habitaban en el territorio del extinto Imperio Otomano bajo su propio sistema de organizaci\u00f3n y distribuci\u00f3n poblacional. \u00a0<\/p>\n\n\n<blockquote class=\"wp-block-quote has-text-align-right is-layout-flow wp-block-quote-is-layout-flow\"><p>El Imperio otomano era multi\u00e9tnico y conviv\u00edan diferentes religiones, como el cristianismo, el islamismo y el juda\u00edsmo.<\/p><\/blockquote>\n\n\n<p>Pero hab\u00eda algo m\u00e1s. <a href=\"https:\/\/www.un.org\/unispal\/es\/history\/\" target=\"_blank\" rel=\"noopener\">En 1917<\/a>, antes del mandato de la Liga de Naciones, Gran Breta\u00f1a se hab\u00eda comprometido con la comunidad jud\u00eda presente en Europa a entregarles parte del territorio palestino, ya que el movimiento <a href=\"https:\/\/theconversation.com\/los-origenes-del-conflicto-palestino-israeli-215284\" target=\"_blank\" rel=\"noopener\">Sionista<\/a> demandaba la creaci\u00f3n de un Estado jud\u00edo all\u00ed, por su relaci\u00f3n religiosa con Jerusal\u00e9n.<\/p>\n<p>Durante todo el proceso, el papel de Gran Breta\u00f1a fue fundamental, pues como uno de los ganadores de la primera guerra, estuvo encargado de administrar los territorios que le fueron asignados. La profesora Cogollos explica que \u201cGran Breta\u00f1a fue ambigua con ambos pueblos. A los jud\u00edos les aprob\u00f3 la creaci\u00f3n de un hogar nacional jud\u00edo en Palestina, mientras que a los \u00e1rabes les prometi\u00f3 la creaci\u00f3n de un gran Estado \u00e1rabe, todo en el mismo territorio\u201d.<\/p>\n<p>La cercan\u00eda entre jud\u00edos y \u00e1rabes se percibi\u00f3 como una amenaza, pues ambos pueblos ten\u00edan la promesa de establecerse all\u00ed. \u201cTodo esto llev\u00f3 a que empezara un conflicto entre ambos pueblos como resultado de las migraciones jud\u00edas procedentes de Europa Central que respond\u00edan al llamado del movimiento sionista por el poblamiento del territorio en Palestina. Por lo anterior, reitero, el conflicto no es religioso\u201d, sostiene la investigadora.<\/p>\n<p>Posterior a la Segunda Guerra Mundial y como resultado del genocidio nazi, la migraci\u00f3n jud\u00eda desde Europa hacia Palestina fue mucho mayor, dando pie a la consolidaci\u00f3n del sue\u00f1o sionista para crear el Estado de Israel. La demanda de tierras, provocada por la cantidad de personas que llegaron a la regi\u00f3n, agudiz\u00f3 el conflicto entre \u00e1rabes y los jud\u00edos que iban en aumento y colonizaban suelo \u00e1rabe.<\/p>\n<h4><strong>Un territorio dividido de forma desigual<\/strong><\/h4>\n<p>Las tensiones fueron tan altas que la reci\u00e9n creada Organizaci\u00f3n de Naciones Unidas tuvo que intervenir para evitar una confrontaci\u00f3n b\u00e9lica. En la asamblea general de este organismo fue aprobada la <a href=\"https:\/\/documents-dds-ny.un.org\/doc\/RESOLUTION\/GEN\/NR0\/041\/19\/PDF\/NR004119.pdf?OpenElement\" target=\"_blank\" rel=\"noopener\">resoluci\u00f3n 181<\/a>, en la que se establec\u00edan y delimitaban el Estado \u00e1rabe y el Estado jud\u00edo. Tambi\u00e9n determin\u00f3 que las regiones de Jerusal\u00e9n y Bel\u00e9n ser\u00edan controladas por la comunidad internacional.<\/p>\n<p>Sobre esto, la profesora Cogollos comenta que \u201caqu\u00ed ya encontramos un problema: la repartici\u00f3n fue aceptada por los jud\u00edos, pero no por los \u00e1rabes. Ellos consideraron que era injusta porque les otorgaba a los jud\u00edos el 54 % del territorio, para una poblaci\u00f3n que, en ese momento, constitu\u00eda solo el 33 % de la poblaci\u00f3n\u201d. La zona segu\u00eda siendo administrada por los brit\u00e1nicos, quienes tambi\u00e9n rechazaron el plan.<\/p>\n<p>La divisi\u00f3n del territorio entre jud\u00edos y \u00e1rabes dej\u00f3 al Estado Palestino fraccionado, con menos tierra y con Israel en el centro. El plan de la ONU no se llev\u00f3 a cabo y casi un a\u00f1o despu\u00e9s, el 14 de mayo de 1948 Israel se declar\u00f3 una naci\u00f3n independiente.<\/p>\n<p>Esto abri\u00f3 el camino a un escalamiento del conflicto entre \u00e1rabes y jud\u00edos, ya que la comunidad palestina sufri\u00f3 por partida doble: por una parte, vieron c\u00f3mo se les arrebataba parte de lo que fuera su territorio durante siglos; y por otra, la declaraci\u00f3n de independencia de Israel signific\u00f3 la migraci\u00f3n forzada de m\u00e1s de 700 000 palestinos fuera de las tierras que los jud\u00edos hab\u00edan tomado como propias.<\/p>\n<p>Esta expulsi\u00f3n se llev\u00f3 a cabo mediante el plan Dalet, una pol\u00edtica de David Ben Guir\u00f3n, ex primer ministro israel\u00ed. En esta se ordenaba a las fuerzas militares israel\u00edes rodear, registrar y expulsar a todos los \u00e1rabes que estaban en los territorios. Este periodo de expropiaci\u00f3n masiva es conocido como la Nackba, en \u00e1rabe \u201cla cat\u00e1strofe\u201d.<\/p>\n<p>Desde entonces el conflicto y la ocupaci\u00f3n de Israel a territorio Palestino no cesa, sumando una variable que marca una disparidad entre las partes: Israel cuenta con un ej\u00e9rcito de 646 000 soldados, 600 aviones, m\u00e1s de 2000 tanques, 67 buques y submarinos y un presupuesto de 24 300 millones de d\u00f3lares, seg\u00fan el \u00edndice Global Fire Power. Palestina por su parte, no cuenta con ej\u00e9rcito, ni fuerza a\u00e9rea, ni marina. Tiene algunas estructuras de seguridad y fuerzas de seguridad con 4500 combatientes que no tienen el mismo reconocimiento internacional.<\/p>\n<figure id=\"attachment_38349\" aria-describedby=\"caption-attachment-38349\" style=\"width: 1200px\" class=\"wp-caption alignnone\"><img fetchpriority=\"high\" decoding=\"async\" class=\"size-full wp-image-38349\" src=\"http:\/\/www.javeriana.edu.co\/pesquisa\/wp-content\/uploads\/2023\/11\/Mapa-Palestina-Israel.png\" alt=\"Mapa-Palestina-Israel\" width=\"1200\" height=\"720\" srcset=\"http:\/\/www.javeriana.edu.co\/pesquisa\/wp-content\/uploads\/2023\/11\/Mapa-Palestina-Israel.png 1200w, http:\/\/www.javeriana.edu.co\/pesquisa\/wp-content\/uploads\/2023\/11\/Mapa-Palestina-Israel-300x180.png 300w, http:\/\/www.javeriana.edu.co\/pesquisa\/wp-content\/uploads\/2023\/11\/Mapa-Palestina-Israel-1024x614.png 1024w, http:\/\/www.javeriana.edu.co\/pesquisa\/wp-content\/uploads\/2023\/11\/Mapa-Palestina-Israel-150x90.png 150w, http:\/\/www.javeriana.edu.co\/pesquisa\/wp-content\/uploads\/2023\/11\/Mapa-Palestina-Israel-450x270.png 450w, http:\/\/www.javeriana.edu.co\/pesquisa\/wp-content\/uploads\/2023\/11\/Mapa-Palestina-Israel-768x461.png 768w\" sizes=\"(max-width: 1200px) 100vw, 1200px\" \/><figcaption id=\"caption-attachment-38349\" class=\"wp-caption-text\">Durante a\u00f1os, el territorio originalmente Palestino ha cambiado debido al conflicto entre este e Israel. Jerusalen se mantiene hasta ahora como ciudad bajo administraci\u00f3n internacional.<br \/>Foto Shutterstock.<\/figcaption><\/figure>\n<p>En Cisjordania, por ejemplo, la Autoridad Palestina tiene fuerzas de seguridad que realizan funciones de polic\u00eda y seguridad interna, aunque su alcance y capacidad est\u00e1n limitados por la ocupaci\u00f3n israel\u00ed.<\/p>\n<p>En la Franja de Gaza, el Movimiento de Resistencia Isl\u00e1mica \u2013 Hamas \u2013 opera como grupo pol\u00edtico y militar desde 1987. Pero esta es la zona con mayor ocupaci\u00f3n por parte de Israel (desde 1967 hasta 2005). Justamente all\u00ed Hamas gan\u00f3 las elecciones legislativas sobre la Autoridad Palestina y asumi\u00f3 el control en 2007.<\/p>\n<p>Sin embargo, se desconoci\u00f3 su legitimidad a nivel internacional, ya que hab\u00eda sido declarado grupo terrorista en 1997 por Estados Unidos. En 2001 la Uni\u00f3n Europea incluy\u00f3 el ala militar de esta organizaci\u00f3n en la lista de terroristas y en 2003 hizo lo propio con el ala pol\u00edtica.<\/p>\n<h4><strong>\u201c56 a\u00f1os de ocupaci\u00f3n sofocante\u201d<\/strong><\/h4>\n<p>A un mes del recrudecimiento de este conflicto, que inici\u00f3 con un ataque de Hamas en el que murieron 1400 personas seg\u00fan el Ministerio de Salud Israel\u00ed, los bombardeos a Gaza posteriores al 7 de octubre de 2023 dejan 10 000 personas muertas, m\u00e1s de la tercera parte de ellos ni\u00f1os, y 25 000 heridos, seg\u00fan reportes del Ministerio de Salud Palestino. No se avizora una salida pac\u00edfica.<\/p>\n<p>El 24 de octubre, Antonio Guterres, secretario general de la ONU, expres\u00f3 su preocupaci\u00f3n por la violaci\u00f3n del derecho internacional humanitario, y abog\u00f3 por la protecci\u00f3n a civiles en ambos territorios, condenando los ataques de Hamas, pero se\u00f1alando que estos \u201cno han ocurrido en el vac\u00edo. El pueblo palestino lleva 56 a\u00f1os sometido a una ocupaci\u00f3n asfixiante\u201d.\u00a0<\/p>\n<p>Con un contexto pol\u00edtico interno e internacional complejo, organizaciones como la ONU son las llamadas a intervenir para mediar una soluci\u00f3n; sin embargo, para la experta Cogollos el desempe\u00f1o de este organismo es cuestionable.<\/p>\n<p>\u201cSe ha demostrado el fracaso de los organismos internacionales en este conflicto. 75 a\u00f1os y la cuesti\u00f3n palestina sigue sin resolverse en cuanto al reconocimiento en pleno de un Estado Palestino, la reivindicaci\u00f3n de los <a href=\"https:\/\/theconversation.com\/que-es-un-genocidio-217531\" target=\"_blank\" rel=\"noopener\">derechos<\/a> de los palestinos a circular libremente, el derecho a una vida digna y a ejercer sus derechos en igualdad de condiciones que los israel\u00edes. Por lo pronto lo m\u00e1s inmediato es frenar el conflicto para que la sociedad civil no siga siendo la afectada. Naciones Unidas debe exigir el concurso de todos los actores directos e indirectos para mediar y parar la violencia.\u201d, afirma la docente javeriana.<\/p>\n<p>Y es justamente a esto a lo que se refiri\u00f3 el secretario general de la ONU en su declaraci\u00f3n del 24 de octubre. Las Naciones Unidas han reiterado su llamado al cese de la guerra y han enfatizado que \u201cuna soluci\u00f3n pol\u00edtica es cuesti\u00f3n de vida o muerte para millones de personas en Gaza y m\u00e1s all\u00e1\u201d, puesto que adem\u00e1s de las miles de v\u00edctimas en esta zona, 101 funcionarios de la Agencia de Naciones Unidas para los Refugiados de Palestina en Oriente Pr\u00f3ximo se suman a las cifras de muertes que deja este conflicto.<\/p>\n<figure id=\"attachment_38351\" aria-describedby=\"caption-attachment-38351\" style=\"width: 1200px\" class=\"wp-caption alignnone\"><img decoding=\"async\" class=\"size-full wp-image-38351\" src=\"http:\/\/www.javeriana.edu.co\/pesquisa\/wp-content\/uploads\/2023\/11\/Secretario-General-Naciones-Unidas-en-Egipto-UN71007521.jpg\" alt=\"\" width=\"1200\" height=\"800\" srcset=\"http:\/\/www.javeriana.edu.co\/pesquisa\/wp-content\/uploads\/2023\/11\/Secretario-General-Naciones-Unidas-en-Egipto-UN71007521.jpg 1200w, http:\/\/www.javeriana.edu.co\/pesquisa\/wp-content\/uploads\/2023\/11\/Secretario-General-Naciones-Unidas-en-Egipto-UN71007521-300x200.jpg 300w, http:\/\/www.javeriana.edu.co\/pesquisa\/wp-content\/uploads\/2023\/11\/Secretario-General-Naciones-Unidas-en-Egipto-UN71007521-1024x683.jpg 1024w, http:\/\/www.javeriana.edu.co\/pesquisa\/wp-content\/uploads\/2023\/11\/Secretario-General-Naciones-Unidas-en-Egipto-UN71007521-150x100.jpg 150w, http:\/\/www.javeriana.edu.co\/pesquisa\/wp-content\/uploads\/2023\/11\/Secretario-General-Naciones-Unidas-en-Egipto-UN71007521-450x300.jpg 450w, http:\/\/www.javeriana.edu.co\/pesquisa\/wp-content\/uploads\/2023\/11\/Secretario-General-Naciones-Unidas-en-Egipto-UN71007521-768x512.jpg 768w\" sizes=\"(max-width: 1200px) 100vw, 1200px\" \/><figcaption id=\"caption-attachment-38351\" class=\"wp-caption-text\">El Secretario General de la ONU, Ant\u00f3nio Guterres (centro) se pronunci\u00f3 desde el cruce fronterizo de Rafah entre Gaza y Egipto, en octubre de 2023, haciendo un llamado por las condiciones en que se encuentran los habitantes de Gaza. Foto ONU\/Eskinder Debebe\u00a0<\/figcaption><\/figure>\n<p>El primer ministro israel\u00ed prometi\u00f3 \u201caplastar\u201d a Hamas con operaciones militares. Por ello ha lanzado una ofensiva, principalmente con bombardeos en la Franja de Gaza. Diversos analistas, ONG y defensores de derechos humanos han denunciado ataques a poblaci\u00f3n civil (ni\u00f1os en su mayor\u00eda), a periodistas y medios de comunicaci\u00f3n, y el pasado 10 de noviembre, a Al Nasr, el hospital m\u00e1s grande del norte de Gaza. \u201cNo tenemos electricidad, no hay ox\u00edgeno para los pacientes, no tenemos medicinas, ni agua. Estamos completamente rodeados por tanques&#8221;, dijo en rueda de prensa Mustafa al-Kahlout, director del hospital.<\/p>\n<p>A medida que el conflicto persiste, la comunidad internacional y organizaciones como la ONU, enfrentan el desaf\u00edo de mediar y buscar soluciones. De lo contrario, el conflicto entre Palestina e Israel continuar\u00e1 con consecuencias humanitarias devastadoras y sin la esperanza de una resoluci\u00f3n pac\u00edfica en el horizonte.<\/p>","protected":false},"excerpt":{"rendered":"<p>Las dimensiones del conflicto entre Israel y Palestina son explicadas por la experta Claudia Silvia Cogollos Amaya. <\/p>\n","protected":false},"author":143,"featured_media":38348,"comment_status":"open","ping_status":"open","sticky":false,"template":"","format":"standard","meta":{"footnotes":""},"categories":[1157,3692,373],"tags":[2090,4498,4496,1915,4497],"class_list":{"0":"post-38347","1":"post","2":"type-post","3":"status-publish","4":"format-standard","5":"has-post-thumbnail","7":"category-destacadas","8":"category-paz-y-conflicto","9":"category-sociedad","10":"tag-conflicto","11":"tag-gaza","12":"tag-israel","13":"tag-onu","14":"tag-palestina"},"_links":{"self":[{"href":"http:\/\/www.javeriana.edu.co\/pesquisa\/wp-json\/wp\/v2\/posts\/38347","targetHints":{"allow":["GET"]}}],"collection":[{"href":"http:\/\/www.javeriana.edu.co\/pesquisa\/wp-json\/wp\/v2\/posts"}],"about":[{"href":"http:\/\/www.javeriana.edu.co\/pesquisa\/wp-json\/wp\/v2\/types\/post"}],"author":[{"embeddable":true,"href":"http:\/\/www.javeriana.edu.co\/pesquisa\/wp-json\/wp\/v2\/users\/143"}],"replies":[{"embeddable":true,"href":"http:\/\/www.javeriana.edu.co\/pesquisa\/wp-json\/wp\/v2\/comments?post=38347"}],"version-history":[{"count":3,"href":"http:\/\/www.javeriana.edu.co\/pesquisa\/wp-json\/wp\/v2\/posts\/38347\/revisions"}],"predecessor-version":[{"id":38355,"href":"http:\/\/www.javeriana.edu.co\/pesquisa\/wp-json\/wp\/v2\/posts\/38347\/revisions\/38355"}],"wp:featuredmedia":[{"embeddable":true,"href":"http:\/\/www.javeriana.edu.co\/pesquisa\/wp-json\/wp\/v2\/media\/38348"}],"wp:attachment":[{"href":"http:\/\/www.javeriana.edu.co\/pesquisa\/wp-json\/wp\/v2\/media?parent=38347"}],"wp:term":[{"taxonomy":"category","embeddable":true,"href":"http:\/\/www.javeriana.edu.co\/pesquisa\/wp-json\/wp\/v2\/categories?post=38347"},{"taxonomy":"post_tag","embeddable":true,"href":"http:\/\/www.javeriana.edu.co\/pesquisa\/wp-json\/wp\/v2\/tags?post=38347"}],"curies":[{"name":"wp","href":"https:\/\/api.w.org\/{rel}","templated":true}]}}