{"id":38471,"date":"2023-12-18T07:27:29","date_gmt":"2023-12-18T12:27:29","guid":{"rendered":"https:\/\/www.javeriana.edu.co\/pesquisa\/?p=38471"},"modified":"2023-12-18T07:27:38","modified_gmt":"2023-12-18T12:27:38","slug":"ingenieria-avenidas-torrenciales","status":"publish","type":"post","link":"http:\/\/www.javeriana.edu.co\/pesquisa\/ingenieria-avenidas-torrenciales\/","title":{"rendered":"De la tragedia a la prevenci\u00f3n: apropiaci\u00f3n de la ingenier\u00eda para enfrentar avenidas torrenciales"},"content":{"rendered":"<p>Hace seis a\u00f1os ocurri\u00f3 una tragedia en el municipio de Mocoa, en el departamento de Putumayo, al sur de Colombia. En medio de la noche del 31 de marzo y la madrugada del 1 de abril de 2017, las fuertes lluvias desbordaron los r\u00edos y produjeron avenidas torrenciales que se llevaron todo lo que hab\u00eda a su paso. Murieron m\u00e1s de 330 personas, otras 400 resultaron heridas y 71 se reportaron como desaparecidas. Las p\u00e9rdidas materiales fueron incalculables.<\/p>\n<p>Las im\u00e1genes de lo ocurrido eran desoladoras. Calles llenas de escombros, personas buscando familiares o enseres, un pueblo desaparecido por la inclemencia de la naturaleza.<\/p>\n<p>Por estos hechos el Tribunal Administrativo de Cundinamarca conden\u00f3 al Estado en 2022, afirmando que este fue un evento previsible y que las entidades responsables de tomar medidas de prevenci\u00f3n tuvieron un \u201ccomportamiento negligente\u201d.<\/p>\n<p>\u00bfQu\u00e9 se pudo hacer para evitar esta tragedia? \u00bfCu\u00e1l es la relaci\u00f3n entre las lluvias, los deslizamientos y el cambio clim\u00e1tico? Alfonso Mariano Ramos Ca\u00f1\u00f3n, profesor titular de la Facultad de Ingenier\u00eda y Departamento de Ingenier\u00eda Civil de la Pontificia Universidad Javeriana ha trabajado por m\u00e1s de 20 a\u00f1os en el estudio de las avenidas torrenciales, fen\u00f3meno natural que se caracteriza por el aumento de la intensidad de las lluvias y pueden provocar inundaciones o avalanchas.<\/p>\n<p>Las avenidas torrenciales son eventos naturales causados por una serie de factores como la topograf\u00eda del terreno, el aumento de la frecuencia de las lluvias, la saturaci\u00f3n del suelo y otros procesos naturales.<\/p>\n<p>Han ocurrido durante siglos como parte de los ciclos clim\u00e1ticos; sin embargo, la alteraci\u00f3n de los patrones de lluvias, los asentamientos urbanos cerca de r\u00edos, y los efectos del <a href=\"https:\/\/www.javeriana.edu.co\/pesquisa\/ambiente\/cambio-climatico\/\" target=\"_blank\" rel=\"noopener\">cambio clim\u00e1tico<\/a> pueden influir en la intensidad de estos fen\u00f3menos geol\u00f3gicos.<\/p>\n<p>\u201cEn nuestro pa\u00eds los lugares en los que viven las personas reflejan su vulnerabilidad, muchas veces viven en lugares de riesgo no porque lo decidan, sino porque les toca. Entonces, al ser vulnerables socialmente, casi que de inmediato se vuelven vulnerables a los eventos naturales. No solo se trata de investigar por qu\u00e9 pasan las cosas, sino tambi\u00e9n entender sus consecuencias\u201d, coment\u00f3 Ramos en di\u00e1logo con Pesquisa Javeriana.<\/p>\n<p>Para el profesor, el problema no solo radica en que las personas se asienten al lado de los r\u00edos, sino que ahora, por el cambio clim\u00e1tico, se ha vuelto m\u00e1s dif\u00edcil determinar los umbrales de amenaza por avenidas torrenciales en una cuenca.<\/p>\n<p>\u201cConocer la amenaza y entender el fen\u00f3meno est\u00e1 en funci\u00f3n de la incertidumbre, en este caso, que produce el cambio clim\u00e1tico, porque se ha visto que al aumentar las lluvias torrenciales hay mayor riesgo de desastres socionaturales. En Colombia, por ejemplo, siempre existe la posibilidad de generaci\u00f3n de avenidas torrenciales por el ambiente geol\u00f3gico-geomorfol\u00f3gico en el que nos encontramos. Es independiente al fen\u00f3meno de la Ni\u00f1a o del Ni\u00f1o\u201d, aclara Ramos.<\/p>\n<h4><strong>Proteger la vida: la premisa del ingeniero Ramos<\/strong><\/h4>\n<p>El inter\u00e9s de este investigador en el tema lo ha llevado a liderar nueve proyectos de investigaci\u00f3n en los \u00faltimos 10 a\u00f1os, en los que \u00e9l y un equipo multidisciplinario, han profundizado sobre los procesos de remoci\u00f3n en masa, entre los que se encuentran las avenidas torrenciales.<\/p>\n<p>\u201cEn los primeros a\u00f1os, las investigaciones que se realizaron fueron para entender la relaci\u00f3n entre las precipitaciones y la generaci\u00f3n de inestabilidades en los geomateriales. Gracias a los resultados que obtuvimos nos contactaron entidades gubernamentales como el Instituto Distrital para la Gesti\u00f3n del Riesgo y Cambio Clim\u00e1tico (IDIGER) y la Unidad Nacional de Gesti\u00f3n de Riesgo de Desastre (UNGRD) para proponer la base del conocimiento de sistemas de alerta temprana (SAT)\u201d.<\/p>\n<p>Basados en modelos geol\u00f3gicos, geot\u00e9cnicos, hidrol\u00f3gicos, f\u00edsicos y probabil\u00edsticos, desarrollaron el Sistema de Alerta Temprana para Salgar (Antioquia) en 2015 y para Mocoa (Putumayo) en 2017.<\/p>\n<p>\u201cLamentablemente, despu\u00e9s de las avalanchas que se registraron en estos municipios fue que nos contactaron para que los apoy\u00e1ramos con toda la elaboraci\u00f3n del SAT. No pudimos prevenir las tragedias que se registraron inicialmente, pero establecimos un modelo que les permiti\u00f3 tomar medidas ante un nuevo evento\u201d, agreg\u00f3 el profesor Ramos.<\/p>\n<p>Sus metodolog\u00edas para evaluar estos eventos naturales tambi\u00e9n fueron adaptadas por el Servicio Geol\u00f3gico Colombiano, y en convenio con la Pontificia Universidad Javeriana, se construy\u00f3 y public\u00f3 la <a href=\"https:\/\/libros.sgc.gov.co\/index.php\/editorial\/catalog\/book\/75\" target=\"_blank\" rel=\"noopener\">\u201cGu\u00eda metodol\u00f3gica para zonificaci\u00f3n de amenaza por avenidas torrenciales\u201d<\/a>, la cual incorpora la gesti\u00f3n del riesgo con el ordenamiento territorial.<\/p>\n<p>\u201cEste trabajo ten\u00eda como fin no solo hacerle frente a un evento inminente, sino organizar el territorio en funci\u00f3n del decreto 1077 de 2015 del Ministerio de Vivienda. Por eso nos articulamos con diferentes especialidades como hidrolog\u00eda, geotecnia, geolog\u00eda y fluidodin\u00e1mica para generar el conocimiento que pusimos al servicio de la entidad y las comunidades\u201d, afirm\u00f3 Ramos.<\/p>\n<h4><strong>Conocimiento para prevenir desastres por avenidas torrenciales<\/strong><\/h4>\n<figure id=\"attachment_38473\" aria-describedby=\"caption-attachment-38473\" style=\"width: 814px\" class=\"wp-caption alignnone\"><img fetchpriority=\"high\" decoding=\"async\" class=\"size-large wp-image-38473\" src=\"http:\/\/www.javeriana.edu.co\/pesquisa\/wp-content\/uploads\/2023\/12\/avenidas-torrenciales-vichada-1024x576.jpg\" alt=\"Los aportes que ha liderado el investigador Alfonso Ramos se han aplicado en diferentes partes del pa\u00eds. Foto cortes\u00eda Alfonso Ramos \" width=\"814\" height=\"458\" srcset=\"http:\/\/www.javeriana.edu.co\/pesquisa\/wp-content\/uploads\/2023\/12\/avenidas-torrenciales-vichada-1024x576.jpg 1024w, http:\/\/www.javeriana.edu.co\/pesquisa\/wp-content\/uploads\/2023\/12\/avenidas-torrenciales-vichada-300x169.jpg 300w, http:\/\/www.javeriana.edu.co\/pesquisa\/wp-content\/uploads\/2023\/12\/avenidas-torrenciales-vichada-150x84.jpg 150w, http:\/\/www.javeriana.edu.co\/pesquisa\/wp-content\/uploads\/2023\/12\/avenidas-torrenciales-vichada-450x253.jpg 450w, http:\/\/www.javeriana.edu.co\/pesquisa\/wp-content\/uploads\/2023\/12\/avenidas-torrenciales-vichada-768x432.jpg 768w, http:\/\/www.javeriana.edu.co\/pesquisa\/wp-content\/uploads\/2023\/12\/avenidas-torrenciales-vichada.jpg 1200w\" sizes=\"(max-width: 814px) 100vw, 814px\" \/><figcaption id=\"caption-attachment-38473\" class=\"wp-caption-text\">Los aportes que ha liderado el investigador Alfonso Ramos se han aplicado en diferentes partes del pa\u00eds. Foto cortes\u00eda Alfonso Ramos<\/figcaption><\/figure>\n<p>En 2018 la Unidad Nacional para la Gesti\u00f3n del Riesgo de Desastres present\u00f3 un estudio que determinaba que Antioquia, Valle, Huila y Cundinamarca eran los departamentos con mayor amenaza por avenidas torrenciales, por lo que requer\u00edan gestionar su alta exposici\u00f3n al riesgo de desastres. .<\/p>\n<p>La Gu\u00eda Metodol\u00f3gica desarrollada por Ramos y su equipo ha contribuido a la seguridad, bienestar y calidad de vida de&nbsp; comunidades en diferentes zonas del pa\u00eds, ya que le permite a otros profesionales hacer evaluaciones de las amenazas por avenidas torrenciales e implementar sistemas de alerta temprana, a partir de los lineamientos presentados en esta.<\/p>\n<p>\u201cDesde la Universidad lo que hacemos es generar conocimiento, entender desde la ingenier\u00eda y las geociencias c\u00f3mo se presentan estos eventos, es decir, analizar cu\u00e1les son los niveles de precipitaci\u00f3n m\u00e1ximos para un municipio, cu\u00e1les son los vol\u00famenes de s\u00f3lidos o sedimentos que se generan e implementar, a tiempo, una alerta de evacuaci\u00f3n\u201d, especifica el profesor javeriano.<\/p>\n<h4>&nbsp;<strong>La apropiaci\u00f3n del SAT evit\u00f3 un nuevo desastre<\/strong><\/h4>\n<p>A comienzos de 2018 se implement\u00f3 en Mocoa el Sistema de Alerta Temprana, se realizaron ejercicios de evacuaci\u00f3n, se habl\u00f3 con la comunidad para que atendieran el llamado de las sirenas, se concertaron puntos de encuentro y cuando se present\u00f3 una nueva avalancha no se registr\u00f3 ning\u00fan afectado.<\/p>\n<p><strong>&nbsp;<\/strong>A las 3:00 de la ma\u00f1ana del 12 de agosto de 2018 se activ\u00f3 el Sistema de Alerta Temprana y se evacu\u00f3 a m\u00e1s de 2000 habitantes por el incremento de nivel de los r\u00edos Mulato, Sangoyaco y Mocoa, as\u00ed como de las quebradas Taruca y Taruquita. Al paso del evento natural solo se registraron p\u00e9rdidas materiales. Esto puso en evidencia que la implementaci\u00f3n del SAT y las actividades de gesti\u00f3n de riesgo implementadas por la UNGRD le permiti\u00f3 salvar la vida de miles de personas.<\/p>\n<p>\u201cEn muchos municipios el presupuesto asignado para la gesti\u00f3n del riesgo es bajo, no se cuenta con recursos para hacer ordenamiento territorial o para hacer reubicaci\u00f3n de las personas que est\u00e1n en riesgo. Por eso, nuestro aporte tambi\u00e9n est\u00e1 centrado en la implementaci\u00f3n del SAT\u201d.<\/p>\n<p>La metodolog\u00eda que ha liderado el investigador Alfonso Ramos tambi\u00e9n ha sido aplicada en Bogot\u00e1, Yumbo y Candelaria (Valle del Cauca), y Puerto Carre\u00f1o (Vichada). Su contribuci\u00f3n ha cumplido con la intenci\u00f3n de trascender las aulas, por lo que fue reconocido con el Premio Bienal en Investigaci\u00f3n 2023 de la Pontificia Universidad Javeriana, en la categor\u00eda Conocimiento con impacto m\u00e1s all\u00e1 de la academia. Esta investigaci\u00f3n es una hoja de ruta para prevenir los impactos ocasionados por el cambio clim\u00e1tico y saber c\u00f3mo actuar ante un desastre socio natural como una avenida torrencial.<\/p>\n","protected":false},"excerpt":{"rendered":"<p>Alfonso Ramos, investigador javeriano, lider\u00f3 el dise\u00f1o de una gu\u00eda metodol\u00f3gica para la evaluaci\u00f3n de amenazas por avenidas torrenciales en asocio con el Servicio Geol\u00f3gico Colombiano. Su trabajo ha trascendido las aulas y ha beneficiado a cientos de habitantes de zonas en amenaza.<\/p>\n","protected":false},"author":135,"featured_media":38472,"comment_status":"open","ping_status":"open","sticky":false,"template":"","format":"standard","meta":{"footnotes":""},"categories":[376,1157],"tags":[4519,777,460,4521,1594,499,4520],"class_list":{"0":"post-38471","1":"post","2":"type-post","3":"status-publish","4":"format-standard","5":"has-post-thumbnail","7":"category-ambiente","8":"category-destacadas","9":"tag-avenidas-torrenciales","10":"tag-cambio-climatico","11":"tag-ciencia","12":"tag-crecientes-de-rios","13":"tag-deslizamientos","14":"tag-javeriana","15":"tag-sistema-de-alerta-temprana"},"_links":{"self":[{"href":"http:\/\/www.javeriana.edu.co\/pesquisa\/wp-json\/wp\/v2\/posts\/38471","targetHints":{"allow":["GET"]}}],"collection":[{"href":"http:\/\/www.javeriana.edu.co\/pesquisa\/wp-json\/wp\/v2\/posts"}],"about":[{"href":"http:\/\/www.javeriana.edu.co\/pesquisa\/wp-json\/wp\/v2\/types\/post"}],"author":[{"embeddable":true,"href":"http:\/\/www.javeriana.edu.co\/pesquisa\/wp-json\/wp\/v2\/users\/135"}],"replies":[{"embeddable":true,"href":"http:\/\/www.javeriana.edu.co\/pesquisa\/wp-json\/wp\/v2\/comments?post=38471"}],"version-history":[{"count":3,"href":"http:\/\/www.javeriana.edu.co\/pesquisa\/wp-json\/wp\/v2\/posts\/38471\/revisions"}],"predecessor-version":[{"id":38483,"href":"http:\/\/www.javeriana.edu.co\/pesquisa\/wp-json\/wp\/v2\/posts\/38471\/revisions\/38483"}],"wp:featuredmedia":[{"embeddable":true,"href":"http:\/\/www.javeriana.edu.co\/pesquisa\/wp-json\/wp\/v2\/media\/38472"}],"wp:attachment":[{"href":"http:\/\/www.javeriana.edu.co\/pesquisa\/wp-json\/wp\/v2\/media?parent=38471"}],"wp:term":[{"taxonomy":"category","embeddable":true,"href":"http:\/\/www.javeriana.edu.co\/pesquisa\/wp-json\/wp\/v2\/categories?post=38471"},{"taxonomy":"post_tag","embeddable":true,"href":"http:\/\/www.javeriana.edu.co\/pesquisa\/wp-json\/wp\/v2\/tags?post=38471"}],"curies":[{"name":"wp","href":"https:\/\/api.w.org\/{rel}","templated":true}]}}