{"id":38540,"date":"2023-12-27T07:46:01","date_gmt":"2023-12-27T12:46:01","guid":{"rendered":"https:\/\/www.javeriana.edu.co\/pesquisa\/?p=38540"},"modified":"2024-04-10T12:53:07","modified_gmt":"2024-04-10T17:53:07","slug":"temas-salud-2023","status":"publish","type":"post","link":"http:\/\/www.javeriana.edu.co\/pesquisa\/temas-salud-2023\/","title":{"rendered":"Reforma, obesidad infantil y otros temas en la agenda de salud de Pesquisa Javeriana en\u00a02023"},"content":{"rendered":"<p>El 2023 estuvo marcado por muchos momentos noticiosos sobre la salud en Colombia. <em>Pesquisa Javeriana<\/em> le cuenta cu\u00e1les fueron los temas que m\u00e1s interesaron a nuestros lectores.<\/p>\n<p>Encontramos que el art\u00edculo que se rob\u00f3 todas las miradas fue la explicaci\u00f3n de la reforma a la salud, proyecto que radic\u00f3 el presidente Gustavo Petro el 13 de febrero de este a\u00f1o y que podr\u00eda cambiar dr\u00e1sticamente la manera en la que funciona nuestro sistema de salud en la actualidad.<\/p>\n<p>Tambi\u00e9n destacaron temas como la crisis de obesidad infantil, el aumento del embarazo infantil y la vulneraci\u00f3n del acceso a la salud, lo que plantea interrogantes sobre las pol\u00edticas y pr\u00e1cticas actuales.<\/p>\n<p>Para ahondar en ello, le traemos el recuento de los art\u00edculos m\u00e1s le\u00eddos en la categor\u00eda de salud:<\/p>\n<h4><strong>El<\/strong><strong> Sistema de Salud en el centro del debate<\/strong><\/h4>\n<p>La propuesta de <a href=\"https:\/\/www.minsalud.gov.co\/Paginas\/Reforma-a-la-salud-continua-su-camino-en-plenaria-de-la-Camara-de-Representantes.aspx#:~:text=El%20Proyecto%20de%20Ley%20339,puntualmente%20a%20hospitales%20y%20cl%C3%ADnicas.\" target=\"_blank\" rel=\"noopener\">Reforma<\/a>\u00a0a la Salud en Colombia presentada por el gobierno ha generado opiniones divididas, siendo el foco de un intenso debate. El proyecto de ley a\u00fan no ha sido aprobado por el Congreso, generando incertidumbre y planteando interrogantes desde el proceso de aprobaci\u00f3n hasta modificaciones fundamentales en el papel de las Entidades Promotoras de Salud (EPS), la financiaci\u00f3n y la ruta de atenci\u00f3n para los usuarios.<\/p>\n<p>En Pesquisa hicimos una <a href=\"https:\/\/www.javeriana.edu.co\/pesquisa\/la-evolucion-del-sistema-de-salud\/\">comparaci\u00f3n<\/a> entre el sistema de seguridad del Seguro Social en 1946, el sistema actual bajo la Ley 100 de 1993 y la propuesta de reforma. Este recorrido, presentado visualmente mediante una infograf\u00eda, aborda temas esenciales como el origen, la cobertura, los modelos de atenci\u00f3n, la contrataci\u00f3n y la prestaci\u00f3n de servicios. Adem\u00e1s, incluye un glosario con los t\u00e9rminos clave del sistema para facilitar la comprensi\u00f3n de funciones y roles.<\/p>\n<p>Por otra parte, en Colombia, las narrativas sobre pacientes enfrentando largas esperas para citas m\u00e9dicas o tr\u00e1mites relacionados con la obtenci\u00f3n de medicamentos son comunes.<\/p>\n<p>El profesor Jorge Mart\u00edn Rodr\u00edguez Hern\u00e1ndez, del Instituto de Salud P\u00fablica de la Pontificia Universidad Javeriana, se\u00f1ala las <a href=\"https:\/\/www.javeriana.edu.co\/pesquisa\/acceso-salud-colombia-derecho-petro\/\">barreras estructurales<\/a>, geogr\u00e1ficas, econ\u00f3micas y educativas que afectan el acceso real a la atenci\u00f3n de salud, diferenci\u00e1ndolo del simple aseguramiento al sistema.<\/p>\n<p>La situaci\u00f3n ha generado un alto n\u00famero de tutelas relacionadas con el derecho a la salud, siendo el segundo derecho m\u00e1s tutelado, seg\u00fan la Defensor\u00eda del Pueblo. Rodr\u00edguez denuncia esta realidad como una &#8220;violaci\u00f3n sistem\u00e1tica al derecho a la salud&#8221;.<\/p>\n<p>Adem\u00e1s, se destaca que las Entidades Administradoras de Planes de Beneficios (EAPB) desempe\u00f1an un papel clave en la planificaci\u00f3n y prestaci\u00f3n de servicios de salud en Colombia, abordando la complejidad del sistema de salud en el pa\u00eds.<\/p>\n<h4><strong>Un llamado urgente a cuidar la infancia y la adolescencia<\/strong><\/h4>\n<p>Un informe del Laboratorio de Econom\u00eda de la Educaci\u00f3n de la Pontificia Universidad Javeriana revela un preocupante aumento del 10 % en <a href=\"https:\/\/www.javeriana.edu.co\/pesquisa\/embarazo-infantil-adolescente\/\">los embarazos infantiles<\/a> en Colombia entre 2020 y 2021. La cifra asciende a 4301 ni\u00f1as entre 10 y 14 a\u00f1os que dieron a luz en 2021, representando el 18,2 % de todos los nacimientos en el pa\u00eds. Este incremento se considera alarmante, ya que los embarazos en ni\u00f1as y adolescentes conllevan riesgos para su salud f\u00edsica y mental, adem\u00e1s de obstaculizar la continuidad educativa.<\/p>\n<p>Estos embarazos se reconocen como delitos, seg\u00fan la Sentencia C 876 del 2011 de la Corte Constitucional de Colombia y el C\u00f3digo Penal, ya que las relaciones sexuales con menores de 14 a\u00f1os son consideradas abusivas y violentas.<\/p>\n<p>La situaci\u00f3n es a\u00fan m\u00e1s cr\u00edtica en las zonas rurales, donde se registra un aumento del 11.9 %, mientras que en las zonas urbanas se observa una disminuci\u00f3n del 6.5 % en nacimientos por embarazos en ni\u00f1as. Este art\u00edculo tambi\u00e9n destaca la influencia del confinamiento durante la pandemia de la COVID-19, momento en el cual se intensificaron los riesgos y la violencia intrafamiliar.<\/p>\n<p>En este contexto, se subraya la necesidad de una educaci\u00f3n sexual adecuada para enfrentar estos desaf\u00edos. Se hace un llamado a padres, cuidadores, educadores y personal de salud para prevenir estos delitos y brindar informaci\u00f3n completa y libre de tab\u00faes sobre la sexualidad.<\/p>\n<p>Pero esta no es la \u00fanica alerta que lanzaron investigadores javerianos sobre la salud de los ni\u00f1os, ni\u00f1as y adolescentes en Colombia. Uno de cada cuatro ni\u00f1os colombianos entre 5 y 12 a\u00f1os tiene <a href=\"https:\/\/www.javeriana.edu.co\/pesquisa\/obesidad-infantil-colombia\/\">exceso de peso<\/a>. Esta cifra preocupa a expertos, como Gilma Olaya, directora del Departamento de Nutrici\u00f3n y Bioqu\u00edmica de la Pontificia Universidad Javeriana, quien lo cataloga como un problema muy serio que nos afecta a todos. \u00bfLa raz\u00f3n? La obesidad genera una gran carga en la salud p\u00fablica y est\u00e1 asociada a enfermedades cardiovasculares, diabetes e hipertensi\u00f3n.<\/p>\n<p>Entre las causas de la obesidad infantil, destacan dos preocupaciones principales. En primer lugar, est\u00e1 la gestaci\u00f3n, pues una alimentaci\u00f3n inadecuada durante este periodo aumenta el riesgo de que los ni\u00f1os tengan problemas de peso. Seg\u00fan la Organizaci\u00f3n Panamericana de la Salud (OPS), la lactancia materna en los primeros seis meses reduce el riesgo de sobrepeso y obesidad en un 13 %.<\/p>\n<p>En segundo lugar, est\u00e1n las intervenciones nutricionales inadecuadas, lo que podr\u00eda contribuir al desarrollo de la obesidad si no se garantiza una alimentaci\u00f3n equilibrada durante los dos primeros a\u00f1os de vida. \u201cUna de las grandes paradojas en nuestro pa\u00eds es que es m\u00e1s costoso comer saludable. Las frutas, verduras, la carne y el pescado cuestan m\u00e1s que las gaseosas y los alimentos ultraprocesados\u201d, agrega la pediatra endocrin\u00f3loga Camila C\u00e9spedes.<\/p>\n<p>Ambas expertas coinciden en que la prevenci\u00f3n de la obesidad a edades tempranas debe ser una prioridad en la pol\u00edtica p\u00fablica, pero tambi\u00e9n en las familias, pues esta enfermedad puede tener consecuencias graves en la salud y en la econom\u00eda del pa\u00eds.<\/p>\n<h4><strong>Los mal llamados vapeadores hicieron parte de la agenda cient\u00edfica<\/strong><\/h4>\n<p>Un estudio liderado por investigadoras de la Pontificia Universidad Javeriana revela que los cigarrillos electr\u00f3nicos <a href=\"https:\/\/www.javeriana.edu.co\/pesquisa\/cigarrillos-electronicos-afectan-adn\/\">afectan el ADN<\/a> de manera similar a los cigarrillos tradicionales. La investigaci\u00f3n se basa en pruebas de sangre realizadas a 90 voluntarios bogotanos, mostrando que los efectos da\u00f1inos se presentan de manera m\u00e1s acelerada en quienes usan cigarrillos electr\u00f3nicos en comparaci\u00f3n con los convencionales.<\/p>\n<p>Los hallazgos indican peque\u00f1as anomal\u00edas gen\u00e9ticas y cambios epigen\u00e9ticos que podr\u00edan traducirse a largo plazo en enfermedades como el c\u00e1ncer de pulm\u00f3n. Las investigadoras resaltan la importancia de la regulaci\u00f3n, hasta ahora inexistente, y concientizaci\u00f3n sobre los cigarrillos electr\u00f3nicos para proteger la salud pulmonar de las generaciones presentes y futuras.<\/p>\n<p>A lo anterior se suman la cantidad <a href=\"https:\/\/www.javeriana.edu.co\/pesquisa\/vapeadores-cigarrillos-electronicos-mitos\/\">de mitos<\/a> comunes sobre cigarrillos electr\u00f3nicos, mal llamados vapeadores, aunque estos dispositivos se promocionan como alternativas m\u00e1s saludables a los cigarrillos tradicionales, la desinformaci\u00f3n y la falta de claridad sobre su impacto en la salud persisten.<\/p>\n<p>La poblaci\u00f3n que consume cigarrillo electr\u00f3nico en Colombia ha experimentado un aumento del 13 % desde 2018, seg\u00fan datos del DANE. A pesar de su popularidad, a trav\u00e9s de un <a href=\"https:\/\/www.youtube.com\/watch?v=9-v-c6Dp6Lo\" target=\"_blank\" rel=\"noopener\">video<\/a>, bacteri\u00f3logas javerianas desmienten varios mitos y se\u00f1alan la necesidad de una mayor conciencia y educaci\u00f3n sobre los riesgos asociados con estos dispositivos.<\/p>\n<h4><a href=\"https:\/\/www.javeriana.edu.co\/pesquisa\/investigacion-con-animales\/\"><strong>\u201cLa investigaci\u00f3n con animales tiene que ser temporal\u201d: Juana \u00c1ngel<\/strong><\/a><\/h4>\n<p>La investigaci\u00f3n cient\u00edfica con animales ha evolucionado significativamente en las \u00faltimas d\u00e9cadas, con regulaciones internacionales m\u00e1s estrictas y mayor vigilancia en todos los procesos. Pesquisa Javeriana presenta una radiograf\u00eda sobre la situaci\u00f3n en Colombia, evidenciando que existen algunas leyes, como la Ley 2047 de 2020, que proh\u00edben experimentos con animales con fines cosm\u00e9ticos, reflejando un cambio en la consideraci\u00f3n \u00e9tica de su uso.<\/p>\n<p>Tambi\u00e9n muestra que la tecnolog\u00eda actual y las voluntades han avanzado, mejorando las condiciones de vida de los animales de laboratorio, con espacios dise\u00f1ados especialmente para su bienestar, sistemas de ventilaci\u00f3n individuales y controles autom\u00e1ticos de temperatura, humedad y luz.<\/p>\n<p>Adem\u00e1s, explica que antes de llevar a cabo experimentos con animales, un comit\u00e9 de \u00e9tica eval\u00faa la propuesta, asegurando que tenga un objetivo claro y beneficie socialmente. Este proceso, que puede tomar varios meses, busca avanzar en el conocimiento de manera \u00e9tica y garantizar el bienestar de los animales, minimizando cualquier da\u00f1o inducido.<\/p>\n<h4><strong>Ense\u00f1anzas de pacientes y cuidadores <\/strong><\/h4>\n<p>En Pesquisa Javeriana hablamos de enfermedades como el S\u00edndrome de Morquio, el c\u00e1ncer, problemas del sue\u00f1o y dentales. Pero dos historias se destacaron.<\/p>\n<p>La primera se refiere a una enfermedad gen\u00e9tica rara con impactos significativos en la alimentaci\u00f3n y el comportamiento humano. Se trata del <a href=\"https:\/\/www.javeriana.edu.co\/pesquisa\/sindrome-de-prader-willi\/\">S\u00edndrome de Prader-Willi (SPW)<\/a>. La complejidad de esta afecci\u00f3n radica en su influencia en varios sistemas del cuerpo, resultado de un defecto en el cromosoma 15. Entre sus caracter\u00edsticas m\u00e1s prominentes se encuentran la debilidad muscular, los problemas en la ingesta de alimentos, primero reducida y luego excesiva, y los retrasos en el desarrollo, abarcando desde deterioro intelectual hasta comportamientos compulsivos.<\/p>\n<p>Los desaf\u00edos de tratar un s\u00edndrome tan diverso abarcan desde problemas conductuales hasta alteraciones en el crecimiento, desarrollo cognitivo y problemas psicol\u00f3gicos relacionados con la extrema sensibilidad al estr\u00e9s, que puede desencadenar ansiedad y comportamientos disruptivos.<\/p>\n<p>La comunicaci\u00f3n efectiva, la creaci\u00f3n de entornos seguros con rutinas establecidas, la importancia de adaptar la comunicaci\u00f3n y comprender la sensibilidad al cambio, se destacan como elementos cruciales para brindar apoyo en el manejo de la patolog\u00eda. A pesar de los desaf\u00edos, se se\u00f1ala un enfoque integral y esperanzador para abordar el SPW, con colaboraci\u00f3n multidisciplinaria.<\/p>\n<p>La segunda es la historia de valent\u00eda, porque cuidar es un acto de valent\u00eda. As\u00ed queda plasmado a trav\u00e9s de la experiencia de Laura, periodista de Pesquisa Javeriana, quien desempe\u00f1\u00f3 el <a href=\"https:\/\/www.javeriana.edu.co\/pesquisa\/parkinson-consejos-cuidadores\/\">rol de cuidadora de su padre<\/a>, afectado por la enfermedad neurodegenerativa del P\u00e1rkinson. Desde su infancia, Laura fue consciente de las limitaciones de su padre, pero fue en marzo de 2021 cuando las circunstancias tomaron un giro dr\u00e1stico. En este momento, su padre atraves\u00f3 una crisis psiqui\u00e1trica relacionada con la enfermedad, lo que sumi\u00f3 a Laura y a su hermana en el agotamiento emocional y f\u00edsico inherente al papel de cuidadoras.<\/p>\n<p>A este desgaste se le reconoce como el S\u00edndrome del Cuidador Quemado, que describe el agotamiento y deterioro de la salud experimentados por aquellos que asumen constantemente el cuidado de una persona enferma. Laura comparti\u00f3 la importancia de reconocer y abordar este s\u00edndrome, enfatizando que los cuidadores tienen derecho a sentirse cansados y a cuidar de s\u00ed mismos.<\/p>\n<p>Tambi\u00e9n se mencionan algunas recomendaciones del profesor \u00d3scar Mauricio Monta\u00f1o, l\u00edder del grupo \u2018Al son del p\u00e1rkinson\u2019, que busca crear espacios de cuidado para los cuidadores. Entre las recomendaciones se encuentran establecer roles familiares, fomentar una comunicaci\u00f3n directa, buscar tiempos de descanso y no asumir las necesidades del paciente sin consultarle. La clave est\u00e1 en encontrar el equilibrio entre el cuidado del paciente y el autocuidado del cuidador.<\/p>\n<p><em>Un homenaje al desaf\u00edo y la valent\u00eda que implica el acto de cuidar. En memoria del padre de Laura, quien falleci\u00f3 este a\u00f1o.<\/em><\/p>\n","protected":false},"excerpt":{"rendered":"<p>Proyecto de reforma, obesidad infantil y cigarrillos electr\u00f3nicos fueron algunos de los temas m\u00e1s consultados por los lectores de Pesquisa Javeriana durante el 2023. <\/p>\n","protected":false},"author":40,"featured_media":38541,"comment_status":"open","ping_status":"open","sticky":false,"template":"","format":"standard","meta":{"footnotes":""},"categories":[1157,374],"tags":[889,1382,4344,2720,350],"class_list":{"0":"post-38540","1":"post","2":"type-post","3":"status-publish","4":"format-standard","5":"has-post-thumbnail","7":"category-destacadas","8":"category-salud","9":"tag-enfermedades-huerfanas","10":"tag-enfermedades-neurodegenerativas","11":"tag-experimentacion-con-animales","12":"tag-reforma-a-la-salud","13":"tag-salud"},"_links":{"self":[{"href":"http:\/\/www.javeriana.edu.co\/pesquisa\/wp-json\/wp\/v2\/posts\/38540","targetHints":{"allow":["GET"]}}],"collection":[{"href":"http:\/\/www.javeriana.edu.co\/pesquisa\/wp-json\/wp\/v2\/posts"}],"about":[{"href":"http:\/\/www.javeriana.edu.co\/pesquisa\/wp-json\/wp\/v2\/types\/post"}],"author":[{"embeddable":true,"href":"http:\/\/www.javeriana.edu.co\/pesquisa\/wp-json\/wp\/v2\/users\/40"}],"replies":[{"embeddable":true,"href":"http:\/\/www.javeriana.edu.co\/pesquisa\/wp-json\/wp\/v2\/comments?post=38540"}],"version-history":[{"count":1,"href":"http:\/\/www.javeriana.edu.co\/pesquisa\/wp-json\/wp\/v2\/posts\/38540\/revisions"}],"predecessor-version":[{"id":38542,"href":"http:\/\/www.javeriana.edu.co\/pesquisa\/wp-json\/wp\/v2\/posts\/38540\/revisions\/38542"}],"wp:featuredmedia":[{"embeddable":true,"href":"http:\/\/www.javeriana.edu.co\/pesquisa\/wp-json\/wp\/v2\/media\/38541"}],"wp:attachment":[{"href":"http:\/\/www.javeriana.edu.co\/pesquisa\/wp-json\/wp\/v2\/media?parent=38540"}],"wp:term":[{"taxonomy":"category","embeddable":true,"href":"http:\/\/www.javeriana.edu.co\/pesquisa\/wp-json\/wp\/v2\/categories?post=38540"},{"taxonomy":"post_tag","embeddable":true,"href":"http:\/\/www.javeriana.edu.co\/pesquisa\/wp-json\/wp\/v2\/tags?post=38540"}],"curies":[{"name":"wp","href":"https:\/\/api.w.org\/{rel}","templated":true}]}}