{"id":386,"date":"2010-07-10T12:01:37","date_gmt":"2010-07-10T17:01:37","guid":{"rendered":"http:\/\/www.javeriana.edu.co\/pesquisa\/?p=386"},"modified":"2022-05-03T12:27:31","modified_gmt":"2022-05-03T17:27:31","slug":"diego-alberto-saenz-meneses","status":"publish","type":"post","link":"http:\/\/www.javeriana.edu.co\/pesquisa\/diego-alberto-saenz-meneses\/","title":{"rendered":"Diego Alberto S\u00e1enz Meneses: ciencia y medioambiente"},"content":{"rendered":"<p>La ola de calor que desat\u00f3 el fen\u00f3meno del ni\u00f1o hizo que, durante el cierre de 2009 y comienzo de 2010, los bogotanos tuvi\u00e9ramos que convivir con la imagen de varias columnas de humo que se elevaban desde distintos puntos de los cerros orientales. Sin embargo, la temporada de lluvias lleg\u00f3, disminuyendo la frecuencia de los incendios forestales y el problema volvi\u00f3 a archivarse. Lo que pocos saben es que, tras un evento como este, la vida microbiana del suelo afectado puede tardar entre dos y tres a\u00f1os en recuperarse.<\/p>\n<p>Eso fue lo que Diego S\u00e1enz, microbi\u00f3logo industrial de la Universidad Javeriana, pudo constatar hace cinco a\u00f1os, cuando en la poblaci\u00f3n de Suesca, Cundinamarca, tuvo lugar un incendio forestal que afect\u00f3 cerca de 1.000 hect\u00e1reas de bosque. Por ese entonces, S\u00e1enz terminaba sus estudios de pregrado y decidi\u00f3 realizar, como trabajo de grado, una evaluaci\u00f3n de la manera en que esas llamas hab\u00edan afectado las bacterias del suelo y sus propiedades. Hasta ese momento, no hab\u00eda en Colombia ning\u00fan trabajo en esa l\u00ednea.<\/p>\n<p>De acuerdo con las expectativas del joven bogotano, la evaluaci\u00f3n permitir\u00eda identificar que, pasado un a\u00f1o del incendio, las condiciones del suelo estar\u00edan restablecidas. No obstante, al comparar el n\u00famero de bacterias y la actividad de las mismas en el suelo adyacente al afectado, con el de la zona impactada por el fuego, S\u00e1enz pudo identificar que en tres a\u00f1os el suelo no se hab\u00eda podido recuperar.<\/p>\n<p>\u201cLa calidad del suelo puede verse afectada por la alteraci\u00f3n de sus procesos, ya que la p\u00e9rdida de su fertilidad puede llevar a la erosi\u00f3n\u201d, se\u00f1ala S\u00e1enz, quien hoy, a sus 29 a\u00f1os, adelanta estudios de doctorado en Ciencias Ambientales en la Universidad Aut\u00f3noma de Barcelona.<\/p>\n<p>Cuando S\u00e1enz cursaba octavo semestre en la Universidad, se enamor\u00f3 de la microbiolog\u00eda ambiental. \u201cParticularmente, el tema de suelos es muy apasionante y me gust\u00f3 por el rol que uno puede llegar a ejercer. Tiene mucha aplicabilidad y es una herramienta clave para el desarrollo de un pa\u00eds, ya que desde aqu\u00ed es posible impulsar mejoras en la agronom\u00eda y tambi\u00e9n en el medio<br \/>\nambiente\u201d.<\/p>\n<p>Desde ese entonces, S\u00e1enz ha seguido desarrollando su producci\u00f3n investigativa en torno a los suelos. En su trabajo de Maestr\u00eda en Gesti\u00f3n y Auditor\u00edas Ambientales, abord\u00f3 el tema de la afectaci\u00f3n que, por cuenta de los fertilizantes qu\u00edmicos, se puede registrar en agrosistemas cafeteros, y, actualmente, en el doctorado, pretende analizar la influencia positiva de los suelos en el cambio clim\u00e1tico.<\/p>\n<p>A trav\u00e9s de este proyecto, busca explorar c\u00f3mo se puede capturar el carbono que est\u00e1 en la atm\u00f3sfera, y que contribuye con el cambio clim\u00e1tico, mediante diferentes herramientas como el biochar, una t\u00e9cnica basada en la tradici\u00f3n de una antigua civilizaci\u00f3n amaz\u00f3nica que empleaba mezclas de residuos dom\u00e9sticos para recuperar la fertilidad de suelos \u00e1cidos y est\u00e9riles y que permite captar hasta el 50% del carbono atmosf\u00e9rico. El biochar, adem\u00e1s de servir como soporte de crecimiento a los microorganismos del suelo, y como receptor de agua y nutrientes, es dep\u00f3sito de carbono estable\u00a0en el suelo, que no se libera a la atm\u00f3sfera sino despu\u00e9s de miles de a\u00f1os. El trabajo de S\u00e1enz consiste en probar distintos tipos de biochar.<\/p>\n<h4>La conciencia ambiental<\/h4>\n<p>Aunque Diego es el \u00fanico microbi\u00f3logo de su familia, la preocupaci\u00f3n y el compromiso medioambiental que hoy enmarca su actividad profesional no es un asunto ajeno en su hogar. Los padres de este cient\u00edfico, una santandereana y un boyacense hoy radicados en Bogot\u00e1, decidieron ganarse la vida a trav\u00e9s de un negocio responsable:<br \/>\nla gesti\u00f3n de residuos industriales. La hermana de Diego gerencia la empresa familiar, mientras \u00e9l brinda asesor\u00eda t\u00e9cnica.<\/p>\n<p>Quiz\u00e1 por eso, cuando S\u00e1enz tuvo en sus manos el programa de la carrera de Microbiolog\u00eda Industrial, no dud\u00f3 en tomar ese camino. Luego, mientras adelantaba su maestr\u00eda, tras obtener la beca de Colciencias para convertirse en joven investigador del Laboratorio de Ecolog\u00eda de Suelos y Hongos Tropicales de la Universidad Javeriana (en donde trabaj\u00f3 en 2008 en el proyecto \u201cValoraci\u00f3n de bienes y servicios de la biodiversidad para el desarrollo sostenible de paisajes rurales colombianos: Complejo Eco regional de los Andes del Norte\u201d), descubri\u00f3 que quer\u00eda dedicarse a la ciencia.<br \/>\n\u201cMientras haya mentes cient\u00edficas, se puede hacer ciencia\u201d, asegura S\u00e1enz, y por eso planea regresar al pa\u00eds cuando acabe el doctorado, aunque considere que en Colombia es necesario que el Estado destine mayores recursos para la investigaci\u00f3n y la ciencia. Este joven cree en el potencial del pa\u00eds, por lo que le gustar\u00eda poder contribuir, desde la docencia, con la formaci\u00f3n de nuevas generaciones de cient\u00edficos.<br \/>\nLa vida de Diego siempre se ha dividido entre su familia y el estudio, y hoy, cuando se encuentra a kil\u00f3metros de su hogar, pasa los d\u00edas en compa\u00f1\u00eda de su novia, Diana Santos, una joven microbi\u00f3loga industrial que tambi\u00e9n adelanta estudios de posgrado en Barcelona. Juntos se han dedicado a conocer la ciudad espa\u00f1ola en la que vivir\u00e1n durante los pr\u00f3ximos dos a\u00f1os. Ambos aprovechan la oportunidad de hacer inmersi\u00f3n en una cultura distinta, mientras disfrutan su pasi\u00f3n por la ciencia.<\/p>\n<hr \/>\n<h5><\/h5>\n","protected":false},"excerpt":{"rendered":"<p>Para este microbi\u00f3logo bogotano hacer ciencia y proteger el medio ambiente van de la mano. La influencia del suelo en el cambio clim\u00e1tico es su actual tema de investigaci\u00f3n.<\/p>\n","protected":false},"author":40,"featured_media":22774,"comment_status":"open","ping_status":"open","sticky":false,"template":"","format":"standard","meta":{"footnotes":""},"categories":[3515,31,375,68,380],"tags":[460,42,307,3314],"class_list":{"0":"post-386","1":"post","2":"type-post","3":"status-publish","4":"format-standard","5":"has-post-thumbnail","7":"category-investigadores","8":"category-jovenes-que-investigan","9":"category-perfiles","10":"category-pesquisa-12","11":"category-pesquisa-impresa","12":"tag-ciencia","13":"tag-jovenes-investigadores","14":"tag-medio-ambiente","15":"tag-microiologia"},"_links":{"self":[{"href":"http:\/\/www.javeriana.edu.co\/pesquisa\/wp-json\/wp\/v2\/posts\/386","targetHints":{"allow":["GET"]}}],"collection":[{"href":"http:\/\/www.javeriana.edu.co\/pesquisa\/wp-json\/wp\/v2\/posts"}],"about":[{"href":"http:\/\/www.javeriana.edu.co\/pesquisa\/wp-json\/wp\/v2\/types\/post"}],"author":[{"embeddable":true,"href":"http:\/\/www.javeriana.edu.co\/pesquisa\/wp-json\/wp\/v2\/users\/40"}],"replies":[{"embeddable":true,"href":"http:\/\/www.javeriana.edu.co\/pesquisa\/wp-json\/wp\/v2\/comments?post=386"}],"version-history":[{"count":5,"href":"http:\/\/www.javeriana.edu.co\/pesquisa\/wp-json\/wp\/v2\/posts\/386\/revisions"}],"predecessor-version":[{"id":29356,"href":"http:\/\/www.javeriana.edu.co\/pesquisa\/wp-json\/wp\/v2\/posts\/386\/revisions\/29356"}],"wp:featuredmedia":[{"embeddable":true,"href":"http:\/\/www.javeriana.edu.co\/pesquisa\/wp-json\/wp\/v2\/media\/22774"}],"wp:attachment":[{"href":"http:\/\/www.javeriana.edu.co\/pesquisa\/wp-json\/wp\/v2\/media?parent=386"}],"wp:term":[{"taxonomy":"category","embeddable":true,"href":"http:\/\/www.javeriana.edu.co\/pesquisa\/wp-json\/wp\/v2\/categories?post=386"},{"taxonomy":"post_tag","embeddable":true,"href":"http:\/\/www.javeriana.edu.co\/pesquisa\/wp-json\/wp\/v2\/tags?post=386"}],"curies":[{"name":"wp","href":"https:\/\/api.w.org\/{rel}","templated":true}]}}