{"id":39102,"date":"2024-06-14T06:45:54","date_gmt":"2024-06-14T11:45:54","guid":{"rendered":"http:\/\/www.javeriana.edu.co\/pesquisa\/?p=39102"},"modified":"2024-06-14T06:45:55","modified_gmt":"2024-06-14T11:45:55","slug":"nino-clima-colombia","status":"publish","type":"post","link":"http:\/\/www.javeriana.edu.co\/pesquisa\/nino-clima-colombia\/","title":{"rendered":"Explorando los secretos del clima colombiano: \u00bfEl Ni\u00f1o o el cambio clim\u00e1tico?"},"content":{"rendered":"\n<p>Hay un proverbio que dice que el aleteo de una mariposa se puede sentir al otro lado del mundo, y el clima le da la raz\u00f3n. En el norte de Per\u00fa, en el puerto de Paita, los pescadores vieron que, cuando las aguas del Pac\u00edfico se hac\u00edan m\u00e1s c\u00e1lidas, ocurr\u00eda algo particular: los peces desaparec\u00edan. <\/p>\n\n\n\n<p>Este calentamiento de las aguas del oc\u00e9ano sol\u00eda coincidir con las \u00e9pocas navide\u00f1as, cuando se celebra el nacimiento del Ni\u00f1o Jes\u00fas, por lo que empezaron a relacionar ambos eventos y de ah\u00ed los cient\u00edficos tomaron el nombre de El Ni\u00f1o para identificar este fen\u00f3meno, a mediados del siglo pasado.<\/p>\n\n\n\n<p>Y, aunque este fen\u00f3meno ocurre hace miles, tal vez millones de a\u00f1os, como parte de las din\u00e1micas de la Tierra, su hallazgo, desde el punto de vista cient\u00edfico, es reciente, as\u00ed como los estudios que han permitido su comprensi\u00f3n. El Ni\u00f1o-Oscilaci\u00f3n del Sur (ENSO, por su sigla en ingl\u00e9s) es la forma de nombrar el fen\u00f3meno que ocurre aproximadamente cada tres a siete a\u00f1os y que se desencadena por cambios en la temperatura de las aguas superficiales del oc\u00e9ano Pac\u00edfico tropical, que se calienta o enfr\u00eda m\u00e1s de lo normal. Estos cambios alteran diversas variables clim\u00e1ticas, que, como el aleteo de una mariposa, repercuten en el clima de todo el globo.<\/p>\n\n\n\n<p>En Colombia, por ejemplo, han estado asociados con \u00e9pocas de sequ\u00edas extremas o prolongadas, que ocurren cuando las aguas del oc\u00e9ano Pac\u00edfico se tornan m\u00e1s c\u00e1lidas,lo que desencadena El Ni\u00f1o. Cuando esas aguas oce\u00e1nicas se enfr\u00edan m\u00e1s de lo normal, se produce La Ni\u00f1a, lo cual genera \u00e9pocas de lluvias m\u00e1s intensas.<\/p>\n\n\n\n<p>El grupo de investigaci\u00f3n Ciencia e Ingenier\u00eda del Agua y el Ambiente, de la Pontificia Universidad Javeriana, ha desarrollado diversos estudios sobre el fen\u00f3meno de El Ni\u00f1o. Uno de los m\u00e1s recientes se propuso indagar si los eventos extremos de lluvia y sequ\u00eda en el pa\u00eds, a lo largo de cuatro d\u00e9cadas, se ve\u00edan m\u00e1s afectados por la secuencia de eventos El Ni\u00f1o y La Ni\u00f1a o si, por el contrario, estaban m\u00e1s relacionados con el aumento de la temperatura global de largo plazo. \u00bfCu\u00e1l de las dos situaciones ha tenido mayor incidencia sobre nuestro clima?<\/p>\n\n\n\n<h4 class=\"wp-block-heading\"><strong>El pa\u00eds de la diversidad&nbsp;<\/strong><\/h4>\n\n\n\n<p>La diversidad biol\u00f3gica y hasta cultural de Colombia se conecta con su diversidad de relieves, que, especialmente, es el origen de una pluralidad de climas. El pa\u00eds tiene ciclos de lluvia y temporadas secas que ocurren de modo diferente en sus regiones naturales, lo que da origen a un panorama que normalmente es variado. Este horizonte comprende una multitud de climas con din\u00e1micas espec\u00edficas, que abarcan extremos como zonas altamente lluviosas y otras muy secas.&nbsp;<\/p>\n\n\n\n<p>Por ejemplo, seg\u00fan datos del Instituto de Hidrolog\u00eda, Meteorolog\u00eda y Estudios Ambientales (Ideam), en un a\u00f1o normal, la regi\u00f3n Pac\u00edfica puede tener m\u00e1s de 5000 mil\u00edmetros de lluvia al a\u00f1o, mientras en el norte de la regi\u00f3n Caribe, en la Alta Guajira, las precipitaciones pueden ser inferiores a los 500 mil\u00edmetros.<\/p>\n\n\n\n<p>&nbsp;El Ni\u00f1o ha hecho historia en Colombia porque en sus \u00e9pocas de mayor intensidad ha alterado radicalmente las temporadas de lluvia y las temporadas secas normales del pa\u00eds, al hacerlas m\u00e1s intensas y generar emergencias, como ocurri\u00f3 entre 1991 y 1992 (cuando se decret\u00f3 el \u201capag\u00f3n\u201d), y como est\u00e1 ocurriendo desde mediados de 2023, lo que ha dejado incendios forestales, embalses en estado cr\u00edtico y racionamientos de agua en las ciudades.&nbsp;<\/p>\n\n\n\n<p>Para comprender el comportamiento del clima es importante otra variable: el aumento progresivo de las temperaturas en el planeta, asociado al cambio clim\u00e1tico.<\/p>\n\n\n\n<p>En ese contexto, los investigadores Javerianos, Juan Diego Giraldo Osorio, docente e investigador del Departamento de Ingenier\u00eda Civil, y Luis Alberto Vargas, estudiante de la Maestr\u00eda en Hidrosistemas, se preguntaron si la din\u00e1mica normal de lluvias y sequ\u00edas en el pa\u00eds se ha visto m\u00e1s influenciada por las din\u00e1micas m\u00e1s o menos constantes o cuasiperi\u00f3dicas del fen\u00f3meno de El Ni\u00f1o, o si se han visto m\u00e1s influidas por el aumento de la temperatura que ha experimentado el planeta (y que seguir\u00e1 produci\u00e9ndose en el largo plazo).<\/p>\n\n\n\n<figure class=\"wp-block-image size-large\"><img fetchpriority=\"high\" decoding=\"async\" width=\"1024\" height=\"606\" src=\"http:\/\/www.javeriana.edu.co\/pesquisa\/wp-content\/uploads\/2024\/06\/pesjav67-fenomeno-de-el-nin\u0303o_WEB-1024x606.jpg\" alt=\"Sequ\u00edas y lluvias extremas asociadas al fen\u00f3meno de El Ni\u00f1o han tra\u00eddo como consecuencia p\u00e9rdidas humanas y econ\u00f3micas. Sin embargo, la estad\u00edstica abre posibilidades de comprensi\u00f3n para estar mejor preparados como pa\u00eds.\" class=\"wp-image-39128\" srcset=\"http:\/\/www.javeriana.edu.co\/pesquisa\/wp-content\/uploads\/2024\/06\/pesjav67-fenomeno-de-el-nin\u0303o_WEB-1024x606.jpg 1024w, http:\/\/www.javeriana.edu.co\/pesquisa\/wp-content\/uploads\/2024\/06\/pesjav67-fenomeno-de-el-nin\u0303o_WEB-300x178.jpg 300w, http:\/\/www.javeriana.edu.co\/pesquisa\/wp-content\/uploads\/2024\/06\/pesjav67-fenomeno-de-el-nin\u0303o_WEB-1536x909.jpg 1536w, http:\/\/www.javeriana.edu.co\/pesquisa\/wp-content\/uploads\/2024\/06\/pesjav67-fenomeno-de-el-nin\u0303o_WEB-150x89.jpg 150w, http:\/\/www.javeriana.edu.co\/pesquisa\/wp-content\/uploads\/2024\/06\/pesjav67-fenomeno-de-el-nin\u0303o_WEB-450x266.jpg 450w, http:\/\/www.javeriana.edu.co\/pesquisa\/wp-content\/uploads\/2024\/06\/pesjav67-fenomeno-de-el-nin\u0303o_WEB-1200x710.jpg 1200w, http:\/\/www.javeriana.edu.co\/pesquisa\/wp-content\/uploads\/2024\/06\/pesjav67-fenomeno-de-el-nin\u0303o_WEB-768x455.jpg 768w, http:\/\/www.javeriana.edu.co\/pesquisa\/wp-content\/uploads\/2024\/06\/pesjav67-fenomeno-de-el-nin\u0303o_WEB.jpg 1757w\" sizes=\"(max-width: 1024px) 100vw, 1024px\" \/><figcaption class=\"wp-element-caption\">Ilustraci\u00f3n: Jorge Tuk\u00e1n<\/figcaption><\/figure>\n\n\n\n<h4 class=\"wp-block-heading\">El ni\u00f1o, e<strong>ventos inolvidables\u00a0<\/strong><\/h4>\n\n\n\n<p>Para responder esta pregunta, los investigadores tomaron los datos de precipitaci\u00f3n diaria de 880 pluvi\u00f3metros o estaciones terrestres del Ideam en todo el pa\u00eds, entre 1979 y 2021. De los datos de cada una de estas estaciones eligieron un evento extremo por a\u00f1o \u2015pod\u00eda ser de lluvia o de sequ\u00eda\u2015. Un evento extremo es tan excepcional que, adem\u00e1s de estar registrado en los pluvi\u00f3metros, es recordado incluso en las noticias.&nbsp;<\/p>\n\n\n\n<p>\u201cTen\u00edamos series de lluvia diaria de 40 a\u00f1os. O sea, 40 por 365 datos de lluvia. De cerca de 14 000 datos, para cada a\u00f1o seleccionamos el d\u00eda m\u00e1s lluvioso o el periodo m\u00e1s seco, de manera que se nos convirtieron en una serie de solo 40 datos por pluvi\u00f3metro\u201d, comenta Giraldo. Fue as\u00ed como los investigadores obtuvieron los promedios de los eventos extremos por a\u00f1o durante cuatro d\u00e9cadas, los cuales dividieron en dos periodos para hacer una comparaci\u00f3n entre ambos lapsos de tiempo.<\/p>\n\n\n\n<p>&nbsp;El primer periodo iba de 1979 a 1996 y el segundo desde 2004 hasta 2021. Cruzaron estos datos con la informaci\u00f3n de los a\u00f1os en los que se present\u00f3 el ENSO, en su fase c\u00e1lida (o El Ni\u00f1o), en su fase fr\u00eda (o La Ni\u00f1a), y los a\u00f1os normales, es decir, aquellos en los que la temperatura del oc\u00e9ano Pac\u00edfico tropical no era tan c\u00e1lida o tan fr\u00eda como para declararlos como a\u00f1os El Ni\u00f1o o La Ni\u00f1a.<\/p>\n\n\n\n<p>&nbsp;Producto de este ejercicio, se generaron, mediante herramientas estad\u00edsticas, unos promedios para cada una de las estaciones que les permitieron a los investigadores observar el comportamiento de las lluvias y las sequ\u00edas a lo largo de los a\u00f1os durante los dos periodos de tiempo seleccionados. Entre otras cosas, se gener\u00f3 una serie de mapas que sintetizaron la informaci\u00f3n para las 880 estaciones, cada una de las cuales es un punto en el territorio que pod\u00eda ser de color azul (lluvia) o rojo (sequ\u00eda), en varias intensidades del color relacionadas con la intensidad de la lluvia o la sequ\u00eda.&nbsp;<\/p>\n\n\n\n<p>\u00bfQu\u00e9 encontraron? Adem\u00e1s de los mapas, que son un hallazgo en s\u00ed mismo, la enorme cantidad de datos les permiti\u00f3 concluir que lo que m\u00e1s ha incidido en el clima del pa\u00eds ha sido el fen\u00f3meno de El Ni\u00f1o, m\u00e1s que el llamado cambio de largo plazo, es decir, el aumento progresivo de las temperaturas del planeta asociado al cambio clim\u00e1tico.&nbsp;<\/p>\n\n\n\n<p>\u201cEl pa\u00eds se seca mucho y los eventos extremos son \u2018m\u00e1s suaves\u2019 en la mayor parte del territorio durante los a\u00f1os declarados El Ni\u00f1o, especialmente en el occidente, como en las regiones Andina, Caribe y Pac\u00edfica\u201d, expone Giraldo. Y agrega: \u201cUna situaci\u00f3n contraria se da durante los a\u00f1os en los que se present\u00f3 La Ni\u00f1a, cuando el pa\u00eds se humedece, es decir, las lluvias son m\u00e1s copiosas y los eventos extremos son m\u00e1s severos.<\/p>\n\n\n\n<p>&nbsp;Sin embargo, los resultados obtenidos con el an\u00e1lisis de largo plazo no muestran la consistencia que s\u00ed mostraron los an\u00e1lisis teniendo en cuenta las fases extremas del ENSO\u201d, concluye el investigador.<\/p>\n\n\n\n<p>\u00bfY qu\u00e9 se puede decir en cuanto al calentamiento de largo plazo que est\u00e1 experimentando el planeta? Hay mucha incertidumbre sobre este tema, sin embargo, lo que indican los expertos es que posiblemente los efectos de <a href=\"https:\/\/www.javeriana.edu.co\/pesquisa\/fenomeno-de-el-nino-en-colombia\/\">El Ni\u00f1o o La Ni\u00f1a <\/a>se vuelvan m\u00e1s extremos.&nbsp;<\/p>\n\n\n\n<p>Pese a las complejidades que comporta entender ese \u2018aleteo de mariposa\u2019, la clave es, en un futuro, con mayor cantidad de datos, aportar a la comprensi\u00f3n y el modelamiento con mayor precisi\u00f3n de los eventos extremos asociados a este fen\u00f3meno para estar mejor preparados como pa\u00eds, de modo que se pueda preservar la vida y evitar p\u00e9rdidas econ\u00f3micas que ya se han experimentado en el pasado.&nbsp;<\/p>\n\n\n<div class=\"wp-block-image\">\n<figure class=\"aligncenter size-full\"><img decoding=\"async\" width=\"600\" height=\"200\" src=\"http:\/\/www.javeriana.edu.co\/pesquisa\/wp-content\/uploads\/2024\/05\/pesjav67-600x200-pc.png\" alt=\"\" class=\"wp-image-39100\" srcset=\"http:\/\/www.javeriana.edu.co\/pesquisa\/wp-content\/uploads\/2024\/05\/pesjav67-600x200-pc.png 600w, http:\/\/www.javeriana.edu.co\/pesquisa\/wp-content\/uploads\/2024\/05\/pesjav67-600x200-pc-300x100.png 300w, http:\/\/www.javeriana.edu.co\/pesquisa\/wp-content\/uploads\/2024\/05\/pesjav67-600x200-pc-150x50.png 150w, http:\/\/www.javeriana.edu.co\/pesquisa\/wp-content\/uploads\/2024\/05\/pesjav67-600x200-pc-450x150.png 450w\" sizes=\"(max-width: 600px) 100vw, 600px\" \/><\/figure><\/div>\n\n\n<p>Para leer m\u00e1s: \u00a7 Vargas Le\u00f3n, L. A. y Giraldo Osorio, J. D. (2024). <a href=\"https:\/\/doi.org\/10.3390\/hydrology11010007\" target=\"_blank\" rel=\"noopener\">Analysis of anomalies due to the ENSO and long-term changes in extreme precipitation indices using data from ground<br>stations.<\/a> Hydrology, 11(1). <\/p>\n\n\n\n<p><strong>T\u00cdTULO DE LA INVESTIGACI\u00d3N:<\/strong> An\u00e1lisis de anomal\u00edas debidas al ENSO y cambios a largo plazo en los \u00edndices de precipitaciones extremas utilizando datos de estaciones terrestres.<br><strong>INVESTIGADORES: <\/strong>Juan Diego Giraldo Osorio y Luis Alberto Vargas Grupo de investigaci\u00f3n Ciencia e Ingenier\u00eda del Agua y el Ambiente.<br><strong>PERIODO DE LA INVESTIGACI\u00d3N: <\/strong>2023<\/p>\n","protected":false},"excerpt":{"rendered":"<p>Sequ\u00edas y lluvias extremas asociadas al fen\u00f3meno de El Ni\u00f1o han tra\u00eddo como consecuencia p\u00e9rdidas humanas y econ\u00f3micas. Sin embargo, la estad\u00edstica abre posibilidades de comprensi\u00f3n para estar mejor preparados como pa\u00eds.<\/p>\n","protected":false},"author":43,"featured_media":39128,"comment_status":"open","ping_status":"open","sticky":false,"template":"","format":"standard","meta":{"footnotes":""},"categories":[3687,376,1157,4595],"tags":[777,460,371,4569,4306,97,499],"class_list":{"0":"post-39102","1":"post","2":"type-post","3":"status-publish","4":"format-standard","5":"has-post-thumbnail","7":"category-cambio-climatico","8":"category-ambiente","9":"category-destacadas","10":"category-pesquisa-67","11":"tag-cambio-climatico","12":"tag-ciencia","13":"tag-colombia","14":"tag-fenomeno-de-el-nino","15":"tag-fenomeno-de-la-nina","16":"tag-investigacion","17":"tag-javeriana"},"_links":{"self":[{"href":"http:\/\/www.javeriana.edu.co\/pesquisa\/wp-json\/wp\/v2\/posts\/39102","targetHints":{"allow":["GET"]}}],"collection":[{"href":"http:\/\/www.javeriana.edu.co\/pesquisa\/wp-json\/wp\/v2\/posts"}],"about":[{"href":"http:\/\/www.javeriana.edu.co\/pesquisa\/wp-json\/wp\/v2\/types\/post"}],"author":[{"embeddable":true,"href":"http:\/\/www.javeriana.edu.co\/pesquisa\/wp-json\/wp\/v2\/users\/43"}],"replies":[{"embeddable":true,"href":"http:\/\/www.javeriana.edu.co\/pesquisa\/wp-json\/wp\/v2\/comments?post=39102"}],"version-history":[{"count":3,"href":"http:\/\/www.javeriana.edu.co\/pesquisa\/wp-json\/wp\/v2\/posts\/39102\/revisions"}],"predecessor-version":[{"id":39130,"href":"http:\/\/www.javeriana.edu.co\/pesquisa\/wp-json\/wp\/v2\/posts\/39102\/revisions\/39130"}],"wp:featuredmedia":[{"embeddable":true,"href":"http:\/\/www.javeriana.edu.co\/pesquisa\/wp-json\/wp\/v2\/media\/39128"}],"wp:attachment":[{"href":"http:\/\/www.javeriana.edu.co\/pesquisa\/wp-json\/wp\/v2\/media?parent=39102"}],"wp:term":[{"taxonomy":"category","embeddable":true,"href":"http:\/\/www.javeriana.edu.co\/pesquisa\/wp-json\/wp\/v2\/categories?post=39102"},{"taxonomy":"post_tag","embeddable":true,"href":"http:\/\/www.javeriana.edu.co\/pesquisa\/wp-json\/wp\/v2\/tags?post=39102"}],"curies":[{"name":"wp","href":"https:\/\/api.w.org\/{rel}","templated":true}]}}