{"id":39289,"date":"2024-07-22T08:35:20","date_gmt":"2024-07-22T13:35:20","guid":{"rendered":"http:\/\/www.javeriana.edu.co\/pesquisa\/?p=39289"},"modified":"2024-07-31T18:31:33","modified_gmt":"2024-07-31T23:31:33","slug":"mujeres-cauca-paz-territorial","status":"publish","type":"post","link":"http:\/\/www.javeriana.edu.co\/pesquisa\/mujeres-cauca-paz-territorial\/","title":{"rendered":"La lucha de las mujeres afrodescendientes del Cauca por la paz territorial"},"content":{"rendered":"\n<p>A finales del 2016, <a href=\"https:\/\/www.javeriana.edu.co\/pesquisa\/la-paz-esta-en-manos-de-la-ciudadania\/\" target=\"_blank\" rel=\"noreferrer noopener\">el acuerdo de paz<\/a> firmado entre el gobierno nacional y las Fuerzas Armadas Revolucionarias de Colombia &#8211; Farc, cerr\u00f3 un conflicto de m\u00e1s de cinco d\u00e9cadas. Su texto afirmaba buscar el reconocimiento y protecci\u00f3n del pluralismo de la sociedad colombiana para construir una paz territorial desde las regiones.<\/p>\n\n\n\n<p>\u00a0\u201cSe adoptar\u00e1n medidas afirmativas en favor de grupos discriminados o marginados, teniendo en cuenta el enfoque territorial, diferencial y de g\u00e9nero\u201d, dice el documento firmado en el teatro Col\u00f3n de Bogot\u00e1.\u00a0<\/p>\n\n\n\n<p>Pero, \u00bfpor qu\u00e9 incluir un <a href=\"https:\/\/www.javeriana.edu.co\/pesquisa\/economia-del-cuidado-equidad-genero\/\" target=\"_blank\" rel=\"noreferrer noopener\">enfoque de g\u00e9nero<\/a>? Cifras de la Comisi\u00f3n de la Verdad evidencian que delitos como homicidio, secuestro y desaparici\u00f3n, se presentaron en alt\u00edsimo porcentaje, sobre hombres. Si bien los cr\u00edmenes apuntan al sexo masculino, las mujeres fueron quienes tuvieron que cargar con esas ausencias, sostener las familias y comunidades y afrontar los rigores de la guerra.<\/p>\n\n\n\n<p>El mismo informe final de la comisi\u00f3n demuestra que m\u00e1s de la mitad de las v\u00edctimas de <a href=\"https:\/\/www.javeriana.edu.co\/pesquisa\/desplazamiento-forzado-libro-editorial-javeriana\/\" target=\"_blank\" rel=\"noreferrer noopener\">desplazamiento forzado<\/a>, fueron mujeres. Por ello la necesidad de que las pol\u00edticas p\u00fablicas derivadas del acuerdo, apunten de manera diferenciada a las mujeres.<\/p>\n\n\n\n<blockquote class=\"wp-block-quote is-layout-flow wp-block-quote-is-layout-flow\">\n<p class=\"has-text-align-right\"><em>\u201cLa guerra nos ha tra\u00eddo m\u00e1s precariedad econ\u00f3mica, pobreza, desolaci\u00f3n, desarraigo en nuestras costumbres, destrucci\u00f3n de nuestro tejido social\u201d.<\/em><\/p>\n<cite><em>Emilse Jim\u00e9nez, lideresa del Cauca y miembro del Colectivo de Mujeres trascendiendo por la paz<\/em><\/cite><\/blockquote>\n\n\n\n<p>Las promesas del acuerdo de paz dependen de la implementaci\u00f3n de las m\u00e1s de 300 p\u00e1ginas de acuerdos y protocolos concertados con la extinta guerrilla. Desde entonces diversas instituciones del Estado ten\u00edan a cargo presupuestar y planificar la forma de hacer reales las aspiraciones del acuerdo.<\/p>\n\n\n\n<p>Una de las apuestas era priorizar las <a href=\"https:\/\/www.javeriana.edu.co\/pesquisa\/acuerdo-de-paz-reflexiones-sobre-su-implementacion-en-el-pacifico\/\" target=\"_blank\" rel=\"noreferrer noopener\">regiones <\/a>del pa\u00eds que fueron m\u00e1s afectadas durante el conflicto. Para ello se formularon los Programas de Desarrollo con Enfoque Territorial &#8211; PDET, mediante los que se pretende impulsar el desarrollo econ\u00f3mico, social y ambiental. La construcci\u00f3n e implementaci\u00f3n de los PDET deb\u00eda hacerse durante los siguientes siete a\u00f1os y con una amplia participaci\u00f3n de las comunidades de los 170 municipios elegidos.\u00a0<\/p>\n\n\n\n<h2 class=\"wp-block-heading\"><strong>Construir la paz territorial con las mujeres del <strong>Norte del Cauca<\/strong>\u00a0<\/strong><\/h2>\n\n\n\n<p>Uno de los territorios priorizados en los PDET fue el <a href=\"https:\/\/www.javeriana.edu.co\/pesquisa\/en-el-norte-del-cauca-se-teje-la-paz-territorial\/\">Norte del Cauca<\/a>, que incluye los municipios de Buenos Aires, Suarez, Santander de Quilichao, entre otros . Una investigaci\u00f3n de la Pontificia Universidad Javeriana, buscaba explorar c\u00f3mo ha sido la participaci\u00f3n de las mujeres afrodescendientes en este proceso.\u00a0<\/p>\n\n\n\n<p>El balance no es muy positivo. <a href=\"https:\/\/perfilesycapacidades.javeriana.edu.co\/es\/persons\/maria-fernanda-sanudo-pazos\">Mar\u00eda Fernanda Sa\u00f1udo<\/a>, investigadora del Instituto Pensar, se\u00f1al\u00f3 a <em>Pesquisa Javeriana<\/em> que las organizaciones de mujeres de la regi\u00f3n se han ido desencantado de las promesas Pdet.\u00a0\u00a0<\/p>\n\n\n\n<p>\u201cLo primero que manifiestan es que a varias de ellas no las convocaron como l\u00edderes de organizaciones de mujeres, sino como presidentes de juntas de acci\u00f3n comunal o representantes de los consejos comunitarios. Incluso, no fueron convocadas a varios espacios en los que se discutieron temas importantes. Eso hizo que sus voces, muchas veces, no fueran escuchadas\u201d, dijo.&nbsp;<\/p>\n\n\n\n<p>Para la investigadora esto parte de una err\u00f3nea incorporaci\u00f3n del enfoque de g\u00e9nero. \u201cYo creo que con el acuerdo de paz se increment\u00f3 la oferta de pol\u00edtica p\u00fablica para las mujeres rurales. Sin embargo, parece olvidarse la diversidad de lo que supone la categor\u00eda \u201cmujeres rurales\u201d.&nbsp; Mujeres campesinas, ind\u00edgenas, afrodescendientes, raizales y palenqueras, todas ellas tienen sus propias demandas y problem\u00e1ticas, por ejemplo frente al acceso a la tierra y al territorio, que en muchas ocasiones no fueron tenidas en cuenta.&nbsp;&nbsp;<\/p>\n\n\n\n<p>Por ello afirma que no se han sentido reconocidas como sujetas de primera l\u00ednea en la construcci\u00f3n de este PDET y como protagonistas de la construcci\u00f3n de la paz territorial en la pol\u00edtica p\u00fablica, tal como se establece en los Acuerdos.&nbsp;<\/p>\n\n\n\n<p>Emilse Jim\u00e9nez es docente y defensora de derechos humanos en el norte de Cauca. Desde sus 20 a\u00f1os es l\u00edder social y defensora del territorio. Hoy con 54 a\u00f1os es cr\u00edtica del proceso de construcci\u00f3n de PDET en la regi\u00f3n.&nbsp; \u201cLas acciones que se han priorizado no han sido acciones que nacen de las mujeres. Las necesidades fueron priorizadas principalmente desde un un escenario pensado de los hombres para los hombres\u201d, sostuvo.&nbsp;<\/p>\n\n\n\n<p>Pone como ejemplo el punto 1 del acuerdo: la Reforma Rural Integral. \u201cEn las comunidades rurales, ind\u00edgenas o Afro a las que nosotros pertenecemos, la tenencia de la tierra est\u00e1 m\u00e1s enfocada en los hombres. Nosotras no somos due\u00f1as de este territorio oficialmente\u201d, argument\u00f3.<\/p>\n\n\n\n<p>Por ello resalta la importancia de amplificar los esfuerzos para que exista verdadera igualdad en el acceso a este derecho. \u201cEl reclamo y lo que se evidencia es que las mujeres afrodescendientes del Cauca siguen estando rezagadas frente al acceso al fondo de tierras o los procesos de titulaci\u00f3n de tierras\u201d, dijo la investigadora Sa\u00f1udo. \u201cEl acuerdo establece un catastro multiprop\u00f3sito, las mujeres deber\u00edan tener prioridad all\u00ed tambi\u00e9n\u201d, agreg\u00f3.&nbsp;<\/p>\n\n\n\n<p>La reforma rural integral plantea ocho pilares o ejes tem\u00e1ticos y alrededor de los cuales se concentrar\u00e1n los procesos de planeaci\u00f3n participativa. La investigadora cuenta que a las mujeres que fueron convocadas para la discusi\u00f3n, las incluyeron en los pilares de vivienda y alimentaci\u00f3n, pero fueron excluidas de los pilares de propiedad y uso del suelo y del de infraestructura y adecuaci\u00f3n de tierras. Si bien considera que todos son importantes, los dos \u00faltimos son m\u00e1s estructurales para garantizar la permanencia de ellas en el territorio.&nbsp;<\/p>\n\n\n\n<figure class=\"wp-block-embed is-type-rich is-provider-twitter wp-block-embed-twitter\"><div class=\"wp-block-embed__wrapper\">\n<blockquote class=\"twitter-tweet\" data-width=\"550\" data-dnt=\"true\"><p lang=\"es\" dir=\"ltr\">El 25 de agosto de 2023, en Santander de Quilichao, la Asomuafroyo, el Instituto Pensar y lideresas del norte del Cauca, realizaron la entrega, a funcionarixs de la ART, de &quot;Recomendaciones para la construcci\u00f3n de paz territorial desde las voces de las mujeres afrodescendientes&quot;. <a href=\"https:\/\/t.co\/7MylQhfUBe\">pic.twitter.com\/7MylQhfUBe<\/a><\/p>&mdash; Instituto Pensar (@InstitutoPensa5) <a href=\"https:\/\/twitter.com\/InstitutoPensa5\/status\/1697296033565315327?ref_src=twsrc%5Etfw\" target=\"_blank\" rel=\"noopener\">August 31, 2023<\/a><\/blockquote><script async src=\"https:\/\/platform.twitter.com\/widgets.js\" charset=\"utf-8\"><\/script>\n<\/div><\/figure>\n\n\n\n<p>Ante tal panorama, la Asociaci\u00f3n de Mujeres Afrodescendientes de Yolomb\u00f3 &#8211; <a href=\"https:\/\/institutopensar.javeriana.edu.co\/en\/w\/capitulos-del-podcast-realizados-por-l-radia-y-asomuafroyo?redirect=%2Fen%2Finicio%3Fp_p_id%3Dcom_liferay_asset_publisher_web_portlet_AssetPublisherPortlet_INSTANCE_4XiLn5IAhuBV%26p_p_lifecycle%3D0%26p_p_state%3Dnormal%26p_p_mode%3Dview%26_com_liferay_asset_publisher_web_portlet_AssetPublisherPortlet_INSTANCE_4XiLn5IAhuBV_delta%3D2%26p_r_p_resetCur%3Dfalse%26_com_liferay_asset_publisher_web_portlet_AssetPublisherPortlet_INSTANCE_4XiLn5IAhuBV_cur%3D5\" target=\"_blank\" rel=\"noreferrer noopener\">Asomuafroyo<\/a>, el <a href=\"https:\/\/co.linkedin.com\/in\/colectivo-de-mujeres-trascendiendo-por-la-paz-81ba45209\" target=\"_blank\" rel=\"noreferrer noopener\">Colectivo de Mujeres Trascendiendo por la Paz<\/a>, la Asociaci\u00f3n de Mujeres Afrodescendientes del Norte del Cauca &#8211; <a href=\"https:\/\/asomcauca.org\/\" target=\"_blank\" rel=\"noreferrer noopener\">ASOM <\/a>y el Instituto Pensar de la Universidad Javeriana, produjeron el documento <em>Recomendaciones para la construcci\u00f3n de paz territorial desde la voces de las mujeres afrodescendientes<\/em>. Este lo entregaron a los encargados de la Agencia de Renovaci\u00f3n del Territorio para garantizar la plena participaci\u00f3n de las mujeres en la construcci\u00f3n de los PDET.\u00a0<\/p>\n\n\n\n<p>Estas recomendaciones, en la actualidad est\u00e1n orientando los procesos de trabajo de la Mesa&nbsp; de incidencia pol\u00edtica de las Mujeres Afrodescendientes del Norte del Cauca, espacio que emerge como resultado de la investigaci\u00f3n colaborativa entre el Instituto Pensar y las organizaciones mencionadas.&nbsp;<\/p>\n\n\n\n<h2 class=\"wp-block-heading\"><strong>Paz territorial: m\u00e1s all\u00e1 del fin del conflicto armado, es vivir sabroso<\/strong><\/h2>\n\n\n\n<p>La hoy vicepresidenta de Colombia Francia M\u00e1rquez posicion\u00f3 la expresi\u00f3n \u201c<em>Vivir sabroso\u201d <\/em>como una de las apuestas pol\u00edticas de su gobierno<em>. <\/em>M\u00e1rques, a\u00f1os atr\u00e1s, fue una de las l\u00edderes de la Asociaci\u00f3n de Mujeres Afrodescendientes de Yolomb\u00f3 &#8211; Asomuafroyo. Esta organizaci\u00f3n, como otras del norte del Cauca, han realizado diversas acciones en defensa del territorio como eje de su proyecto de vida comunitario.&nbsp;<\/p>\n\n\n\n<p>La expresi\u00f3n, que algunos sectores pol\u00edticos han malinterpretado como la b\u00fasqueda de subsidios o ayudas econ\u00f3micas, es una apuesta desde las comunidades afrodescendientes del Cauca por construir la paz territorial desde las complejidades, saberes y experiencias de las comunidades que all\u00ed viven desde hace siglos.&nbsp;<\/p>\n\n\n\n<p>\u201cVivir sabroso es vivir en el territorio sin miedo. Es recuperar lo que ten\u00edamos antes, mantener vivas nuestras costumbres, nuestra riqueza cultural, nuestra ancestralidad\u201d, afirm\u00f3 la profesora Emilse Jim\u00e9nez.&nbsp;<\/p>\n\n\n\n<p>\u201cEs volver al r\u00edo sin miner\u00eda para comadrear y cantar, cultivar en nuestras huertas, tomarnos un tinto afuera de nuestras casas sin preocuparnos por los grupos armados, hacer panela en los trapiches, volver a la pr\u00e1ctica del mazamorreo en la que \u00edbamos al r\u00edo a encontrarnos con la naturaleza, reunirnos al rededor de la hoguera hasta muy tarde para compartir cuentos con nuestras familias. Todo eso es lo que entendemos como vivir sabroso y es a lo que le apostamos\u201d, puntualiz\u00f3.&nbsp;<\/p>\n\n\n\n<p>Para la investigadora Sa\u00f1udo, las mujeres de estas organizaciones tienen unas visiones del territorio muy importantes y sobre las cuales se paran para hablar de paz. \u201cPara ellas la paz territorial es poner en el centro el cuidado de la vida. Eso incluye el cuidado del medio ambiente, de las vidas humanas, pensar una propiedad colectiva del territorio. M\u00e1s all\u00e1 del acaparamiento y la riqueza, buscan el bienestar de la poblaci\u00f3n, verdaderos ejercicios democr\u00e1ticos\u201d, relat\u00f3.&nbsp;<\/p>\n\n\n\n<p>Por eso insisten en que la paz va mucho m\u00e1s all\u00e1 de la dejaci\u00f3n de las armas por parte de las FARC. Es pensar y construir desde la territorialidad comunitaria. Tambi\u00e9n buscar que se acabe la miner\u00eda ilegal, los cultivos de uso il\u00edcito, el extractivismo, que se respeten y valoren las costumbres y culturas ancestrales. En cierta forma es luchar contra las formas de violencia estructural que los han afectado durante d\u00e9cadas.<\/p>\n\n\n\n<p>Esta visi\u00f3n de construcci\u00f3n de paz desde los territorios y que tiene en cuenta todo el contexto cultural no es compatible con las actuales formas de crear pol\u00edtica p\u00fablica que tiene el Estado, seg\u00fan Sa\u00f1udo. \u201cCon el proceso de los PDET se demostr\u00f3 que el Estado sigue sin escuchar a las comunidades. Est\u00e1 repitiendo lo que siempre ha hecho: ubicar a unos usuarios del Estado, pedirles que hagan una serie de un listado de cosas que necesitan y poner a tecn\u00f3cratas a pensar e implementar las soluciones\u201d, manifest\u00f3.&nbsp;<\/p>\n\n\n\n<p>Por ello la necesidad de crear puentes entre los distintos tipos de conocimiento, de desarrollar metodolog\u00edas de di\u00e1logo y discusi\u00f3n que reconozca e incluya las demandas y exigencias de las comunidades.&nbsp;<\/p>\n\n\n\n<figure class=\"wp-block-image size-large\"><img fetchpriority=\"high\" decoding=\"async\" width=\"1024\" height=\"576\" src=\"http:\/\/www.javeriana.edu.co\/pesquisa\/wp-content\/uploads\/2024\/07\/paz-territorial-cauca-mujeres-afrodescendientes2-1024x576.jpg\" alt=\"Una investigaci\u00f3n del Instituto Pensar revela pocos avances en la implementaci\u00f3n del acuerdo para las mujeres afrodescendientes del Cauca y por ello, est\u00e1 en riesgo la construcci\u00f3n de paz territorial en la regi\u00f3n.\" class=\"wp-image-39293\" srcset=\"http:\/\/www.javeriana.edu.co\/pesquisa\/wp-content\/uploads\/2024\/07\/paz-territorial-cauca-mujeres-afrodescendientes2-1024x576.jpg 1024w, http:\/\/www.javeriana.edu.co\/pesquisa\/wp-content\/uploads\/2024\/07\/paz-territorial-cauca-mujeres-afrodescendientes2-300x169.jpg 300w, http:\/\/www.javeriana.edu.co\/pesquisa\/wp-content\/uploads\/2024\/07\/paz-territorial-cauca-mujeres-afrodescendientes2-1536x864.jpg 1536w, http:\/\/www.javeriana.edu.co\/pesquisa\/wp-content\/uploads\/2024\/07\/paz-territorial-cauca-mujeres-afrodescendientes2-150x84.jpg 150w, http:\/\/www.javeriana.edu.co\/pesquisa\/wp-content\/uploads\/2024\/07\/paz-territorial-cauca-mujeres-afrodescendientes2-450x253.jpg 450w, http:\/\/www.javeriana.edu.co\/pesquisa\/wp-content\/uploads\/2024\/07\/paz-territorial-cauca-mujeres-afrodescendientes2-1200x675.jpg 1200w, http:\/\/www.javeriana.edu.co\/pesquisa\/wp-content\/uploads\/2024\/07\/paz-territorial-cauca-mujeres-afrodescendientes2-768x432.jpg 768w, http:\/\/www.javeriana.edu.co\/pesquisa\/wp-content\/uploads\/2024\/07\/paz-territorial-cauca-mujeres-afrodescendientes2.jpg 1920w\" sizes=\"(max-width: 1024px) 100vw, 1024px\" \/><figcaption class=\"wp-element-caption\">Presentaci\u00f3n del informe a funcionarios de la ART<\/figcaption><\/figure>\n\n\n\n<p>\u201cHay que buscar otras formas de crear pol\u00edtica p\u00fablica. Pensar el bienestar local, las gobernanzas locales m\u00e1s all\u00e1 de si son \u00e9tnicas, campesinas o urbanas. Partir de todos esos aprendizajes hist\u00f3ricos de gente que ha ido construyendo el territorio\u201d, expres\u00f3 la acad\u00e9mica.&nbsp;<\/p>\n\n\n\n<p>Por ello propone construir la paz \u201cdesde abajo\u201d con unos sujetos situados, es decir, no aplican criterios nacionales, sino que las entidades del Estado deben reconocer las particularidades de cada comunidad para pensar la paz territorial y la implementaci\u00f3n del acuerdo de paz.<\/p>\n\n\n\n<p>Y es que las mujeres afrodescendientes del Cauca quieren seguir viviendo en sus territorios. A pesar de que la situaci\u00f3n de orden p\u00fablico sigue siendo muy compleja, que tienen que mantener condiciones de seguridad muy estrictas porque varias de ellas est\u00e1n amenazadas, se reh\u00fasan a abandonar sus tierras.&nbsp;<\/p>\n\n\n\n<p>\u201c\u00bfQu\u00e9 es lo que hoy nos tiene tan apegados al territorio? Seguimos lo que nos dejaron nuestros ancestros, que fue los valores por la tierra, esa relaci\u00f3n con nuestro medio ambiente, con nuestras costumbres, con nuestro diario vivir. Eso es lo que no nos permite desarraigarnos\u201d, afirm\u00f3 la profesora Jim\u00e9nez. &nbsp;<\/p>\n\n\n\n<p>Para las mujeres del Cauca la paz territorial no pasa por grandes obras de infraestructura, ni por subsidios. Lo importante es que el Estado les garantice las condiciones para quitarse la angustia y el temor. \u201cNosotros somos ricos porque tenemos nuestros recursos naturales propios. No queremos que nos den todo. Queremos que nos dejen y nos ayuden a vivir en paz en nuestros territorios. Por eso queremos que nos reconozcan como agentes dinamizadores y apostadores de la paz\u201d, finaliz\u00f3 Jim\u00e9nez con una sonrisa.\u00a0<\/p>\n","protected":false},"excerpt":{"rendered":"<p>Una investigaci\u00f3n del Instituto Pensar revela pocos avances en la implementaci\u00f3n del acuerdo para las mujeres afrodescendientes del Cauca y por ello, est\u00e1 en riesgo la construcci\u00f3n de paz territorial en la regi\u00f3n. <\/p>\n","protected":false},"author":26,"featured_media":39292,"comment_status":"open","ping_status":"open","sticky":false,"template":"","format":"standard","meta":{"footnotes":""},"categories":[1157,3690,3692,373],"tags":[1461,551,4319,4611,552],"class_list":{"0":"post-39289","1":"post","2":"type-post","3":"status-publish","4":"format-standard","5":"has-post-thumbnail","7":"category-destacadas","8":"category-genero","9":"category-paz-y-conflicto","10":"category-sociedad","11":"tag-acuerdo-de-paz","12":"tag-cauca","13":"tag-instituto-pensar","14":"tag-paz-con-enfoque-de-genero","15":"tag-paz-territorial"},"_links":{"self":[{"href":"http:\/\/www.javeriana.edu.co\/pesquisa\/wp-json\/wp\/v2\/posts\/39289","targetHints":{"allow":["GET"]}}],"collection":[{"href":"http:\/\/www.javeriana.edu.co\/pesquisa\/wp-json\/wp\/v2\/posts"}],"about":[{"href":"http:\/\/www.javeriana.edu.co\/pesquisa\/wp-json\/wp\/v2\/types\/post"}],"author":[{"embeddable":true,"href":"http:\/\/www.javeriana.edu.co\/pesquisa\/wp-json\/wp\/v2\/users\/26"}],"replies":[{"embeddable":true,"href":"http:\/\/www.javeriana.edu.co\/pesquisa\/wp-json\/wp\/v2\/comments?post=39289"}],"version-history":[{"count":3,"href":"http:\/\/www.javeriana.edu.co\/pesquisa\/wp-json\/wp\/v2\/posts\/39289\/revisions"}],"predecessor-version":[{"id":39301,"href":"http:\/\/www.javeriana.edu.co\/pesquisa\/wp-json\/wp\/v2\/posts\/39289\/revisions\/39301"}],"wp:featuredmedia":[{"embeddable":true,"href":"http:\/\/www.javeriana.edu.co\/pesquisa\/wp-json\/wp\/v2\/media\/39292"}],"wp:attachment":[{"href":"http:\/\/www.javeriana.edu.co\/pesquisa\/wp-json\/wp\/v2\/media?parent=39289"}],"wp:term":[{"taxonomy":"category","embeddable":true,"href":"http:\/\/www.javeriana.edu.co\/pesquisa\/wp-json\/wp\/v2\/categories?post=39289"},{"taxonomy":"post_tag","embeddable":true,"href":"http:\/\/www.javeriana.edu.co\/pesquisa\/wp-json\/wp\/v2\/tags?post=39289"}],"curies":[{"name":"wp","href":"https:\/\/api.w.org\/{rel}","templated":true}]}}