{"id":39295,"date":"2024-07-29T13:31:03","date_gmt":"2024-07-29T18:31:03","guid":{"rendered":"http:\/\/www.javeriana.edu.co\/pesquisa\/?p=39295"},"modified":"2024-07-29T13:31:06","modified_gmt":"2024-07-29T18:31:06","slug":"justicia-colombia-empresas","status":"publish","type":"post","link":"http:\/\/www.javeriana.edu.co\/pesquisa\/justicia-colombia-empresas\/","title":{"rendered":"La justicia colombiana tampoco es justa para las empresas"},"content":{"rendered":"\n<p>A finales de julio se present\u00f3 el informe <em>Juego Limpio en la Justicia: Mejorando el Sistema Judicial en Colombia. <\/em>Esta investigaci\u00f3n presenta nuevos datos y an\u00e1lisis sobre el nivel de acceso, eficiencia, eficacia e imparcialidad de la justicia en el pa\u00eds.&nbsp;<\/p>\n\n\n\n<p>Los investigadores analizaron la perspectiva del sector privado, de operadores y usuarios del sistema. Tambi\u00e9n recomendaron pr\u00e1cticas sobre posibles caminos para mejorar el servicio de justicia en el pa\u00eds.<\/p>\n\n\n\n<blockquote class=\"wp-block-quote has-text-align-right is-layout-flow wp-block-quote-is-layout-flow\">\n<p class=\"has-text-align-right\">\u201cAnte la ley hay un guardi\u00e1n. Un campesino se presenta frente a este guardi\u00e1n, y solicita que le permita entrar en la Ley\u201d.\u00a0<\/p>\n<cite>Ante la ley. Franz Kafka<\/cite><\/blockquote>\n\n\n\n<p>En el cuento de Kafka, un hombre intenta acceder a la justicia durante mucho tiempo sin \u00e9xito. El texto, escrito en 1915, parece reflejar la misma situaci\u00f3n de Colombia en la actualidad.\u00a0 Esta referencia fue propuesta en la presentaci\u00f3n de Tania Luna, directora del doctorado en ciencias jur\u00eddicas de la Javeriana en la apertura de la presentaci\u00f3n de los resultados.\u00a0<\/p>\n\n\n\n<p>Seg\u00fan la acad\u00e9mica, en las \u00faltimas dos d\u00e9cadas se han producido cerca de 84 diagn\u00f3sticos sobre la justicia colombiana. Esta literatura disponible coincide en resaltar la brecha existente para que personas de escasos recursos econ\u00f3micos puedan acceder a la justicia.&nbsp;<\/p>\n\n\n\n<p>Entre otros factores, los m\u00e1s determinantes en el acceso son: la falta de conocimiento jur\u00eddico, la falta de servicios buenos y asequibles, la abundancia de procedimientos engorrosos y agotadores que no se pueden sostener en el tiempo, afirm\u00f3 Luna.<\/p>\n\n\n\n<p>Dicha valoraci\u00f3n no es menor. Colombia registr\u00f3 1.8 millones de empresas activas a finales de 2023. De ellas, el 95,3% son microempresas, las peque\u00f1as representan el 3.5 %, las medianas el 0.9% y las grandes solo el 0.3% seg\u00fan el Ministerio de Comercio, Industria y Turismo.<\/p>\n\n\n\n<p>Estas cifras son evidentes si se ubican espacialmente. El 25% est\u00e1n en Bogot\u00e1, el 13% en Antioquia, 9% en el Valle y el 7% en Cundinamarca. Es decir, m\u00e1s de la mitad de las empresas de todo el pa\u00eds se ubican en tres departamentos.&nbsp;<\/p>\n\n\n\n<figure class=\"wp-block-image\"><img decoding=\"async\" src=\"https:\/\/lh7-rt.googleusercontent.com\/docsz\/AD_4nXcRHsy542s2_buRR7_CPyxvLzUpw6WKkfjTgB5GHxSTbdlWu7Xc0TteFmztNLFEkGm-NiWnwJvCONgHVqhK1SNG0y5bIX7BW5fDO2xyB0WGgNck6V5ZymUKxvFZ6w_8BDI3YCMYzB8dRetXZ2ol6g1W3kxb?key=X6-zuC7gz_auPn7mllk8Ww\" alt=\"\"\/><\/figure>\n\n\n\n<p><\/p>\n\n\n\n<blockquote class=\"wp-block-quote is-layout-flow wp-block-quote-is-layout-flow\">\n<p class=\"has-text-align-right\"><em>\u201cPero el guardi\u00e1n contesta que por ahora no puede dejarlo entrar. El hombre reflexiona y pregunta si m\u00e1s tarde lo dejar\u00e1n entrar. -Tal vez -dice el centinela- pero no por ahora\u201d<\/em><\/p>\n<cite>Ante la ley. Franz Kafka<\/cite><\/blockquote>\n\n\n\n<h4 class=\"wp-block-heading\"><strong>\u00bfC\u00f3mo est\u00e1 el acceso a la justicia para las empresas en Colombia?<\/strong><\/h4>\n\n\n\n<p>Si bien en las normativas y legislaci\u00f3n nacional parece haber garant\u00edas para que personas y empresas accedan a la justicia, la profesora Luna dijo que en la realidad funciona diferente.&nbsp;<\/p>\n\n\n\n<p>\u201cEl derecho de acceso a la justicia se realiza plenamente cuando se traduce en una soluci\u00f3n pronta, integral y ejecutable\u201d, sostuvo en su presentaci\u00f3n. Por ello la importancia de que el Estado garantice este derecho, pues del normal funcionamiento de las empresas dependen los ingresos de una parte considerable de la poblaci\u00f3n colombiana.&nbsp;<\/p>\n\n\n\n<p>\u201cCuando las empresas pueden resolver disputas de manera r\u00e1pida y justa, la incertidumbre se reduce. Esto fomenta la seguridad jur\u00eddica, la estabilidad laboral, un clima de inversi\u00f3n favorable y un desarrollo econ\u00f3mico sostenible\u201d, a\u00f1adi\u00f3 la coautora.&nbsp;&nbsp;&nbsp;<\/p>\n\n\n\n<p>Por ello, para conocer la experiencia de los empresarios, esta investigaci\u00f3n realiz\u00f3 dos encuestas. En la primera participaron 30 empresas, en su mayor\u00eda grandes con colaboraci\u00f3n con la C\u00e1mara de comercio Colomboamericana. En la segunda fueron 301 empresas medianas, peque\u00f1as y microempresas, y estuvo a cargo del Centro Nacional de Consultor\u00eda.&nbsp;<\/p>\n\n\n\n<p>Los resultados muestran que el 30% de las empresas aseguraron haber acudido a instancias judiciales con personas, empresas o entidades p\u00fablicas en los \u00faltimos cinco a\u00f1os. En el 67% de las empresas encuestadas, fue un juez quien tramit\u00f3 dicho caso, un tribunal y el Consejo de Estado en el 7% y la Corte Constitucional en el 6%<\/p>\n\n\n\n<p>En cuanto al tipo de proceso, el 51% de las empresas enfrent\u00f3 un caso civil o comercial. El 30% uno laboral, el 17% uno administrativo y el 9% una tutela.<\/p>\n\n\n\n<p>La profesora Luna, mencion\u00f3 que en las entrevistas con gerentes, responsables del \u00e1rea jur\u00eddica y vicepresidentes de las empresas encuestadas, todos parecen coincidir en la importancia de la justicia pero al mismo tiempo en los riesgos y la necesidad de poner la mirada sobre la justicia. \u201cEl costo que puede pagar una empresa ante un proceso de esta naturaleza, es el cierre de su unidad productiva\u201d, dijo.<\/p>\n\n\n\n<blockquote class=\"wp-block-quote is-layout-flow wp-block-quote-is-layout-flow\">\n<p class=\"has-text-align-right\"><em>-Si tu deseo es tan grande, haz la prueba de entrar a pesar de mi prohibici\u00f3n. Pero recuerda que soy poderoso. Y s\u00f3lo soy el \u00faltimo de los guardianes. Entre sal\u00f3n y sal\u00f3n tambi\u00e9n hay guardianes, cada uno m\u00e1s poderoso que el otro. Ya el tercer guardi\u00e1n es tan terrible que no puedo mirarlo siquiera.<\/em><\/p>\n<cite>Ante la ley. Franz Kafka<\/cite><\/blockquote>\n\n\n\n<h4 class=\"wp-block-heading\"><strong>Los obst\u00e1culos para que las empresas accedan a la justicia en Colombia\u00a0<\/strong><\/h4>\n\n\n\n<p>Respecto a los obst\u00e1culos que enfrentan las autoridades administrativas, las principales&nbsp; son las demoras injustificadas, la infinidad de instancias legales, la complejidad del proceso y los vac\u00edos legales o contradicciones normativas.&nbsp;<\/p>\n\n\n\n<p>\u201cEstamos ante un sistema que parece haber sido dise\u00f1ado \u00fanicamente para abogados por la complejidad gigante en la normativa\u201d, sostuvo la investigadora.&nbsp;&nbsp;<\/p>\n\n\n\n<p>Estas declaraciones van en l\u00ednea con otras mediciones. Seg\u00fan el informe Justicia C\u00f3mo Vamos, entre 2018 y 2019 el 42% de los ciudadanos asegur\u00f3 no acudir al sistema judicial por la demora en resolver los tr\u00e1mites. Otro 30% no lo hizo porque no conf\u00eda en las entidades.&nbsp;<\/p>\n\n\n\n<p>\u201cEn Colombia no necesitamos m\u00e1s normas, ya existen. El tema es qui\u00e9n las aplique, qui\u00e9n se duela de las personas, qui\u00e9n realmente se ponga los pantalones y diga: mire ese pobre hombre lleva m\u00e1s de ocho a\u00f1os en su proceso y nada que avanza, nada que tiene la liquidaci\u00f3n laboral que un patrono le dej\u00f3 de pagar hace tiempo\u201d. Dijo una de las entrevistadas de esta investigaci\u00f3n&nbsp;<\/p>\n\n\n\n<p>Sobre las preocupaciones, la principal es la influencia indebida de intereses econ\u00f3micos particulares. Es decir, creen que existe la posibilidad de que actores con m\u00e1s capacidad econ\u00f3mica, puedan incidir en los fallos de la justicia. Le sigue la preocupaci\u00f3n por posible corrupci\u00f3n de funcionarios judiciales o peritos. Tambi\u00e9n mencionaron la influencia del gobierno u otra autoridad y la influencia de grupos armados al margen de la ley.<\/p>\n\n\n\n<p>Estos asuntos dificultan y demoran el proceso para acceder a la justicia.&nbsp; Juan Carlos Botero, decano de la Facultad de Ciencias Jur\u00eddicas de la Pontificia Universidad Javeriana, present\u00f3 cifras de otras partes del planeta.<\/p>\n\n\n\n<p>Por ejemplo, mencion\u00f3 que en Europa un proceso civil o comercial dura menos de dos a\u00f1os, uno administrativo dura menos de tres a\u00f1os, y uno criminal un a\u00f1o y medio. Estos tiempos incluyen todas las etapas del juicio. Sin embargo, para el caso colombiano se han presentado casos que han durado 15, e incluso 20 a\u00f1os en avanzar todas las etapas y dar un fallo final.&nbsp;<\/p>\n\n\n\n<figure class=\"wp-block-image\"><img decoding=\"async\" src=\"https:\/\/lh7-rt.googleusercontent.com\/docsz\/AD_4nXcYA-Op0KesLv0CBscsIXcQb7K9lvvaVU02c8J2O1VdI9zVSaKX3JGats5YZUJSF8yUvUJFRDRx1GvVrMIDXICfJ-iu9IoY1MJh430056YICy_sCLYbcaTs_ij7Z37e1gXXP2iaNoEwR7GjNUuyKlelpooY?key=X6-zuC7gz_auPn7mllk8Ww\" alt=\"\"\/><\/figure>\n\n\n\n<p>Despu\u00e9s de la presentaci\u00f3n del informe se desarrollaron varios conversatorios con expertos en los que participaron ex ministros, ex altos funcionarios y profesores de la Universidad Javeriana.<\/p>\n\n\n\n<p>&nbsp;En estas discusiones los temas que identificaron como m\u00e1s problem\u00e1ticos fueron la alta carga en casos que tiene el sistema judicial, que se ve reflejada en la cantidad de procesos que deben atender jueces, fiscales, polic\u00eda judicial.&nbsp;<\/p>\n\n\n\n<p>\u201cA los jueces se nos exige como si fu\u00e9ramos m\u00e1quinas. Nos hemos dedicado a producir y producir y producir y hemos dejado de lado nuestra vida personal. En conversaci\u00f3n con un juez de Estados Unidos y otro de Francia, dec\u00edan que all\u00e1 se cumplen los horarios. Aqu\u00ed no hay forma de que eso se cumpla. Las citas m\u00e9dicas las pide uno por ah\u00ed a las 10 de la noche\u201d, dice una de las entrevistas inclu\u00eddas en la investigaci\u00f3n.&nbsp;<\/p>\n\n\n\n<p>Tambi\u00e9n se mencion\u00f3 los altos costos que puede implicar el afrontar un caso jur\u00eddico. Esto conlleva a que a peque\u00f1as y microempresas les resulte m\u00e1s dif\u00edcil enfrentar procesos largos.<\/p>\n\n\n\n<p>La falta de presupuesto para ampliar la planta de trabajadores, la cantidad de documentos e informaci\u00f3n que debe procesar el sistema, la constante percepci\u00f3n de los usuarios sobre corrupci\u00f3n de funcionarios son otras de las mayores preocupaciones de los expertos.&nbsp;<\/p>\n\n\n\n<blockquote class=\"wp-block-quote is-layout-flow wp-block-quote-is-layout-flow\">\n<p class=\"has-text-align-right\">-Todos se esfuerzan por llegar a la Ley -dice el hombre-; \u00bfc\u00f3mo es posible entonces que durante tantos a\u00f1os nadie m\u00e1s que yo pretendiera entrar?<\/p>\n\n\n\n<p class=\"has-text-align-right\">-Nadie pod\u00eda pretenderlo porque esta entrada era solamente para ti. Ahora voy a cerrarla.<\/p>\n<cite><a href=\"https:\/\/ciudadseva.com\/texto\/ante-la-ley\/\" target=\"_blank\" rel=\"noopener\">Ante la ley. Franz Kafka<\/a><\/cite><\/blockquote>\n\n\n\n<h4 class=\"wp-block-heading\"><strong>Recomendaciones para mejorar el acceso a la justicia para las empresas&nbsp;<\/strong><\/h4>\n\n\n\n<p>La investigaci\u00f3n present\u00f3 algunas recomendaciones que atienden a las problem\u00e1ticas encontradas. tanto la investigaci\u00f3n, como las recomendaciones, fueron desarrolladas por Juan Carlso Botero, Tania Luna Blanco, Astrid Liliana Sanchez, Carlos Andr\u00e9s Uribe, Nicol\u00e1s Cabra y Natalia Correa S\u00e1nchez, todos investigadores de la Universidad Javeriana.&nbsp;<\/p>\n\n\n\n<p>Las recomendaciones son:&nbsp;<\/p>\n\n\n\n<p>Las <a href=\"https:\/\/www.javeriana.edu.co\/pesquisa\/constituyente-gobierno-petro\/\">reformas judiciales <\/a>en Colombia deben abordar, no solo las barreras de entrada, sino tambi\u00e9n los obst\u00e1culos durante el proceso relacionados con la eficiencia, la eficacia y la integridad del sistema de justicia.\u00a0<\/p>\n\n\n\n<p>No solo se requieren reformas legales, sino tambi\u00e9n transformaciones en el dise\u00f1o de las reformas, las pr\u00e1cticas judiciales y legales, la profesi\u00f3n legal y los planes de estudio de las carreras de derecho.&nbsp;<\/p>\n\n\n\n<p>Ampliar el personal pero de manera adecuada. \u201cNo hacemos nada creando 500 fiscales, si ellos no tienen igual n\u00famero de polic\u00eda judicial. Hay fiscales que tienen un polic\u00eda judicial para cinco despachos, cada uno de 500 o 600 \u00f3rdenes de polic\u00eda judicial. Son tres mil \u00f3rdenes, no las va a poder cumplir nunca\u201d, dec\u00eda otra entrevista de la investigaci\u00f3n.&nbsp;<\/p>\n\n\n\n<p>La apuesta deber\u00eda tender a incorporar e impulsar la innovaci\u00f3n tecnol\u00f3gica en el sistemas de justicia. El uso de inteligencias artificiales podr\u00eda acelerar procesos como compilaci\u00f3n de pruebas, notificaci\u00f3n a los implicados o actividades administrativas, lo que permitir\u00eda a jueces y fiscales dedicar el tiempo a los temas estrictamente judiciales.&nbsp;<\/p>\n\n\n\n<p>Aumentar el uso de mecanismos alternativos de soluci\u00f3n de conflictos.<\/p>\n\n\n\n<p>Vea aqu\u00ed el evento completo&nbsp;<\/p>\n\n\n\n<figure class=\"wp-block-embed is-type-video is-provider-youtube wp-block-embed-youtube wp-embed-aspect-16-9 wp-has-aspect-ratio\"><div class=\"wp-block-embed__wrapper\">\n<iframe title=\"Evento P\u00fablico | Reporte Juego Limpio en la Justicia: Mejorando el Sistema Judicial en Colombia\" width=\"814\" height=\"458\" src=\"https:\/\/www.youtube.com\/embed\/5dStUgQZ56k?feature=oembed\" frameborder=\"0\" allow=\"accelerometer; autoplay; clipboard-write; encrypted-media; gyroscope; picture-in-picture; web-share\" referrerpolicy=\"strict-origin-when-cross-origin\" allowfullscreen><\/iframe>\n<\/div><\/figure>\n","protected":false},"excerpt":{"rendered":"<p>Una investigaci\u00f3n de la Facultad de Ciencias Jur\u00eddicas de la Pontificia Universidad Javeriana presenta un balance de las dificultades y retos para que las empresas puedan acceder a una justicia real <\/p>\n","protected":false},"author":26,"featured_media":39297,"comment_status":"open","ping_status":"open","sticky":false,"template":"","format":"standard","meta":{"footnotes":""},"categories":[373,1157],"tags":[460,371,1130,2716,97,499],"class_list":{"0":"post-39295","1":"post","2":"type-post","3":"status-publish","4":"format-standard","5":"has-post-thumbnail","7":"category-sociedad","8":"category-destacadas","9":"tag-ciencia","10":"tag-colombia","11":"tag-derecho-comercial","12":"tag-empresas-privadas","13":"tag-investigacion","14":"tag-javeriana"},"_links":{"self":[{"href":"http:\/\/www.javeriana.edu.co\/pesquisa\/wp-json\/wp\/v2\/posts\/39295","targetHints":{"allow":["GET"]}}],"collection":[{"href":"http:\/\/www.javeriana.edu.co\/pesquisa\/wp-json\/wp\/v2\/posts"}],"about":[{"href":"http:\/\/www.javeriana.edu.co\/pesquisa\/wp-json\/wp\/v2\/types\/post"}],"author":[{"embeddable":true,"href":"http:\/\/www.javeriana.edu.co\/pesquisa\/wp-json\/wp\/v2\/users\/26"}],"replies":[{"embeddable":true,"href":"http:\/\/www.javeriana.edu.co\/pesquisa\/wp-json\/wp\/v2\/comments?post=39295"}],"version-history":[{"count":1,"href":"http:\/\/www.javeriana.edu.co\/pesquisa\/wp-json\/wp\/v2\/posts\/39295\/revisions"}],"predecessor-version":[{"id":39299,"href":"http:\/\/www.javeriana.edu.co\/pesquisa\/wp-json\/wp\/v2\/posts\/39295\/revisions\/39299"}],"wp:featuredmedia":[{"embeddable":true,"href":"http:\/\/www.javeriana.edu.co\/pesquisa\/wp-json\/wp\/v2\/media\/39297"}],"wp:attachment":[{"href":"http:\/\/www.javeriana.edu.co\/pesquisa\/wp-json\/wp\/v2\/media?parent=39295"}],"wp:term":[{"taxonomy":"category","embeddable":true,"href":"http:\/\/www.javeriana.edu.co\/pesquisa\/wp-json\/wp\/v2\/categories?post=39295"},{"taxonomy":"post_tag","embeddable":true,"href":"http:\/\/www.javeriana.edu.co\/pesquisa\/wp-json\/wp\/v2\/tags?post=39295"}],"curies":[{"name":"wp","href":"https:\/\/api.w.org\/{rel}","templated":true}]}}