{"id":39422,"date":"2024-09-04T11:38:54","date_gmt":"2024-09-04T16:38:54","guid":{"rendered":"http:\/\/www.javeriana.edu.co\/pesquisa\/?p=39422"},"modified":"2024-09-09T07:25:54","modified_gmt":"2024-09-09T12:25:54","slug":"gabriella-gomez-mont-encuentro-arte-y-creatividad","status":"publish","type":"post","link":"http:\/\/www.javeriana.edu.co\/pesquisa\/gabriella-gomez-mont-encuentro-arte-y-creatividad\/","title":{"rendered":"Imaginar la realidad: Gabriella G\u00f3mez-Mont estar\u00e1 en la Javeriana"},"content":{"rendered":"\n<p>Por definici\u00f3n, la imaginaci\u00f3n nos permite concebir lo inimaginable, o al menos lo que no es real. A quienes mucho imaginan les decimos que son fantasiosos, personas que viven en las nubes, o incluso locos. Sin embargo, la realidad misma es producto de la imaginaci\u00f3n, as\u00ed como las imaginaciones producto de la realidad.<\/p>\n\n\n\n<p>Hoy, m\u00e1s que nunca, la humanidad est\u00e1 llamada a imaginar la realidad que desea habitar, y a hacerla realidad. Ya el primer cuarto del siglo XXI nos demostr\u00f3 que, de no hacerlo, el capitalismo salvaje lo har\u00e1 por nosotros: la distop\u00eda social realizada en el marco de la pandemia del Covid-19 fue la mejor prueba de ello.<\/p>\n\n\n\n<p>Es por esto <strong>que imaginar otros mundos posibles al que ofrece el capitalismo es la clave para transformar la realidad<\/strong>. Este pareciera ser el axioma central en el pensamiento de Gabriella Gomez-Mont, una voz influyente a nivel mundial de la imaginaci\u00f3n, reconocida como consultora creativa de alto nivel en <a href=\"https:\/\/www.javeriana.edu.co\/pesquisa\/biodiverciudades-presente-futuro\/\">transformaciones urban\u00edsticas y sociales<\/a>, quien dictar\u00e1 una conferencia magistral \u2014titulada precisamente \u00abLa imaginaci\u00f3n no es un lujo: creatividad a la escala de una megal\u00f3polis\u00bb\u2014 abierta a todo p\u00fablico el pr\u00f3ximo martes 10 de septiembre a las 8:30 a.m., en el auditorio Alejandro Novoa de la Pontificia Universidad Javeriana en Bogot\u00e1, en el marco del <a href=\"https:\/\/www.javeriana.edu.co\/arteycreatividad\">VI Encuentro Javeriano de Arte y Creatividad<\/a>.<\/p>\n\n\n\n<p>Londres, Da Nang, Ciudad de M\u00e9xico y Bogot\u00e1 son algunas de las ciudades en las que G\u00f3mez-Mont ha trabajado de la mano de gobiernos, organizaciones no gubernamentales, empresas y colectivos ciudadanos evaluando, dise\u00f1ando y ejecutando proyectos sociales de alto impacto, centrados en nociones como<strong> megal\u00f3polis del cuidado, pol\u00edticas y ciudades para el juego, espacios c\u00edvicos para la vida colectiva, biodiversidad, justicia clim\u00e1tica y el futuro<\/strong>.<\/p>\n\n\n\n<p>En la capital mexicana fue directora (2013-2018) de lo que ser\u00eda una especie de \u201csecretar\u00eda de la creatividad\u201d del gobierno de la ciudad, desde donde fund\u00f3 el <a href=\"https:\/\/labcd.mx\/\" target=\"_blank\" rel=\"noopener\">Laboratorio para la Ciudad<\/a>, un tanque de pensamiento multipremiado que se convirti\u00f3 con los a\u00f1os en el brazo creativo para la formulaci\u00f3n de diversos proyectos sociales por parte de la Alcald\u00eda, y que, entre otras, logr\u00f3 desarrollar un masivo <em>crowdsourcing <\/em>para la Constituci\u00f3n de Ciudad de M\u00e9xico, que entr\u00f3 en vigor en 2018.<\/p>\n\n\n\n<p>En Bogot\u00e1 trabaj\u00f3 como consultora en la Alcald\u00eda de Claudia L\u00f3pez (2020-2023) acompa\u00f1ando el proceso de formulaci\u00f3n de propuesta de Bogot\u00e1 para el Mayor&#8217;s Challenge de Bloomberg, que giraba en torno a las Manzanas del Cuidado, y que result\u00f3 uno de los proyectos ganadores de dicho premio. Tambi\u00e9n trabaj\u00f3 como  coordinadora de asesores en la formulaci\u00f3n del CONPES para el Sistema Nacional del Cuidado, proyecto que se inici\u00f3 desde la Vicepresidencia y ahora contin\u00faa desde el Ministerio de Igualdad de Colombia.<\/p>\n\n\n\n<p>Ha sido becaria de importantes c\u00edrculos acad\u00e9micos como TED, Massachusetts Institute of Technology (MIT), University College London (UCL) o Canadian Urban Institute (CUI). Es fundadora y directora de <a href=\"http:\/\/www.experimentalistas.com\/\" target=\"_blank\" rel=\"noopener\">Experimentalista<\/a>, estudio creativo especializado en ciudades y cambio social, y tambi\u00e9n del <a href=\"https:\/\/everythinginbetween.org\/\" target=\"_blank\" rel=\"noopener\">Institute for Everything In Between<\/a>, su plataforma exploratoria m\u00e1s reciente.<\/p>\n\n\n\n<p><strong>Gabriella G\u00f3mez-Mont es un referente de la imaginaci\u00f3n porque su pensamiento y perfil profesional est\u00e1n atravesados por vectores conceptuales que juntan elementos muy diversos y que nunca imaginamos observar en un mismo ser<\/strong>, combinando de manera \u00fanica las ciencias sociales, el urbanismo, las artes visuales, la arquitectura y los estudios culturales.<\/p>\n\n\n\n<p>Transdisciplinariedad, creatividad, experimentaci\u00f3n, nomadismo, interculturalidad, entre muchas otras, son las partes que componen a G\u00f3mez-Mont, quien se conect\u00f3 desde Londres para compartir su pensamiento con Pesquisa Javeriana y darnos un abrebocas de lo que ser\u00e1 su conferencia magistral el pr\u00f3ximo 10 de septiembre.<\/p>\n\n\n\n<h2 class=\"wp-block-heading\">Pesquisa Javeriana: <strong>\u00bfBogot\u00e1, Ciudad de M\u00e9xico, Se\u00fal, Londres, Da Nang\u2026por qu\u00e9 su empe\u00f1o en trabajar con estas ciudades?<\/strong><\/h2>\n\n\n\n<p><strong>Gabriela G\u00f3mez-Mont:<\/strong> Las ciudades con las que m\u00e1s me gusta trabajar son las que se est\u00e1n haciendo grandes preguntas. Esas preguntas inquietas, abiertas, que nunca se van a resolver del todo, pero que instigan la imaginaci\u00f3n, la sensaci\u00f3n de otro tipo de posibilidades. <a href=\"https:\/\/www.javeriana.edu.co\/pesquisa\/ciudades-sostenibles-un-reto-de-cara-al-2030\/\">La mayor\u00eda de las ciudades con las que he trabajado son megal\u00f3polis<\/a>, tengo una fascinaci\u00f3n con este tipo de ciudades, igual de inquietas que las preguntas que nos dejan. Son ciudades que est\u00e1n llenas de retos, pero tambi\u00e9n de posibilidades.<\/p>\n\n\n\n<h2 class=\"wp-block-heading\">PJ: <strong>\u00bfQu\u00e9 preguntas le suscit\u00f3 Bogot\u00e1?<\/strong><\/h2>\n\n\n\n<p><strong>GGM:<\/strong> La pregunta con la que me dej\u00f3, y que sigue vigente, es \u00bfc\u00f3mo se puede imaginar una ciudad entera alrededor del cuidado?<\/p>\n\n\n\n<p>Vivimos en una sociedad a menudo tecnocr\u00e1tica, neoliberal, patriarcal y extractivista, que mide la productividad de las ciudades dejando a un lado el valor que generan las econom\u00edas del cuidado. El trabajo del cuidado est\u00e1 invisibilizado y no remunerado. El 75 % del trabajo del cuidado no remunerado lo hacen las mujeres, que en Bogot\u00e1 son alrededor de 1,2 millones, de las cuales el 30 % de esa poblaci\u00f3n lo hace de tiempo completo. Son mujeres que normalmente no pueden pensionarse, ni tienen tiempo de ir al doctor, de tener espacios de ocio, de ir al parque, al cine, ni de cuidarse&nbsp;a&nbsp;ellas&nbsp;mismas.<\/p>\n\n\n\n<p>Cuando tuve la fortuna de colaborar con Diana Rodr\u00edguez Franco y su equipo \u2015en ese entonces Secretaria de la Mujer, y quien estuvo a cargo de idear las Manzanas del Cuidado\u2015, me qued\u00f3 claro que Bogot\u00e1 agreg\u00f3 capas muy importantes a las conversaciones sobre cuidado y ciudad: Bogot\u00e1 logr\u00f3 territorializar el cuidado, y entenderlo desde la justicia espacial.<\/p>\n\n\n\n<p>En otras palabras, se analiz\u00f3 detenidamente en qu\u00e9 zonas viven la mayor\u00eda de las mujeres cuidadoras \u2015donde tambi\u00e9n hay concentraci\u00f3n de ni\u00f1os, adultos mayores y personas con discapacidad\u2015 y se crearon m\u00e1s de 21 manzanas en lugares estrat\u00e9gicos, en los cuales anteriormente no hab\u00eda infraestructura para cubrir sus necesidades. Este planteamiento ha inspirado a muchas ciudades del mundo. Las Manzanas hoy en d\u00eda son centros en donde puedes simult\u00e1neamente tener servicios de todo tipo para estas mujeres, desde lavander\u00eda, educaci\u00f3n secundaria, clases para los ni\u00f1os y para los adultos mayores, etc. Es un modelo sumamente&nbsp;interesante.<\/p>\n\n\n\n<h2 class=\"wp-block-heading\">PJ: <strong>Un modelo que nos obliga a imaginarnos una ciudad m\u00e1s all\u00e1 de las estructuras capitalistas y patriarcales\u2026<\/strong><\/h2>\n\n\n\n<p><strong>GGM:<\/strong> Hoy en d\u00eda parece que no podemos imaginar ni pensar fuera de una estructura capitalista. De pronto, empezar a pensar en ciudades del cuidado se vuelve interesante como un imaginario potente, porque nos obliga a pensar todo, a pensar el tiempo y la distancia en las ciudades, pero tambi\u00e9n en vivienda colectiva y accesible, la distribuci\u00f3n de los lugares de trabajo, unidades habitacionales multigeneracionales, b\u00e1sicamente pensarnos el apoyo mutuo\u2026O sea, empiezan a hacerse otro tipo de interrogantes y de preguntas justo porque estamos entrando en los imaginarios de una sociedad del cuidado.<\/p>\n\n\n\n<h2 class=\"wp-block-heading\">PJ: <strong>Adem\u00e1s de la cuesti\u00f3n del cuidado, \u00bfqu\u00e9 otros temas cree que son importantes para re &nbsp;imaginar las ciudades?<\/strong><\/h2>\n\n\n\n<p><strong>GGM:<\/strong> Las grandes preguntas que se tienen que hacer las ciudades y las sociedades son preguntas filos\u00f3ficas, que son primeros principios: \u00bfC\u00f3mo queremos vivir juntos? \u00bfC\u00f3mo nos queremos mover juntos? \u00bfC\u00f3mo podemos ser saludables juntos? \u00bfC\u00f3mo vamos a jugar juntos? A fin de cuentas, es una pregunta por el nosotros, por c\u00f3mo ampliar ese nosotros.<\/p>\n\n\n\n<h2 class=\"wp-block-heading\">PJ: <strong>\u00bfC\u00f3mo movilizar todos estos imaginarios y conceptos en agendas pr\u00e1cticas para transformar realmente las sociedades?<\/strong><\/h2>\n\n\n\n<p><strong>GGM:<\/strong> Todo esto parecen solo palabras, pero es m\u00e1s que eso. El lenguaje que tenemos es nuestra forma de ver el mundo, no es s\u00f3lo que con las palabras nombremos el mundo y la realidad, sino que las met\u00e1foras que usamos nos dan una cosmogon\u00eda que nos hace presentes ciertas cosas y nos invisibiliza otras. Entonces tener vocabulario para definir ciertas cosas nos abre un espacio de posibilidades brillante.<\/p>\n\n\n\n<p>En este sentido, creo que no hemos utilizado el lenguaje lo suficiente. La pol\u00edtica necesita de la po\u00e9tica para generar v\u00ednculos afectivos, porque la democracia misma es contarnos una historia de la cual queremos hacer parte.<\/p>\n\n\n\n<p>Hay que seguir indagando el lenguaje, indagar en la historia, en los imaginarios. S\u00ed, hay que tener datos, evidencia, informaci\u00f3n para formular la pol\u00edtica p\u00fablica, pero el cambio empieza desde otra parte, desde la cultura.<\/p>\n\n\n\n<h2 class=\"wp-block-heading\">PJ: <strong>\u00bfQu\u00e9 tiene que ver el pensamiento transdisciplinar, experimental y n\u00f3mada con todo esto?<\/strong><\/h2>\n\n\n\n<p><strong>GGM:<\/strong> Lo transdisciplinario es el <em>sine qua non<\/em> de mi trabajo porque siento que no se puede abordar nada si no es de una manera prism\u00e1tica. Para pensar en una ciudad l\u00fadica, una ciudad peat\u00f3n, una ciudad de cuidado, se necesita de muchos tipos de disciplinas y sectores alrededor de la mesa.<\/p>\n\n\n\n<p>Ahora, si queremos hacernos todas estas preguntas e imaginar algo nuevo, debemos saber que no van a haber respuestas inmediatas, sino que tenemos que generar y compartir conocimiento entre nosotros, y eso va a requerir experimentos para que entendamos lo emergente, tanto en temas de sistemas complejos como en temas de la emergencia de nuevas realidades como tal.<\/p>\n\n\n\n<p>Finalmente lo n\u00f3mada viene de que estoy trabajando ya no solo con ciudades, sino tambi\u00e9n con oeneg\u00e9s, activistas y dem\u00e1s alrededor del mundo, y lo que me gusta es acompa\u00f1ar preguntas, no dar respuestas concretas para resolver los problemas, m\u00e1s bien generar espacios de aprendizaje mutuo y conversaciones internacionales.<\/p>\n\n\n\n<p>Y tambi\u00e9n por la <a href=\"https:\/\/www.javeriana.edu.co\/pesquisa\/migrar-entre-genes-y-ciudades-una-mirada-desde-las-sociedades-y-la-biologia\/\">migraci\u00f3n<\/a>, entendida como el movimiento de cuerpos, de ideas, de chocar con esta idea de fronteras y bordes geopol\u00edticos. De esto tambi\u00e9n hablar\u00e9 en mi charla en Bogot\u00e1.<\/p>\n","protected":false},"excerpt":{"rendered":"<p>Gabriella G\u00f3mez-Mont piensa que imaginar otros mundos posibles al que ofrece el capitalismo es la clave para transformar la realidad. Es una consultora creativa mundialmente reconocida por su trabajo en transformaciones urban\u00edsticas y sociales en grandes ciudades como Ciudad de M\u00e9xico, Bogot\u00e1, Da Nang o Londres. Pesquisa Javeriana habl\u00f3 con ella de imaginarios, ciudades, lenguaje, cultura, transdisciplinariedad, experimentaci\u00f3n y nomadismo.<\/p>\n","protected":false},"author":154,"featured_media":39426,"comment_status":"open","ping_status":"open","sticky":false,"template":"","format":"standard","meta":{"footnotes":""},"categories":[1157,3693],"tags":[302,371,4633,97],"class_list":{"0":"post-39422","1":"post","2":"type-post","3":"status-publish","4":"format-standard","5":"has-post-thumbnail","7":"category-destacadas","8":"category-artes","9":"tag-arte","10":"tag-colombia","11":"tag-encuentro-de-arte-y-creatividad","12":"tag-investigacion"},"_links":{"self":[{"href":"http:\/\/www.javeriana.edu.co\/pesquisa\/wp-json\/wp\/v2\/posts\/39422","targetHints":{"allow":["GET"]}}],"collection":[{"href":"http:\/\/www.javeriana.edu.co\/pesquisa\/wp-json\/wp\/v2\/posts"}],"about":[{"href":"http:\/\/www.javeriana.edu.co\/pesquisa\/wp-json\/wp\/v2\/types\/post"}],"author":[{"embeddable":true,"href":"http:\/\/www.javeriana.edu.co\/pesquisa\/wp-json\/wp\/v2\/users\/154"}],"replies":[{"embeddable":true,"href":"http:\/\/www.javeriana.edu.co\/pesquisa\/wp-json\/wp\/v2\/comments?post=39422"}],"version-history":[{"count":5,"href":"http:\/\/www.javeriana.edu.co\/pesquisa\/wp-json\/wp\/v2\/posts\/39422\/revisions"}],"predecessor-version":[{"id":39444,"href":"http:\/\/www.javeriana.edu.co\/pesquisa\/wp-json\/wp\/v2\/posts\/39422\/revisions\/39444"}],"wp:featuredmedia":[{"embeddable":true,"href":"http:\/\/www.javeriana.edu.co\/pesquisa\/wp-json\/wp\/v2\/media\/39426"}],"wp:attachment":[{"href":"http:\/\/www.javeriana.edu.co\/pesquisa\/wp-json\/wp\/v2\/media?parent=39422"}],"wp:term":[{"taxonomy":"category","embeddable":true,"href":"http:\/\/www.javeriana.edu.co\/pesquisa\/wp-json\/wp\/v2\/categories?post=39422"},{"taxonomy":"post_tag","embeddable":true,"href":"http:\/\/www.javeriana.edu.co\/pesquisa\/wp-json\/wp\/v2\/tags?post=39422"}],"curies":[{"name":"wp","href":"https:\/\/api.w.org\/{rel}","templated":true}]}}