{"id":39761,"date":"2024-10-28T09:17:00","date_gmt":"2024-10-28T14:17:00","guid":{"rendered":"http:\/\/www.javeriana.edu.co\/pesquisa\/?p=39761"},"modified":"2024-10-29T09:19:24","modified_gmt":"2024-10-29T14:19:24","slug":"la-javeriana-recibe-la-cop16","status":"publish","type":"post","link":"http:\/\/www.javeriana.edu.co\/pesquisa\/la-javeriana-recibe-la-cop16\/","title":{"rendered":"La Javeriana recibe a la COP16 en su Ecocampus: ciencia y biodiversidad de puertas abiertas"},"content":{"rendered":"\n<p>Estamos en plena COP16, la reuni\u00f3n m\u00e1s importante sobre biodiversidad en el mundo. Nuestro pa\u00eds ha abierto sus puertas, sus alas, sus ojos y todos sus colores a esta conversaci\u00f3n amplia que convoca no solo a representantes y diplom\u00e1ticos de diferentes pa\u00edses del mundo, sino tambi\u00e9n a las personas que vivimos, conectamos, aprovechamos y apreciamos la vida en todas sus formas.<\/p>\n\n\n\n<p>La academia tambi\u00e9n recibe a la COP, lo hace desde sus experticias, sus labores de asesoramiento, sus capacidades de investigaci\u00f3n, divulgaci\u00f3n y seguimiento de los acuerdos pasados y futuros de estas conferencias.<\/p>\n\n\n\n<p>Todo se abre, las puertas de los laboratorios, las voces de quienes investigan, los campus de las universidades, las clases, los espacios de curiosidad y de descubrimiento, como si se tratara de una primavera instant\u00e1nea que sucede ante nuestros ojos presentando en una sola imagen los frutos que la investigaci\u00f3n y la ciencia del pa\u00eds tienen para entregarle a esta gran conversaci\u00f3n.<\/p>\n\n\n\n<p>La Pontificia Universidad Javeriana de la Seccional Cali se suma a este esfuerzo a trav\u00e9s de su Campus Biodiverso, que se abre como un laboratorio vivo a trav\u00e9s experiencias en torno a la biodiversidad, la ciencia y la conservaci\u00f3n.<\/p>\n\n\n\n<h4 class=\"wp-block-heading\">Ecocampus: Un espacio de biodiversidad<\/h4>\n\n\n\n<p>El Ecocampus de la Javeriana en Cali es hogar de miles de especies de \u00e1rboles y cientos de aves en sus m\u00e1s de 12 hect\u00e1reas de cobertura vegetal. En este campus, que se abre al p\u00fablico durante estas fechas, es posible ver c\u00f3mo la naturaleza se funde con entornos urbanos y se convierte en un aula amplia. Aqu\u00ed, la investigaci\u00f3n se conecta con los sabores tradicionales, no solo para conservar sus ra\u00edces, sino tambi\u00e9n para asegurar su presencia en un mundo que cada vez cambia m\u00e1s r\u00e1pido.<\/p>\n\n\n\n<figure class=\"wp-block-image size-large\"><img fetchpriority=\"high\" decoding=\"async\" width=\"1024\" height=\"576\" src=\"http:\/\/www.javeriana.edu.co\/pesquisa\/wp-content\/uploads\/2024\/10\/ecocampus-COP16-1024x576.jpg\" alt=\"\" class=\"wp-image-39763\" srcset=\"http:\/\/www.javeriana.edu.co\/pesquisa\/wp-content\/uploads\/2024\/10\/ecocampus-COP16-1024x576.jpg 1024w, http:\/\/www.javeriana.edu.co\/pesquisa\/wp-content\/uploads\/2024\/10\/ecocampus-COP16-300x169.jpg 300w, http:\/\/www.javeriana.edu.co\/pesquisa\/wp-content\/uploads\/2024\/10\/ecocampus-COP16-150x84.jpg 150w, http:\/\/www.javeriana.edu.co\/pesquisa\/wp-content\/uploads\/2024\/10\/ecocampus-COP16-450x253.jpg 450w, http:\/\/www.javeriana.edu.co\/pesquisa\/wp-content\/uploads\/2024\/10\/ecocampus-COP16-1200x675.jpg 1200w, http:\/\/www.javeriana.edu.co\/pesquisa\/wp-content\/uploads\/2024\/10\/ecocampus-COP16-768x432.jpg 768w, http:\/\/www.javeriana.edu.co\/pesquisa\/wp-content\/uploads\/2024\/10\/ecocampus-COP16.jpg 1536w\" sizes=\"(max-width: 1024px) 100vw, 1024px\" \/><\/figure>\n\n\n\n<p>En el Ecocampus, los visitantes podr\u00e1n disfrutar de experiencias que permitan reconocer la diversidad de aves de la regi\u00f3n y entender c\u00f3mo se enlazan con las identidades de quienes habitamos los diferentes territorios. En esas identidades, que tambi\u00e9n pueden verse expresadas en la danza, se narran formas de vivir y se construye conocimiento para conectar con los saberes locales y la diversidad.<\/p>\n\n\n\n<p>Este mismo escenario presenta oportunidades para conocer como esa diversidad tambi\u00e9n transforma el paisaje y encuentra oportunidades de reescribir la historia a trav\u00e9s, por ejemplo, de la arquitectura. Una historia que no hace m\u00e1s que subrayar los v\u00ednculos que tenemos con la <a href=\"https:\/\/www.javeriana.edu.co\/pesquisa\/abc-cop16-sobre-biodiversidad\/\" data-type=\"link\" data-id=\"https:\/\/www.javeriana.edu.co\/pesquisa\/abc-cop16-sobre-biodiversidad\/\">naturaleza y con el territorio.<\/a><\/p>\n\n\n\n<p>Dentro las posibilidades de este campus abierto tambi\u00e9n es posible conectar con la biodiversidad desde una perspectiva menos tradicional, desde su escala m\u00e1s peque\u00f1a, las mol\u00e9culas que integran los sistemas vivos.<\/p>\n\n\n\n<p>Como si se tuviese una c\u00e1mara de alt\u00edsima resoluci\u00f3n que revela los detalles m\u00e1s peque\u00f1os de cualquier cosa que conocemos, en javeriana Cali se trabaja desde las ciencias \u00f3micas para buscar estrategias que permitan por ejemplo cuidar la agricultura, limpiar el agua, hacerle frente al cambio clim\u00e1tico y comenzar a recuperar el medio ambiente. Uno de los laboratorios que podr\u00e1 visitar en las jornadas de Open House es justamente el instituto de iOmicas y de paso reconocer mientras camina la biodiversidad del EcoCampus.<\/p>\n\n\n\n<h4 class=\"wp-block-heading\">Conectando con la sociedad<\/h4>\n\n\n\n<p>Durante los 12 d\u00edas de la conferencia de las partes, <a href=\"https:\/\/view.genially.com\/669a8d7488de01951cd6b32f\/interactive-content-calendario-cop16\" data-type=\"link\" data-id=\"https:\/\/view.genially.com\/669a8d7488de01951cd6b32f\/interactive-content-calendario-cop16\" target=\"_blank\" rel=\"noopener\">Javeriana Cali tendr\u00e1 una programaci\u00f3n<\/a> abierta al p\u00fablico que se une a las actividades de la Zona verde, un espacio de la COP16 dedicado a la participaci\u00f3n p\u00fablica y que estar\u00e1 sucediendo en toda la ciudad. Estas actividades incluyen recorridos guiados por el campos, talleres, charlas, paneles y espacios de intercambio cultural de gran valor. <\/p>\n\n\n\n<p>Con esto, la Universidad Javeriana reafirma su compromiso de ser un actor clave en la conversaci\u00f3n sobre biodiversidad para aportar a la construcci\u00f3n de un proyecto amplio de pa\u00eds desde la ciencia, la educaci\u00f3n y la cultura.<\/p>\n","protected":false},"excerpt":{"rendered":"<p>La COP16, el evento que re\u00fane a representantes y diplom\u00e1ticos de diversos pa\u00edses para abordar cuestiones cr\u00edticas relacionadas con la biodiversidad y la conservaci\u00f3n del medio ambiente. En esta reuni\u00f3n, se discuten pol\u00edticas y estrategias para proteger los ecosistemas y especies en peligro, as\u00ed como el uso sostenible de los recursos naturales.<\/p>\n","protected":false},"author":124,"featured_media":39764,"comment_status":"open","ping_status":"open","sticky":false,"template":"","format":"standard","meta":{"footnotes":""},"categories":[376,1157,3688],"tags":[62,460,371,4619,97,499,307],"class_list":{"0":"post-39761","1":"post","2":"type-post","3":"status-publish","4":"format-standard","5":"has-post-thumbnail","7":"category-ambiente","8":"category-destacadas","9":"category-en-colombia","10":"tag-biodiversidad","11":"tag-ciencia","12":"tag-colombia","13":"tag-cop16","14":"tag-investigacion","15":"tag-javeriana","16":"tag-medio-ambiente"},"_links":{"self":[{"href":"http:\/\/www.javeriana.edu.co\/pesquisa\/wp-json\/wp\/v2\/posts\/39761","targetHints":{"allow":["GET"]}}],"collection":[{"href":"http:\/\/www.javeriana.edu.co\/pesquisa\/wp-json\/wp\/v2\/posts"}],"about":[{"href":"http:\/\/www.javeriana.edu.co\/pesquisa\/wp-json\/wp\/v2\/types\/post"}],"author":[{"embeddable":true,"href":"http:\/\/www.javeriana.edu.co\/pesquisa\/wp-json\/wp\/v2\/users\/124"}],"replies":[{"embeddable":true,"href":"http:\/\/www.javeriana.edu.co\/pesquisa\/wp-json\/wp\/v2\/comments?post=39761"}],"version-history":[{"count":4,"href":"http:\/\/www.javeriana.edu.co\/pesquisa\/wp-json\/wp\/v2\/posts\/39761\/revisions"}],"predecessor-version":[{"id":39771,"href":"http:\/\/www.javeriana.edu.co\/pesquisa\/wp-json\/wp\/v2\/posts\/39761\/revisions\/39771"}],"wp:featuredmedia":[{"embeddable":true,"href":"http:\/\/www.javeriana.edu.co\/pesquisa\/wp-json\/wp\/v2\/media\/39764"}],"wp:attachment":[{"href":"http:\/\/www.javeriana.edu.co\/pesquisa\/wp-json\/wp\/v2\/media?parent=39761"}],"wp:term":[{"taxonomy":"category","embeddable":true,"href":"http:\/\/www.javeriana.edu.co\/pesquisa\/wp-json\/wp\/v2\/categories?post=39761"},{"taxonomy":"post_tag","embeddable":true,"href":"http:\/\/www.javeriana.edu.co\/pesquisa\/wp-json\/wp\/v2\/tags?post=39761"}],"curies":[{"name":"wp","href":"https:\/\/api.w.org\/{rel}","templated":true}]}}