{"id":39778,"date":"2024-10-25T14:49:09","date_gmt":"2024-10-25T19:49:09","guid":{"rendered":"http:\/\/www.javeriana.edu.co\/pesquisa\/?p=39778"},"modified":"2025-03-05T20:57:18","modified_gmt":"2025-03-06T01:57:18","slug":"parques-como-vamos-conservacion","status":"publish","type":"post","link":"http:\/\/www.javeriana.edu.co\/pesquisa\/parques-como-vamos-conservacion\/","title":{"rendered":"Parques C\u00f3mo Vamos: radiograf\u00eda de la conservaci\u00f3n en Colombia"},"content":{"rendered":"\n<p>Chiribiquete, Utr\u00eda, Chingaza, Farallones de Cali \u00bfLe suenan estos nombres? Todos son Parques Nacionales Naturales (PNN). Incluy\u00e9ndolos, Colombia tiene 61 PNN que suman m\u00e1s de ventitr\u00e9s millones de hect\u00e1reas, un 11.22% del territorio nacional. <\/p>\n\n\n\n<p>En papel estas cifras lucen preciosas, pero la conservaci\u00f3n de la biodiversidad no solo se trata de declarar \u00e1reas protegidas, sino de manejarlas, monitorearlas y analizar su contexto. Por ello desde el 2018 se cre\u00f3 la iniciativa <a href=\"https:\/\/parquescomovamos.com\/\" data-type=\"link\" data-id=\"https:\/\/parquescomovamos.com\/\" target=\"_blank\" rel=\"noopener\">Parques C\u00f3mo Vamos<\/a>, que anualmente emite informes acerca del estado de los PNN, sus logros y desaf\u00edos.<\/p>\n\n\n\n<p>El informe de este a\u00f1o, lanzado el 25 de octubre durante la <a href=\"https:\/\/www.javeriana.edu.co\/pesquisa\/cop16-divulgacion-cientifica\/\" data-type=\"link\" data-id=\"https:\/\/www.javeriana.edu.co\/pesquisa\/cop16-divulgacion-cientifica\/\">COP16<\/a>, presenta varios giros con respecto a los a\u00f1os anteriores. El Programa de Naciones Unidas (PNUT) y El Externado hicieron su primera aparici\u00f3n en el informe, para hablar de finanzas y ecoturismo, correspondientemente. <\/p>\n\n\n\n<p>Por su parte, el IDEAM brind\u00f3 datos oficiales de deforestaci\u00f3n, mientras el INVEMAR hizo debutar a los 17 PNN marinos en el informe. La inclusi\u00f3n de un an\u00e1lisis de la presencia de especies ex\u00f3ticas e invasoras en estas zonas tambi\u00e9n fue una novedad.<\/p>\n\n\n\n<p>El enfoque de este a\u00f1o tambi\u00e9n fue distinto, pues no se limit\u00f3 a analizar las \u00e1reas protegidas, \u201cla idea es entender lo que pasa en los parques a ra\u00edz del contexto\u201d explica Danie Castillo, decano de la Facultad de Estudios Ambientales y Rurales de la Javeriana y miembro del comit\u00e9 directivo de Parques C\u00f3mo Vamos. <\/p>\n\n\n\n<p>Omar Franco, director de la iniciativa, destaca que por primera vez este informe sobrepasa el c\u00f3mo vamos y las evaluaciones, para trazar caminos hacia las metas del nuevo Marco Global para la Diversidad Biol\u00f3gica de Kunming-Montreal, \u201cda lugar a que este sea un informe propositivo\u201d.<\/p>\n\n\n\n<h4 class=\"wp-block-heading\">Las venas abiertas de la biodiversidad<\/h4>\n\n\n\n<p>Imagine que, poco a poco, una fuerza extra\u00f1a va demoliendo la casa de su familia, habitaci\u00f3n por habitaci\u00f3n hasta que todos quedan resignados a un rinc\u00f3n que, con el tiempo, ser\u00e1 demolido tambi\u00e9n. Esa es la situaci\u00f3n de las especies colombianas que habitan en zonas con <a href=\"https:\/\/www.javeriana.edu.co\/pesquisa\/efecto-borde-incendios\/\" data-type=\"link\" data-id=\"https:\/\/www.javeriana.edu.co\/pesquisa\/efecto-borde-incendios\/\">alta deforestaci\u00f3n<\/a> y cambio en el uso del suelo, no es de extra\u00f1ar que la p\u00e9rdida de h\u00e1bitat sea de las mayores causas de extinci\u00f3n de especies a nivel mundial.<\/p>\n\n\n\n<p>Se supone que los PNN y otras \u00e1reas protegidas son lugares donde el h\u00e1bitat de las especies deber\u00eda ser m\u00ednimamente modificado, o no modificado en lo absoluto. La situaci\u00f3n est\u00e1 muy lejos de ser as\u00ed. Entre el 2013 y el 2023 se han deforestado 125.745 hect\u00e1reas dentro de los parques nacionales, es decir, un \u00e1rea equivalente a alrededor de 176 canchas de f\u00fatbol. En el pa\u00eds, el \u00e1rea de deforestaci\u00f3n total en este lapso fue de 1.679.240 hect\u00e1reas, unas 2,352 canchas de f\u00fatbol.<\/p>\n\n\n\n<p>Tal magnitud de deforestaci\u00f3n se traduce en \u00e1reas protegidas desconectadas entre s\u00ed, impidiendo el adecuado flujo biol\u00f3gico entre las diferentes regiones del pa\u00eds. La regi\u00f3n m\u00e1s cr\u00edtica es la Amazon\u00eda, donde se encuentra el Arco de Deforestaci\u00f3n Amaz\u00f3nico, que se extiende entre los PNN Chiribiquete, Tinigua (el m\u00e1s afectado por la deforestaci\u00f3n), Nukak, Serran\u00eda de los Pichachos, La Paya y Sierra de la Macarena.<\/p>\n\n\n<div class=\"wp-block-image\">\n<figure class=\"aligncenter size-full\"><img fetchpriority=\"high\" decoding=\"async\" width=\"334\" height=\"477\" src=\"http:\/\/www.javeriana.edu.co\/pesquisa\/wp-content\/uploads\/2024\/10\/nucleos-de-deforestacion-nacional.png\" alt=\"\" class=\"wp-image-39786\" srcset=\"http:\/\/www.javeriana.edu.co\/pesquisa\/wp-content\/uploads\/2024\/10\/nucleos-de-deforestacion-nacional.png 334w, http:\/\/www.javeriana.edu.co\/pesquisa\/wp-content\/uploads\/2024\/10\/nucleos-de-deforestacion-nacional-210x300.png 210w, http:\/\/www.javeriana.edu.co\/pesquisa\/wp-content\/uploads\/2024\/10\/nucleos-de-deforestacion-nacional-150x214.png 150w\" sizes=\"(max-width: 334px) 100vw, 334px\" \/><figcaption class=\"wp-element-caption\">N\u00facleos de deforestaci\u00f3n nacional en el a\u00f1o 2023. El arco de deforestaci\u00f3n amaz\u00f3nica corresponde a la sucesi\u00f3n de puntos de color c\u00e1lido entre el Meta, Guaviare, Caquet\u00e1 y Putumayo. Mapa: FCDS con base en IDEAM (2024).<\/figcaption><\/figure><\/div>\n\n\n<p>Este arco ha cercenado poco a poco la conexi\u00f3n entre la regi\u00f3n andina y amaz\u00f3nica, de la que dependen, entre otras cosas, los <a href=\"https:\/\/www.javeriana.edu.co\/pesquisa\/sequia-inundacion-nina-nino\/\" data-type=\"link\" data-id=\"https:\/\/www.javeriana.edu.co\/pesquisa\/sequia-inundacion-nina-nino\/\">recursos h\u00eddricos<\/a> del interior del pa\u00eds. \u201cS\u00f3lo el 54% de las \u00e1reas est\u00e1 conectada entre s\u00ed, es decir, estamos rompiendo los ecosistemas colindantes, entre las \u00e1reas de parques y las \u00e1reas de amortiguaci\u00f3n\u201d, destaca Franco y propone un m\u00ednimo de restauraci\u00f3n ecol\u00f3gica del 25% para mantener la conectividad y los procesos ecol\u00f3gicos.<\/p>\n\n\n\n<h4 class=\"wp-block-heading\">Demoler la casa com\u00fan<\/h4>\n\n\n\n<p>La deforestaci\u00f3n est\u00e1 asociada a un gran c\u00famulo de complejidades socio ecol\u00f3gicas y estatales. En primer lugar, el sistema de PNN se enfrenta a un constante debilitamiento de la institucionalidad. El conflicto interno colombiano ha sumido gran parte de las \u00e1reas protegidas bajo la influencia de grupos armados ilegales, que han ejercido violencia sobre las comunidades locales y los funcionarios de PNN durante d\u00e9cadas.<\/p>\n\n\n\n<p>\u201cA esto se suma la relaci\u00f3n Estado- comunidades, que se ha visto marcada por el desarrollo, en un contexto de conflicto armado y escasa inversi\u00f3n p\u00fablica, lo que ha incrementado una desconfianza mutua hist\u00f3rica\u201d explican Rodrigo Botero Garc\u00eda y Luz Alejandra G\u00f3mez, de la Fundaci\u00f3n para la Conservaci\u00f3n y el Desarrollo Sostenible (FCDS), en el informe.<\/p>\n\n\n\n<p>La escasa gobernabilidad est\u00e1 asociada a los dem\u00e1s problemas que aquejan a estas \u00e1reas, como el aumento de la ganader\u00eda, relacionada al acaparamiento de tierras y a la praderizaci\u00f3n de bosques. Pese a no ser una actividad ilegal, est\u00e1 prohibida dentro de los PNN, no obstante, es com\u00fan encontrar en las neveras carne que proviene de estas \u00e1reas \u00bfQu\u00e9 estamos haciendo mal? Resulta que en Colombia no hay un sistema de trazabilidad de la carne de res que permita limitar la comercializaci\u00f3n de productos pecuarios originarios de esos lugares.<\/p>\n\n\n\n<p>Botero y G\u00f3mez explican que a la ganader\u00eda se le suman econom\u00edas ilegales. \u201cEl narcotr\u00e1fico, con el <a href=\"https:\/\/www.javeriana.edu.co\/pesquisa\/parques-nacionales-naturales-colombia-coca-deforestacion\/\" data-type=\"link\" data-id=\"https:\/\/www.javeriana.edu.co\/pesquisa\/parques-nacionales-naturales-colombia-coca-deforestacion\/\">cultivo de coca<\/a> y laboratorios clandestinos de producci\u00f3n de coca\u00edna, contribuye a la deforestaci\u00f3n y la violencia en la regi\u00f3n. La miner\u00eda ilegal, especialmente la extracci\u00f3n de oro, degradaci\u00f3n, contaminaci\u00f3n del agua con mercurio y desplazamiento de comunidades ind\u00edgenas. Adem\u00e1s, la tala selectiva e ilegal de \u00e1rboles para la venta de madera contribuye a la p\u00e9rdida de biodiversidad\u201d.<\/p>\n\n\n\n<figure class=\"wp-block-image size-large\"><img decoding=\"async\" width=\"1024\" height=\"576\" src=\"http:\/\/www.javeriana.edu.co\/pesquisa\/wp-content\/uploads\/2024\/10\/conservacion-biodiversidad-colombia-1024x576.jpg\" alt=\"\" class=\"wp-image-39808\" srcset=\"http:\/\/www.javeriana.edu.co\/pesquisa\/wp-content\/uploads\/2024\/10\/conservacion-biodiversidad-colombia-1024x576.jpg 1024w, http:\/\/www.javeriana.edu.co\/pesquisa\/wp-content\/uploads\/2024\/10\/conservacion-biodiversidad-colombia-300x169.jpg 300w, http:\/\/www.javeriana.edu.co\/pesquisa\/wp-content\/uploads\/2024\/10\/conservacion-biodiversidad-colombia-150x84.jpg 150w, http:\/\/www.javeriana.edu.co\/pesquisa\/wp-content\/uploads\/2024\/10\/conservacion-biodiversidad-colombia-450x253.jpg 450w, http:\/\/www.javeriana.edu.co\/pesquisa\/wp-content\/uploads\/2024\/10\/conservacion-biodiversidad-colombia-1200x675.jpg 1200w, http:\/\/www.javeriana.edu.co\/pesquisa\/wp-content\/uploads\/2024\/10\/conservacion-biodiversidad-colombia-768x432.jpg 768w, http:\/\/www.javeriana.edu.co\/pesquisa\/wp-content\/uploads\/2024\/10\/conservacion-biodiversidad-colombia.jpg 1536w\" sizes=\"(max-width: 1024px) 100vw, 1024px\" \/><figcaption class=\"wp-element-caption\">Fragmento de la carretera Marginal de la Selva en Colombia. A trav\u00e9s de las v\u00edas fluyen los recursos biol\u00f3gicos desde los ecosistemas hacia el resto del pa\u00eds, y a su alrededor se dan patrones de deforestaci\u00f3n intensiva. Foto: FCDS<\/figcaption><\/figure>\n\n\n\n<p>Todas estas actividades necesitan de infraestructura vial para sacar sus productos de la selva y comercializarlos. Entre el 2018 y el 2023 se abrieron 827 kil\u00f3metros de v\u00edas ilegales dentro de los PNN en el Arco de Deforestaci\u00f3n Amaz\u00f3nico, una distancia apenas menor al recorrido entre Bogot\u00e1 y la frontera con Ecuador. A esto se suman estrategias estatales que han promovido la construcci\u00f3n de v\u00edas legales en \u00e1reas de inter\u00e9s ambiental, as\u00ed como la intensificaci\u00f3n de actividades productivas.<\/p>\n\n\n\n<p>La construcci\u00f3n de v\u00edas promueve intensos patrones de deforestaci\u00f3n y expansi\u00f3n agropecuaria a su alrededor, pues facilitan el acceso humano a \u00e1reas que antes no eran f\u00e1cilmente alcanzables. No obstante, esto no es del todo negativo, la poblaci\u00f3n dispersa en \u00e1reas ecol\u00f3gicamente sensibles necesita sistemas de transporte econ\u00f3micamente viables y conexi\u00f3n con los grandes centros poblados m\u00e1s all\u00e1 del transporte fluvial y a\u00e9reo. Esta situaci\u00f3n hace evidente que para lidiar con problem\u00e1ticas ecol\u00f3gicas se deben hilar con las problem\u00e1ticas sociales.<\/p>\n\n\n\n<p>La biodiversidad colombiana se enfrenta tambi\u00e9n a una amenaza m\u00e1s que humana. Se trata de las especies ex\u00f3ticas e invasoras \u00bfQu\u00e9 son? Todas las especies invasoras son ex\u00f3ticas, pero no todas las especies ex\u00f3ticas son invasoras.<\/p>\n\n\n\n<p>Una especie es ex\u00f3tica cuando ha sido introducida por el ser humano fuera de su distribuci\u00f3n natural, es decir, donde evolucion\u00f3. La introducci\u00f3n puede ser voluntaria, como la de la hormiga loca, que fue tra\u00edda desde Brasil en los 80 para controlar plagas de cultivos; o involuntaria, como de las ratas, que viajaron desde Europa a bordo de barcos y ahora son las reinas de la ciudad. <\/p>\n\n\n\n<p>Las especies introducidas se vuelven invasoras cuando, por su capacidad de competencia, logran desplazar a las especies nativas. Por esto las invasiones biol\u00f3gicas se consideran la segunda mayor causa de p\u00e9rdida de biodiversidad en el planeta.<\/p>\n\n\n\n<figure class=\"wp-block-image size-large\"><img decoding=\"async\" width=\"1024\" height=\"576\" src=\"http:\/\/www.javeriana.edu.co\/pesquisa\/wp-content\/uploads\/2024\/10\/El-pez-leon-es-una-especie-invasora-1024x576.jpg\" alt=\"\" class=\"wp-image-39797\" srcset=\"http:\/\/www.javeriana.edu.co\/pesquisa\/wp-content\/uploads\/2024\/10\/El-pez-leon-es-una-especie-invasora-1024x576.jpg 1024w, http:\/\/www.javeriana.edu.co\/pesquisa\/wp-content\/uploads\/2024\/10\/El-pez-leon-es-una-especie-invasora-300x169.jpg 300w, http:\/\/www.javeriana.edu.co\/pesquisa\/wp-content\/uploads\/2024\/10\/El-pez-leon-es-una-especie-invasora-150x84.jpg 150w, http:\/\/www.javeriana.edu.co\/pesquisa\/wp-content\/uploads\/2024\/10\/El-pez-leon-es-una-especie-invasora-450x253.jpg 450w, http:\/\/www.javeriana.edu.co\/pesquisa\/wp-content\/uploads\/2024\/10\/El-pez-leon-es-una-especie-invasora-1200x675.jpg 1200w, http:\/\/www.javeriana.edu.co\/pesquisa\/wp-content\/uploads\/2024\/10\/El-pez-leon-es-una-especie-invasora-768x432.jpg 768w, http:\/\/www.javeriana.edu.co\/pesquisa\/wp-content\/uploads\/2024\/10\/El-pez-leon-es-una-especie-invasora.jpg 1536w\" sizes=\"(max-width: 1024px) 100vw, 1024px\" \/><figcaption class=\"wp-element-caption\">El pez le\u00f3n es una especie invasora que aqueja a todos los arrecifes de coral del pa\u00eds. Foto: Pexels<\/figcaption><\/figure>\n\n\n\n<p>Aunque resulte sorprendente, en absolutamente todos los PNN habitan especies ex\u00f3ticas e invasoras. En total se reportan 342 especies ex\u00f3ticas en estas zonas, de las cuales nueve son invasoras e incluyen a cinco animales y cuatro plantas. <\/p>\n\n\n\n<p>La situaci\u00f3n es cr\u00edtica en las \u00e1reas protegidas marinas, que se han visto extremadamente afectadas por la introducci\u00f3n del pez le\u00f3n y la estrella corona de espinas, una voraz devoradora de corales. Los p\u00e1ramos tambi\u00e9n se han visto especialmente afectados por la introducci\u00f3n del retamo, una planta que se dispersa con el fuego y ha reemplazado la vegetaci\u00f3n nativa de forma extensa.<\/p>\n\n\n\n<h4 class=\"wp-block-heading\">La ruta de acci\u00f3n<\/h4>\n\n\n\n<p>El planteamiento de propuestas con respecto al manejo de los PNN y sus complejidades contextuales es la novedad m\u00e1s brillante del informe de este a\u00f1o. Se le dedic\u00f3 un cap\u00edtulo entero en el que expertos calibraron la br\u00fajula que deber\u00eda guiar las acciones del estado colombiano en los pr\u00f3ximos a\u00f1os, pues, como asegura Franco, alcanzar las metas depende solo de Parques Nacionales, sino del todo el estado.<\/p>\n\n\n\n<p>Estas son algunas de las propuestas clave:<\/p>\n\n\n\n<ul class=\"wp-block-list\">\n<li>\u00b7 Fortalecer de modelos productivos sostenibles que integren la biodiversidad como elemento fundamental para la productividad agr\u00edcola.<\/li>\n\n\n\n<li>\u00b7 Reformar los incentivos perversos que impulsan la deforestaci\u00f3n para avanzar hacia un modelo m\u00e1s sostenible.<\/li>\n\n\n\n<li>\u00b7 Adoptar de medidas de adaptaci\u00f3n frente al cambio clim\u00e1tico por parte de los sistemas productivos y basadas en el conocimiento local.<\/li>\n\n\n\n<li>\u00b7 Promover la planificaci\u00f3n territorial participativa, reconsiderando el modelo de gobernanza territorial bajo un esquema que reconozca las capacidades de las comunidades en la gesti\u00f3n de sus territorios.<\/li>\n\n\n\n<li>\u00b7 Impulsar las bioeconom\u00edas locales que incentiven la autonom\u00eda alimentaria y econ\u00f3mica de las comunidades.<\/li>\n\n\n\n<li>\u00b7 La gesti\u00f3n de los PNN debe vincular una justicia ambiental amplia, integradora, interseccional y restaurativa que permita hacer de estas zonas una estrategia de paz<\/li>\n\n\n\n<li>\u00b7 Incentivar el ecoturismo comunitario como una estrategia de conservaci\u00f3n de los PNN.<\/li>\n\n\n\n<li>\u00b7 Implementar los Lineamientos de Infraestructura Verde Vial, que permitan el desarrollo de las comunidades mientras se mitigan y evitan los impactos de la construcci\u00f3n de v\u00edas.<\/li>\n<\/ul>\n\n\n\n<figure class=\"wp-block-image size-large\"><img loading=\"lazy\" decoding=\"async\" width=\"1024\" height=\"576\" src=\"http:\/\/www.javeriana.edu.co\/pesquisa\/wp-content\/uploads\/2024\/10\/cacao-1024x576.jpg\" alt=\"\" class=\"wp-image-39798\" srcset=\"http:\/\/www.javeriana.edu.co\/pesquisa\/wp-content\/uploads\/2024\/10\/cacao-1024x576.jpg 1024w, http:\/\/www.javeriana.edu.co\/pesquisa\/wp-content\/uploads\/2024\/10\/cacao-300x169.jpg 300w, http:\/\/www.javeriana.edu.co\/pesquisa\/wp-content\/uploads\/2024\/10\/cacao-1536x864.jpg 1536w, http:\/\/www.javeriana.edu.co\/pesquisa\/wp-content\/uploads\/2024\/10\/cacao-150x84.jpg 150w, http:\/\/www.javeriana.edu.co\/pesquisa\/wp-content\/uploads\/2024\/10\/cacao-450x253.jpg 450w, http:\/\/www.javeriana.edu.co\/pesquisa\/wp-content\/uploads\/2024\/10\/cacao-1200x675.jpg 1200w, http:\/\/www.javeriana.edu.co\/pesquisa\/wp-content\/uploads\/2024\/10\/cacao-768x432.jpg 768w, http:\/\/www.javeriana.edu.co\/pesquisa\/wp-content\/uploads\/2024\/10\/cacao.jpg 1920w\" sizes=\"(max-width: 1024px) 100vw, 1024px\" \/><\/figure>\n\n\n\n<h4 class=\"wp-block-heading\">El Ni\u00e1gara en bicicleta<\/h4>\n\n\n\n<p>La implementaci\u00f3n de todas estas propuestas se enfrenta a retos enormes. El primero es la financiaci\u00f3n, \u201ca Parques Nacionales le hace falta una buena dosis de recursos\u201d, apunta Franco.<\/p>\n\n\n\n<p>La situaci\u00f3n es la siguiente: Actualmente Parques Nacionales opera con un presupuesto de 1.15 d\u00f3lares por hect\u00e1rea. Seg\u00fan el an\u00e1lisis financiero hecho por el PNUD y la Iniciativa de Finanzas para la Biodiversidad BIOFIN Colombia, se necesita un m\u00ednimo de cinco d\u00f3lares por hect\u00e1rea para un funcionamiento aceptable del sistema, pues si se quiere apuntar a la excelencia, se requiere una inversi\u00f3n de ocho d\u00f3lares por hect\u00e1rea.<\/p>\n\n\n\n<p>Es cierto que el presupuesto de Parques Nacionales ha aumentado cerca de un 10% en los \u00faltimos a\u00f1os, \u201cpero cuando uno revisa la responsabilidad y asocia de qu\u00e9 forma se distribuye cada uno de estos recursos, entendemos que ese 10% adicional est\u00e1 sirviendo para seguir operando la m\u00e1quina, para seguir construyendo el mismo proceso\u201d recalca Franco. Parques Nacionales se ve en un escenario donde procura responsabilidades que no tiene la capacidad de cumplir, pues su presupuesto no es competente.<\/p>\n\n\n\n<p>Hacerle frente a todos los desaf\u00edos del manejo de \u00e1reas protegidas en Colombia desde su complejidad no solo requiere de un presupuesto de cinco a nueve veces m\u00e1s grande, sino de un cambio estructural que permita multiplicar las funciones y capacidades, no solo de Parques Nacionales, sino de todo el Sistema Nacional Ambiental (SINA).<\/p>\n\n\n\n<figure class=\"wp-block-image size-large\"><img loading=\"lazy\" decoding=\"async\" width=\"1024\" height=\"576\" src=\"http:\/\/www.javeriana.edu.co\/pesquisa\/wp-content\/uploads\/2024\/10\/parques-como-vamos-pajaros-1024x576.jpg\" alt=\"Parques C\u00f3mo Vamos conservaci\u00f3n de la biodiversidad\" class=\"wp-image-39799\" srcset=\"http:\/\/www.javeriana.edu.co\/pesquisa\/wp-content\/uploads\/2024\/10\/parques-como-vamos-pajaros-1024x576.jpg 1024w, http:\/\/www.javeriana.edu.co\/pesquisa\/wp-content\/uploads\/2024\/10\/parques-como-vamos-pajaros-300x169.jpg 300w, http:\/\/www.javeriana.edu.co\/pesquisa\/wp-content\/uploads\/2024\/10\/parques-como-vamos-pajaros-150x84.jpg 150w, http:\/\/www.javeriana.edu.co\/pesquisa\/wp-content\/uploads\/2024\/10\/parques-como-vamos-pajaros-450x253.jpg 450w, http:\/\/www.javeriana.edu.co\/pesquisa\/wp-content\/uploads\/2024\/10\/parques-como-vamos-pajaros-1200x675.jpg 1200w, http:\/\/www.javeriana.edu.co\/pesquisa\/wp-content\/uploads\/2024\/10\/parques-como-vamos-pajaros-768x432.jpg 768w, http:\/\/www.javeriana.edu.co\/pesquisa\/wp-content\/uploads\/2024\/10\/parques-como-vamos-pajaros.jpg 1536w\" sizes=\"(max-width: 1024px) 100vw, 1024px\" \/><\/figure>\n\n\n\n<p>Tambi\u00e9n es necesario que los ministerios nacionales tengan la oportunidad de navegar bajo la br\u00fajula de la conservaci\u00f3n, pues la incomunicaci\u00f3n entre estos \u00f3rganos estatales ha resultado en contradicciones, como la b\u00fasqueda de la conservaci\u00f3n de la biodiversidad mientras se dan subsidios perversos.<\/p>\n\n\n\n<p>Por \u00faltimo, hay que recordar que el estado somos todos, y, por lo tanto, todo colombiano debe tener un m\u00ednimo de conocimiento acerca de la mina de oro biodiverso en la que habita, no solo porque el conocimiento gu\u00eda a la conservaci\u00f3n, sino porque hace tangibles las formas en la que, como colombianos, podemos acceder y disfrutar de esta biodiversidad.<\/p>\n","protected":false},"excerpt":{"rendered":"<p>Chiribiquete, Utr\u00eda, Chingaza, Farallones de Cali \u00bfLe suenan estos nombres? Todos son Parques Nacionales Naturales (PNN). Incluy\u00e9ndolos, Colombia tiene 61 PNN que suman m\u00e1s de ventitr\u00e9s millones de hect\u00e1reas, un 11.22% del territorio nacional. En papel estas cifras lucen preciosas, pero la conservaci\u00f3n de la biodiversidad no solo se trata de declarar \u00e1reas protegidas, sino<\/p>\n","protected":false},"author":139,"featured_media":39794,"comment_status":"open","ping_status":"open","sticky":false,"template":"","format":"standard","meta":{"footnotes":""},"categories":[376,1157,3688],"tags":[443,62,371,445,1695,499,2415],"class_list":{"0":"post-39778","1":"post","2":"type-post","3":"status-publish","4":"format-standard","5":"has-post-thumbnail","7":"category-ambiente","8":"category-destacadas","9":"category-en-colombia","10":"tag-areas-protegidas","11":"tag-biodiversidad","12":"tag-colombia","13":"tag-conservacion","14":"tag-deforestacion","15":"tag-javeriana","16":"tag-parques-nacionales"},"_links":{"self":[{"href":"http:\/\/www.javeriana.edu.co\/pesquisa\/wp-json\/wp\/v2\/posts\/39778","targetHints":{"allow":["GET"]}}],"collection":[{"href":"http:\/\/www.javeriana.edu.co\/pesquisa\/wp-json\/wp\/v2\/posts"}],"about":[{"href":"http:\/\/www.javeriana.edu.co\/pesquisa\/wp-json\/wp\/v2\/types\/post"}],"author":[{"embeddable":true,"href":"http:\/\/www.javeriana.edu.co\/pesquisa\/wp-json\/wp\/v2\/users\/139"}],"replies":[{"embeddable":true,"href":"http:\/\/www.javeriana.edu.co\/pesquisa\/wp-json\/wp\/v2\/comments?post=39778"}],"version-history":[{"count":14,"href":"http:\/\/www.javeriana.edu.co\/pesquisa\/wp-json\/wp\/v2\/posts\/39778\/revisions"}],"predecessor-version":[{"id":42140,"href":"http:\/\/www.javeriana.edu.co\/pesquisa\/wp-json\/wp\/v2\/posts\/39778\/revisions\/42140"}],"wp:featuredmedia":[{"embeddable":true,"href":"http:\/\/www.javeriana.edu.co\/pesquisa\/wp-json\/wp\/v2\/media\/39794"}],"wp:attachment":[{"href":"http:\/\/www.javeriana.edu.co\/pesquisa\/wp-json\/wp\/v2\/media?parent=39778"}],"wp:term":[{"taxonomy":"category","embeddable":true,"href":"http:\/\/www.javeriana.edu.co\/pesquisa\/wp-json\/wp\/v2\/categories?post=39778"},{"taxonomy":"post_tag","embeddable":true,"href":"http:\/\/www.javeriana.edu.co\/pesquisa\/wp-json\/wp\/v2\/tags?post=39778"}],"curies":[{"name":"wp","href":"https:\/\/api.w.org\/{rel}","templated":true}]}}