{"id":39845,"date":"2024-12-24T05:07:00","date_gmt":"2024-12-24T10:07:00","guid":{"rendered":"http:\/\/www.javeriana.edu.co\/pesquisa\/?p=39845"},"modified":"2024-12-23T18:36:50","modified_gmt":"2024-12-23T23:36:50","slug":"100-anos-la-voragine-salvajes","status":"publish","type":"post","link":"http:\/\/www.javeriana.edu.co\/pesquisa\/100-anos-la-voragine-salvajes\/","title":{"rendered":"100 a\u00f1os de La Vor\u00e1gine \u00bfY si volvemos a ser salvajes?"},"content":{"rendered":"\n<p class=\"has-text-align-right\">\u201cHace cinco meses b\u00fascalos en vano Clemente Silva.<br>Ni rastro de ellos.<br>\u00a1Los devor\u00f3 la selva!\u201d.<\/p>\n\n\n\n<p>Este es el dram\u00e1tico ep\u00edlogo de La vor\u00e1gine \u2015la centenaria novela de Jos\u00e9 Eustasio Rivera, conmemorada a nivel nacional este 2024\u2015, el cual deja a la posteridad una pregunta fundamental: \u00bfpor qu\u00e9 la selva devor\u00f3 a Arturo Cova y a Alicia? Pregunta que, a la luz de los fen\u00f3menos contempor\u00e1neos de desequilibrio ecol\u00f3gico y extractivismo planetario, podr\u00eda reformularse as\u00ed: \u00bfnos devorar\u00e1 la selva si seguimos explot\u00e1ndola?<\/p>\n\n\n\n<p>Para Elo\u00edsa Jaramillo, directora del Departamento de Artes Esc\u00e9nicas de la Pontificia Universidad Javeriana, ser\u00eda bueno, justo o, por lo menos, interesante que la selva nos devorara. Pero no para extinguirnos, sino en funci\u00f3n de volvernos los humanos un poco m\u00e1s salvajes, y poder vivir en mayor armon\u00eda con la naturaleza.<\/p>\n\n\n\n<p>\u201cTenemos una confianza excesiva en el intelecto, el cual nos hace creer que podemos controlar la naturaleza. Pero la realidad es que no podemos comprenderla del todo, mucho menos dominarla. Debemos plantearnos otro tipo de relaci\u00f3n con ella\u201d, dice esta creadora e investigadora. Su propuesta es, precisamente, recuperar el sentido instintivo que alguna vez compartimos con el entorno natural. \u00bfQu\u00e9 quiere decir esto? En palabras de Jaramillo, se trata de \u201cla b\u00fasqueda de un pensamiento, una escritura y unas formas de actuar menos domesticadas\u201d.<\/p>\n\n\n\n<p>En el marco de su proyecto de investigaci\u00f3n+creaci\u00f3n \u201cTeatro en vivo \/ Teatro virtual\u201d, el cual explora las interrelaciones entre la presencia en vivo \u2015propia de las artes esc\u00e9nicas\u2015 y las experiencias virtuales y mediatizadas \u2015exacerbadas por cuenta del confinamiento vivido durante la pandemia de la COVID-19\u2015, la profesora Jaramillo, junto a un nutrido grupo de estudiantes, colaboradores e investigadores, ha venido desarrollando en 2024 una exploraci\u00f3n hipermedi\u00e1tica, multiformato e interdisciplinar de La vor\u00e1gine.<\/p>\n\n\n\n<p>Entre otros elementos, las formas salvajes, tan presentes en la novela, est\u00e1n en la mira de este trabajo art\u00edstico e investigativo.<\/p>\n\n\n\n<h4 class=\"wp-block-heading\">Desmontar un proceso de investigaci\u00f3n+creaci\u00f3n sobre La vor\u00e1gine<\/h4>\n\n\n\n<p>Como parte de los productos de este amplio trabajo creativo, Jaramillo y sus colaboradores presentaron en el <a href=\"https:\/\/www.javeriana.edu.co\/arteycreatividad\">VI Encuentro Javeriano de Arte y Creatividad<\/a> la conferencia performativa \u2018Los devor\u00f3 la selva: desmontaje de un proceso de investigaci\u00f3n+creaci\u00f3n\u2019, en la que reunieron expresiones en diferentes lenguajes y formatos alrededor del libro de Jos\u00e9 Eustasio Rivera.<\/p>\n\n\n\n<p>El montaje comienza a la manera de una conferencia magistral tradicional, con Elo\u00edsa contando su pasional relaci\u00f3n con el texto y algunos detalles de la primera edici\u00f3n, publicada en 1924. En esta, Rivera introdujo algunas fotograf\u00edas. Entre otras, hay una en la que aparece \u00e9l mismo sentado en una hamaca, en lo que parece ser una maloca.<\/p>\n\n\n\n<p>Mientras se ve la mencionada foto proyectada al fondo de la sala, la maestra Jaramillo advierte que se trata de un fotomontaje en que el autor coloc\u00f3 una imagen de s\u00ed mismo sobre otra. En esta primera edici\u00f3n, la foto viene acompa\u00f1ada de una descripci\u00f3n: \u201cArturo Cova en las barracas del Guarac\u00fa. Fotograf\u00eda tomada por la madona Zorayda Ayram\u201d.<\/p>\n\n\n\n<figure class=\"wp-block-image size-large\"><img fetchpriority=\"high\" decoding=\"async\" width=\"1024\" height=\"576\" src=\"http:\/\/www.javeriana.edu.co\/pesquisa\/wp-content\/uploads\/2024\/10\/100-anos-la-voragine-salvajes2-1024x576.jpg\" alt=\"En este a\u00f1o de conmemoraci\u00f3n de los 100 a\u00f1os de La vor\u00e1gine, la ic\u00f3nica novela de Jos\u00e9 Eustasio Rivera, investigadores y creadores javerianos hacen su propio homenaje al libro y su invitaci\u00f3n a \u201cser devorados por la selva\u201d. Reflexiones desde el arte sobre el desequilibrio ecol\u00f3gico.\" class=\"wp-image-39847\" srcset=\"http:\/\/www.javeriana.edu.co\/pesquisa\/wp-content\/uploads\/2024\/10\/100-anos-la-voragine-salvajes2-1024x576.jpg 1024w, http:\/\/www.javeriana.edu.co\/pesquisa\/wp-content\/uploads\/2024\/10\/100-anos-la-voragine-salvajes2-300x169.jpg 300w, http:\/\/www.javeriana.edu.co\/pesquisa\/wp-content\/uploads\/2024\/10\/100-anos-la-voragine-salvajes2-1536x864.jpg 1536w, http:\/\/www.javeriana.edu.co\/pesquisa\/wp-content\/uploads\/2024\/10\/100-anos-la-voragine-salvajes2-150x84.jpg 150w, http:\/\/www.javeriana.edu.co\/pesquisa\/wp-content\/uploads\/2024\/10\/100-anos-la-voragine-salvajes2-450x253.jpg 450w, http:\/\/www.javeriana.edu.co\/pesquisa\/wp-content\/uploads\/2024\/10\/100-anos-la-voragine-salvajes2-1200x675.jpg 1200w, http:\/\/www.javeriana.edu.co\/pesquisa\/wp-content\/uploads\/2024\/10\/100-anos-la-voragine-salvajes2-768x432.jpg 768w, http:\/\/www.javeriana.edu.co\/pesquisa\/wp-content\/uploads\/2024\/10\/100-anos-la-voragine-salvajes2.jpg 1920w\" sizes=\"(max-width: 1024px) 100vw, 1024px\" \/><\/figure>\n\n\n\n<p>\u201cCuando Rivera hace esto plantea un juego en el que nos propone que La vor\u00e1gine es un texto ver\u00eddico, m\u00e1s que ficcionado. Y lo repite en varias partes de la novela, presentando personajes hist\u00f3ricos, pero ficcionados\u201d, dice Jaramillo. \u201cEsa es una operaci\u00f3n que me interesa mucho. Partir del mundo, pero poder imagin\u00e1rnoslo con la libertad que dan las artes\u201d, contin\u00faa.<\/p>\n\n\n\n<p>Acto seguido, la conferencia empieza a transitar hacia un momento performativo. La profesora narra algunos de los viajes que ha hecho a las selvas de la Orinoqu\u00eda y la Amazon\u00eda, siguiendo los pasos de los personajes de la novela, y, sobre una mesa puesta en el centro del escenario, ella y otros dos participantes comienzan a colocar, lentamente, como acechando, miniaturas de \u00e1rboles y palmeras, un carro, una canoa, un jaguar y algunos personajes, todos de pl\u00e1stico.<\/p>\n\n\n\n<p>De repente, un sonido inmersivo de aves, insectos y rugidos inunda la sala. Un cuarto participante aparece en escena con un celular, grabando planos cerrados de la mesa, ahora poblada por la pl\u00e1stica selva. Los planos son proyectados al fondo del escenario. Una sensaci\u00f3n de intensa extra\u00f1eza invade al espectador.<\/p>\n\n\n\n<h4 class=\"wp-block-heading\">Una selva hipermedi\u00e1tica<\/h4>\n\n\n\n<p>La fina interrelaci\u00f3n entre diversos lenguajes \u2015puesta en escena, proyecci\u00f3n de im\u00e1genes, composici\u00f3n sonora y pl\u00e1stica\u2015 hace que, durante los m\u00e1s de veinte minutos que dura esta parte de la conferencia performativa, los espectadores est\u00e9n en la selva, asalvajados. Es uno de los grandes logros de la exploraci\u00f3n de las interrelaciones entre el teatro en vivo y el teatro virtual que se plantea esta<\/p>\n\n\n\n<p>investigaci\u00f3n+creaci\u00f3n: comunicarnos con efectividad la realidad de algo, en este caso de la selva, de la naturaleza.<\/p>\n\n\n\n<p>Esta experiencia propone algo que no logra la burbuja hipermedi\u00e1tica mainstream, saturada de narrativas apocal\u00edpticas sobre la naturaleza, que adormece la sensibilidad, para continuar la explotaci\u00f3n todos los d\u00edas. Como si no se estuviera deforestando la selva con crueldad. Como si no se estuviera afectando gravemente el equilibrio natural, reflexionan los creadores de la conferencia perform\u00e1tica.<\/p>\n\n\n\n<p>\u201cTenemos unas narrativas absolutamente pesimistas y apocal\u00edpticas. Todo a nuestro alrededor nos dice que esto ya no tiene vuelta atr\u00e1s. Pero si nos seguimos imaginando el apocalipsis, probablemente lo estamos produciendo\u201d, explica la maestra. \u201cYo creo que las artes tienen una capacidad incre\u00edble de transformar esas narrativas, de imaginarnos otro mundo posible\u201d.<\/p>\n\n\n\n<p>Efectivamente, esta conferencia performativa aparece como manantial de agua fresca que despierta los sentidos a los espectadores del sistema hipermedi\u00e1tico global. Porque \u00bfcu\u00e1ntos cap\u00edtulos de series o documentales sobre la Amazon\u00eda y el medio ambiente circulan y se olvidan casi al instante? \u00bfCu\u00e1nta informaci\u00f3n sobre el cambio clim\u00e1tico se consume y se desecha para continuar como si nada sucediera?<\/p>\n\n\n\n<p>Lo interesante de esta propuesta es que denuncia la actual selva hipermedi\u00e1tica \u2015que puede devorar los sentidos\u2015, pero esta denuncia tambi\u00e9n explora la selva de La vor\u00e1gine desde el teatro en vivo, con metodolog\u00edas propias del teatro virtual y con hipermediaciones.<\/p>\n\n\n\n<p>Al utilizar m\u00faltiples formatos de comunicaci\u00f3n y participaci\u00f3n \u2015lectura en vivo, puesta en escena, arte audiovisual y digital, entre otros\u2015, esta investigaci\u00f3n+creaci\u00f3n recicla las hipermediaciones para asignarles nuevos sentidos y significados. Al hacerlo, produce en el espectador un estado potente de sensibilidad que le permite, por instantes, estar en presencia de la selva amaz\u00f3nica.<\/p>\n\n\n\n<h4 class=\"wp-block-heading\">Del paradigma extractivista al paradigma eco-som\u00e1tico<\/h4>\n\n\n\n<p>\u201cHay un paradigma que est\u00e1 muy bien descrito en La vor\u00e1gine, el extractivista: yo llego, tomo lo que me sirve y lo dem\u00e1s lo desecho\u201d, explica la profesora Jaramillo, y argumenta que las ciencias exactas parten de un lugar parecido, cuando pretenden tener la capacidad de conocer la naturaleza y tambi\u00e9n de controlarla. <\/p>\n\n\n\n<p>\u201cLas artes se paran en un lugar previo a esa premisa y plantean la posibilidad de que no podamos comprenderla del todo, ni controlarla, ni dominarla\u201d, afirma la investigadora. \u201cEl paradigma del arte presupone otro tipo de relaci\u00f3n con ella, una relaci\u00f3n que parte de un acercamiento eco-som\u00e1tico\u201d.<\/p>\n\n\n\n<figure class=\"wp-block-image size-large\"><img decoding=\"async\" width=\"1024\" height=\"576\" src=\"http:\/\/www.javeriana.edu.co\/pesquisa\/wp-content\/uploads\/2024\/10\/100-anos-la-voragine-salvajes3-1024x576.jpg\" alt=\"En este a\u00f1o de conmemoraci\u00f3n de los 100 a\u00f1os de La vor\u00e1gine, la ic\u00f3nica novela de Jos\u00e9 Eustasio Rivera, investigadores y creadores javerianos hacen su propio homenaje al libro y su invitaci\u00f3n a \u201cser devorados por la selva\u201d. Reflexiones desde el arte sobre el desequilibrio ecol\u00f3gico.\" class=\"wp-image-39849\" srcset=\"http:\/\/www.javeriana.edu.co\/pesquisa\/wp-content\/uploads\/2024\/10\/100-anos-la-voragine-salvajes3-1024x576.jpg 1024w, http:\/\/www.javeriana.edu.co\/pesquisa\/wp-content\/uploads\/2024\/10\/100-anos-la-voragine-salvajes3-300x169.jpg 300w, http:\/\/www.javeriana.edu.co\/pesquisa\/wp-content\/uploads\/2024\/10\/100-anos-la-voragine-salvajes3-1536x864.jpg 1536w, http:\/\/www.javeriana.edu.co\/pesquisa\/wp-content\/uploads\/2024\/10\/100-anos-la-voragine-salvajes3-150x84.jpg 150w, http:\/\/www.javeriana.edu.co\/pesquisa\/wp-content\/uploads\/2024\/10\/100-anos-la-voragine-salvajes3-450x253.jpg 450w, http:\/\/www.javeriana.edu.co\/pesquisa\/wp-content\/uploads\/2024\/10\/100-anos-la-voragine-salvajes3-1200x675.jpg 1200w, http:\/\/www.javeriana.edu.co\/pesquisa\/wp-content\/uploads\/2024\/10\/100-anos-la-voragine-salvajes3-768x432.jpg 768w, http:\/\/www.javeriana.edu.co\/pesquisa\/wp-content\/uploads\/2024\/10\/100-anos-la-voragine-salvajes3.jpg 1920w\" sizes=\"(max-width: 1024px) 100vw, 1024px\" \/><\/figure>\n\n\n\n<p>Cuando se habla de soma, se hace referencia al cuerpo y sus sensibilidades. Es posible que solo teniendo un v\u00ednculo emocional con el soma de cada uno se pueda \u201centrar en contacto con una entidad que tiene su propia sabidur\u00eda, su propio equilibrio, su propia regulaci\u00f3n\u201d, como lo es el entorno natural. Finalmente, a partir de esta relaci\u00f3n se puede plantear un verdadero di\u00e1logo eco-som\u00e1tico y ecosist\u00e9mico.<\/p>\n\n\n\n<p>As\u00ed, la conferencia performativa de la maestra Jaramillo es una invitaci\u00f3n hecha desde la academia y las artes esc\u00e9nicas a la exploraci\u00f3n profunda de las posibilidades del cuerpo y la sensibilidad del ser humano, en funci\u00f3n de una armonizaci\u00f3n con los ritmos de la naturaleza. Una actualizaci\u00f3n de <a href=\"https:\/\/web.seducoahuila.gob.mx\/biblioweb\/upload\/La-voragine.pdf\" target=\"_blank\" rel=\"noopener\">La vor\u00e1gine<\/a> que resurge con una clara advertencia a todas las disciplinas que se rigen bajo el paradigma extractivista: para que no nos devore la selva, hay que volver a ser salvajes.<\/p>\n\n\n\n<hr class=\"wp-block-separator has-alpha-channel-opacity\"\/>\n\n\n\n<p>Para ver m\u00e1s:<\/p>\n\n\n\n<p>UniJaveriana (2024). VI Encuentro Javeriano de Arte y Creatividad &#8211; Experiencias de I+C <\/p>\n\n\n\n<figure class=\"wp-block-embed is-type-video is-provider-youtube wp-block-embed-youtube wp-embed-aspect-16-9 wp-has-aspect-ratio\"><div class=\"wp-block-embed__wrapper\">\n<iframe title=\"VI Encuentro Javeriano de Arte y Creatividad - Experiencias de I+C\" width=\"814\" height=\"458\" src=\"https:\/\/www.youtube.com\/embed\/savtICjguYk?feature=oembed\" frameborder=\"0\" allow=\"accelerometer; autoplay; clipboard-write; encrypted-media; gyroscope; picture-in-picture; web-share\" referrerpolicy=\"strict-origin-when-cross-origin\" allowfullscreen><\/iframe>\n<\/div><\/figure>\n\n\n\n<p><\/p>\n","protected":false},"excerpt":{"rendered":"<p>En este a\u00f1o de conmemoraci\u00f3n de los 100 a\u00f1os de La vor\u00e1gine, la ic\u00f3nica novela de Jos\u00e9 Eustasio Rivera, investigadores y creadores javerianos hacen su propio homenaje al libro y su invitaci\u00f3n a \u201cser devorados por la selva\u201d. Reflexiones desde el arte sobre el desequilibrio ecol\u00f3gico.<\/p>\n","protected":false},"author":154,"featured_media":39848,"comment_status":"open","ping_status":"open","sticky":false,"template":"","format":"standard","meta":{"footnotes":""},"categories":[3695,3693,199,1157],"tags":[371,99,1478,97,499],"class_list":{"0":"post-39845","1":"post","2":"type-post","3":"status-publish","4":"format-standard","5":"has-post-thumbnail","7":"category-literatura","8":"category-artes","9":"category-cultura","10":"category-destacadas","11":"tag-colombia","12":"tag-creacion-artistica","13":"tag-creacion-literaria","14":"tag-investigacion","15":"tag-javeriana"},"_links":{"self":[{"href":"http:\/\/www.javeriana.edu.co\/pesquisa\/wp-json\/wp\/v2\/posts\/39845","targetHints":{"allow":["GET"]}}],"collection":[{"href":"http:\/\/www.javeriana.edu.co\/pesquisa\/wp-json\/wp\/v2\/posts"}],"about":[{"href":"http:\/\/www.javeriana.edu.co\/pesquisa\/wp-json\/wp\/v2\/types\/post"}],"author":[{"embeddable":true,"href":"http:\/\/www.javeriana.edu.co\/pesquisa\/wp-json\/wp\/v2\/users\/154"}],"replies":[{"embeddable":true,"href":"http:\/\/www.javeriana.edu.co\/pesquisa\/wp-json\/wp\/v2\/comments?post=39845"}],"version-history":[{"count":2,"href":"http:\/\/www.javeriana.edu.co\/pesquisa\/wp-json\/wp\/v2\/posts\/39845\/revisions"}],"predecessor-version":[{"id":39852,"href":"http:\/\/www.javeriana.edu.co\/pesquisa\/wp-json\/wp\/v2\/posts\/39845\/revisions\/39852"}],"wp:featuredmedia":[{"embeddable":true,"href":"http:\/\/www.javeriana.edu.co\/pesquisa\/wp-json\/wp\/v2\/media\/39848"}],"wp:attachment":[{"href":"http:\/\/www.javeriana.edu.co\/pesquisa\/wp-json\/wp\/v2\/media?parent=39845"}],"wp:term":[{"taxonomy":"category","embeddable":true,"href":"http:\/\/www.javeriana.edu.co\/pesquisa\/wp-json\/wp\/v2\/categories?post=39845"},{"taxonomy":"post_tag","embeddable":true,"href":"http:\/\/www.javeriana.edu.co\/pesquisa\/wp-json\/wp\/v2\/tags?post=39845"}],"curies":[{"name":"wp","href":"https:\/\/api.w.org\/{rel}","templated":true}]}}