{"id":41198,"date":"2025-01-30T14:07:43","date_gmt":"2025-01-30T19:07:43","guid":{"rendered":"http:\/\/www.javeriana.edu.co\/pesquisa\/?p=41198"},"modified":"2025-01-31T11:18:50","modified_gmt":"2025-01-31T16:18:50","slug":"alvaro-ruiz-morales-medico-javeriano","status":"publish","type":"post","link":"http:\/\/www.javeriana.edu.co\/pesquisa\/alvaro-ruiz-morales-medico-javeriano\/","title":{"rendered":"\u00c1lvaro Ruiz Morales: el m\u00e9dico del coraz\u00f3n, la m\u00fasica y los idiomas"},"content":{"rendered":"\n<p>\u00c1lvaro Ruiz Morales es un m\u00e9dico javeriano capaz de so\u00f1ar en 32 idiomas diferentes. En este preciso momento, quiz\u00e1, est\u00e1 perfeccionando su tailand\u00e9s o sumergi\u00e9ndose en el estudio del h\u00fangaro. Adem\u00e1s de ser uno de los pocos hiperpol\u00edglotas en Colombia, Ruiz Morales lleva m\u00e1s de cincuenta a\u00f1os investigando y formando m\u00e9dicos en el pa\u00eds.<\/p>\n\n\n\n<p>Quien se acerque a la puerta de su oficina, en el Hospital Universitario San Ignacio (HUSI), ser\u00e1 recibido por los acordes de Beethoven, Wagner o Puccini, mientras que en su biblioteca descansan libros en japon\u00e9s, mandar\u00edn, \u00e1rabe, armenio, lat\u00edn, franc\u00e9s, alem\u00e1n y, por supuesto, en espa\u00f1ol \u2015un Don Quijote de la Mancha no pod\u00eda faltar\u2015.<\/p>\n\n\n\n<p>Ruiz Morales fue un elemento imprescindible en la creaci\u00f3n del Departamento de Epidemiolog\u00eda Cl\u00ednica y Bioestad\u00edstica de la Pontificia Universidad Javeriana \u2015pionero en Colombia y uno de los primeros en Am\u00e9rica Latina\u2015. Adem\u00e1s, fue director del Departamento de Medicina Interna y del Instituto de Bio\u00e9tica, jefe de la Unidad de Cuidado Intensivo del HUSI y consultor en temas cardiovasculares para la Organizaci\u00f3n Mundial de la Salud (OMS). <\/p>\n\n\n\n<p>\u201cCon la epidemiolog\u00eda cl\u00ednica les hemos ense\u00f1ado a los estudiantes a investigar y a identificar qu\u00e9 es relevante para el pa\u00eds: cosas que puedan cambiar la salud, las conductas en los hospitales y la atenci\u00f3n a los pacientes. Pero, adem\u00e1s, les ense\u00f1amos a leer cr\u00edticamente lo que se publica\u201d, asegura Ruiz Morales, quien es especialista en Medicina Interna e Hipertensi\u00f3n Arterial, y mag\u00edster en Epidemiolog\u00eda Cl\u00ednica.<\/p>\n\n\n\n<figure class=\"wp-block-image size-large\"><img fetchpriority=\"high\" decoding=\"async\" width=\"1024\" height=\"541\" src=\"http:\/\/www.javeriana.edu.co\/pesquisa\/wp-content\/uploads\/2025\/01\/Alvaro-J-Ruiz-Clase-en-Cuidado-Intensivo-1024x541.jpg\" alt=\"Los estudios del profesor javeriano \u00c1lvaro Ruiz Morales han sido fundamentales para la creaci\u00f3n de gu\u00edas cl\u00ednicas y de pol\u00edticas p\u00fablicas a nivel nacional y regional. De tener que elegir una sola palabra para describirlo, esa ser\u00eda extraordinario.\n\" class=\"wp-image-41266\" srcset=\"http:\/\/www.javeriana.edu.co\/pesquisa\/wp-content\/uploads\/2025\/01\/Alvaro-J-Ruiz-Clase-en-Cuidado-Intensivo-1024x541.jpg 1024w, http:\/\/www.javeriana.edu.co\/pesquisa\/wp-content\/uploads\/2025\/01\/Alvaro-J-Ruiz-Clase-en-Cuidado-Intensivo-300x159.jpg 300w, http:\/\/www.javeriana.edu.co\/pesquisa\/wp-content\/uploads\/2025\/01\/Alvaro-J-Ruiz-Clase-en-Cuidado-Intensivo-1536x812.jpg 1536w, http:\/\/www.javeriana.edu.co\/pesquisa\/wp-content\/uploads\/2025\/01\/Alvaro-J-Ruiz-Clase-en-Cuidado-Intensivo-150x79.jpg 150w, http:\/\/www.javeriana.edu.co\/pesquisa\/wp-content\/uploads\/2025\/01\/Alvaro-J-Ruiz-Clase-en-Cuidado-Intensivo-450x238.jpg 450w, http:\/\/www.javeriana.edu.co\/pesquisa\/wp-content\/uploads\/2025\/01\/Alvaro-J-Ruiz-Clase-en-Cuidado-Intensivo-1200x634.jpg 1200w, http:\/\/www.javeriana.edu.co\/pesquisa\/wp-content\/uploads\/2025\/01\/Alvaro-J-Ruiz-Clase-en-Cuidado-Intensivo-768x406.jpg 768w, http:\/\/www.javeriana.edu.co\/pesquisa\/wp-content\/uploads\/2025\/01\/Alvaro-J-Ruiz-Clase-en-Cuidado-Intensivo.jpg 1740w\" sizes=\"(max-width: 1024px) 100vw, 1024px\" \/><\/figure>\n\n\n\n<h4 class=\"wp-block-heading\">El origen de un maestro<\/h4>\n\n\n\n<p>Ruiz Morales naci\u00f3 en Bogot\u00e1, en una familia de origen santandereano y boyacense, que le inculc\u00f3 el amor por los libros y le mostr\u00f3 las infinitas puertas que abre la m\u00fasica. Realiz\u00f3 su bachillerato en el seminario de los franciscanos en Cali, donde el profesor Eduardo Morales, originario de Titirib\u00ed (Antioquia), le ense\u00f1\u00f3 varios de los idiomas en los que hoy lee.<\/p>\n\n\n\n<p>Morales lo form\u00f3 en ingl\u00e9s, franc\u00e9s, lat\u00edn, alem\u00e1n, italiano, portugu\u00e9s y ruso. Y despu\u00e9s aprendieron juntos japon\u00e9s, hebreo y griego. \u201cLo que m\u00e1s me gusta es aprender idiomas que tengan sistemas de escritura raros, como el arameo, que se escribe de derecha a izquierda y tiene un alfabeto muy antiguo, o el mongol, que se escribe de izquierda a derecha, pero de arriba abajo\u201d, asegura Ruiz Morales.<\/p>\n\n\n\n<div class=\"wp-block-columns is-layout-flex wp-container-core-columns-is-layout-9d6595d7 wp-block-columns-is-layout-flex\">\n<div class=\"wp-block-column is-layout-flow wp-block-column-is-layout-flow\">\n<p><\/p>\n\n\n\n<p>De regreso a Bogot\u00e1, estudi\u00f3 medicina en la Universidad Javeriana, donde continu\u00f3 su formaci\u00f3n en posgrado en Medicina Interna, que termin\u00f3 en la Universidad de Miami. De all\u00ed fue a Nueva York, en donde trabaj\u00f3 en investigaci\u00f3n en cardiolog\u00eda en la Universidad de Cornell. Y, finalmente, hizo sus estudios de maestr\u00eda en Epidemiolog\u00eda Cl\u00ednica en la Universidad de Pensilvania, en Filadelfia. De todas esas universidades guarda recuerdos muy especiales, pero muy en particular de sus bibliotecas, que eran su sitio de estudio y descanso.<\/p>\n<\/div>\n\n\n\n<div class=\"wp-block-column is-layout-flow wp-block-column-is-layout-flow\">\n<figure class=\"wp-block-image size-full is-resized\"><img decoding=\"async\" width=\"483\" height=\"695\" src=\"http:\/\/www.javeriana.edu.co\/pesquisa\/wp-content\/uploads\/2025\/01\/Alvaro.png\" alt=\"\u00c1lvaro Ruiz Morales fue imprescindible en la creaci\u00f3n del\" class=\"wp-image-41246\" style=\"width:361px;height:auto\" srcset=\"http:\/\/www.javeriana.edu.co\/pesquisa\/wp-content\/uploads\/2025\/01\/Alvaro.png 483w, http:\/\/www.javeriana.edu.co\/pesquisa\/wp-content\/uploads\/2025\/01\/Alvaro-208x300.png 208w, http:\/\/www.javeriana.edu.co\/pesquisa\/wp-content\/uploads\/2025\/01\/Alvaro-150x216.png 150w, http:\/\/www.javeriana.edu.co\/pesquisa\/wp-content\/uploads\/2025\/01\/Alvaro-450x648.png 450w\" sizes=\"(max-width: 483px) 100vw, 483px\" \/><\/figure>\n<\/div>\n<\/div>\n\n\n\n<p>Su primer encuentro con la docencia fue, parad\u00f3jicamente, un episodio en el que se atrevi\u00f3 a corregir a un profesor: \u201cNos hizo una pregunta a 120 estudiantes, [\u2026] ninguno sab\u00eda. Entonces apag\u00f3 la luz, nos dej\u00f3 a oscuras y se fue. Yo lo intercept\u00e9 y le expliqu\u00e9 que lo que estaba preguntando correspond\u00eda a la clase siguiente. Como \u2018castigo\u2019 por contradecirlo, me encarg\u00f3 la tarea de explicar la pr\u00f3xima sesi\u00f3n\u201d, recuerda.<\/p>\n\n\n\n<p>Al d\u00eda siguiente, dio su clase sobre facomatosis, un grupo de enfermedades neurocut\u00e1neas de origen gen\u00e9tico. \u201cMe fue muy bien. Ese d\u00eda me di cuenta de que, adem\u00e1s de ser m\u00e9dico, tambi\u00e9n quer\u00eda ense\u00f1a. Nunca dud\u00e9 de que esto era lo m\u00edo, y siempre pens\u00e9 que iba a ser feliz\u201d, asegura.<\/p>\n\n\n\n<h4 class=\"wp-block-heading\">Un maestro extraordinario<\/h4>\n\n\n\n<p>A lo largo de su carrera, Ruiz Morales ha participado en decenas de congresos internacionales, y<a href=\"https:\/\/es.scribd.com\/document\/338924739\/Ruiz-Epidemiologia-Clinica\" target=\"_blank\" rel=\"noopener\"> ha llevado a cabo investigaciones de vanguardia<\/a> en temas como el colesterol y las enfermedades cardiovasculares; en la relaci\u00f3n entre la aterosclerosis \u2013la enfermedad que se produce cuando se acumula placa en las paredes de las arterias\u2013 y la enfermedad periodontal \u2013la infecci\u00f3n grave de las enc\u00edas \u2013; en trastornos del sue\u00f1o y en hipertensi\u00f3n arterial. Estudios que han aportado a la creaci\u00f3n de gu\u00edas de pr\u00e1ctica cl\u00ednica y a la formulaci\u00f3n de pol\u00edticas de salud p\u00fablica en el pa\u00eds y la regi\u00f3n.<\/p>\n\n\n\n<figure class=\"wp-block-image size-full\"><img decoding=\"async\" width=\"827\" height=\"716\" src=\"http:\/\/www.javeriana.edu.co\/pesquisa\/wp-content\/uploads\/2025\/01\/Alvaro-J-Ruiz-en-clase-e1738340284376.jpg\" alt=\"Los estudios del profesor javeriano \u00c1lvaro Ruiz Morales han sido fundamentales para la creaci\u00f3n de gu\u00edas cl\u00ednicas y de pol\u00edticas p\u00fablicas a nivel nacional y regional. De tener que elegir una sola palabra para describirlo, esa ser\u00eda extraordinario.\" class=\"wp-image-41269\" srcset=\"http:\/\/www.javeriana.edu.co\/pesquisa\/wp-content\/uploads\/2025\/01\/Alvaro-J-Ruiz-en-clase-e1738340284376.jpg 827w, http:\/\/www.javeriana.edu.co\/pesquisa\/wp-content\/uploads\/2025\/01\/Alvaro-J-Ruiz-en-clase-e1738340284376-300x260.jpg 300w, http:\/\/www.javeriana.edu.co\/pesquisa\/wp-content\/uploads\/2025\/01\/Alvaro-J-Ruiz-en-clase-e1738340284376-150x130.jpg 150w, http:\/\/www.javeriana.edu.co\/pesquisa\/wp-content\/uploads\/2025\/01\/Alvaro-J-Ruiz-en-clase-e1738340284376-450x390.jpg 450w, http:\/\/www.javeriana.edu.co\/pesquisa\/wp-content\/uploads\/2025\/01\/Alvaro-J-Ruiz-en-clase-e1738340284376-768x665.jpg 768w\" sizes=\"(max-width: 827px) 100vw, 827px\" \/><\/figure>\n\n\n\n<p>Sin embargo, cuando le preguntan cu\u00e1l considera su mayor logro, no duda ni un instante: ser profesor y promover un ejercicio de la medicina con integridad. Ha sido galardonado en m\u00faltiples ocasiones como el mejor docente de la Facultad de Medicina e, incluso, ha recibido este honor tres veces en un mismo semestre. Entre sus distinciones tambi\u00e9n se encuentra el <a href=\"https:\/\/www.javeriana.edu.co\/pesquisa\/premio-bienal-javeriano-en-investigacion\/\">Premio Bienal Javeriano en Investigaci\u00f3n en la categor\u00eda Vida y Obra<\/a>, la Orden Universidad Javeriana en grado de Oficial, la Cruz San Francisco Javier, y m\u00e1s de cuarenta reconocimientos nacionales e internacionales, que ser\u00eda imposible enumerar aqu\u00ed.<\/p>\n\n\n\n<p>Cuando le pregunt\u00e9 qu\u00e9 llevar\u00eda en su maleta al dejar la Javeriana, respondi\u00f3: \u201cSiento una profunda satisfacci\u00f3n por haber hecho bien las cosas, y guardo recuerdos muy valiosos de profesores, colegas, estudiantes y pacientes de los que aprend\u00ed tanto. En la Javeriana, mi hogar profesional, siempre me he sentido respetado, cuidado y feliz. Todo esto lo llevar\u00eda en mi maleta; pero con seguridad se va a colar una enorme nostalgia de todas mis experiencias en los cincuenta y cinco a\u00f1os, muy felices, que pas\u00e9 en la Universidad\u201d. <\/p>\n\n\n\n<p>Gracias al profesor Ruiz Morales, la Biblioteca central de la Javeriana tuvo el primer disco compacto de m\u00fasica, la primera \u00f3pera en DVD y una colecci\u00f3n completa de discos l\u00e1ser con su reproductor. Se trata de un verdadero apasionado por el conocimiento, la investigaci\u00f3n, la m\u00fasica, los idiomas y la b\u00fasqueda de la raz\u00f3n de las cosas. El profesor es, sin duda, un javeriano por excelencia.<\/p>\n","protected":false},"excerpt":{"rendered":"<p>Los estudios del profesor javeriano \u00c1lvaro Ruiz Morales han sido fundamentales para la creaci\u00f3n de gu\u00edas cl\u00ednicas y de pol\u00edticas p\u00fablicas a nivel nacional y regional. De tener que elegir una sola palabra para describirlo, esa ser\u00eda extraordinario.<\/p>\n","protected":false},"author":28,"featured_media":41250,"comment_status":"open","ping_status":"open","sticky":false,"template":"","format":"standard","meta":{"footnotes":""},"categories":[203],"tags":[460,371,97,499,350],"class_list":{"0":"post-41198","1":"post","2":"type-post","3":"status-publish","4":"format-standard","5":"has-post-thumbnail","7":"category-huellas","8":"tag-ciencia","9":"tag-colombia","10":"tag-investigacion","11":"tag-javeriana","12":"tag-salud"},"_links":{"self":[{"href":"http:\/\/www.javeriana.edu.co\/pesquisa\/wp-json\/wp\/v2\/posts\/41198","targetHints":{"allow":["GET"]}}],"collection":[{"href":"http:\/\/www.javeriana.edu.co\/pesquisa\/wp-json\/wp\/v2\/posts"}],"about":[{"href":"http:\/\/www.javeriana.edu.co\/pesquisa\/wp-json\/wp\/v2\/types\/post"}],"author":[{"embeddable":true,"href":"http:\/\/www.javeriana.edu.co\/pesquisa\/wp-json\/wp\/v2\/users\/28"}],"replies":[{"embeddable":true,"href":"http:\/\/www.javeriana.edu.co\/pesquisa\/wp-json\/wp\/v2\/comments?post=41198"}],"version-history":[{"count":13,"href":"http:\/\/www.javeriana.edu.co\/pesquisa\/wp-json\/wp\/v2\/posts\/41198\/revisions"}],"predecessor-version":[{"id":41322,"href":"http:\/\/www.javeriana.edu.co\/pesquisa\/wp-json\/wp\/v2\/posts\/41198\/revisions\/41322"}],"wp:featuredmedia":[{"embeddable":true,"href":"http:\/\/www.javeriana.edu.co\/pesquisa\/wp-json\/wp\/v2\/media\/41250"}],"wp:attachment":[{"href":"http:\/\/www.javeriana.edu.co\/pesquisa\/wp-json\/wp\/v2\/media?parent=41198"}],"wp:term":[{"taxonomy":"category","embeddable":true,"href":"http:\/\/www.javeriana.edu.co\/pesquisa\/wp-json\/wp\/v2\/categories?post=41198"},{"taxonomy":"post_tag","embeddable":true,"href":"http:\/\/www.javeriana.edu.co\/pesquisa\/wp-json\/wp\/v2\/tags?post=41198"}],"curies":[{"name":"wp","href":"https:\/\/api.w.org\/{rel}","templated":true}]}}