{"id":42398,"date":"2025-03-13T14:40:00","date_gmt":"2025-03-13T19:40:00","guid":{"rendered":"http:\/\/www.javeriana.edu.co\/pesquisa\/?p=42398"},"modified":"2025-03-13T14:22:50","modified_gmt":"2025-03-13T19:22:50","slug":"hallan-microplasticos-en-las-abejas","status":"publish","type":"post","link":"http:\/\/www.javeriana.edu.co\/pesquisa\/hallan-microplasticos-en-las-abejas\/","title":{"rendered":"Hallan micropl\u00e1sticos en abejas mel\u00edferas: su impacto est\u00e1 lejos de ser dulce"},"content":{"rendered":"\n<p>Imagine que camina apresurado hacia su trabajo con la boca abierta y jadeando. Cuando, de repente, un fragmento de pl\u00e1stico de dimensiones considerables entra en su boca. Entre el desconcierto y la prisa, el pl\u00e1stico se desliza por su garganta: Se ahoga, tose, pero en unos segundos, luego de golpear su pecho con la mano, lo traga. Ahora, este pl\u00e1stico est\u00e1 en su sistema digestivo. \u00bfLogra imaginar lo que esto puede causar en su organismo? Esta escena es la realidad diaria de miles de abejas, seg\u00fan un estudio realizado por investigadores javerianos.<\/p>\n\n\n\n<p>El art\u00edculo cient\u00edfico, <a href=\"https:\/\/www.mdpi.com\/2673-8929\/3\/4\/36\" target=\"_blank\" rel=\"noopener\">publicado en la revista <em>microplastics<\/em><\/a>, analiz\u00f3 la presencia de micropl\u00e1sticos, ingeridos o adheridos al cuerpo, en la abeja <em>Apis mellifera<\/em> conocida como abeja mel\u00edfera o europea. Es la especie m\u00e1s com\u00fan en entornos urbanos pues ha sido domesticada y ampliamente utilizada en la apicultura a nivel mundial. Con muestras recolectadas de estos insectos y sus productos ap\u00edcolas miel y polen, entre agosto de 2021 y agosto de 2023, la investigaci\u00f3n compar\u00f3 ejemplares que habitan zonas rurales de la sabana de Bogot\u00e1, espec\u00edficamente en Tabio y Guasca (Cundinamarca), con las de entornos urbanos, analizando los apiarios de la Universidad Nacional y la Pontificia Universidad Javeriana, en la capital colombiana.<\/p>\n\n\n\n<h4 class=\"wp-block-heading\">\u00bfC\u00f3mo detectan micropl\u00e1sticos en abejas?<\/h4>\n\n\n\n<p>Los micropl\u00e1sticos son diminutos fragmentos de pl\u00e1stico, de hasta 5 mil\u00edmetros (mm), que se clasifican en primarios \u2014dise\u00f1ados con un tama\u00f1o espec\u00edfico para productos como cosm\u00e9ticos\u2014 y secundarios \u2014 resultantes de la degradaci\u00f3n de pl\u00e1sticos m\u00e1s grandes por la luz solar, el agua y el desgaste mec\u00e1nico \u2014. Son contaminantes, pues son dif\u00edciles de degradar, est\u00e1n en suelos, agua y aire y se acumulan en la cadena alimentaria. Y, ahora sabemos, incluso en las abejas.<\/p>\n\n\n\n<p>La investigaci\u00f3n que puso la lupa en estos insectos tuvo un enfoque transdisciplinar, pues fue realizada por las facultades de Estudios Ambientales y Rurales y la de Ciencias de la Pontificia Universidad Javeriana. Los investigadores recolectaron 24 abejas <em>Apis mellifera<\/em>, junto con 10 gramos de miel y 10 gramos de polen.<\/p>\n\n\n\n<p>Para evaluar la presencia de micropl\u00e1sticos cada uno de estos compuestos fue evaluado bajo microscop\u00eda \u00f3ptica. Por ejemplo, los individuos de <em>A. mellifera<\/em> obtenidos en cada punto de muestreo fueron examinados para detectar restos de pl\u00e1stico en los cuerpos de las abejas. Lo mismo hicieron los investigadores con el polen. Con la miel, sin embargo, el proceso es m\u00e1s largo al ser un material tan viscoso, por lo que tuvo que ser calentada y filtrada antes de ponerla bajo el lente.<\/p>\n\n\n\n<p>\u201cEsa observaci\u00f3n nos permiti\u00f3 detectar fragmentos pl\u00e1sticos adheridos a diferentes partes de su cuerpo, como las alas\u201d, explic\u00f3 el microbi\u00f3logo Luis David G\u00f3mez-M\u00e9ndez, profesor de la Facultad de Ciencias de la Universidad Javeriana. Luego, para determinar si las abejas hab\u00edan ingerido micropl\u00e1sticos, se sometieron a un proceso cient\u00edfico llamado digesti\u00f3n. \u201cColocamos las abejas en un recipiente con per\u00f3xido de hidr\u00f3geno, que descompone los tejidos y deja flotando los micropl\u00e1sticos ingeridos, para posteriormente con el microscopio poder observarlos\u201d, a\u00f1adi\u00f3 G\u00f3mez-M\u00e9ndez.<\/p>\n\n\n\n<figure class=\"wp-block-image size-large\"><img fetchpriority=\"high\" decoding=\"async\" width=\"1024\" height=\"576\" src=\"http:\/\/www.javeriana.edu.co\/pesquisa\/wp-content\/uploads\/2025\/03\/20220310_101034-1024x576.jpg\" alt=\"Las abejas no solo producen miel y polinizan cultivos, sino que tambi\u00e9n reflejan la contaminaci\u00f3n ambiental. Un estudio javeriano encontr\u00f3 micropl\u00e1sticos tanto en sus cuerpos como en su miel y polen, lo que supone un riesgo ambiental latente.\" class=\"wp-image-42407\" srcset=\"http:\/\/www.javeriana.edu.co\/pesquisa\/wp-content\/uploads\/2025\/03\/20220310_101034-1024x576.jpg 1024w, http:\/\/www.javeriana.edu.co\/pesquisa\/wp-content\/uploads\/2025\/03\/20220310_101034-300x169.jpg 300w, http:\/\/www.javeriana.edu.co\/pesquisa\/wp-content\/uploads\/2025\/03\/20220310_101034-1536x864.jpg 1536w, http:\/\/www.javeriana.edu.co\/pesquisa\/wp-content\/uploads\/2025\/03\/20220310_101034-2048x1152.jpg 2048w, http:\/\/www.javeriana.edu.co\/pesquisa\/wp-content\/uploads\/2025\/03\/20220310_101034-150x84.jpg 150w, http:\/\/www.javeriana.edu.co\/pesquisa\/wp-content\/uploads\/2025\/03\/20220310_101034-450x253.jpg 450w, http:\/\/www.javeriana.edu.co\/pesquisa\/wp-content\/uploads\/2025\/03\/20220310_101034-1200x675.jpg 1200w, http:\/\/www.javeriana.edu.co\/pesquisa\/wp-content\/uploads\/2025\/03\/20220310_101034-768x432.jpg 768w\" sizes=\"(max-width: 1024px) 100vw, 1024px\" \/><figcaption class=\"wp-element-caption\">Microplastico encontrado en miel. Foto: Cortes\u00eda de la investigaci\u00f3n.<\/figcaption><\/figure>\n\n\n\n<p>En esta observaci\u00f3n en laboratorio, los investigadores detectaron micropl\u00e1sticos tanto en las muestras del campo como en las de la ciudad. Ahora bien, los niveles de contaminaci\u00f3n ambiental parecen influir en la presencia de estos pl\u00e1sticos en las abejas, pues fue en entornos urbanos donde se hallaron mayores niveles de los contaminantes.<\/p>\n\n\n\n<p>Seg\u00fan G\u00f3mez-M\u00e9ndez, identificar el origen exacto de los micropl\u00e1sticos es complejo y requiere m\u00e1s estudios. No obstante, surgieron hip\u00f3tesis: \u201cLa mayor\u00eda ten\u00edan forma de fibra y cerca de los sitios rurales de muestreo hab\u00eda polisombras, lo que podr\u00eda explicar su origen\u201d. En la ciudad la posibilidad de que las abejas se encuentren con aspectos antropog\u00e9nicos es m\u00e1s grande, pues hay m\u00e1s pl\u00e1stico que seres vivos, y por ende es m\u00e1s dif\u00edcil determinar el origen del contaminante.<\/p>\n\n\n\n<p>Otro hallazgo de estos cient\u00edficos que requiere m\u00e1s investigaci\u00f3n tiene que ver con que la mayor\u00eda de los micropl\u00e1sticos encontrados en las muestras de la ciudad eran de color azul. Una hip\u00f3tesis apunta a la visi\u00f3n de las abejas, que es m\u00e1s compleja que la humana y est\u00e1 adaptada a ciertos colores. La especie <em>Apis mellifera<\/em> en particular tiene preferencia por longitudes de onda en el rango del ultravioleta, azul y verde, lo que podr\u00eda explicar la preponderancia de este color.<\/p>\n\n\n\n<h4 class=\"wp-block-heading\">\u00bfC\u00f3mo afectan los micropl\u00e1sticos en abejas?<\/h4>\n\n\n\n<p>Las abejas son bioindicadores clave, ya que sus colmenas permiten detectar niveles de contaminaci\u00f3n en el aire, el agua y el suelo de una regi\u00f3n. Al volar, estos insectos entran en contacto con pesticidas, metales pesados y micropl\u00e1sticos, acumul\u00e1ndolos en su organismo y transfiri\u00e9ndolos a productos como miel y polen. Si las abejas est\u00e1n expuestas a estos contaminantes en su entorno, imagine cu\u00e1nto puede verse afectado nuestro propio cuerpo al transitar diariamente por la ciudad.<\/p>\n\n\n\n<figure class=\"wp-block-image size-large\"><img decoding=\"async\" width=\"1024\" height=\"660\" src=\"http:\/\/www.javeriana.edu.co\/pesquisa\/wp-content\/uploads\/2025\/03\/pexels-ironic-702931-scaled-e1741625078672-1024x660.jpg\" alt=\"Las abejas no solo producen miel y polinizan cultivos, sino que tambi\u00e9n reflejan la contaminaci\u00f3n ambiental. Un estudio javeriano encontr\u00f3 micropl\u00e1sticos tanto en sus cuerpos como en su miel y polen, lo que supone un riesgo ambiental latente.\" class=\"wp-image-42402\" srcset=\"http:\/\/www.javeriana.edu.co\/pesquisa\/wp-content\/uploads\/2025\/03\/pexels-ironic-702931-scaled-e1741625078672-1024x660.jpg 1024w, http:\/\/www.javeriana.edu.co\/pesquisa\/wp-content\/uploads\/2025\/03\/pexels-ironic-702931-scaled-e1741625078672-300x193.jpg 300w, http:\/\/www.javeriana.edu.co\/pesquisa\/wp-content\/uploads\/2025\/03\/pexels-ironic-702931-scaled-e1741625078672-1536x991.jpg 1536w, http:\/\/www.javeriana.edu.co\/pesquisa\/wp-content\/uploads\/2025\/03\/pexels-ironic-702931-scaled-e1741625078672-2048x1321.jpg 2048w, http:\/\/www.javeriana.edu.co\/pesquisa\/wp-content\/uploads\/2025\/03\/pexels-ironic-702931-scaled-e1741625078672-150x97.jpg 150w, http:\/\/www.javeriana.edu.co\/pesquisa\/wp-content\/uploads\/2025\/03\/pexels-ironic-702931-scaled-e1741625078672-450x290.jpg 450w, http:\/\/www.javeriana.edu.co\/pesquisa\/wp-content\/uploads\/2025\/03\/pexels-ironic-702931-scaled-e1741625078672-1200x774.jpg 1200w, http:\/\/www.javeriana.edu.co\/pesquisa\/wp-content\/uploads\/2025\/03\/pexels-ironic-702931-scaled-e1741625078672-768x495.jpg 768w\" sizes=\"(max-width: 1024px) 100vw, 1024px\" \/><figcaption class=\"wp-element-caption\">Foto: Pexels<\/figcaption><\/figure>\n\n\n\n<p>Los micropl\u00e1sticos afectan el sistema digestivo de las abejas. \u201cEs como si tuvieras el est\u00f3mago lleno de piedras\u201d, explica la profesora de la Facultad de Estudios Ambientales y Rurales, Mariana Camacho Erazo, quien tambi\u00e9n hizo parte de la investigaci\u00f3n. Esta acumulaci\u00f3n reduce su energ\u00eda y altera su comportamiento, afectando su orientaci\u00f3n y capacidad de vuelo. En el mediano plazo, esto tambi\u00e9n compromete su capacidad para absorber nutrientes, debilit\u00e1ndolas progresivamente.<\/p>\n\n\n\n<p>Como consecuencia, su rol en la polinizaci\u00f3n se ve amenazado, poniendo en riesgo los ecosistemas que dependen de ellas para la reproducci\u00f3n de plantas y la producci\u00f3n de alimentos. Adem\u00e1s, estos micropl\u00e1sticos terminan en productos consumidos por los humanos, como la miel y el polen. \u201cNos los estamos comiendo\u201d, advierte Camacho Erazo, se\u00f1alando que la contaminaci\u00f3n por micropl\u00e1sticos se suma a otros riesgos ambientales como la presencia de metales pesados en la cadena alimentaria.<\/p>\n\n\n\n<p>Los cient\u00edficos llevan un buen tiempo alertando por la acumulaci\u00f3n de micropl\u00e1sticos en los cuerpos de los seres humanos y a\u00fan se desconocen los efectos que puedan tener en nuestra salud. Sin embargo, en un art\u00edculo<a href=\"https:\/\/www.nature.com\/articles\/s41591-024-03453-1#Sec3\" target=\"_blank\" rel=\"noopener\"> publicado en Nature<\/a> este a\u00f1o, investigadores describ\u00edan c\u00f3mo les siguieron el rastro a estos contaminantes en diferentes tejidos y \u00f3rganos, siendo el cerebro el lugar d\u00f3nde encontraron mayores concentraciones de pl\u00e1stico.<\/p>\n\n\n\n<p>Ante esta problem\u00e1tica, la investigadora destaca que es urgente tomar medidas como la reducci\u00f3n del uso de pl\u00e1sticos, la restauraci\u00f3n de h\u00e1bitats y la regulaci\u00f3n de la contaminaci\u00f3n. \u201cSi hay micropl\u00e1sticos en las abejas, <a href=\"https:\/\/www.javeriana.edu.co\/pesquisa\/microplasticos-el-pan-de-cada-dia-de-los-peces\/\">\u00bfqu\u00e9 m\u00e1s puede haber en el ecosistema?<\/a>\u201d, se pregunta, subrayando la necesidad de monitorear estos agentes contaminantes. Proteger a las abejas es tambi\u00e9n proteger la biodiversidad y la calidad de vida humana, en un esfuerzo que requiere la acci\u00f3n conjunta de la ciencia, la pol\u00edtica y la ciudadan\u00eda.<\/p>\n\n\n\n<hr class=\"wp-block-separator has-alpha-channel-opacity\"\/>\n\n\n\n<h4 class=\"wp-block-heading\">Para leer m\u00e1s:<\/h4>\n\n\n\n<p><a href=\"https:\/\/doi.org\/10.3390\/microplastics3040036\" target=\"_blank\" rel=\"noopener\">G\u00f3mez-M\u00e9ndez, LD, Robles-Camargo, JE, Vera-Bravo, R., Moncaleano-Ni\u00f1o, AM, Devia Castillo, CA, Ospina-Torres, R., Escobar-Cort\u00e9s, Y., Camacho-Erazo, M., &amp; Amarillo-Su\u00e1rez, AR (2024). Caracterizaci\u00f3n de Micropl\u00e1sticos en Abejas y sus Productos en Zonas Urbanas y Rurales de la Sabana De Bogot\u00e1, Colombia. Microplastics, 3 (4), 589-598. <\/a><\/p>\n","protected":false},"excerpt":{"rendered":"<p>Las abejas no solo producen miel y polinizan cultivos, sino que tambi\u00e9n reflejan la contaminaci\u00f3n ambiental. Un estudio javeriano encontr\u00f3 micropl\u00e1sticos tanto en sus cuerpos como en su miel y polen, lo que supone un riesgo ambiental latente.  <\/p>\n","protected":false},"author":160,"featured_media":42401,"comment_status":"open","ping_status":"open","sticky":false,"template":"","format":"standard","meta":{"footnotes":""},"categories":[376,1157,4326],"tags":[4721,460,97,499],"class_list":{"0":"post-42398","1":"post","2":"type-post","3":"status-publish","4":"format-standard","5":"has-post-thumbnail","7":"category-ambiente","8":"category-destacadas","9":"category-noticia","10":"tag-abejas","11":"tag-ciencia","12":"tag-investigacion","13":"tag-javeriana"},"_links":{"self":[{"href":"http:\/\/www.javeriana.edu.co\/pesquisa\/wp-json\/wp\/v2\/posts\/42398","targetHints":{"allow":["GET"]}}],"collection":[{"href":"http:\/\/www.javeriana.edu.co\/pesquisa\/wp-json\/wp\/v2\/posts"}],"about":[{"href":"http:\/\/www.javeriana.edu.co\/pesquisa\/wp-json\/wp\/v2\/types\/post"}],"author":[{"embeddable":true,"href":"http:\/\/www.javeriana.edu.co\/pesquisa\/wp-json\/wp\/v2\/users\/160"}],"replies":[{"embeddable":true,"href":"http:\/\/www.javeriana.edu.co\/pesquisa\/wp-json\/wp\/v2\/comments?post=42398"}],"version-history":[{"count":13,"href":"http:\/\/www.javeriana.edu.co\/pesquisa\/wp-json\/wp\/v2\/posts\/42398\/revisions"}],"predecessor-version":[{"id":42445,"href":"http:\/\/www.javeriana.edu.co\/pesquisa\/wp-json\/wp\/v2\/posts\/42398\/revisions\/42445"}],"wp:featuredmedia":[{"embeddable":true,"href":"http:\/\/www.javeriana.edu.co\/pesquisa\/wp-json\/wp\/v2\/media\/42401"}],"wp:attachment":[{"href":"http:\/\/www.javeriana.edu.co\/pesquisa\/wp-json\/wp\/v2\/media?parent=42398"}],"wp:term":[{"taxonomy":"category","embeddable":true,"href":"http:\/\/www.javeriana.edu.co\/pesquisa\/wp-json\/wp\/v2\/categories?post=42398"},{"taxonomy":"post_tag","embeddable":true,"href":"http:\/\/www.javeriana.edu.co\/pesquisa\/wp-json\/wp\/v2\/tags?post=42398"}],"curies":[{"name":"wp","href":"https:\/\/api.w.org\/{rel}","templated":true}]}}