{"id":44709,"date":"2025-11-04T09:04:42","date_gmt":"2025-11-04T14:04:42","guid":{"rendered":"http:\/\/www.javeriana.edu.co\/pesquisa\/?p=44709"},"modified":"2025-11-04T09:04:44","modified_gmt":"2025-11-04T14:04:44","slug":"musica-pacifico-memoria","status":"publish","type":"post","link":"http:\/\/www.javeriana.edu.co\/pesquisa\/musica-pacifico-memoria\/","title":{"rendered":"Ritmos del Pac\u00edfico que navegan con memoria y resistencia"},"content":{"rendered":"\n<p>Los ritmos musicales del Pac\u00edfico colombiano, nacidos entre la espuma de las olas y la influencia ancestral de las comunidades, fusionan herencias africanas e ind\u00edgenas para crear expresiones culturales \u00fanicas y llenas de significado. Las melod\u00edas emprenden un viaje m\u00e1gico desde el litoral hasta Cali, pero no viajan en buses o aviones, sino que se mueven en el viento, los instrumentos y las voces de los cantautores. Llegan cada a\u00f1o al Festival del Pac\u00edfico Petronio \u00c1lvarez cargadas de tradici\u00f3n, cultura y resistencia.<\/p>\n\n\n\n<p>Para Manuel Sevilla, doctor en antropolog\u00eda y profesor de la Facultad de Creaci\u00f3n y H\u00e1bitat de la Pontificia Universidad Javeriana, seccional Cali, no son los expertos o el Ministerio de Cultura los que deciden qu\u00e9 es patrimonio cultural, sino las comunidades mismas. El docente y m\u00fasico lo entiende como el motor para la acci\u00f3n conjunta de las comunidades<\/p>\n\n\n\n<p>que les permite trazar objetivos comunes que contribuyen a su desarrollo integral. As\u00ed, el patrimonio cultural juega un papel importante como impulsor, aglutinante y, al mismo tiempo, como horizonte para los habitantes de esos territorios.<\/p>\n\n\n\n<p>Con el inter\u00e9s en las pr\u00e1cticas culturales que se reconocen como patrimonio, especialmente las musicales, surge en 2010 el proyecto M\u00fasicas del R\u00edo: \u201cEmpez\u00f3 a ser evidente que en torno a las pr\u00e1cticas musicales del Pac\u00edfico colombiano ocurr\u00edan muchas cosas y desde la<\/p>\n\n\n\n<p>Universidad Javeriana en Cali hab\u00eda mucho por indagar y aportar en su conservaci\u00f3n\u201d, asegura Sevilla, investigador principal del proyecto. De esta manera, M\u00fasicas del R\u00edo se ha<\/p>\n\n\n\n<p>orientado a la investigaci\u00f3n+creaci\u00f3n y la apropiaci\u00f3n social del conocimiento, con la participaci\u00f3n de profesores, estudiantes y actores invitados, en asocio con instituciones y comunidades de la regi\u00f3n.&nbsp;<\/p>\n\n\n\n<p>Su objetivo ha sido acercar los ritmos y la cultura del Pac\u00edfico a quienes no han tenido contacto con ellos, para que los conozcan, valoren y apropien. Luego de diversos resultados e impactos a lo largo de m\u00e1s de diez a\u00f1os de ejecuci\u00f3n, en 2024 el proyecto se traz\u00f3 dos metas: la publicaci\u00f3n en ingl\u00e9s del libro Gu\u00eda incompleta del Festival de M\u00fasica del Pac\u00edfico Petronio \u00c1lvarez (1997-2021) y la coordinaci\u00f3n de las actividades de apropiaci\u00f3n social del conocimiento en el marco del mismo festival.<\/p>\n\n\n\n<p>\u201cIniciativas como el Programa M\u00fasicas del R\u00edo facilitan que nuestras funciones sustantivas de investigaci\u00f3n, docencia y servicio puedan articularse para fortalecer el patrimonio cultural\u201d, Manuel Sevilla<\/p>\n\n\n\n<figure class=\"wp-block-image size-large\"><img fetchpriority=\"high\" decoding=\"async\" width=\"1024\" height=\"683\" src=\"http:\/\/www.javeriana.edu.co\/pesquisa\/wp-content\/uploads\/2025\/09\/musica-pacifico-memoria-resistencia-petronio3-1024x683.png\" alt=\"\" class=\"wp-image-44734\" srcset=\"http:\/\/www.javeriana.edu.co\/pesquisa\/wp-content\/uploads\/2025\/09\/musica-pacifico-memoria-resistencia-petronio3-1024x683.png 1024w, http:\/\/www.javeriana.edu.co\/pesquisa\/wp-content\/uploads\/2025\/09\/musica-pacifico-memoria-resistencia-petronio3-300x200.png 300w, http:\/\/www.javeriana.edu.co\/pesquisa\/wp-content\/uploads\/2025\/09\/musica-pacifico-memoria-resistencia-petronio3-1536x1024.png 1536w, http:\/\/www.javeriana.edu.co\/pesquisa\/wp-content\/uploads\/2025\/09\/musica-pacifico-memoria-resistencia-petronio3-150x100.png 150w, http:\/\/www.javeriana.edu.co\/pesquisa\/wp-content\/uploads\/2025\/09\/musica-pacifico-memoria-resistencia-petronio3-450x300.png 450w, http:\/\/www.javeriana.edu.co\/pesquisa\/wp-content\/uploads\/2025\/09\/musica-pacifico-memoria-resistencia-petronio3-1200x800.png 1200w, http:\/\/www.javeriana.edu.co\/pesquisa\/wp-content\/uploads\/2025\/09\/musica-pacifico-memoria-resistencia-petronio3-768x512.png 768w, http:\/\/www.javeriana.edu.co\/pesquisa\/wp-content\/uploads\/2025\/09\/musica-pacifico-memoria-resistencia-petronio3.png 1920w\" sizes=\"(max-width: 1024px) 100vw, 1024px\" \/><figcaption class=\"wp-element-caption\">Fotograf\u00eda: Carlos Miguel Varona<\/figcaption><\/figure>\n\n\n\n<h4 class=\"wp-block-heading\"><strong>Di\u00e1logos de saberes ancestrales en el Petronio \u00c1lvarez&nbsp;<\/strong><\/h4>\n\n\n\n<p>El reto de la Universidad Javeriana, en el marco de las \u00faltimas ediciones del Petronio \u00c1lvarez, ha sido generar conversaciones alrededor de las historias de la cultura del Pac\u00edfico, mezclando voces, sonidos y representaci\u00f3n de sus expresiones. Para ello, acompa\u00f1aron la agenda acad\u00e9mica del festival realizado en agosto de este a\u00f1o, junto con la Secretar\u00eda de Cultura de Santiago de Cali y un grupo de instituciones de la ciudad, el departamento del Valle del Cauca y la Naci\u00f3n para llevar el conocimiento de las tradiciones, la m\u00fasica, la artesan\u00eda y la cultura del Pac\u00edfico a universidades.&nbsp;<\/p>\n\n\n\n<p>Las actividades consist\u00edan, principalmente, en foros de 45 minutos en los que \u201chombres y mujeres, sabedores de aspectos culturales del Pac\u00edfico, se reunieron a conversar, y el papel de los acad\u00e9micos fue mediar esos di\u00e1logos\u201d, explica Sevilla. Esta apuesta se tradujo en una voz protag\u00f3nica para los conocimientos ancestrales sobre el patrimonio cultural del Pac\u00edfico, su m\u00fasica, sus dolencias y sus tradiciones, y logr\u00f3 conectar en espacio y tiempo a dos culturas (la rural y la urbana) para darle un lugar al di\u00e1logo de saberes y resaltar esa riqueza hist\u00f3rica.&nbsp;<\/p>\n\n\n\n<p>El proyecto es una muestra de c\u00f3mo, con respeto e inter\u00e9s por el otro, es posible derribar barreras de prejuicio y odio, para construir un camino de aprendizaje y enriquecimiento cultural.&nbsp;<\/p>\n\n\n\n<p>Destacado: \u201cMuchos de los estudiantes dec\u00edan que era una maravilla poder escuchar la m\u00fasica de sus abuelas. La gente que no es descendiente del Pac\u00edfico dec\u00eda que era una fantas\u00eda poder conocer esto de cerca\u201d, Manuel Sevilla<\/p>\n\n\n\n<h4 class=\"wp-block-heading\"><strong>\u00a1Que retumben las aulas a punta de marimba!<\/strong><\/h4>\n\n\n\n<p>Por otro lado, desempe\u00f1\u00f3 un papel destacado la iniciativa \u201cPetronio en las Universidades\u201d, gracias a la cual las vibraciones de los instrumentos del Pac\u00edfico y las voces llenas de historia y alegr\u00eda transcendieron la distancia: las melod\u00edas viajaron r\u00edo arriba, llevando consigo las historias ancestrales con sus sonidos \u00fanicos; resonaron en la tierra, conectando la ra\u00edz cultural con el asfalto de la ciudad. As\u00ed, la m\u00fasica del Pac\u00edfico lleg\u00f3 a las universidades, para enamorar, a trav\u00e9s de conversatorios y presentaciones musicales, a toda la comunidad educativa.&nbsp;<\/p>\n\n\n\n<p>Las dificultades para contar con auditorios y sistemas de sonido integrados no fueron&nbsp; bst\u00e1culo para que las instituciones recibieran a las agrupaciones en sus campus. Este proyecto ha llegado a diferentes universidades, se ha adaptado a sus condiciones y ha visibilizado el impacto de los ritmos del Pac\u00edfico en quienes los sienten: \u201cMuchos de los estudiantes dec\u00edan que era una maravilla poder escuchar la m\u00fasica de sus abuelas. La gente que no es descendiente de esa regi\u00f3n dec\u00eda que era una fantas\u00eda conocer esta tradici\u00f3n de cerca\u201d, comenta el profesor Sevilla. Con estos encuentros se vislumbr\u00f3 la riqueza musical del Pac\u00edfico y se gener\u00f3 un espacio marcado por el asombro, el respeto y la admiraci\u00f3n por el patrimonio cultural.&nbsp;<\/p>\n\n\n\n<h4 class=\"wp-block-heading\"><strong>La m\u00fasica del pac\u00edfico coge vuelo y llega a Nueva Orleans<\/strong><\/h4>\n\n\n\n<p>Otro logro reciente del programa M\u00fasicas del R\u00edo fue la publicaci\u00f3n de la edici\u00f3n en ingl\u00e9s del libro sobre el Festival Petronio \u00c1lvarez. Los aliados para su publicaci\u00f3n fueron la Secretar\u00eda de Cultura de Cali; el programa Juntanza \u00c9tnica, de la Agricultural Cooperative Development International (ACDI) y Volunteers in Overseas Cooperative Assistance (VOCA); el archivo del Festival de Jazz de Nueva Orleans; y el sello editorial de la Universidad de Nueva Orleans.&nbsp;<\/p>\n\n\n\n<p>Adem\u00e1s, las marimbas y dem\u00e1s instrumentos del Pac\u00edfico cogieron vuelo, en mayo de 2024, y cautivaron nuevos o\u00eddos en el Festival de Jazz de Nueva Orleans, uno de los encuentros musicales m\u00e1s importantes de Estados Unidos. Para esa edici\u00f3n, realizaron la celebraci\u00f3n internacional m\u00e1s grande en su historia y dedicaron su pabell\u00f3n de Intercambio Cultural a la promoci\u00f3n de las tradiciones de Colombia. De esta forma, m\u00fasicos y artesanos del pa\u00eds participaron del encuentro, entre ellos el maestro Addo Obed Possu, un artesano de instrumentos musicales de madera del Pac\u00edfico, que fue respaldado por M\u00fasicas del R\u00edo.&nbsp;<\/p>\n\n\n\n<p>Una vez que la riqueza cultural del Pac\u00edfico llega a las comunidades educativas de Cali, es muy dif\u00edcil dejarla ir. La euforia, los aprendizajes, los ritmos, la vibraci\u00f3n de los instrumentos y los ecos de las voces se siguen escuchando despu\u00e9s del <a href=\"https:\/\/www.javeriana.edu.co\/pesquisa\/el-petronio-alvarez-y-la-resistencia-del-pacifico-a-traves-de-la-musica\/\">Petronio \u00c1lvarez<\/a>. Programas como M\u00fasicas del R\u00edo acercan el patrimonio cultural del Pac\u00edfico a todos los cale\u00f1os y visitantes de la ciudad, quienes, con respeto y admiraci\u00f3n, los reciben, aprenden y se inspiran a partir de los encuentros de saberes y tradiciones.&nbsp;<\/p>\n\n\n\n<hr class=\"wp-block-separator has-alpha-channel-opacity\"\/>\n\n\n\n<p>Para saber m\u00e1s:<br>P\u00e1gina del proyecto: <a href=\"http:\/\/www.musicasdelrio.com\" target=\"_blank\" rel=\"noopener\">www.musicasdelrio.com<\/a><br>Gu\u00eda incompleta del Festival de M\u00fasica del Pac\u00edfico Petronio \u00c1lvarez 1997 \u2013 2021. Manuel Sevilla, F\u00e9lix Domingo Cabezas Prado, Paola Andrea Cano Molina, Miguel Varona<br>(fotograf\u00edas), 2022. <a href=\"https:\/\/musicasdelrio.com\/wp-content\/uploads\/2022\/10\/Sevilla_et_al_2022_Guia_Petronio_Alvarez_Segunda_edicion.pdf\" target=\"_blank\" rel=\"noopener\">https:\/\/musicasdelrio.com\/wp-content\/uploads\/2022\/10\/Sevilla_et_al_2022_Guia_Petronio_Alvarez_Segunda_edicion.pdf<\/a>&nbsp;<\/p>\n\n\n\n<p>The (incomplete) guide to the Petronio \u00c1lvarez Pacific Music Festival 1997 \u2013 2021. Manuel Sevilla, F\u00e9lix Domingo Cabezas Prado, Paola Andrea Cano Molina, Miguel Varona<br>(fotograf\u00edas), Traslated by Matthew Dwelley , 2024. <a href=\"https:\/\/musicasdelrio.com\/wp-content\/uploads\/2025\/01\/Sevilla_et_al_2024_Guide_to_Petronio_English_version.pdf\" target=\"_blank\" rel=\"noopener\">https:\/\/musicasdelrio.com\/wp-content\/uploads\/2025\/01\/Sevilla_et_al_2024_Guide_to_Petronio_English_version.pdf<\/a><\/p>\n\n\n<div class=\"wp-block-image\">\n<figure class=\"aligncenter size-full\"><a href=\"https:\/\/acortar.link\/0DCBgO\" target=\"_blank\" rel=\"noopener\"><img decoding=\"async\" width=\"600\" height=\"200\" src=\"http:\/\/www.javeriana.edu.co\/pesquisa\/wp-content\/uploads\/2025\/09\/pesquisa-javeriana72-600x200finarticulo.png\" alt=\"Pesquisa Javeriana 72 edici\u00f3n impresa de Pesquisa Javeriana. Esta, su edici\u00f3n 72, trae historias de investigaci\u00f3n cient\u00edfica que, desde diferentes disciplinas, responden a las necesidades del pa\u00eds y sus regiones.\" class=\"wp-image-44888\" srcset=\"http:\/\/www.javeriana.edu.co\/pesquisa\/wp-content\/uploads\/2025\/09\/pesquisa-javeriana72-600x200finarticulo.png 600w, http:\/\/www.javeriana.edu.co\/pesquisa\/wp-content\/uploads\/2025\/09\/pesquisa-javeriana72-600x200finarticulo-300x100.png 300w, http:\/\/www.javeriana.edu.co\/pesquisa\/wp-content\/uploads\/2025\/09\/pesquisa-javeriana72-600x200finarticulo-150x50.png 150w, http:\/\/www.javeriana.edu.co\/pesquisa\/wp-content\/uploads\/2025\/09\/pesquisa-javeriana72-600x200finarticulo-450x150.png 450w\" sizes=\"(max-width: 600px) 100vw, 600px\" \/><\/a><\/figure><\/div>","protected":false},"excerpt":{"rendered":"<p>Con una trayectoria de m\u00e1s de 10 a\u00f1os, el programa M\u00fasicas del R\u00edo consigui\u00f3 en el curso del \u00faltimo a\u00f1o dos logros importantes: la publicaci\u00f3n en ingl\u00e9s del libro Gu\u00eda incompleta del Festival de M\u00fasica del Pac\u00edfico Petronio \u00c1lvarez (1997-2021) y la coordinaci\u00f3n de la agenda acad\u00e9mica en el marco del mismo festival para el 2025. <\/p>\n","protected":false},"author":168,"featured_media":44735,"comment_status":"open","ping_status":"open","sticky":false,"template":"","format":"standard","meta":{"footnotes":""},"categories":[2622,199,1157,3694],"tags":[4004,97,499,4744],"class_list":{"0":"post-44709","1":"post","2":"type-post","3":"status-publish","4":"format-standard","5":"has-post-thumbnail","7":"category-javeriana-cali-investiga","8":"category-cultura","9":"category-destacadas","10":"category-musica","11":"tag-festival-de-musica-del-pacifico-petronio-alvarez","12":"tag-investigacion","13":"tag-javeriana","14":"tag-javeriana-cali-investiga"},"_links":{"self":[{"href":"http:\/\/www.javeriana.edu.co\/pesquisa\/wp-json\/wp\/v2\/posts\/44709","targetHints":{"allow":["GET"]}}],"collection":[{"href":"http:\/\/www.javeriana.edu.co\/pesquisa\/wp-json\/wp\/v2\/posts"}],"about":[{"href":"http:\/\/www.javeriana.edu.co\/pesquisa\/wp-json\/wp\/v2\/types\/post"}],"author":[{"embeddable":true,"href":"http:\/\/www.javeriana.edu.co\/pesquisa\/wp-json\/wp\/v2\/users\/168"}],"replies":[{"embeddable":true,"href":"http:\/\/www.javeriana.edu.co\/pesquisa\/wp-json\/wp\/v2\/comments?post=44709"}],"version-history":[{"count":6,"href":"http:\/\/www.javeriana.edu.co\/pesquisa\/wp-json\/wp\/v2\/posts\/44709\/revisions"}],"predecessor-version":[{"id":44903,"href":"http:\/\/www.javeriana.edu.co\/pesquisa\/wp-json\/wp\/v2\/posts\/44709\/revisions\/44903"}],"wp:featuredmedia":[{"embeddable":true,"href":"http:\/\/www.javeriana.edu.co\/pesquisa\/wp-json\/wp\/v2\/media\/44735"}],"wp:attachment":[{"href":"http:\/\/www.javeriana.edu.co\/pesquisa\/wp-json\/wp\/v2\/media?parent=44709"}],"wp:term":[{"taxonomy":"category","embeddable":true,"href":"http:\/\/www.javeriana.edu.co\/pesquisa\/wp-json\/wp\/v2\/categories?post=44709"},{"taxonomy":"post_tag","embeddable":true,"href":"http:\/\/www.javeriana.edu.co\/pesquisa\/wp-json\/wp\/v2\/tags?post=44709"}],"curies":[{"name":"wp","href":"https:\/\/api.w.org\/{rel}","templated":true}]}}