{"id":44822,"date":"2025-09-16T07:00:00","date_gmt":"2025-09-16T12:00:00","guid":{"rendered":"http:\/\/www.javeriana.edu.co\/pesquisa\/?p=44822"},"modified":"2025-09-16T09:43:24","modified_gmt":"2025-09-16T14:43:24","slug":"rob-comber-inteligencia-artificial","status":"publish","type":"post","link":"http:\/\/www.javeriana.edu.co\/pesquisa\/rob-comber-inteligencia-artificial\/","title":{"rendered":"\u2018En desarrollos de la IA estamos tratando de recuperar algo fundamentalmente humano\u2019: Rob Comber"},"content":{"rendered":"\n<p>La tecnolog\u00eda est\u00e1 en cada esfera de nuestra vida. En muchos sentidos la hace m\u00e1s f\u00e1cil, pero tambi\u00e9n nos a\u00edsla y profundiza las relaciones de jerarqu\u00eda y opresi\u00f3n. Esos procesos son estudiados por acad\u00e9micos en el campo de la Interacci\u00f3n Humano-Computadora (HCI), donde el psic\u00f3logo aplicado irland\u00e9s <a href=\"https:\/\/www.kth.se\/profile\/rcomber\" target=\"_blank\" rel=\"noreferrer noopener\">Rob Comber <\/a>se ha convertido en una figura destacada. <\/p>\n\n\n\n<p>Su art\u00edculo sobre c\u00f3mo la computaci\u00f3n podr\u00eda constituir \u2018ecocidio\u2019 \u2014el equivalente ambiental del genocidio\u2014 ha sido citado docenas de veces y, desde su posici\u00f3n en el Real Instituto de Tecnolog\u00eda (KTH) de Suecia, colabora con un equipo de acad\u00e9micos interdisciplinarios que piensa formas en las que podemos, en sus palabras, \u201cdise\u00f1ar sistemas sociot\u00e9cnicos para un futuro mejor\u201d. Hablamos con \u00e9l antes de su visita a Colombia, donde dar\u00e1 una conferencia\u00a0el 16 de septiembre \u2013con entrada gratuita\u2013 en el marco del <a href=\"https:\/\/www.javeriana.edu.co\/congreso\" target=\"_blank\" rel=\"noreferrer noopener\">XVIII Congreso La investigaci\u00f3n en la Pontificia Universidad Javeriana<em>.<\/em><\/a>\u00a0<\/p>\n\n\n\n<figure class=\"wp-block-embed is-type-video is-provider-youtube wp-block-embed-youtube wp-embed-aspect-16-9 wp-has-aspect-ratio\"><div class=\"wp-block-embed__wrapper\">\n<iframe title=\"What does AI sustain? | \u00bfQu\u00e9 sostiene la Inteligencia Artificial? - Rob Comber\" width=\"814\" height=\"458\" src=\"https:\/\/www.youtube.com\/embed\/LslBecEk3FE?feature=oembed\" frameborder=\"0\" allow=\"accelerometer; autoplay; clipboard-write; encrypted-media; gyroscope; picture-in-picture; web-share\" referrerpolicy=\"strict-origin-when-cross-origin\" allowfullscreen><\/iframe>\n<\/div><\/figure>\n\n\n\n<p><strong>Usted reflexiona sobre c\u00f3mo la tecnolog\u00eda ha cambiado nuestra relaci\u00f3n con cosas como la comida, la vivienda y, en general, el medio ambiente, \u00bfcu\u00e1les son algunos de los cambios m\u00e1s radicales?<\/strong>&nbsp;<\/p>\n\n\n\n<p>Uno de los mayores cambios que vemos ha estado ocurriendo en los \u00faltimos 40 a\u00f1os: la defensa de la idea de que las personas son responsables de todo lo que sucede en sus vidas, ya sea nuestra propia salud, finanzas o seguridad. Todo lo que hacemos es algo que producimos nosotros mismos. La tecnolog\u00eda realmente avanza hacia esa idea porque nos permite hacer muchas cosas por nosotros mismos, pero gran parte de la tecnolog\u00eda se trata de compartir y colaborar. Entonces, me he enfocado a tratar de conectar a las personas para ayudarlas a prosperar en ese entorno compartido, en lugar de hacerlo de forma aislada. &nbsp;<\/p>\n\n\n\n<p><strong>\u00bfC\u00f3mo lo ha hecho? <\/strong>&nbsp;<\/p>\n\n\n\n<p>La comida es un buen ejemplo. Muchas personas cuando van por primera vez a la universidad tal vez nunca hayan cocinado para s\u00ed mismas. Entonces, en ese momento s\u00ed deben mantenerse a s\u00ed mismos y, de repente, su dieta se convierte en comida r\u00e1pida. Pero en otros contextos, podemos cocinar con amigos, compartir y lograr&nbsp;una relaci\u00f3n m\u00e1s saludable y rica con la comida. Muchos procesos en la sociedad, como la vivienda o la democracia, siguen una tendencia similar. El mundo nos empuja a actuar individualmente y en b\u00fasqueda de nuestro propio inter\u00e9s, sin comprender los sistemas m\u00e1s grandes, cuando las soluciones deber\u00edan enfocarse en cambiar los sistemas.&nbsp;<\/p>\n\n\n\n<p><strong>\u00bfC\u00f3mo ha cambiado la tecnolog\u00eda nuestra relaci\u00f3n con el trabajo?<\/strong>&nbsp;<\/p>\n\n\n\n<p>La respuesta recurrente es la alienaci\u00f3n. Nos distanciar de nuestro trabajo y nuestra producci\u00f3n: puedo hacer un d\u00eda completo de trabajo sin ponerme de pie, lo que antes no se habr\u00eda considerado trabajo. Adem\u00e1s, la tecnolog\u00eda nos permite alejar mucho m\u00e1s el trabajo de otras personas. <\/p>\n\n\n\n<p>Un autor llamado Eli Blevis, que tambi\u00e9n es fot\u00f3grafo, utiliza fotograf\u00edas de personas que tienen que hacer la gesti\u00f3n de residuos en las grandes ciudades como una forma de hablar sobre c\u00f3mo invisibilizamos el trabajo humano que respalda nuestro consumo. Por ejemplo, alguien que lleva muchas cajas de cart\u00f3n para televisores que rara vez vemos y en quien nunca pensamos. Hemos logrado virtualizar gran parte de nuestro trabajo y, al hacerlo, nos permitimos distanciarnos de \u00e9l. As\u00ed tenemos menos cuidado por lo que est\u00e1 sucediendo en los sistemas con los que interactuamos.&nbsp;<\/p>\n\n\n\n<p><strong>En su libro <a href=\"https:\/\/theconversation.com\/in-doppelganger-naomi-klein-says-the-world-is-broken-conspiracy-theorists-get-the-facts-wrong-but-often-get-the-feelings-right-209990\" target=\"_blank\" rel=\"noreferrer noopener\">Doppelganger<\/a>, Naomi Klein las llama las \u2018tierras de las sombras\u2019, los lugares donde hemos empujado al trabajo y nunca miramos.<\/strong>&nbsp;<\/p>\n\n\n\n<p>S\u00ed, es exactamente ese concepto. En muchos sentidos, ni siquiera es que no lo veamos, pero no tenemos idea de lo que es. Si pusieras una computadora port\u00e1til frente a m\u00ed, que es mi herramienta diaria, y me dijeras \u2018haz la tuya\u2019, \u00bfpor d\u00f3nde empezar\u00eda? Hoy yo no s\u00e9 c\u00f3mo hacer mi herramienta de trabajo y eso es un cambio muy r\u00e1pido de la forma en que era el mundo hace unos a\u00f1os. <\/p>\n\n\n\n<p>No quiero romantizar el pasado y decir que todo fue maravilloso, pero la tecnolog\u00eda, en particular la tecnolog\u00eda digital, permite que gran parte del trabajo ocurra en esa \u2018tierra de sombras\u2019, ese espacio que est\u00e1 fuera de nuestra vista y del que no tenemos que dar cuenta.&nbsp;<\/p>\n\n\n\n<p><strong>\u00bfCree que eso tambi\u00e9n sucede con el trabajo involucrado en la tecnolog\u00eda en s\u00ed? Tendemos a olvidar que los algoritmos est\u00e1n hechos por personas, por ejemplo.<\/strong>&nbsp;<\/p>\n\n\n\n<p>Los algoritmos son la virtualizaci\u00f3n de lo virtual en el sentido de que sabes que alguien los hace, pero ni siquiera tienes acceso a lo que esa persona estaba haciendo, \u00bfverdad? No obtienes la computadora port\u00e1til al final. No obtienes el algoritmo al final. Obtienes lo que escupe, su resultado, la interfaz o aplicaci\u00f3n que finalmente usamos. Sin embargo, hay algunos enfoques diferentes que los investigadores est\u00e1n utilizando para hacer visible este tipo de trabajo.&nbsp;<\/p>\n\n\n\n<p><strong>\u00bfPuede nombrar algunos?<\/strong>&nbsp;<\/p>\n\n\n\n<p>Personas como <a href=\"https:\/\/communication.ucsd.edu\/people\/faculty\/irani-lilly.html\" target=\"_blank\" rel=\"noreferrer noopener\">Lilly Irani<\/a>, profesora de la Universidad de California, Estados Unidos, est\u00e1n creando sistemas para que esos trabajadores se sindicalicen. Esa es una forma interesante de darles voz como productores de mano de obra. Hay otros que est\u00e1n buscando formas de dar cuenta de los tipos de trabajo que est\u00e1n sucediendo en muchos contextos diferentes, ya sea la entrega de alimentos o la moderaci\u00f3n de las redes sociales, para ver qu\u00e9 les sucede a las personas cuando hacen esto. <\/p>\n\n\n\n<p>Por ejemplo, tuvimos un taller en el que les pedimos a los participantes que mapearan de principio a fin a todas las personas que podr\u00edan estar involucradas en la creaci\u00f3n de un sistema algor\u00edtmico, y fue revelador ver cu\u00e1ntas veces un humano podr\u00eda entrar en el ciclo, desde la moderaci\u00f3n de contenido hasta el dise\u00f1o o ajuste de un algoritmo. Cuando hablamos de una inteligencia artificial&nbsp;imaginamos solo computadoras sentadas en fila, pero la gente interviene constantemente en ella, y creo que hablar con ellos y averiguar qu\u00e9 est\u00e1n haciendo es un punto de partida.&nbsp;<\/p>\n\n\n\n<blockquote class=\"wp-block-quote is-layout-flow wp-block-quote-is-layout-flow\">\n<p>&#8220;Las \u00e1reas en las que la inteligencia artificial se est\u00e1 volviendo m\u00e1s humana es porque estamos tratando de recuperar algo fundamentalmente humano, no una nueva s\u00faper capacidad&#8221;.<\/p>\n<cite>Rob Comber<\/cite><\/blockquote>\n\n\n\n<p><strong>Usted argumenta en uno de sus art\u00edculos que la computaci\u00f3n podr\u00eda considerarse ecocidio. \u00bfPor qu\u00e9?&nbsp;<\/strong>&nbsp;<\/p>\n\n\n\n<p>Esto comenz\u00f3 como una discusi\u00f3n con mi colega Elina Eriksson, la coautora de ese art\u00edculo. Est\u00e1bamos discutiendo c\u00f3mo algunas de estas tecnolog\u00edas son da\u00f1inas para el medio ambiente, aunque haya algo bueno que hagan. Y encontramos esta propuesta de ley de ecocidio, que es el equivalente ambiental de un genocidio: un crimen que puede ser juzgado en la Corte Penal Internacional y no existe en tiempos de paz, solo es un delito en medio de una guerra. <\/p>\n\n\n\n<p>Examinamos cu\u00e1les eran los umbrales en los que el da\u00f1o que se produc\u00eda con la computaci\u00f3n podr\u00eda ser mayor de lo que encontrar\u00edamos aceptable, dados los beneficios que conlleva. Encontramos casos en los que es posible decir que, para lo que se considera ecocidio, una tecnolog\u00eda inform\u00e1tica espec\u00edfica est\u00e1 haciendo un da\u00f1o mucho mayor al medio ambiente que el beneficio que obtenemos de ella, pero en muchos casos es muy dif\u00edcil decir <a href=\"https:\/\/limits.pubpub.org\/pub\/a8h46wqy\/release\/1\" target=\"_blank\" rel=\"noreferrer noopener\">\u2018s\u00ed, esto es ecocidio\u2019.<\/a>&nbsp;&nbsp;<\/p>\n\n\n\n<h6 class=\"wp-block-heading\"><strong>Esa es una discusi\u00f3n sobre el uso de la inteligencia artificial, dada la cantidad de agua que necesitan los centros de datos. \u00bfCree que ese debate es urgente?<\/strong>&nbsp;<\/h6>\n\n\n\n<p>Absolutamente. Mucha gente dir\u00eda que estamos m\u00e1s all\u00e1 del punto en el que necesit\u00e1bamos hacer algo al respecto, pero para m\u00ed est\u00e1 muy claro que hay ejemplos de lugares en los que se pide a las personas individualmente que realicen cambios en sus vidas sin pensar en un balance sano. Hace unas semanas, se pidi\u00f3 en el Reino Unido que las personas eliminaran los correos electr\u00f3nicos antiguos para preservar agua. Como los correos electr\u00f3nicos antiguos se almacenan en un centro de datos, la idea era que borrarlos reducir\u00eda el gasto de agua-. <\/p>\n\n\n\n<p>Pero no hab\u00eda ning\u00fan tipo de equilibrio entre el esfuerzo que se le ped\u00eda a la gente y lo que sucede con cada b\u00fasqueda que Google hace en segundo plano por cada p\u00e1gina web que visito. Si pudiera retroceder en el tiempo, escribir\u00eda ese art\u00edculo y lo llamar\u00eda: \u2018La Inteligencia Artificial como ecocidio\u2019, porque creo que se ha vuelto mucho m\u00e1s urgente pensar en esos costos. Est\u00e1n aumentando mucho m\u00e1s r\u00e1pido que la mayor\u00eda de las otras tecnolog\u00edas disponibles. Pero, nuevamente, esos costos se pueden virtualizar en centros de datos. &nbsp;<\/p>\n\n\n\n<figure class=\"wp-block-image size-large\"><img fetchpriority=\"high\" decoding=\"async\" width=\"1024\" height=\"795\" src=\"http:\/\/www.javeriana.edu.co\/pesquisa\/wp-content\/uploads\/2025\/07\/iStock-1864356267-1024x795.jpg\" alt=\"La inteligencia artificial en la investigaci\u00f3n\" class=\"wp-image-43954\" srcset=\"http:\/\/www.javeriana.edu.co\/pesquisa\/wp-content\/uploads\/2025\/07\/iStock-1864356267-1024x795.jpg 1024w, http:\/\/www.javeriana.edu.co\/pesquisa\/wp-content\/uploads\/2025\/07\/iStock-1864356267-300x233.jpg 300w, http:\/\/www.javeriana.edu.co\/pesquisa\/wp-content\/uploads\/2025\/07\/iStock-1864356267-1536x1193.jpg 1536w, http:\/\/www.javeriana.edu.co\/pesquisa\/wp-content\/uploads\/2025\/07\/iStock-1864356267-150x116.jpg 150w, http:\/\/www.javeriana.edu.co\/pesquisa\/wp-content\/uploads\/2025\/07\/iStock-1864356267-450x349.jpg 450w, http:\/\/www.javeriana.edu.co\/pesquisa\/wp-content\/uploads\/2025\/07\/iStock-1864356267-1200x932.jpg 1200w, http:\/\/www.javeriana.edu.co\/pesquisa\/wp-content\/uploads\/2025\/07\/iStock-1864356267-768x596.jpg 768w, http:\/\/www.javeriana.edu.co\/pesquisa\/wp-content\/uploads\/2025\/07\/iStock-1864356267.jpg 1965w\" sizes=\"(max-width: 1024px) 100vw, 1024px\" \/><\/figure>\n\n\n\n<p><strong>\u00bfCu\u00e1les son algunas de las cosas que a\u00fan necesitan interacci\u00f3n humana y que podr\u00edamos atesorar?<\/strong>&nbsp;<\/p>\n\n\n\n<p>Me encantar\u00eda decir que todo. Creo que hay mucho que es incuantificable o indescriptiblemente mejor cuando sucede con otras personas. Para volver al ejemplo de la comida, puedo encontrar las recetas de unas arepas geniales, y puedo hacerlas, pero nunca sabr\u00e9 si fueron buenas sin que mi colega colombiano venga y me diga \u2018as\u00ed es como los hacemos\u2019, porque es una experiencia que atraviesa el cuerpo. Gran parte de esa riqueza de nuestras vidas, de lo que le da sentido, est\u00e1 fuera de lo que se puede procesar computacionalmente.&nbsp;<\/p>\n\n\n\n<p><strong>La conexi\u00f3n&#8230;<\/strong>&nbsp;<\/p>\n\n\n\n<p>Veo que hay mucha discusi\u00f3n sobre las personas que tienen amistades o reciben <a href=\"https:\/\/elpais.com\/expres\/2025-04-23\/no-no-eres-el-unico-que-usa-chatgpt-como-psicologo-y-esto-tiene-sus-consecuencias.html\" target=\"_blank\" rel=\"noreferrer noopener\">asesoramiento psicol\u00f3gico <\/a>con ChatGPT. Creo que eso es hasta cierto punto preocupante porque est\u00e1n desarrollando relaciones con un sistema que no tiene una representaci\u00f3n equitativa de quienes son. Pero puedes ver que la gente est\u00e1 tratando de volver a la conexi\u00f3n con otras personas porque tal vez no han tenido la oportunidad de crear ese tipo de relaciones de confianza con alguien cercano. <\/p>\n\n\n\n<p>Las \u00e1reas en las que la inteligencia artificial se est\u00e1 volviendo m\u00e1s humana es porque estamos tratando de recuperar algo fundamentalmente humano, no una nueva s\u00faper capacidad. Hacer terapia o tener un amigo son cosas muy humanas. Hacer artes, disfrutar de la comida, cosas que hacemos con nuestros cuerpos, no estoy seguro de que la IA o los sistemas inform\u00e1ticos puedan reemplazarlos. Y creo que siempre sacaremos m\u00e1s provecho de hacer eso con otras personas.&nbsp;<\/p>\n\n\n\n<p><strong>\u00bfDe qu\u00e9 tratar\u00e1 su conferencia en Bogot\u00e1?<\/strong>&nbsp;<\/p>\n\n\n\n<p>El t\u00edtulo ser\u00e1 \u2018\u00bfQu\u00e9 sostiene la IA?\u2019 y hablar\u00e9 sobre mi propio proceso de c\u00f3mo decido qu\u00e9 partes del dise\u00f1o con sistemas de IA deben continuar que tienen valor para nosotros y c\u00f3mo tomamos esas decisiones a medida que avanzamos en el dise\u00f1o de sistemas sociot\u00e9cnicos. Para m\u00ed la respuesta tiene que ver con la crisis clim\u00e1tica. Creo que los investigadores deben tener un papel activo y verse a s\u00ed mismos como actores que dan forma al futuro, y espero dejar a los asistentes con algunas herramientas para pensar en su propio papel como investigadores, como ingenieros, como ciudadanos que pueden hacer cambios para una sociedad m\u00e1s sostenible.&nbsp;<\/p>\n","protected":false},"excerpt":{"rendered":"<p>El profesor del Real Instituto de Tecnolog\u00eda (KTH) de Suecia, investigador del campo de Interacci\u00f3n Humano-Computadora, estar\u00e1 en el XVIII Congreso de Investigaci\u00f3n de la Universidad Javeriana, para hablar sobre la necesidad de incluir una lente de sostenibilidad social y ambiental en los avances de inteligencia artificial. <\/p>\n","protected":false},"author":164,"featured_media":44821,"comment_status":"open","ping_status":"open","sticky":false,"template":"","format":"standard","meta":{"footnotes":""},"categories":[3515,1157,4594],"tags":[869,2960,97],"class_list":{"0":"post-44822","1":"post","2":"type-post","3":"status-publish","4":"format-standard","5":"has-post-thumbnail","7":"category-investigadores","8":"category-destacadas","9":"category-inteligencia-artificial","10":"tag-congreso","11":"tag-inteligencia-artificial","12":"tag-investigacion"},"_links":{"self":[{"href":"http:\/\/www.javeriana.edu.co\/pesquisa\/wp-json\/wp\/v2\/posts\/44822","targetHints":{"allow":["GET"]}}],"collection":[{"href":"http:\/\/www.javeriana.edu.co\/pesquisa\/wp-json\/wp\/v2\/posts"}],"about":[{"href":"http:\/\/www.javeriana.edu.co\/pesquisa\/wp-json\/wp\/v2\/types\/post"}],"author":[{"embeddable":true,"href":"http:\/\/www.javeriana.edu.co\/pesquisa\/wp-json\/wp\/v2\/users\/164"}],"replies":[{"embeddable":true,"href":"http:\/\/www.javeriana.edu.co\/pesquisa\/wp-json\/wp\/v2\/comments?post=44822"}],"version-history":[{"count":5,"href":"http:\/\/www.javeriana.edu.co\/pesquisa\/wp-json\/wp\/v2\/posts\/44822\/revisions"}],"predecessor-version":[{"id":44832,"href":"http:\/\/www.javeriana.edu.co\/pesquisa\/wp-json\/wp\/v2\/posts\/44822\/revisions\/44832"}],"wp:featuredmedia":[{"embeddable":true,"href":"http:\/\/www.javeriana.edu.co\/pesquisa\/wp-json\/wp\/v2\/media\/44821"}],"wp:attachment":[{"href":"http:\/\/www.javeriana.edu.co\/pesquisa\/wp-json\/wp\/v2\/media?parent=44822"}],"wp:term":[{"taxonomy":"category","embeddable":true,"href":"http:\/\/www.javeriana.edu.co\/pesquisa\/wp-json\/wp\/v2\/categories?post=44822"},{"taxonomy":"post_tag","embeddable":true,"href":"http:\/\/www.javeriana.edu.co\/pesquisa\/wp-json\/wp\/v2\/tags?post=44822"}],"curies":[{"name":"wp","href":"https:\/\/api.w.org\/{rel}","templated":true}]}}