{"id":45696,"date":"2025-10-16T09:40:57","date_gmt":"2025-10-16T14:40:57","guid":{"rendered":"http:\/\/www.javeriana.edu.co\/pesquisa\/?p=45696"},"modified":"2025-10-16T14:15:19","modified_gmt":"2025-10-16T19:15:19","slug":"relevo-generacional-rural","status":"publish","type":"post","link":"http:\/\/www.javeriana.edu.co\/pesquisa\/relevo-generacional-rural\/","title":{"rendered":"El campo en Colombia necesita un relevo generacional: \u00bfc\u00f3mo abordarlo?"},"content":{"rendered":"\n<blockquote class=\"wp-block-quote has-text-align-right is-layout-flow wp-block-quote-is-layout-flow\">\n<p><em>Ya se murieron mis&nbsp;perros,<\/em>&nbsp;<\/p>\n\n\n\n<p><em>ya&nbsp;qued\u00f3 mi rancho&nbsp;solo;<\/em>&nbsp;<\/p>\n\n\n\n<p><em>ma\u00f1ana&nbsp;me muero&nbsp;yo<\/em>&nbsp;<\/p>\n\n\n\n<p><em>para&nbsp;que se acabe todo.<\/em><\/p>\n<cite><em><a href=\"https:\/\/www.cervantesvirtual.com\/obra\/canciones-y-coplas-populares-880056\/\" target=\"_blank\" rel=\"noopener\">Jorge&nbsp;Isaacs,&nbsp;Canciones y coplas populares&nbsp;<\/a><\/em><\/cite><\/blockquote>\n\n\n\n<h2 class=\"wp-block-heading has-white-color has-text-color has-link-color wp-elements-4a9314e3bfd8cfe51a4a6c9e8c9886c8\" style=\"font-size:0px\">relevo generacional<\/h2>\n\n\n\n<p>Al principio llegaron de a pocos, un primo, un t\u00edo, despu\u00e9s otro, hasta que la ciudad, fr\u00eda y ajena para ellos,&nbsp;empez\u00f3 a llenarse de rostros familiares. Yo, ni\u00f1o,&nbsp;ingenuo a\u00fan, celebraba cada llegada. Mientras tanto,&nbsp;all\u00e1&nbsp;en la tierra quedaba la&nbsp;casa&nbsp;grande, una sola vaca, un&nbsp;par&nbsp;de gallinas&nbsp;y una mata de arom\u00e1ticas. El horno de le\u00f1a, que ahora solo&nbsp;se&nbsp;encend\u00eda en diciembre, era el&nbsp;reposadero&nbsp;de&nbsp;Pirul\u00edn, fiel compa\u00f1ero criollo, que tambi\u00e9n hab\u00eda envejecido. Los viejos, siempre ama\u00f1ados, pasaban las tardes en la ventana, entre la espera de quien part\u00eda y la ilusi\u00f3n de quien volviera.&nbsp;<\/p>\n\n\n\n<p>Familias como la m\u00eda,&nbsp;a lo largo y ancho del pa\u00eds&nbsp;son el centro&nbsp;de&nbsp;la investigaci\u00f3n de<a href=\"https:\/\/perfilesycapacidades.javeriana.edu.co\/es\/projects\/relevo-generacional-rural-en-comunidades-campesinas-un-an%C3%A1lisis-t\">&nbsp;Uriel Rodr\u00edguez Espinosa<\/a>, en el&nbsp;doctorado&nbsp;en Estudios Ambientales y Rurales&nbsp;de&nbsp;la Pontificia Universidad Javeriana. Su trabajo es una invitaci\u00f3n a cambiar la forma en que entendemos el relevo generacional rural, pues tradicionalmente, esa expresi\u00f3n se ha asociado a la presencia de j\u00f3venes o,&nbsp;de manera reduccionista,&nbsp;a&nbsp;que quede gente en el campo.&nbsp;&nbsp;<\/p>\n\n\n\n<p>La investigaci\u00f3n propone mirar m\u00e1s hondo, \u00bfse trata solo de contar cu\u00e1ntos se quedan o de asegurar la continuidad de la finca como eje de la vida rural? Este giro transforma la manera en que comprendemos el fen\u00f3meno y redefine las acciones necesarias para abordarlo. Por otro lado, en Ginebra,&nbsp;<a href=\"https:\/\/perfilesycapacidades.javeriana.edu.co\/es\/persons\/caduarte\" target=\"_blank\" rel=\"noreferrer noopener\">el profesor javeriano Carlos Duarte<\/a>, presidente del Grupo de Trabajo de la ONU sobre los Derechos de los Campesinos y de Otras Personas que Trabajan en Zonas Rurales, present\u00f3 un informe que analiza las tendencias, riesgos y respuestas globales para proteger sus derechos.&nbsp;<\/p>\n\n\n\n<h4 class=\"wp-block-heading\">Medir el campo:&nbsp;una urgencia pol\u00edtica&nbsp;<\/h4>\n\n\n\n<p>Rodr\u00edguez Espinosa&nbsp;desarroll\u00f3&nbsp;su trabajo&nbsp;durante varios a\u00f1os, cruzando dos caminos. Por un lado, una revisi\u00f3n amplia de&nbsp;los distintos&nbsp;enfoques de desarrollo rural implementados en Colombia desde mediados del siglo XX hasta hoy. Y,&nbsp;por el otro,&nbsp;estudi\u00f3 c\u00f3mo ha cambiado el trabajo de la tierra y el perfil de quienes la trabajan&nbsp;en un municipio de Cundinamarca.&nbsp;<\/p>\n\n\n\n<p>La revisi\u00f3n documental permiti\u00f3 concluir que el relevo generacional rural rara vez ha sido una preocupaci\u00f3n central. Se asumi\u00f3 como un proceso que ocurrir\u00eda de manera autom\u00e1tica una vez se resolvieran problem\u00e1ticas mayores como la violencia, la pobreza o el acceso a la tierra, que a\u00fan est\u00e1n lejos de superarse.<a href=\"https:\/\/www.javerianacali.edu.co\/noticias\/profesor-carlos-duarte-presenta-informe-sobre-derechos-del-campesinado-ante-la-asamblea-de\" target=\"_blank\" rel=\"noreferrer noopener\"> Como indica el informe presentado ante&nbsp;el Consejo de Derechos Humanos&nbsp;en Ginebra<\/a>, el 10 % m\u00e1s rico de la poblaci\u00f3n rural mundial posee el 60 % del valor de las tierras agr\u00edcolas, mientras que la mitad m\u00e1s pobre apenas alcanza el 3 %. En Colombia, el panorama es a\u00fan m\u00e1s preocupante: solo el 1 % de los propietarios concentra m\u00e1s del 80 % de las tierras agr\u00edcolas.&nbsp;<\/p>\n\n\n\n<figure class=\"wp-block-image size-large\"><img fetchpriority=\"high\" decoding=\"async\" width=\"1024\" height=\"768\" src=\"http:\/\/www.javeriana.edu.co\/pesquisa\/wp-content\/uploads\/2025\/10\/imagen-7-1024x768.jpg\" alt=\"El campo en Colombia necesita un relevo generacional: \u00bfc\u00f3mo abordarlo?\" class=\"wp-image-45670\" srcset=\"http:\/\/www.javeriana.edu.co\/pesquisa\/wp-content\/uploads\/2025\/10\/imagen-7-1024x768.jpg 1024w, http:\/\/www.javeriana.edu.co\/pesquisa\/wp-content\/uploads\/2025\/10\/imagen-7-300x225.jpg 300w, http:\/\/www.javeriana.edu.co\/pesquisa\/wp-content\/uploads\/2025\/10\/imagen-7-1536x1152.jpg 1536w, http:\/\/www.javeriana.edu.co\/pesquisa\/wp-content\/uploads\/2025\/10\/imagen-7-2048x1536.jpg 2048w, http:\/\/www.javeriana.edu.co\/pesquisa\/wp-content\/uploads\/2025\/10\/imagen-7-150x113.jpg 150w, http:\/\/www.javeriana.edu.co\/pesquisa\/wp-content\/uploads\/2025\/10\/imagen-7-450x338.jpg 450w, http:\/\/www.javeriana.edu.co\/pesquisa\/wp-content\/uploads\/2025\/10\/imagen-7-1200x900.jpg 1200w, http:\/\/www.javeriana.edu.co\/pesquisa\/wp-content\/uploads\/2025\/10\/imagen-7-768x576.jpg 768w\" sizes=\"(max-width: 1024px) 100vw, 1024px\" \/><figcaption class=\"wp-element-caption\">Cultivo de caf\u00e9 y banano en San Juan de Rioseco, Cundinamarca. Foto: Uriel Rodr\u00edguez Espinosa<\/figcaption><\/figure>\n\n\n\n<p>Desde los&nbsp;a\u00f1os&nbsp;sesenta, Colombia&nbsp;comenz\u00f3 a&nbsp;volverse&nbsp;urbana. La migraci\u00f3n&nbsp;del&nbsp;campo&nbsp;a la&nbsp;ciudad se celebr\u00f3&nbsp;entonces&nbsp;como modernizaci\u00f3n, hasta&nbsp;que se torn\u00f3 en&nbsp;preocupaci\u00f3n&nbsp;cuando&nbsp;los territorios rurales empezaron a verse vacios. \u201cQue el relevo generacional rural aparezca como tema de agenda apenas en el siglo XXI muestra que lo&nbsp;hemos tenido&nbsp;al margen por demasiado tiempo\u201d, afirma el tambi\u00e9n&nbsp;ingeniero agroforestal, Uriel Rodr\u00edguez.&nbsp;<\/p>\n\n\n\n<p>Ahora, que no se garantice un relevo generacional rural&nbsp;en el campo <a href=\"https:\/\/www.javeriana.edu.co\/pesquisa\/brecha-en-el-crecimiento-rural-urbano-colombia\/\">no&nbsp;pondr\u00eda, necesariamente, en riesgo la&nbsp;seguridad alimentaria&nbsp;del&nbsp;pa\u00eds.<\/a> El efecto inmediato&nbsp;es el aumento de los precios:&nbsp;\u201cuna de las implicaciones es la disminuci\u00f3n de soberan\u00eda alimentaria. Los alimentos seguir\u00e1n llegando, pero cada vez m\u00e1s a trav\u00e9s de grandes corporaciones y a precios cada vez m\u00e1s altos\u201d,&nbsp;afirma Rodr\u00edguez.&nbsp;<\/p>\n\n\n\n<p>El fen\u00f3meno ha sido poco comprendido, por lo que los marcos de acci\u00f3n actuales resultan insuficientes para responder al contexto. Hasta ahora, las intervenciones se han centrado en las juventudes y en la producci\u00f3n de alimentos para abastecer las ciudades. Estos enfoques, sin embargo, refuerzan una visi\u00f3n limitada y desv\u00edan la atenci\u00f3n hacia problemas colaterales, en lugar de abordar la verdadera naturaleza del fen\u00f3meno, estrechamente vinculada a procesos globales como la transici\u00f3n demogr\u00e1fica \u2014caracterizada por bajas tasas de natalidad y mortalidad, y un acelerado envejecimiento poblacional\u2014 que hoy transforman al mundo.<\/p>\n\n\n\n<p>Tras revisar c\u00f3mo la academia y las pol\u00edticas p\u00fablicas han definido el relevo generacional, Rodr\u00edguez enfoc\u00f3 su estudio en San Juan de Rioseco,&nbsp;municipio bananero y cafetero del occidente de Cundinamarca. All\u00ed busc\u00f3 entender el fen\u00f3meno y tipificar, con detalle, las posibilidades de relevo seg\u00fan la continuidad de las unidades productivas.&nbsp;<\/p>\n\n\n\n<h4 class=\"wp-block-heading\">La finca como&nbsp;el coraz\u00f3n&nbsp;<\/h4>\n\n\n\n<p>No es un lote ni un pedazo de tierra, la finca&nbsp;es una unidad que articula todo. La producci\u00f3n, el hogar, los afectos, el aprendizaje intergeneracional, los tratos con el vecino y con el se\u00f1or del carro que baja a la plaza, la relaci\u00f3n con los precios, la lluvia y la carretera. En palabras de&nbsp;Rodr\u00edguez,&nbsp;\u201cla pregunta que importa no es si hay gente en la vereda, sino si esa gente,&nbsp;quien sea, joven o no,&nbsp;est\u00e1 vinculada de alguna manera a esa forma de vida que articula la finca\u201d.&nbsp;<\/p>\n\n\n\n<p>El problema&nbsp;al que hace menci\u00f3n Rodr\u00edguez&nbsp;es que podemos tener m\u00e1s casas y m\u00e1s habitantes&nbsp;y al mismo tiempo menos agricultura&nbsp;o&nbsp;menos autoconsumo. Como lo demuestra en su trabajo,&nbsp;entre 2011 y 2023 la poblaci\u00f3n&nbsp;de San Juan de Rioseco&nbsp;disminuy\u00f3 en 934 personas, con una ca\u00edda&nbsp;en los habitantes de la&nbsp;ruralidad&nbsp;del 18,3%,&nbsp;los nacimientos&nbsp;se redujeron&nbsp;de 67 a solo 4&nbsp;y en contraste, las viviendas rurales crecieron 175% (de 697 a 1.922), reflejando la llegada de capital urbano.&nbsp;Sin embargo, en el mismo periodo, el \u00e1rea sembrada pas\u00f3 de 6.805 a 4.983 hect\u00e1reas (\u221227%), con un descenso del caf\u00e9 del 55,8% y del banano del 11%.&nbsp;<\/p>\n\n\n\n<figure class=\"wp-block-embed is-type-rich is-provider-canva wp-block-embed-canva\"><div class=\"wp-block-embed__wrapper\">\n<iframe title=\"Copia de Producci\u00f3n Rural\" src=\"https:\/\/www.canva.com\/design\/DAG147zDWrU\/xZdTJH2gzCSdZDYmnrNN0Q\/view?embed&amp;meta\" height=\"458\" width=\"814\" style=\"border: none; border-radius: 8px; width: 814px; height: 458px;\" allowfullscreen=\"allowfullscreen\" allow=\"fullscreen\"><\/iframe>\n<\/div><\/figure>\n\n\n\n<p>Los datos&nbsp;evidencian&nbsp;desactivaci\u00f3n campesina, o en palabras de Rodr\u00edguez: \u201cdesagrarizaci\u00f3n\u201d.&nbsp;Ya no es la finca, sino la casa de campo.&nbsp;El problema es que, si el relevo generacional se mide solo como permanencia de poblaci\u00f3n&nbsp;en la ruralidad,&nbsp;entonces municipios repletos de caba\u00f1as y lugares de descanso parecer\u00edan haber resuelto el problema.&nbsp;La realidad es que&nbsp;solo&nbsp;mirar estos datos&nbsp;esconde&nbsp;un campo&nbsp;donde el turismo, los servicios, el recreo, la telefon\u00eda o la educaci\u00f3n crecen, mientras la agricultura se encoge.&nbsp;&nbsp;<\/p>\n\n\n\n<p>El informe&nbsp;que preside el profesor&nbsp;Duarte&nbsp;tambi\u00e9n advierte esta situaci\u00f3n, se\u00f1alando que \u201cpara 2024, grandes extensiones de tierras agr\u00edcolas han sido destinadas a la industria extractiva y a megaproyectos.&nbsp;Los proyectos mineros representaron el 14 % de las transacciones de tierras a gran escala durante la \u00faltima d\u00e9cada, ocupando alrededor de 7,7 millones de hect\u00e1reas de tierras agr\u00edcolas. Se estima que la r\u00e1pida urbanizaci\u00f3n podr\u00eda absorber hasta 3,3 millones de hect\u00e1reas adicionales para 2030\u201d.<\/p>\n\n\n\n<figure class=\"wp-block-embed is-type-rich is-provider-canva wp-block-embed-canva\"><div class=\"wp-block-embed__wrapper\">\n<iframe title=\"Producci\u00f3n Rural\" src=\"https:\/\/www.canva.com\/design\/DAG1HxDUuSg\/lN3yGDa2Ljg2BUh_z40xpQ\/view?embed&amp;meta\" height=\"458\" width=\"814\" style=\"border: none; border-radius: 8px; width: 814px; height: 458px;\" allowfullscreen=\"allowfullscreen\" allow=\"fullscreen\"><\/iframe>\n<\/div><\/figure>\n\n\n\n<p>cSi la finca es el coraz\u00f3n de la vida rural, el relevo es la garant\u00eda de su latido. Importa menos qui\u00e9n permanece y m\u00e1s qu\u00e9 permanece: los procesos productivos, la transmisi\u00f3n de saberes y la gesti\u00f3n de la unidad. La investigaci\u00f3n de Rodr\u00edguez, tras analizar c\u00f3mo la academia y las pol\u00edticas p\u00fablicas han abordado el problema, avanz\u00f3 mediante el uso de estad\u00edsticas para comprender la situaci\u00f3n en San Juan de Rioseco y, finalmente, a trav\u00e9s del trabajo de campo, logr\u00f3 tipificar la diversidad de realidades presentes en el municipio.&nbsp;<\/p>\n\n\n\n<h4 class=\"wp-block-heading\">De&nbsp;\u201cqui\u00e9n se queda\u201d al \u201cqu\u00e9 contin\u00faa\u201d&nbsp;<\/h4>\n\n\n\n<p>Para salir del plano abstracto, el estudio escuch\u00f3 a 39 personas con trayectorias diversas: 13 j\u00f3venes, 13 adultos, 10 adultos mayores y 3 funcionarios p\u00fablicos. Incluy\u00f3&nbsp; a quienes siempre han estado, quienes van y vienen, quienes retornaron y quienes llegaban por primera vez. De esa escucha emergieron siete \u201csituaciones-tipo\u201d de relevo:&nbsp;<\/p>\n\n\n\n<figure class=\"wp-block-gallery has-nested-images columns-4 is-cropped wp-block-gallery-1 is-layout-flex wp-block-gallery-is-layout-flex\">\n<figure class=\"wp-block-image size-full\"><img decoding=\"async\" width=\"1080\" height=\"1350\" data-id=\"45717\" src=\"http:\/\/www.javeriana.edu.co\/pesquisa\/wp-content\/uploads\/2025\/10\/WhatsApp-Image-2025-10-16-at-1.57.17-PM.jpeg\" alt=\"\" class=\"wp-image-45717\" srcset=\"http:\/\/www.javeriana.edu.co\/pesquisa\/wp-content\/uploads\/2025\/10\/WhatsApp-Image-2025-10-16-at-1.57.17-PM.jpeg 1080w, http:\/\/www.javeriana.edu.co\/pesquisa\/wp-content\/uploads\/2025\/10\/WhatsApp-Image-2025-10-16-at-1.57.17-PM-240x300.jpeg 240w, http:\/\/www.javeriana.edu.co\/pesquisa\/wp-content\/uploads\/2025\/10\/WhatsApp-Image-2025-10-16-at-1.57.17-PM-819x1024.jpeg 819w, http:\/\/www.javeriana.edu.co\/pesquisa\/wp-content\/uploads\/2025\/10\/WhatsApp-Image-2025-10-16-at-1.57.17-PM-150x188.jpeg 150w, http:\/\/www.javeriana.edu.co\/pesquisa\/wp-content\/uploads\/2025\/10\/WhatsApp-Image-2025-10-16-at-1.57.17-PM-450x563.jpeg 450w, http:\/\/www.javeriana.edu.co\/pesquisa\/wp-content\/uploads\/2025\/10\/WhatsApp-Image-2025-10-16-at-1.57.17-PM-768x960.jpeg 768w\" sizes=\"(max-width: 1080px) 100vw, 1080px\" \/><\/figure>\n\n\n\n<figure class=\"wp-block-image size-full\"><img decoding=\"async\" width=\"1080\" height=\"1350\" data-id=\"45644\" src=\"http:\/\/www.javeriana.edu.co\/pesquisa\/wp-content\/uploads\/2025\/10\/relevo-generacional-1.png\" alt=\"El campo en Colombia necesita un relevo generacional: \u00bfc\u00f3mo abordarlo?\" class=\"wp-image-45644\" srcset=\"http:\/\/www.javeriana.edu.co\/pesquisa\/wp-content\/uploads\/2025\/10\/relevo-generacional-1.png 1080w, http:\/\/www.javeriana.edu.co\/pesquisa\/wp-content\/uploads\/2025\/10\/relevo-generacional-1-240x300.png 240w, http:\/\/www.javeriana.edu.co\/pesquisa\/wp-content\/uploads\/2025\/10\/relevo-generacional-1-819x1024.png 819w, http:\/\/www.javeriana.edu.co\/pesquisa\/wp-content\/uploads\/2025\/10\/relevo-generacional-1-150x188.png 150w, http:\/\/www.javeriana.edu.co\/pesquisa\/wp-content\/uploads\/2025\/10\/relevo-generacional-1-450x563.png 450w, http:\/\/www.javeriana.edu.co\/pesquisa\/wp-content\/uploads\/2025\/10\/relevo-generacional-1-768x960.png 768w\" sizes=\"(max-width: 1080px) 100vw, 1080px\" \/><\/figure>\n\n\n\n<figure class=\"wp-block-image size-full\"><img loading=\"lazy\" decoding=\"async\" width=\"1080\" height=\"1350\" data-id=\"45642\" src=\"http:\/\/www.javeriana.edu.co\/pesquisa\/wp-content\/uploads\/2025\/10\/relevo-generacional-2.png\" alt=\"El campo en Colombia necesita un relevo generacional: \u00bfc\u00f3mo abordarlo?\" class=\"wp-image-45642\" srcset=\"http:\/\/www.javeriana.edu.co\/pesquisa\/wp-content\/uploads\/2025\/10\/relevo-generacional-2.png 1080w, http:\/\/www.javeriana.edu.co\/pesquisa\/wp-content\/uploads\/2025\/10\/relevo-generacional-2-240x300.png 240w, http:\/\/www.javeriana.edu.co\/pesquisa\/wp-content\/uploads\/2025\/10\/relevo-generacional-2-819x1024.png 819w, http:\/\/www.javeriana.edu.co\/pesquisa\/wp-content\/uploads\/2025\/10\/relevo-generacional-2-150x188.png 150w, http:\/\/www.javeriana.edu.co\/pesquisa\/wp-content\/uploads\/2025\/10\/relevo-generacional-2-450x563.png 450w, http:\/\/www.javeriana.edu.co\/pesquisa\/wp-content\/uploads\/2025\/10\/relevo-generacional-2-768x960.png 768w\" sizes=\"(max-width: 1080px) 100vw, 1080px\" \/><\/figure>\n\n\n\n<figure class=\"wp-block-image size-full\"><img loading=\"lazy\" decoding=\"async\" width=\"1080\" height=\"1350\" data-id=\"45641\" src=\"http:\/\/www.javeriana.edu.co\/pesquisa\/wp-content\/uploads\/2025\/10\/relevo-generacional-3.png\" alt=\"El campo en Colombia necesita un relevo generacional: \u00bfc\u00f3mo abordarlo?\" class=\"wp-image-45641\" srcset=\"http:\/\/www.javeriana.edu.co\/pesquisa\/wp-content\/uploads\/2025\/10\/relevo-generacional-3.png 1080w, http:\/\/www.javeriana.edu.co\/pesquisa\/wp-content\/uploads\/2025\/10\/relevo-generacional-3-240x300.png 240w, http:\/\/www.javeriana.edu.co\/pesquisa\/wp-content\/uploads\/2025\/10\/relevo-generacional-3-819x1024.png 819w, http:\/\/www.javeriana.edu.co\/pesquisa\/wp-content\/uploads\/2025\/10\/relevo-generacional-3-150x188.png 150w, http:\/\/www.javeriana.edu.co\/pesquisa\/wp-content\/uploads\/2025\/10\/relevo-generacional-3-450x563.png 450w, http:\/\/www.javeriana.edu.co\/pesquisa\/wp-content\/uploads\/2025\/10\/relevo-generacional-3-768x960.png 768w\" sizes=\"(max-width: 1080px) 100vw, 1080px\" \/><\/figure>\n\n\n\n<figure class=\"wp-block-image size-full\"><img loading=\"lazy\" decoding=\"async\" width=\"1080\" height=\"1350\" data-id=\"45640\" src=\"http:\/\/www.javeriana.edu.co\/pesquisa\/wp-content\/uploads\/2025\/10\/relevo-generacional-4.png\" alt=\"El campo en Colombia necesita un relevo generacional: \u00bfc\u00f3mo abordarlo?\" class=\"wp-image-45640\" srcset=\"http:\/\/www.javeriana.edu.co\/pesquisa\/wp-content\/uploads\/2025\/10\/relevo-generacional-4.png 1080w, http:\/\/www.javeriana.edu.co\/pesquisa\/wp-content\/uploads\/2025\/10\/relevo-generacional-4-240x300.png 240w, http:\/\/www.javeriana.edu.co\/pesquisa\/wp-content\/uploads\/2025\/10\/relevo-generacional-4-819x1024.png 819w, http:\/\/www.javeriana.edu.co\/pesquisa\/wp-content\/uploads\/2025\/10\/relevo-generacional-4-150x188.png 150w, http:\/\/www.javeriana.edu.co\/pesquisa\/wp-content\/uploads\/2025\/10\/relevo-generacional-4-450x563.png 450w, http:\/\/www.javeriana.edu.co\/pesquisa\/wp-content\/uploads\/2025\/10\/relevo-generacional-4-768x960.png 768w\" sizes=\"(max-width: 1080px) 100vw, 1080px\" \/><\/figure>\n\n\n\n<figure class=\"wp-block-image size-full\"><img loading=\"lazy\" decoding=\"async\" width=\"1080\" height=\"1350\" data-id=\"45645\" src=\"http:\/\/www.javeriana.edu.co\/pesquisa\/wp-content\/uploads\/2025\/10\/relevo-generacional-5.png\" alt=\"El campo en Colombia necesita un relevo generacional: \u00bfc\u00f3mo abordarlo?\" class=\"wp-image-45645\" srcset=\"http:\/\/www.javeriana.edu.co\/pesquisa\/wp-content\/uploads\/2025\/10\/relevo-generacional-5.png 1080w, http:\/\/www.javeriana.edu.co\/pesquisa\/wp-content\/uploads\/2025\/10\/relevo-generacional-5-240x300.png 240w, http:\/\/www.javeriana.edu.co\/pesquisa\/wp-content\/uploads\/2025\/10\/relevo-generacional-5-819x1024.png 819w, http:\/\/www.javeriana.edu.co\/pesquisa\/wp-content\/uploads\/2025\/10\/relevo-generacional-5-150x188.png 150w, http:\/\/www.javeriana.edu.co\/pesquisa\/wp-content\/uploads\/2025\/10\/relevo-generacional-5-450x563.png 450w, http:\/\/www.javeriana.edu.co\/pesquisa\/wp-content\/uploads\/2025\/10\/relevo-generacional-5-768x960.png 768w\" sizes=\"(max-width: 1080px) 100vw, 1080px\" \/><\/figure>\n\n\n\n<figure class=\"wp-block-image size-full\"><img loading=\"lazy\" decoding=\"async\" width=\"1080\" height=\"1350\" data-id=\"45643\" src=\"http:\/\/www.javeriana.edu.co\/pesquisa\/wp-content\/uploads\/2025\/10\/relevo-generacional-6.png\" alt=\"El campo en Colombia necesita un relevo generacional: \u00bfc\u00f3mo abordarlo?\" class=\"wp-image-45643\" srcset=\"http:\/\/www.javeriana.edu.co\/pesquisa\/wp-content\/uploads\/2025\/10\/relevo-generacional-6.png 1080w, http:\/\/www.javeriana.edu.co\/pesquisa\/wp-content\/uploads\/2025\/10\/relevo-generacional-6-240x300.png 240w, http:\/\/www.javeriana.edu.co\/pesquisa\/wp-content\/uploads\/2025\/10\/relevo-generacional-6-819x1024.png 819w, http:\/\/www.javeriana.edu.co\/pesquisa\/wp-content\/uploads\/2025\/10\/relevo-generacional-6-150x188.png 150w, http:\/\/www.javeriana.edu.co\/pesquisa\/wp-content\/uploads\/2025\/10\/relevo-generacional-6-450x563.png 450w, http:\/\/www.javeriana.edu.co\/pesquisa\/wp-content\/uploads\/2025\/10\/relevo-generacional-6-768x960.png 768w\" sizes=\"(max-width: 1080px) 100vw, 1080px\" \/><\/figure>\n\n\n\n<figure class=\"wp-block-image size-full\"><img loading=\"lazy\" decoding=\"async\" width=\"1080\" height=\"1350\" data-id=\"45646\" src=\"http:\/\/www.javeriana.edu.co\/pesquisa\/wp-content\/uploads\/2025\/10\/relevo-generacional-7.png\" alt=\"El campo en Colombia necesita un relevo generacional: \u00bfc\u00f3mo abordarlo?\" class=\"wp-image-45646\" srcset=\"http:\/\/www.javeriana.edu.co\/pesquisa\/wp-content\/uploads\/2025\/10\/relevo-generacional-7.png 1080w, http:\/\/www.javeriana.edu.co\/pesquisa\/wp-content\/uploads\/2025\/10\/relevo-generacional-7-240x300.png 240w, http:\/\/www.javeriana.edu.co\/pesquisa\/wp-content\/uploads\/2025\/10\/relevo-generacional-7-819x1024.png 819w, http:\/\/www.javeriana.edu.co\/pesquisa\/wp-content\/uploads\/2025\/10\/relevo-generacional-7-150x188.png 150w, http:\/\/www.javeriana.edu.co\/pesquisa\/wp-content\/uploads\/2025\/10\/relevo-generacional-7-450x563.png 450w, http:\/\/www.javeriana.edu.co\/pesquisa\/wp-content\/uploads\/2025\/10\/relevo-generacional-7-768x960.png 768w\" sizes=\"(max-width: 1080px) 100vw, 1080px\" \/><\/figure>\n<\/figure>\n\n\n\n<p>Estas&nbsp;tipificaciones&nbsp;expanden la comprensi\u00f3n del fen\u00f3meno, no solo como la ausencia de j\u00f3venes en el campo, sino como una amalgama de diversas realidades. Entender&nbsp;esto&nbsp;permite abordar las decisiones, trayectorias y formas de integraci\u00f3n que determinan la continuidad de las fincas,&nbsp;m\u00e1s all\u00e1 de la tierra misma. Actuar desde la academia y las pol\u00edticas&nbsp;p\u00fablicas&nbsp;con base en&nbsp;estas categor\u00edas&nbsp;posibilita desligar el relevo generacional rural de los problemas estructurales del pa\u00eds y, en cambio, comenzar a intervenir en funci\u00f3n de sus din\u00e1micas.&nbsp;<\/p>\n\n\n\n<p>En esa misma direcci\u00f3n, el informe presentado por el Grupo de Trabajo&nbsp;de&nbsp;los Derechos de los Campesinos resalta la necesidad de reconocer y visibilizar a las comunidades rurales en las estad\u00edsticas nacionales, con datos que reflejen sus condiciones de vida y su papel en la gesti\u00f3n del territorio. El documento propone adaptar la gobernanza de la tierra, los r\u00edos y los mares a esas trayectorias, priorizando la redistribuci\u00f3n de tierras a quienes no las poseen y garantizando seguridad en la tenencia para la agricultura a peque\u00f1a escala.&nbsp;<\/p>\n\n\n\n<p><a href=\"https:\/\/www.javeriana.edu.co\/pesquisa\/agricultura-familiar-pobreza-rural\/\" target=\"_blank\" rel=\"noreferrer noopener\">La continuidad agr\u00edcola es esencial para la sostenibilidad rural y la estabilidad de los precios.<\/a> El reto para los Estados es convertir investigaciones como la de Uriel Rodr\u00edguez y el informe liderado por Carlos Duarte en acciones concretas que garanticen la justicia social en el campo&nbsp;y&nbsp;que,&nbsp;de esa manera, la ventana de la casa grande de mis abuelos, y muy&nbsp;probablemente&nbsp;como&nbsp;la de&nbsp;los suyos, no sea&nbsp;el reflejo inm\u00f3vil de una vida campesina que se&nbsp;acaba, sino el punto de partida hacia un campo que a\u00fan puede latir, donde vivir de la tierra vuelva a ser una opci\u00f3n real&nbsp;para el&nbsp;futuro.<\/p>\n","protected":false},"excerpt":{"rendered":"<p>Un estudio propone nuevas formas de entender el relevo generacional en territorios cada vez m\u00e1s desagrarizados. Al mismo tiempo, en Ginebra, el profesor javeriano Carlos Duarte present\u00f3 ante la ONU un informe sobre los riesgos y respuestas para proteger a las comunidades rurales. <\/p>\n","protected":false},"author":160,"featured_media":45639,"comment_status":"open","ping_status":"open","sticky":false,"template":"","format":"standard","meta":{"footnotes":""},"categories":[373,1157,3691,3692],"tags":[393,480,4797,479],"class_list":{"0":"post-45696","1":"post","2":"type-post","3":"status-publish","4":"format-standard","5":"has-post-thumbnail","7":"category-sociedad","8":"category-destacadas","9":"category-economia","10":"category-paz-y-conflicto","11":"tag-agricultura","12":"tag-campo","13":"tag-desarrollo-rural","14":"tag-ruralidad"},"_links":{"self":[{"href":"http:\/\/www.javeriana.edu.co\/pesquisa\/wp-json\/wp\/v2\/posts\/45696","targetHints":{"allow":["GET"]}}],"collection":[{"href":"http:\/\/www.javeriana.edu.co\/pesquisa\/wp-json\/wp\/v2\/posts"}],"about":[{"href":"http:\/\/www.javeriana.edu.co\/pesquisa\/wp-json\/wp\/v2\/types\/post"}],"author":[{"embeddable":true,"href":"http:\/\/www.javeriana.edu.co\/pesquisa\/wp-json\/wp\/v2\/users\/160"}],"replies":[{"embeddable":true,"href":"http:\/\/www.javeriana.edu.co\/pesquisa\/wp-json\/wp\/v2\/comments?post=45696"}],"version-history":[{"count":12,"href":"http:\/\/www.javeriana.edu.co\/pesquisa\/wp-json\/wp\/v2\/posts\/45696\/revisions"}],"predecessor-version":[{"id":45718,"href":"http:\/\/www.javeriana.edu.co\/pesquisa\/wp-json\/wp\/v2\/posts\/45696\/revisions\/45718"}],"wp:featuredmedia":[{"embeddable":true,"href":"http:\/\/www.javeriana.edu.co\/pesquisa\/wp-json\/wp\/v2\/media\/45639"}],"wp:attachment":[{"href":"http:\/\/www.javeriana.edu.co\/pesquisa\/wp-json\/wp\/v2\/media?parent=45696"}],"wp:term":[{"taxonomy":"category","embeddable":true,"href":"http:\/\/www.javeriana.edu.co\/pesquisa\/wp-json\/wp\/v2\/categories?post=45696"},{"taxonomy":"post_tag","embeddable":true,"href":"http:\/\/www.javeriana.edu.co\/pesquisa\/wp-json\/wp\/v2\/tags?post=45696"}],"curies":[{"name":"wp","href":"https:\/\/api.w.org\/{rel}","templated":true}]}}