{"id":46065,"date":"2025-10-21T08:00:00","date_gmt":"2025-10-21T13:00:00","guid":{"rendered":"http:\/\/www.javeriana.edu.co\/pesquisa\/?p=46065"},"modified":"2025-11-06T10:35:45","modified_gmt":"2025-11-06T15:35:45","slug":"libros-javeriana-en-la-filcali2025","status":"publish","type":"post","link":"http:\/\/www.javeriana.edu.co\/pesquisa\/libros-javeriana-en-la-filcali2025\/","title":{"rendered":"Arquitectura, construcci\u00f3n de paz e innovaci\u00f3n: los libros de la Javeriana en la\u00a0FIL\u00a0Cali\u00a02025\u00a0\u00a0"},"content":{"rendered":"\n<p><a href=\"https:\/\/filcali.com\/\" target=\"_blank\" rel=\"noopener\">La Feria Internacional del Libro de Cali (FIL Cali)<\/a> se llev\u00f3 a cabo del 24 de octubre al 3 de noviembre, y este a\u00f1o tuvo a Colombia como pa\u00eds homenajeado. En este evento internacional, la Pontificia Universidad Javeriana, seccional Cali, present\u00f3 una destacada colecci\u00f3n de libros resultado de investigaci\u00f3n, que abarcan desde la innovaci\u00f3n tecnol\u00f3gica en salud y el an\u00e1lisis jur\u00eddico-ambiental hasta la producci\u00f3n de alimentos y la arquitectura. Estas publicaciones no solo representan el rigor acad\u00e9mico, sino que tambi\u00e9n ofrecen soluciones y reflexiones fundamentales para el suroccidente colombiano y el pa\u00eds.<\/p>\n\n\n\n<h4 class=\"wp-block-heading\">Laboratorio de l\u00e1cteos<\/h4>\n\n\n\n<figure class=\"wp-block-image size-large\"><img fetchpriority=\"high\" decoding=\"async\" width=\"1024\" height=\"576\" src=\"http:\/\/www.javeriana.edu.co\/pesquisa\/wp-content\/uploads\/2025\/10\/laboratorio-de-lacteos-1024x576.webp\" alt=\"Libro &quot;Laboratorio de l\u00e1cteos&quot;\" class=\"wp-image-46018\" srcset=\"http:\/\/www.javeriana.edu.co\/pesquisa\/wp-content\/uploads\/2025\/10\/laboratorio-de-lacteos-1024x576.webp 1024w, http:\/\/www.javeriana.edu.co\/pesquisa\/wp-content\/uploads\/2025\/10\/laboratorio-de-lacteos-300x169.webp 300w, http:\/\/www.javeriana.edu.co\/pesquisa\/wp-content\/uploads\/2025\/10\/laboratorio-de-lacteos-1536x864.webp 1536w, http:\/\/www.javeriana.edu.co\/pesquisa\/wp-content\/uploads\/2025\/10\/laboratorio-de-lacteos-150x84.webp 150w, http:\/\/www.javeriana.edu.co\/pesquisa\/wp-content\/uploads\/2025\/10\/laboratorio-de-lacteos-450x253.webp 450w, http:\/\/www.javeriana.edu.co\/pesquisa\/wp-content\/uploads\/2025\/10\/laboratorio-de-lacteos-1200x675.webp 1200w, http:\/\/www.javeriana.edu.co\/pesquisa\/wp-content\/uploads\/2025\/10\/laboratorio-de-lacteos-768x432.webp 768w, http:\/\/www.javeriana.edu.co\/pesquisa\/wp-content\/uploads\/2025\/10\/laboratorio-de-lacteos.webp 1920w\" sizes=\"(max-width: 1024px) 100vw, 1024px\" \/><figcaption class=\"wp-element-caption\">Laboratorio de l\u00e1cteos<\/figcaption><\/figure>\n\n\n\n<p>El libro <a href=\"https:\/\/www.javerianacali.edu.co\/sello-editorial-javeriano\/catalogo\/laboratorios-de-lacteos\" target=\"_blank\" rel=\"noopener\">Laboratorio de l\u00e1cteos<\/a> es una gu\u00eda pr\u00e1ctica centrada en el procesamiento y control de calidad de productos l\u00e1cteos. Est\u00e1 dirigido a estudiantes y profesionales de la industria de alimentos y presenta un marco te\u00f3rico y experimental para el proceso de transformaci\u00f3n de leche en sus derivados, garantizando calidad, inocuidad y cumplimiento de las normativas.<\/p>\n\n\n\n<p>Escrito por <a href=\"https:\/\/perfilesycapacidades.javeriana.edu.co\/es\/persons\/juan.ramirezn\">Juan Sebasti\u00e1n Ram\u00edrez<\/a>, profesor del <a href=\"https:\/\/perfilesycapacidades.javeriana.edu.co\/es\/organisations\/departamento-de-alimentaci%C3%B3n-y-nutrici%C3%B3n\">Departamento de Alimentaci\u00f3n y Nutrici\u00f3n de Javeriana Cali<\/a>, el libro aborda temas como las normas de seguridad en el laboratorio, las buenas pr\u00e1cticas de manufactura, la calidad de <a href=\"https:\/\/www.javeriana.edu.co\/pesquisa\/leche-lactosuero-dieta\/\">la leche<\/a> y los m\u00e9todos de an\u00e1lisis fisicoqu\u00edmico y microbiol\u00f3gico. Este libro promueve el desarrollo de habilidades anal\u00edticas y t\u00e9cnicas en la evaluaci\u00f3n y producci\u00f3n de l\u00e1cteos con altos est\u00e1ndares de calidad.<\/p>\n\n\n\n<h4 class=\"wp-block-heading\">Modelo de dise\u00f1o tecnol\u00f3gico interdisciplinario centrado en las personas<\/h4>\n\n\n\n<figure class=\"wp-block-image size-large\"><img decoding=\"async\" width=\"1024\" height=\"582\" src=\"http:\/\/www.javeriana.edu.co\/pesquisa\/wp-content\/uploads\/2025\/10\/Captura-de-pantalla-2025-10-20-a-las-12.36.05-p.m-1024x582.png\" alt=\"Libro &quot;Modelo de dise\u00f1o tecnol\u00f3gico interdisciplinario centrado en las personas&quot;\" class=\"wp-image-46011\" srcset=\"http:\/\/www.javeriana.edu.co\/pesquisa\/wp-content\/uploads\/2025\/10\/Captura-de-pantalla-2025-10-20-a-las-12.36.05-p.m-1024x582.png 1024w, http:\/\/www.javeriana.edu.co\/pesquisa\/wp-content\/uploads\/2025\/10\/Captura-de-pantalla-2025-10-20-a-las-12.36.05-p.m-300x170.png 300w, http:\/\/www.javeriana.edu.co\/pesquisa\/wp-content\/uploads\/2025\/10\/Captura-de-pantalla-2025-10-20-a-las-12.36.05-p.m-1536x872.png 1536w, http:\/\/www.javeriana.edu.co\/pesquisa\/wp-content\/uploads\/2025\/10\/Captura-de-pantalla-2025-10-20-a-las-12.36.05-p.m-2048x1163.png 2048w, http:\/\/www.javeriana.edu.co\/pesquisa\/wp-content\/uploads\/2025\/10\/Captura-de-pantalla-2025-10-20-a-las-12.36.05-p.m-150x85.png 150w, http:\/\/www.javeriana.edu.co\/pesquisa\/wp-content\/uploads\/2025\/10\/Captura-de-pantalla-2025-10-20-a-las-12.36.05-p.m-450x256.png 450w, http:\/\/www.javeriana.edu.co\/pesquisa\/wp-content\/uploads\/2025\/10\/Captura-de-pantalla-2025-10-20-a-las-12.36.05-p.m-1200x681.png 1200w, http:\/\/www.javeriana.edu.co\/pesquisa\/wp-content\/uploads\/2025\/10\/Captura-de-pantalla-2025-10-20-a-las-12.36.05-p.m-768x436.png 768w\" sizes=\"(max-width: 1024px) 100vw, 1024px\" \/><figcaption class=\"wp-element-caption\">Modelo de dise\u00f1o tecnol\u00f3gico interdisciplinario centrado en las personas <\/figcaption><\/figure>\n\n\n\n<p>Este<a href=\"https:\/\/www.javerianacali.edu.co\/sello-editorial-javeriano\/catalogo\/modelo-de-diseno-tecnologico-interdisciplinario-centrado-en-las\" target=\"_blank\" rel=\"noopener\"> libro<\/a>, resultado de investigaci\u00f3n, presenta c\u00f3mo un grupo de investigadores de diversas disciplinas se unieron para crear un dispositivo m\u00e9dico, <a href=\"https:\/\/www.javeriana.edu.co\/pesquisa\/ubicu-terapia-respiratoria\/\">UBICU<\/a>, destinado a acompa\u00f1ar la fisioterapia respiratoria de reexpansi\u00f3n pulmonar. El lector descubrir\u00e1 los desaf\u00edos t\u00e9cnicos, culturales y econ\u00f3micos del desarrollo de un dispositivo m\u00e9dico en el contexto latinoamericano.<\/p>\n\n\n\n<p><a href=\"https:\/\/perfilesycapacidades.javeriana.edu.co\/es\/persons\/jaime-aguilar-zambrano\">Jaime Aguilar Zambrano<\/a>, profesor del <a href=\"https:\/\/perfilesycapacidades.javeriana.edu.co\/es\/organisations\/departamento-de-electr%C3%B3nica-y-ciencias-de-la-computaci%C3%B3n\">Departamento de Electr\u00f3nica y Ciencias de la Computaci\u00f3n<\/a> de Javeriana Cali, y <a href=\"https:\/\/perfilesycapacidades.javeriana.edu.co\/es\/persons\/hasantofimio\">Helberg Asencio Santofimio<\/a>, profesor del <a href=\"https:\/\/perfilesycapacidades.javeriana.edu.co\/es\/organisations\/departamento-de-ciencias-b%C3%A1sicas-de-la-salud\">Departamento de Ciencias B\u00e1sicas de la Salud<\/a> son los editores del libro y parte de un conjunto de 17 autores que participaron en su escritura. Este libro aborda el an\u00e1lisis de las dificultades que enfrentan pacientes y fisioterapeutas en el proceso de rehabilitaci\u00f3n de afecciones pulmonares y el desarrollo de una tecnolog\u00eda orientada a su comercializaci\u00f3n. De esta forma, esta obra evidencia c\u00f3mo la investigaci\u00f3n, el dispositivo y su futura comercializaci\u00f3n contribuyen a \u201cuna promesa de valor en la que la tecnolog\u00eda se convierte en un motor de cambio social y bienestar\u201d, comparten los autores.<\/p>\n\n\n\n<h4 class=\"wp-block-heading\">El pluralismo normativo y su aporte a la protecci\u00f3n ambiental regional: una aproximaci\u00f3n desde el norte del Cauca<\/h4>\n\n\n\n<figure class=\"wp-block-image size-large\"><img decoding=\"async\" width=\"1024\" height=\"581\" src=\"http:\/\/www.javeriana.edu.co\/pesquisa\/wp-content\/uploads\/2025\/10\/Captura-de-pantalla-2025-10-20-a-las-12.35.14-p.m-1024x581.webp\" alt=\"Libro &quot;El pluralismo normativo y su aporte a la protecci\u00f3n ambiental regional: una aproximaci\u00f3n desde el norte del Cauca&quot;\" class=\"wp-image-46014\" srcset=\"http:\/\/www.javeriana.edu.co\/pesquisa\/wp-content\/uploads\/2025\/10\/Captura-de-pantalla-2025-10-20-a-las-12.35.14-p.m-1024x581.webp 1024w, http:\/\/www.javeriana.edu.co\/pesquisa\/wp-content\/uploads\/2025\/10\/Captura-de-pantalla-2025-10-20-a-las-12.35.14-p.m-300x170.webp 300w, http:\/\/www.javeriana.edu.co\/pesquisa\/wp-content\/uploads\/2025\/10\/Captura-de-pantalla-2025-10-20-a-las-12.35.14-p.m-1536x871.webp 1536w, http:\/\/www.javeriana.edu.co\/pesquisa\/wp-content\/uploads\/2025\/10\/Captura-de-pantalla-2025-10-20-a-las-12.35.14-p.m.webp 1920w, http:\/\/www.javeriana.edu.co\/pesquisa\/wp-content\/uploads\/2025\/10\/Captura-de-pantalla-2025-10-20-a-las-12.35.14-p.m-150x85.webp 150w, http:\/\/www.javeriana.edu.co\/pesquisa\/wp-content\/uploads\/2025\/10\/Captura-de-pantalla-2025-10-20-a-las-12.35.14-p.m-450x255.webp 450w, http:\/\/www.javeriana.edu.co\/pesquisa\/wp-content\/uploads\/2025\/10\/Captura-de-pantalla-2025-10-20-a-las-12.35.14-p.m-1200x681.webp 1200w, http:\/\/www.javeriana.edu.co\/pesquisa\/wp-content\/uploads\/2025\/10\/Captura-de-pantalla-2025-10-20-a-las-12.35.14-p.m-768x436.webp 768w\" sizes=\"(max-width: 1024px) 100vw, 1024px\" \/><figcaption class=\"wp-element-caption\">El pluralismo normativo y su aporte a la protecci\u00f3n ambiental regional: una aproximaci\u00f3n desde el norte del Cauca <\/figcaption><\/figure>\n\n\n\n<p>Este <a href=\"https:\/\/www.javerianacali.edu.co\/sello-editorial-javeriano\/catalogo\/el-pluralismo-normativo-y-su-aporte-la-proteccion-ambiental\" target=\"_blank\" rel=\"noopener\">libro<\/a> explora c\u00f3mo distintos sistemas jur\u00eddicos influyen en las relaciones entre las comunidades y<a href=\"https:\/\/www.javeriana.edu.co\/pesquisa\/justicia-ambiental-restaurativa\/\"> la naturaleza<\/a>. Espec\u00edficamente, analiza c\u00f3mo los principios, normas y pr\u00e1cticas pueden complementarse o entrar en conflicto. El libro, tambi\u00e9n resultado de investigaci\u00f3n, adopta un enfoque de pluralismo jur\u00eddico, que reconoce que la regulaci\u00f3n de la conducta humana frente a su entorno natural no depende exclusivamente del derecho estatal, sino tambi\u00e9n de ordenamientos locales y comunitarios que proponen visiones diversas sobre el uso, manejo y protecci\u00f3n de los recursos naturales.<\/p>\n\n\n\n<p>La obra, escrita por <a href=\"https:\/\/www.javeriana.edu.co\/pesquisa\/justicia-ambiental-restaurativa\/\">Carlos Andr\u00e9s Echeverry Restrepo<\/a>, director del <a href=\"https:\/\/perfilesycapacidades.javeriana.edu.co\/es\/organisations\/departamento-de-ciencia-jur%C3%ADdica-y-pol%C3%ADtica\">Departamento de Ciencia Jur\u00eddica y Pol\u00edtica<\/a> de Javeriana Cali, estudia la problem\u00e1tica en el contexto del municipio de Jambal\u00f3, en el norte del Cauca, analizando c\u00f3mo la interacci\u00f3n entre las normas comunitarias y el derecho estatal favorece a la protecci\u00f3n ambiental de la regi\u00f3n. Al examinar los mecanismos de regulaci\u00f3n, las tensiones y los acuerdos entre ambos sistemas, el libro revela las formas en que las comunidades locales contribuyen a construir una justicia ambiental m\u00e1s inclusiva y adaptada a las realidades territoriales.<\/p>\n\n\n\n<h4 class=\"wp-block-heading\">El viaje de formaci\u00f3n del arquitecto<\/h4>\n\n\n\n<figure class=\"wp-block-image size-large\"><img loading=\"lazy\" decoding=\"async\" width=\"1024\" height=\"577\" src=\"http:\/\/www.javeriana.edu.co\/pesquisa\/wp-content\/uploads\/2025\/10\/Captura-de-pantalla-2025-10-20-a-las-12.35.41-p.m-1024x577.png\" alt=\"Libro &quot;El viaje de formaci\u00f3n del arquitecto&quot;\" class=\"wp-image-46012\" srcset=\"http:\/\/www.javeriana.edu.co\/pesquisa\/wp-content\/uploads\/2025\/10\/Captura-de-pantalla-2025-10-20-a-las-12.35.41-p.m-1024x577.png 1024w, http:\/\/www.javeriana.edu.co\/pesquisa\/wp-content\/uploads\/2025\/10\/Captura-de-pantalla-2025-10-20-a-las-12.35.41-p.m-300x169.png 300w, http:\/\/www.javeriana.edu.co\/pesquisa\/wp-content\/uploads\/2025\/10\/Captura-de-pantalla-2025-10-20-a-las-12.35.41-p.m-1536x865.png 1536w, http:\/\/www.javeriana.edu.co\/pesquisa\/wp-content\/uploads\/2025\/10\/Captura-de-pantalla-2025-10-20-a-las-12.35.41-p.m-2048x1153.png 2048w, http:\/\/www.javeriana.edu.co\/pesquisa\/wp-content\/uploads\/2025\/10\/Captura-de-pantalla-2025-10-20-a-las-12.35.41-p.m-150x84.png 150w, http:\/\/www.javeriana.edu.co\/pesquisa\/wp-content\/uploads\/2025\/10\/Captura-de-pantalla-2025-10-20-a-las-12.35.41-p.m-450x253.png 450w, http:\/\/www.javeriana.edu.co\/pesquisa\/wp-content\/uploads\/2025\/10\/Captura-de-pantalla-2025-10-20-a-las-12.35.41-p.m-1200x676.png 1200w, http:\/\/www.javeriana.edu.co\/pesquisa\/wp-content\/uploads\/2025\/10\/Captura-de-pantalla-2025-10-20-a-las-12.35.41-p.m-768x432.png 768w\" sizes=\"(max-width: 1024px) 100vw, 1024px\" \/><figcaption class=\"wp-element-caption\">El viaje de formaci\u00f3n del arquitecto <\/figcaption><\/figure>\n\n\n\n<p>Este <a href=\"https:\/\/www.javerianacali.edu.co\/sello-editorial-javeriano\/catalogo\/el-viaje-de-formacion-del-arquitecto-los-dibujos-de-german\" target=\"_blank\" rel=\"noopener\">libro<\/a> indaga c\u00f3mo los viajes formativos se convierten en herramientas clave para aprender, proyectar y ense\u00f1ar la arquitectura. A trav\u00e9s del caso del primer viaje de estudio a Italia de Germ\u00e1n Samper, arquitecto colombiano, en 1949, guiado por el maestro suizo Le Corbusier, el libro reconstruye la cadena de aprendizajes entre maestros y alumnos. Traza as\u00ed una genealog\u00eda que pasa por Paul Bouvier, arquitecto suizo; L&#8217;\u00c9plattenier, Le Corbusier y Samper. Es una muestra de c\u00f3mo el dibujo se convierte en memoria y m\u00e9todo de aprendizaje y c\u00f3mo, para todos, sus recorridos en Italia influenciaron decisiones proyectuales y pedag\u00f3gicas.<\/p>\n\n\n\n<p>La investigaci\u00f3n que fundamenta el libro, liderada por <a href=\"https:\/\/perfilesycapacidades.javeriana.edu.co\/es\/persons\/sashal\">Sasha Londo\u00f1o Venegas<\/a>, profesora del <a href=\"https:\/\/perfilesycapacidades.javeriana.edu.co\/es\/organisations\/departamento-de-h%C3%A1bitat\">Departamento de H\u00e1bitat<\/a> de Javeriana Cali, profundiza en el Centro Administrativo Municipal (CAM) de Cali como expresi\u00f3n concreta de esas experiencias. \u201cGerm\u00e1n Samper, autor de m\u00e1s de cinco mil croquis, dej\u00f3 un legado riguroso que demuestra c\u00f3mo la observaci\u00f3n, la memoria y la representaci\u00f3n fortalecen la pr\u00e1ctica arquitect\u00f3nica y su ense\u00f1anza\u201d, comparte la autora.<\/p>\n\n\n\n<h4 class=\"wp-block-heading\">Am\u00e9rica Latina y Asia: desaf\u00edos y oportunidades en tiempos de postpandemia y transformaciones globales<\/h4>\n\n\n\n<figure class=\"wp-block-image size-large\"><img loading=\"lazy\" decoding=\"async\" width=\"1024\" height=\"576\" src=\"http:\/\/www.javeriana.edu.co\/pesquisa\/wp-content\/uploads\/2025\/10\/Americalatina-y-asia-1024x576.webp\" alt=\"Libro &quot;Am\u00e9rica Latina y Asia: desaf\u00edos y oportunidades en tiempos de postpandemia y transformaciones globales&quot;\" class=\"wp-image-46017\" srcset=\"http:\/\/www.javeriana.edu.co\/pesquisa\/wp-content\/uploads\/2025\/10\/Americalatina-y-asia-1024x576.webp 1024w, http:\/\/www.javeriana.edu.co\/pesquisa\/wp-content\/uploads\/2025\/10\/Americalatina-y-asia-300x169.webp 300w, http:\/\/www.javeriana.edu.co\/pesquisa\/wp-content\/uploads\/2025\/10\/Americalatina-y-asia-1536x864.webp 1536w, http:\/\/www.javeriana.edu.co\/pesquisa\/wp-content\/uploads\/2025\/10\/Americalatina-y-asia-150x84.webp 150w, http:\/\/www.javeriana.edu.co\/pesquisa\/wp-content\/uploads\/2025\/10\/Americalatina-y-asia-450x253.webp 450w, http:\/\/www.javeriana.edu.co\/pesquisa\/wp-content\/uploads\/2025\/10\/Americalatina-y-asia-1200x675.webp 1200w, http:\/\/www.javeriana.edu.co\/pesquisa\/wp-content\/uploads\/2025\/10\/Americalatina-y-asia-768x432.webp 768w, http:\/\/www.javeriana.edu.co\/pesquisa\/wp-content\/uploads\/2025\/10\/Americalatina-y-asia.webp 1920w\" sizes=\"(max-width: 1024px) 100vw, 1024px\" \/><figcaption class=\"wp-element-caption\">Am\u00e9rica Latina y Asia: desaf\u00edos y oportunidades en tiempos de postpandemia y transformaciones globales <\/figcaption><\/figure>\n\n\n\n<p>Este <a href=\"https:\/\/www.javerianacali.edu.co\/sello-editorial-javeriano\/catalogo\/america-latina-y-asia-desafios-y-oportunidades-en-tiempos-de\" target=\"_blank\" rel=\"noopener\">libro<\/a> invita a comprender las din\u00e1micas, desde diversas aristas, de las relaciones entre Am\u00e9rica Latina y Asia en el contexto de la globalizaci\u00f3n contempor\u00e1nea y el escenario posterior a la pandemia del <a href=\"https:\/\/www.javeriana.edu.co\/pesquisa\/a-5-anos-del-covid-19-proyecto-agora\/\">COVID-19.<\/a> Sus autores examinan los desaf\u00edos que enfrentan, por ejemplo, los actores latinoamericanos que deben sortear dificultades al insertarse en procesos de integraci\u00f3n y en cadenas globales lideradas por Asia.<\/p>\n\n\n\n<p>Revelan, adem\u00e1s, que, \u201caunque Am\u00e9rica Latina ha diversificado sus v\u00ednculos con la regi\u00f3n asi\u00e1tica, a\u00fan existe una fuerte dependencia de la exportaci\u00f3n de materias primas, lo cual plantea la urgencia de estrategias de mayor valor agregado y transferencia de conocimiento\u201d. A lo largo de sus cap\u00edtulos, los autores exploran los m\u00faltiples matices de esta relaci\u00f3n: el papel de <a href=\"https:\/\/www.javeriana.edu.co\/pesquisa\/colombia-ruta-de-la-seda-china\/\">China<\/a> como socio comercial clave, las inversiones en infraestructura, la cooperaci\u00f3n en ciencia y tecnolog\u00eda, y los efectos de la pandemia sobre los flujos comerciales, entre otros temas.<\/p>\n\n\n\n<p>Escrito por <a href=\"https:\/\/www.javerianacali.edu.co\/profesores\/mauricio-de-miranda-parrondo\" target=\"_blank\" rel=\"noopener\">Mauricio De Miranda Parrondo<\/a>, de Javeriana Cali; <a href=\"https:\/\/investigacion.ibero.mx\/investigador\/maria-cristina-barron-soto\" target=\"_blank\" rel=\"noopener\">Mar\u00eda Cristina Barr\u00f3n Soto<\/a>, de la Ibero de M\u00e9xico, y <a href=\"https:\/\/faculty.up.edu.pe\/es\/persons\/%C3%B3scar-malca\" target=\"_blank\" rel=\"noopener\">Oscar Malca Guaylupo<\/a>, de la Universidad del Pac\u00edfico de Per\u00fa, este libro se convierte en una referencia para repensar un v\u00ednculo m\u00e1s equilibrado entre las dos regiones: una relaci\u00f3n, sobre todo, estrat\u00e9gica y sostenible.<\/p>\n\n\n\n<h4 class=\"wp-block-heading\">Experiencias significativas: una metodolog\u00eda para la ense\u00f1anza y el aprendizaje de la Comunicaci\u00f3n en las Organizaciones<\/h4>\n\n\n\n<figure class=\"wp-block-image size-large\"><img loading=\"lazy\" decoding=\"async\" width=\"1024\" height=\"576\" src=\"http:\/\/www.javeriana.edu.co\/pesquisa\/wp-content\/uploads\/2025\/10\/experiencias-significativas-1024x576.webp\" alt=\"Libro &quot;Experiencias significativas: una metodolog\u00eda para la ense\u00f1anza y el aprendizaje de la Comunicaci\u00f3n en las Organizaciones&quot;\" class=\"wp-image-46019\" srcset=\"http:\/\/www.javeriana.edu.co\/pesquisa\/wp-content\/uploads\/2025\/10\/experiencias-significativas-1024x576.webp 1024w, http:\/\/www.javeriana.edu.co\/pesquisa\/wp-content\/uploads\/2025\/10\/experiencias-significativas-300x169.webp 300w, http:\/\/www.javeriana.edu.co\/pesquisa\/wp-content\/uploads\/2025\/10\/experiencias-significativas-1536x864.webp 1536w, http:\/\/www.javeriana.edu.co\/pesquisa\/wp-content\/uploads\/2025\/10\/experiencias-significativas-150x84.webp 150w, http:\/\/www.javeriana.edu.co\/pesquisa\/wp-content\/uploads\/2025\/10\/experiencias-significativas-450x253.webp 450w, http:\/\/www.javeriana.edu.co\/pesquisa\/wp-content\/uploads\/2025\/10\/experiencias-significativas-1200x675.webp 1200w, http:\/\/www.javeriana.edu.co\/pesquisa\/wp-content\/uploads\/2025\/10\/experiencias-significativas-768x432.webp 768w, http:\/\/www.javeriana.edu.co\/pesquisa\/wp-content\/uploads\/2025\/10\/experiencias-significativas.webp 1920w\" sizes=\"(max-width: 1024px) 100vw, 1024px\" \/><figcaption class=\"wp-element-caption\">Experiencias significativas: una metodolog\u00eda para la ense\u00f1anza y el aprendizaje de la Comunicaci\u00f3n en las Organizaciones <\/figcaption><\/figure>\n\n\n\n<p>Este<a href=\"https:\/\/www.javerianacali.edu.co\/sello-editorial-javeriano\/catalogo\/experiencias-significativas-una-metodologia-para-la-ensenanza-y\" target=\"_blank\" rel=\"noopener\"> libro<\/a> recoge la sistematizaci\u00f3n de experiencias significativas realizadas en cuatro organizaciones del suroccidente colombiano que hacen parte del proceso formativo de estudiantes del pregrado de Comunicaci\u00f3n de Javeriana Cali. A partir de estos aprendizajes, las autoras proponen una metodolog\u00eda que permite comprender las din\u00e1micas organizacionales en sus contextos reales, lo cual posibilita que los estudiantes aprendan desde el hacer, con sus aciertos y desaf\u00edos.<\/p>\n\n\n\n<p>Las experiencias narradas en el libro conectan a estudiantes, docentes y miembros de las organizaciones en proyectos de comunicaci\u00f3n que responden a necesidades concretas y fortalecen los procesos pedag\u00f3gicos. Escrito por <a href=\"https:\/\/perfilesycapacidades.javeriana.edu.co\/es\/persons\/mmarion\">M\u00f3nica Mari\u00f3n Cata\u00f1o Ot\u00e1lora<\/a>, <a href=\"https:\/\/perfilesycapacidades.javeriana.edu.co\/es\/persons\/mmarion\">Fanny Patricia Franco Ch\u00e1vez<\/a>, Patricia Garc\u00eda Becerra y <a href=\"https:\/\/perfilesycapacidades.javeriana.edu.co\/es\/persons\/ana-mar%C3%ADa-l%C3%B3pez-rojas\">Ana Mar\u00eda L\u00f3pez Rojas<\/a>, profesoras del <a href=\"https:\/\/perfilesycapacidades.javeriana.edu.co\/es\/organisations\/departamento-de-comunicaci%C3%B3n-y-lenguaje\">Departamento de Comunicaci\u00f3n y Lenguaje<\/a> de Javeriana Cali, el libro reflexiona sobre la ense\u00f1anza de la comunicaci\u00f3n organizacional y plantea una propuesta did\u00e1ctica para formar profesionales capaces de intervenir con sentido en distintos contextos.<\/p>\n\n\n\n<h4 class=\"wp-block-heading\">Atlas de iniciativas de paz en el suroccidente colombiano<\/h4>\n\n\n\n<figure class=\"wp-block-image size-large\"><img loading=\"lazy\" decoding=\"async\" width=\"1024\" height=\"584\" src=\"http:\/\/www.javeriana.edu.co\/pesquisa\/wp-content\/uploads\/2025\/10\/Captura-de-pantalla-2025-10-20-a-las-12.35.29-p.m-1024x584.png\" alt=\"Libro &quot;Atlas de iniciativas de paz en el suroccidente colombiano&quot;\" class=\"wp-image-46013\" srcset=\"http:\/\/www.javeriana.edu.co\/pesquisa\/wp-content\/uploads\/2025\/10\/Captura-de-pantalla-2025-10-20-a-las-12.35.29-p.m-1024x584.png 1024w, http:\/\/www.javeriana.edu.co\/pesquisa\/wp-content\/uploads\/2025\/10\/Captura-de-pantalla-2025-10-20-a-las-12.35.29-p.m-300x171.png 300w, http:\/\/www.javeriana.edu.co\/pesquisa\/wp-content\/uploads\/2025\/10\/Captura-de-pantalla-2025-10-20-a-las-12.35.29-p.m-1536x877.png 1536w, http:\/\/www.javeriana.edu.co\/pesquisa\/wp-content\/uploads\/2025\/10\/Captura-de-pantalla-2025-10-20-a-las-12.35.29-p.m-2048x1169.png 2048w, http:\/\/www.javeriana.edu.co\/pesquisa\/wp-content\/uploads\/2025\/10\/Captura-de-pantalla-2025-10-20-a-las-12.35.29-p.m-150x86.png 150w, http:\/\/www.javeriana.edu.co\/pesquisa\/wp-content\/uploads\/2025\/10\/Captura-de-pantalla-2025-10-20-a-las-12.35.29-p.m-450x257.png 450w, http:\/\/www.javeriana.edu.co\/pesquisa\/wp-content\/uploads\/2025\/10\/Captura-de-pantalla-2025-10-20-a-las-12.35.29-p.m-1200x685.png 1200w, http:\/\/www.javeriana.edu.co\/pesquisa\/wp-content\/uploads\/2025\/10\/Captura-de-pantalla-2025-10-20-a-las-12.35.29-p.m-768x438.png 768w\" sizes=\"(max-width: 1024px) 100vw, 1024px\" \/><figcaption class=\"wp-element-caption\">Atlas de iniciativas de paz en el suroccidente colombiano <\/figcaption><\/figure>\n\n\n\n<p>El <a href=\"https:\/\/www.javerianacali.edu.co\/sello-editorial-javeriano\/catalogo\/atlas-de-iniciativas-de-construccion-de-paz-en-el-suroccidente\" target=\"_blank\" rel=\"noopener\">libro<\/a> presenta, por medio de la georreferenciaci\u00f3n o espacializaci\u00f3n, las iniciativas de construcci\u00f3n de paz desde los territorios del suroccidente colombiano. El libro vislumbra, a trav\u00e9s de sus textos y mapas, los ejercicios territoriales que visibilizan las acciones colectivas de resistencia y transformaci\u00f3n sobre la base comunitaria y la agencia social.<\/p>\n\n\n\n<p>Escrito por investigadores del<a href=\"https:\/\/www.javerianacali.edu.co\/intercultural\" target=\"_blank\" rel=\"noopener\"> Instituto de Estudios Interculturales<\/a> de Javeriana Cali, el libro invita a sus lectores a \u201cconcebir el suroccidente colombiano desde una geograf\u00eda de lo que, hasta hace poco, parec\u00eda imposible, en donde la esperanza se enfrenta a los imaginarios construidos alrededor de la regi\u00f3n a partir de hechos hist\u00f3ricos de violencia\u201d.<\/p>\n\n\n\n<p>Cada uno de estos libros es resultado de investigaci\u00f3n y refleja el compromiso de la Universidad Javeriana por la construcci\u00f3n de conocimiento que transforma realidades. Te invitamos a participar en los conversatorios de la FIL Cali 2025 y a descubrir c\u00f3mo la investigaci\u00f3n se convierte en una herramienta para comprender, innovar y generar impacto en la regi\u00f3n y el pa\u00eds.<\/p>\n\n\n\n<p><\/p>\n","protected":false},"excerpt":{"rendered":"<p>La Pontificia Universidad Javeriana, seccional Cali, present\u00f3 en la Feria Internacional del Libro de Cali siete libros que conectan conocimiento, territorio e innovaci\u00f3n al servicio del desarrollo regional. Descubre las propuestas aqu\u00ed. <\/p>\n","protected":false},"author":168,"featured_media":46007,"comment_status":"open","ping_status":"open","sticky":false,"template":"","format":"standard","meta":{"footnotes":""},"categories":[3689,1157,2622],"tags":[303,1802,97,499,496,564,562],"class_list":{"0":"post-46065","1":"post","2":"type-post","3":"status-publish","4":"format-standard","5":"has-post-thumbnail","7":"category-educacion","8":"category-destacadas","9":"category-javeriana-cali-investiga","10":"tag-educacion","11":"tag-feria-del-libro","12":"tag-investigacion","13":"tag-javeriana","14":"tag-javeriana-cali","15":"tag-lectura","16":"tag-libros"},"_links":{"self":[{"href":"http:\/\/www.javeriana.edu.co\/pesquisa\/wp-json\/wp\/v2\/posts\/46065","targetHints":{"allow":["GET"]}}],"collection":[{"href":"http:\/\/www.javeriana.edu.co\/pesquisa\/wp-json\/wp\/v2\/posts"}],"about":[{"href":"http:\/\/www.javeriana.edu.co\/pesquisa\/wp-json\/wp\/v2\/types\/post"}],"author":[{"embeddable":true,"href":"http:\/\/www.javeriana.edu.co\/pesquisa\/wp-json\/wp\/v2\/users\/168"}],"replies":[{"embeddable":true,"href":"http:\/\/www.javeriana.edu.co\/pesquisa\/wp-json\/wp\/v2\/comments?post=46065"}],"version-history":[{"count":10,"href":"http:\/\/www.javeriana.edu.co\/pesquisa\/wp-json\/wp\/v2\/posts\/46065\/revisions"}],"predecessor-version":[{"id":47983,"href":"http:\/\/www.javeriana.edu.co\/pesquisa\/wp-json\/wp\/v2\/posts\/46065\/revisions\/47983"}],"wp:featuredmedia":[{"embeddable":true,"href":"http:\/\/www.javeriana.edu.co\/pesquisa\/wp-json\/wp\/v2\/media\/46007"}],"wp:attachment":[{"href":"http:\/\/www.javeriana.edu.co\/pesquisa\/wp-json\/wp\/v2\/media?parent=46065"}],"wp:term":[{"taxonomy":"category","embeddable":true,"href":"http:\/\/www.javeriana.edu.co\/pesquisa\/wp-json\/wp\/v2\/categories?post=46065"},{"taxonomy":"post_tag","embeddable":true,"href":"http:\/\/www.javeriana.edu.co\/pesquisa\/wp-json\/wp\/v2\/tags?post=46065"}],"curies":[{"name":"wp","href":"https:\/\/api.w.org\/{rel}","templated":true}]}}